{"id":81798,"date":"2022-05-18T15:05:43","date_gmt":"2022-05-18T18:05:43","guid":{"rendered":"https:\/\/www.gaveanews.com\/?p=81798"},"modified":"2022-05-18T15:05:45","modified_gmt":"2022-05-18T18:05:45","slug":"elenco-do-flamengo-pode-ganhar-um-novo-desfalque","status":"publish","type":"post","link":"https:\/\/www.gaveanews.com\/index.php\/2022\/05\/18\/elenco-do-flamengo-pode-ganhar-um-novo-desfalque\/","title":{"rendered":"Elenco do Flamengo pode ganhar um novo desfalque"},"content":{"rendered":"\n<p>Na \u00faltima ter\u00e7a-feira (17), o Flamengo venceu a Universidad Cat\u00f3lica por 3 x 0 e garantiu uma vaga nas oitavas de final da Libertadores. Contudo, embora o resultado tenha sido positivo em aspectos gerais, o grupo pode ter ganhado mais um problema.<\/p>\n\n\n\n<p>Com Filipe Lu\u00eds lesionado, Ayrton Lucas foi acionado para a lateral-esquerda. O jogador atuou nos 90 minutos e foi bastante elogiado por sua participa\u00e7\u00e3o na partida. Por\u00e9m, nos minutos finais o defensor sentiu desconforto e saiu de campo mancando ap\u00f3s o apito final.<\/p>\n\n\n\n<p>O caso ser\u00e1 reavaliado pelo departamento m\u00e9dico na reapresenta\u00e7\u00e3o do elenco para a partida contra o Goi\u00e1s. Caso tenha les\u00e3o confirmada, Ayrton Lucas entrar\u00e1 na lista de desfalques que hoje conta com oito nomes. S\u00e3o eles: Diego Alves, Santos, Fabr\u00edcio Bruno, Gustavo Henrique, David Luiz, Filipe Lu\u00eds, Vitinho e Matheus Fran\u00e7a.<\/p>\n\n\n\n<p>Desta forma, o Flamengo inicia as prepara\u00e7\u00f5es para o confronto do final de semana. A partida contra o Goi\u00e1s acontecer\u00e1 \u00e0s 16h30 (hor\u00e1rio de Bras\u00edlia) de s\u00e1bado (21), no Maracan\u00e3.<\/p>\n","protected":false},"excerpt":{"rendered":"<p>Na \u00faltima ter\u00e7a-feira (17), o Flamengo venceu a Universidad Cat\u00f3lica por 3 x 0 e garantiu uma vaga nas oitavas de final da Libertadores. Contudo, embora o resultado tenha sido positivo em aspectos gerais, o grupo pode ter ganhado mais um problema. Com Filipe Lu\u00eds lesionado, Ayrton Lucas foi acionado para a lateral-esquerda. O jogador [&hellip;]<\/p>\n","protected":false},"author":4,"featured_media":81799,"comment_status":"open","ping_status":"closed","sticky":false,"template":"","format":"standard","meta":{"footnotes":""},"categories":[1],"tags":[],"class_list":["post-81798","post","type-post","status-publish","format-standard","has-post-thumbnail","hentry","category-flamengo"],"yoast_head":"<!-- This site is optimized with the Yoast SEO Premium plugin v24.2 (Yoast SEO v26.9) - https:\/\/yoast.com\/product\/yoast-seo-premium-wordpress\/ -->\n<title>Elenco do Flamengo pode ganhar um novo desfalque<\/title>\n<meta name=\"robots\" content=\"index, follow, max-snippet:-1, max-image-preview:large, max-video-preview:-1\" \/>\n<link rel=\"canonical\" href=\"https:\/\/www.gaveanews.com\/index.php\/2022\/05\/18\/elenco-do-flamengo-pode-ganhar-um-novo-desfalque\/\" \/>\n<meta property=\"og:locale\" content=\"pt_BR\" \/>\n<meta property=\"og:type\" content=\"article\" \/>\n<meta property=\"og:title\" content=\"Elenco do Flamengo pode ganhar um novo desfalque\" \/>\n<meta property=\"og:description\" content=\"Na \u00faltima ter\u00e7a-feira (17), o Flamengo venceu a Universidad Cat\u00f3lica por 3 x 0 e garantiu uma vaga nas oitavas de final da Libertadores. Contudo, embora o resultado tenha sido positivo em aspectos gerais, o grupo pode ter ganhado mais um problema. Com Filipe Lu\u00eds lesionado, Ayrton Lucas foi acionado para a lateral-esquerda. O jogador [&hellip;]\" \/>\n<meta property=\"og:url\" content=\"https:\/\/www.gaveanews.com\/index.php\/2022\/05\/18\/elenco-do-flamengo-pode-ganhar-um-novo-desfalque\/\" \/>\n<meta property=\"og:site_name\" content=\"G\u00e1vea News\" \/>\n<meta property=\"article:publisher\" content=\"https:\/\/facebook.com\/gaveaNews\/\" \/>\n<meta property=\"article:published_time\" content=\"2022-05-18T18:05:43+00:00\" \/>\n<meta property=\"article:modified_time\" content=\"2022-05-18T18:05:45+00:00\" \/>\n<meta property=\"og:image\" content=\"https:\/\/www.gaveanews.com\/wp-content\/uploads\/Ayrton-Lucas-em-jogo-do-Flamengo-contra-a-Universidad-Catolica-no-Maracana.webp\" \/>\n\t<meta property=\"og:image:width\" content=\"799\" \/>\n\t<meta property=\"og:image:height\" content=\"533\" \/>\n\t<meta property=\"og:image:type\" content=\"image\/jpeg\" \/>\n<meta name=\"author\" content=\"Let\u00edcia Gerheim\" \/>\n<meta name=\"twitter:card\" content=\"summary_large_image\" \/>\n<meta name=\"twitter:label1\" content=\"Escrito por\" \/>\n\t<meta name=\"twitter:data1\" content=\"Let\u00edcia Gerheim\" \/>\n\t<meta name=\"twitter:label2\" content=\"Est. tempo de leitura\" \/>\n\t<meta name=\"twitter:data2\" content=\"1 minuto\" \/>\n<script type=\"application\/ld+json\" class=\"yoast-schema-graph\">{\"@context\":\"https:\/\/schema.org\",\"@graph\":[{\"@type\":\"NewsArticle\",\"@id\":\"https:\/\/www.gaveanews.com\/index.php\/2022\/05\/18\/elenco-do-flamengo-pode-ganhar-um-novo-desfalque\/#article\",\"isPartOf\":{\"@id\":\"https:\/\/www.gaveanews.com\/index.php\/2022\/05\/18\/elenco-do-flamengo-pode-ganhar-um-novo-desfalque\/\"},\"author\":{\"name\":\"Let\u00edcia Gerheim\",\"@id\":\"https:\/\/www.gaveanews.com\/#\/schema\/person\/714c67050b836198af2450ba1c142a67\"},\"headline\":\"Elenco do Flamengo pode ganhar um novo desfalque\",\"datePublished\":\"2022-05-18T18:05:43+00:00\",\"dateModified\":\"2022-05-18T18:05:45+00:00\",\"mainEntityOfPage\":{\"@id\":\"https:\/\/www.gaveanews.com\/index.php\/2022\/05\/18\/elenco-do-flamengo-pode-ganhar-um-novo-desfalque\/\"},\"wordCount\":188,\"commentCount\":0,\"image\":{\"@id\":\"https:\/\/www.gaveanews.com\/index.php\/2022\/05\/18\/elenco-do-flamengo-pode-ganhar-um-novo-desfalque\/#primaryimage\"},\"thumbnailUrl\":\"https:\/\/www.gaveanews.com\/wp-content\/uploads\/Ayrton-Lucas-em-jogo-do-Flamengo-contra-a-Universidad-Catolica-no-Maracana.webp\",\"articleSection\":[\"Flamengo\"],\"inLanguage\":\"pt-BR\",\"potentialAction\":[{\"@type\":\"CommentAction\",\"name\":\"Comment\",\"target\":[\"https:\/\/www.gaveanews.com\/index.php\/2022\/05\/18\/elenco-do-flamengo-pode-ganhar-um-novo-desfalque\/#respond\"]}],\"copyrightYear\":\"2022\",\"copyrightHolder\":{\"@id\":\"https:\/\/www.gaveanews.com\/#organization\"}},{\"@type\":\"WebPage\",\"@id\":\"https:\/\/www.gaveanews.com\/index.php\/2022\/05\/18\/elenco-do-flamengo-pode-ganhar-um-novo-desfalque\/\",\"url\":\"https:\/\/www.gaveanews.com\/index.php\/2022\/05\/18\/elenco-do-flamengo-pode-ganhar-um-novo-desfalque\/\",\"name\":\"Elenco do Flamengo pode ganhar um novo desfalque\",\"isPartOf\":{\"@id\":\"https:\/\/www.gaveanews.com\/#website\"},\"primaryImageOfPage\":{\"@id\":\"https:\/\/www.gaveanews.com\/index.php\/2022\/05\/18\/elenco-do-flamengo-pode-ganhar-um-novo-desfalque\/#primaryimage\"},\"image\":{\"@id\":\"https:\/\/www.gaveanews.com\/index.php\/2022\/05\/18\/elenco-do-flamengo-pode-ganhar-um-novo-desfalque\/#primaryimage\"},\"thumbnailUrl\":\"https:\/\/www.gaveanews.com\/wp-content\/uploads\/Ayrton-Lucas-em-jogo-do-Flamengo-contra-a-Universidad-Catolica-no-Maracana.webp\",\"datePublished\":\"2022-05-18T18:05:43+00:00\",\"dateModified\":\"2022-05-18T18:05:45+00:00\",\"author\":{\"@id\":\"https:\/\/www.gaveanews.com\/#\/schema\/person\/714c67050b836198af2450ba1c142a67\"},\"breadcrumb\":{\"@id\":\"https:\/\/www.gaveanews.com\/index.php\/2022\/05\/18\/elenco-do-flamengo-pode-ganhar-um-novo-desfalque\/#breadcrumb\"},\"inLanguage\":\"pt-BR\",\"potentialAction\":[{\"@type\":\"ReadAction\",\"target\":[\"https:\/\/www.gaveanews.com\/index.php\/2022\/05\/18\/elenco-do-flamengo-pode-ganhar-um-novo-desfalque\/\"]}]},{\"@type\":\"ImageObject\",\"inLanguage\":\"pt-BR\",\"@id\":\"https:\/\/www.gaveanews.com\/index.php\/2022\/05\/18\/elenco-do-flamengo-pode-ganhar-um-novo-desfalque\/#primaryimage\",\"url\":\"https:\/\/www.gaveanews.com\/wp-content\/uploads\/Ayrton-Lucas-em-jogo-do-Flamengo-contra-a-Universidad-Catolica-no-Maracana.webp\",\"contentUrl\":\"https:\/\/www.gaveanews.com\/wp-content\/uploads\/Ayrton-Lucas-em-jogo-do-Flamengo-contra-a-Universidad-Catolica-no-Maracana.webp\",\"width\":799,\"height\":533,\"caption\":\"Ayrton Lucas em jogo do Flamengo contra a Universidad Cat\u00f3lica no Maracan\u00e3 (Foto: Alexandre Vidal\/Flamengo)\"},{\"@type\":\"BreadcrumbList\",\"@id\":\"https:\/\/www.gaveanews.com\/index.php\/2022\/05\/18\/elenco-do-flamengo-pode-ganhar-um-novo-desfalque\/#breadcrumb\",\"itemListElement\":[{\"@type\":\"ListItem\",\"position\":1,\"name\":\"Home\",\"item\":\"https:\/\/www.gaveanews.com\/\"},{\"@type\":\"ListItem\",\"position\":2,\"name\":\"Elenco do Flamengo pode ganhar um novo desfalque\"}]},{\"@type\":\"WebSite\",\"@id\":\"https:\/\/www.gaveanews.com\/#website\",\"url\":\"https:\/\/www.gaveanews.com\/\",\"name\":\"G\u00e1vea News\",\"description\":\"Veja todas as not\u00edcias sobre o Flamengo: Contrata\u00e7\u00f5es, categorias de base, resultados das partidas, tabela de classifica\u00e7\u00e3o, pr\u00f3ximos jogos!\",\"potentialAction\":[{\"@type\":\"SearchAction\",\"target\":{\"@type\":\"EntryPoint\",\"urlTemplate\":\"https:\/\/www.gaveanews.com\/?s={search_term_string}\"},\"query-input\":{\"@type\":\"PropertyValueSpecification\",\"valueRequired\":true,\"valueName\":\"search_term_string\"}}],\"inLanguage\":\"pt-BR\"},{\"@type\":\"Person\",\"@id\":\"https:\/\/www.gaveanews.com\/#\/schema\/person\/714c67050b836198af2450ba1c142a67\",\"name\":\"Let\u00edcia Gerheim\",\"image\":{\"@type\":\"ImageObject\",\"inLanguage\":\"pt-BR\",\"@id\":\"https:\/\/www.gaveanews.com\/#\/schema\/person\/image\/\",\"url\":\"https:\/\/secure.gravatar.com\/avatar\/60734739c50fcebfbac509e2a826ccd0ff405c019bc73aab9354f19ecad1dcb4?s=96&d=mm&r=g\",\"contentUrl\":\"https:\/\/secure.gravatar.com\/avatar\/60734739c50fcebfbac509e2a826ccd0ff405c019bc73aab9354f19ecad1dcb4?s=96&d=mm&r=g\",\"caption\":\"Let\u00edcia Gerheim\"}}]}<\/script>\n<!-- \/ Yoast SEO Premium plugin. -->","yoast_head_json":{"title":"Elenco do Flamengo pode ganhar um novo desfalque","robots":{"index":"index","follow":"follow","max-snippet":"max-snippet:-1","max-image-preview":"max-image-preview:large","max-video-preview":"max-video-preview:-1"},"canonical":"https:\/\/www.gaveanews.com\/index.php\/2022\/05\/18\/elenco-do-flamengo-pode-ganhar-um-novo-desfalque\/","og_locale":"pt_BR","og_type":"article","og_title":"Elenco do Flamengo pode ganhar um novo desfalque","og_description":"Na \u00faltima ter\u00e7a-feira (17), o Flamengo venceu a Universidad Cat\u00f3lica por 3 x 0 e garantiu uma vaga nas oitavas de final da Libertadores. Contudo, embora o resultado tenha sido positivo em aspectos gerais, o grupo pode ter ganhado mais um problema. Com Filipe Lu\u00eds lesionado, Ayrton Lucas foi acionado para a lateral-esquerda. O jogador [&hellip;]","og_url":"https:\/\/www.gaveanews.com\/index.php\/2022\/05\/18\/elenco-do-flamengo-pode-ganhar-um-novo-desfalque\/","og_site_name":"G\u00e1vea News","article_publisher":"https:\/\/facebook.com\/gaveaNews\/","article_published_time":"2022-05-18T18:05:43+00:00","article_modified_time":"2022-05-18T18:05:45+00:00","og_image":[{"width":799,"height":533,"url":"https:\/\/www.gaveanews.com\/wp-content\/uploads\/Ayrton-Lucas-em-jogo-do-Flamengo-contra-a-Universidad-Catolica-no-Maracana.webp","type":"image\/jpeg"}],"author":"Let\u00edcia Gerheim","twitter_card":"summary_large_image","twitter_misc":{"Escrito por":"Let\u00edcia Gerheim","Est. tempo de leitura":"1 minuto"},"schema":{"@context":"https:\/\/schema.org","@graph":[{"@type":"NewsArticle","@id":"https:\/\/www.gaveanews.com\/index.php\/2022\/05\/18\/elenco-do-flamengo-pode-ganhar-um-novo-desfalque\/#article","isPartOf":{"@id":"https:\/\/www.gaveanews.com\/index.php\/2022\/05\/18\/elenco-do-flamengo-pode-ganhar-um-novo-desfalque\/"},"author":{"name":"Let\u00edcia Gerheim","@id":"https:\/\/www.gaveanews.com\/#\/schema\/person\/714c67050b836198af2450ba1c142a67"},"headline":"Elenco do Flamengo pode ganhar um novo desfalque","datePublished":"2022-05-18T18:05:43+00:00","dateModified":"2022-05-18T18:05:45+00:00","mainEntityOfPage":{"@id":"https:\/\/www.gaveanews.com\/index.php\/2022\/05\/18\/elenco-do-flamengo-pode-ganhar-um-novo-desfalque\/"},"wordCount":188,"commentCount":0,"image":{"@id":"https:\/\/www.gaveanews.com\/index.php\/2022\/05\/18\/elenco-do-flamengo-pode-ganhar-um-novo-desfalque\/#primaryimage"},"thumbnailUrl":"https:\/\/www.gaveanews.com\/wp-content\/uploads\/Ayrton-Lucas-em-jogo-do-Flamengo-contra-a-Universidad-Catolica-no-Maracana.webp","articleSection":["Flamengo"],"inLanguage":"pt-BR","potentialAction":[{"@type":"CommentAction","name":"Comment","target":["https:\/\/www.gaveanews.com\/index.php\/2022\/05\/18\/elenco-do-flamengo-pode-ganhar-um-novo-desfalque\/#respond"]}],"copyrightYear":"2022","copyrightHolder":{"@id":"https:\/\/www.gaveanews.com\/#organization"}},{"@type":"WebPage","@id":"https:\/\/www.gaveanews.com\/index.php\/2022\/05\/18\/elenco-do-flamengo-pode-ganhar-um-novo-desfalque\/","url":"https:\/\/www.gaveanews.com\/index.php\/2022\/05\/18\/elenco-do-flamengo-pode-ganhar-um-novo-desfalque\/","name":"Elenco do Flamengo pode ganhar um novo desfalque","isPartOf":{"@id":"https:\/\/www.gaveanews.com\/#website"},"primaryImageOfPage":{"@id":"https:\/\/www.gaveanews.com\/index.php\/2022\/05\/18\/elenco-do-flamengo-pode-ganhar-um-novo-desfalque\/#primaryimage"},"image":{"@id":"https:\/\/www.gaveanews.com\/index.php\/2022\/05\/18\/elenco-do-flamengo-pode-ganhar-um-novo-desfalque\/#primaryimage"},"thumbnailUrl":"https:\/\/www.gaveanews.com\/wp-content\/uploads\/Ayrton-Lucas-em-jogo-do-Flamengo-contra-a-Universidad-Catolica-no-Maracana.webp","datePublished":"2022-05-18T18:05:43+00:00","dateModified":"2022-05-18T18:05:45+00:00","author":{"@id":"https:\/\/www.gaveanews.com\/#\/schema\/person\/714c67050b836198af2450ba1c142a67"},"breadcrumb":{"@id":"https:\/\/www.gaveanews.com\/index.php\/2022\/05\/18\/elenco-do-flamengo-pode-ganhar-um-novo-desfalque\/#breadcrumb"},"inLanguage":"pt-BR","potentialAction":[{"@type":"ReadAction","target":["https:\/\/www.gaveanews.com\/index.php\/2022\/05\/18\/elenco-do-flamengo-pode-ganhar-um-novo-desfalque\/"]}]},{"@type":"ImageObject","inLanguage":"pt-BR","@id":"https:\/\/www.gaveanews.com\/index.php\/2022\/05\/18\/elenco-do-flamengo-pode-ganhar-um-novo-desfalque\/#primaryimage","url":"https:\/\/www.gaveanews.com\/wp-content\/uploads\/Ayrton-Lucas-em-jogo-do-Flamengo-contra-a-Universidad-Catolica-no-Maracana.webp","contentUrl":"https:\/\/www.gaveanews.com\/wp-content\/uploads\/Ayrton-Lucas-em-jogo-do-Flamengo-contra-a-Universidad-Catolica-no-Maracana.webp","width":799,"height":533,"caption":"Ayrton Lucas em jogo do Flamengo contra a Universidad Cat\u00f3lica no Maracan\u00e3 (Foto: Alexandre Vidal\/Flamengo)"},{"@type":"BreadcrumbList","@id":"https:\/\/www.gaveanews.com\/index.php\/2022\/05\/18\/elenco-do-flamengo-pode-ganhar-um-novo-desfalque\/#breadcrumb","itemListElement":[{"@type":"ListItem","position":1,"name":"Home","item":"https:\/\/www.gaveanews.com\/"},{"@type":"ListItem","position":2,"name":"Elenco do Flamengo pode ganhar um novo desfalque"}]},{"@type":"WebSite","@id":"https:\/\/www.gaveanews.com\/#website","url":"https:\/\/www.gaveanews.com\/","name":"G\u00e1vea News","description":"Veja todas as not\u00edcias sobre o Flamengo: Contrata\u00e7\u00f5es, categorias de base, resultados das partidas, tabela de classifica\u00e7\u00e3o, pr\u00f3ximos jogos!","potentialAction":[{"@type":"SearchAction","target":{"@type":"EntryPoint","urlTemplate":"https:\/\/www.gaveanews.com\/?s={search_term_string}"},"query-input":{"@type":"PropertyValueSpecification","valueRequired":true,"valueName":"search_term_string"}}],"inLanguage":"pt-BR"},{"@type":"Person","@id":"https:\/\/www.gaveanews.com\/#\/schema\/person\/714c67050b836198af2450ba1c142a67","name":"Let\u00edcia Gerheim","image":{"@type":"ImageObject","inLanguage":"pt-BR","@id":"https:\/\/www.gaveanews.com\/#\/schema\/person\/image\/","url":"https:\/\/secure.gravatar.com\/avatar\/60734739c50fcebfbac509e2a826ccd0ff405c019bc73aab9354f19ecad1dcb4?s=96&d=mm&r=g","contentUrl":"https:\/\/secure.gravatar.com\/avatar\/60734739c50fcebfbac509e2a826ccd0ff405c019bc73aab9354f19ecad1dcb4?s=96&d=mm&r=g","caption":"Let\u00edcia Gerheim"}}]}},"_links":{"self":[{"href":"https:\/\/www.gaveanews.com\/index.php\/wp-json\/wp\/v2\/posts\/81798","targetHints":{"allow":["GET"]}}],"collection":[{"href":"https:\/\/www.gaveanews.com\/index.php\/wp-json\/wp\/v2\/posts"}],"about":[{"href":"https:\/\/www.gaveanews.com\/index.php\/wp-json\/wp\/v2\/types\/post"}],"author":[{"embeddable":true,"href":"https:\/\/www.gaveanews.com\/index.php\/wp-json\/wp\/v2\/users\/4"}],"replies":[{"embeddable":true,"href":"https:\/\/www.gaveanews.com\/index.php\/wp-json\/wp\/v2\/comments?post=81798"}],"version-history":[{"count":0,"href":"https:\/\/www.gaveanews.com\/index.php\/wp-json\/wp\/v2\/posts\/81798\/revisions"}],"wp:featuredmedia":[{"embeddable":true,"href":"https:\/\/www.gaveanews.com\/index.php\/wp-json\/wp\/v2\/media\/81799"}],"wp:attachment":[{"href":"https:\/\/www.gaveanews.com\/index.php\/wp-json\/wp\/v2\/media?parent=81798"}],"wp:term":[{"taxonomy":"category","embeddable":true,"href":"https:\/\/www.gaveanews.com\/index.php\/wp-json\/wp\/v2\/categories?post=81798"},{"taxonomy":"post_tag","embeddable":true,"href":"https:\/\/www.gaveanews.com\/index.php\/wp-json\/wp\/v2\/tags?post=81798"}],"curies":[{"name":"wp","href":"https:\/\/api.w.org\/{rel}","templated":true}]}}