{"id":81807,"date":"2022-05-18T17:53:21","date_gmt":"2022-05-18T20:53:21","guid":{"rendered":"https:\/\/www.gaveanews.com\/?p=81807"},"modified":"2022-05-18T17:53:24","modified_gmt":"2022-05-18T20:53:24","slug":"a-volta-do-rodrigo-caio-comeca-a-resolver-um-buraco-que-o-paulo-sousa-tinha-diz-comentarista","status":"publish","type":"post","link":"https:\/\/www.gaveanews.com\/index.php\/2022\/05\/18\/a-volta-do-rodrigo-caio-comeca-a-resolver-um-buraco-que-o-paulo-sousa-tinha-diz-comentarista\/","title":{"rendered":"&#8220;A volta do Rodrigo Caio come\u00e7a a resolver um buraco que o Paulo Sousa tinha&#8221;, diz comentarista"},"content":{"rendered":"\n<p>O Flamengo venceu a Universidad Cat\u00f3lica por 3 a 0 na \u00faltima ter\u00e7a-feira (17) e se classificou para as oitavas de final da Libertadores antecipadamente. O duelo contou com boa atua\u00e7\u00e3o do elenco da G\u00e1vea contra os chilenos e uma vit\u00f3ria sem sofrer press\u00e3o.<\/p>\n\n\n\n<p>Um dos atletas que atuou os 90 minutos foi Rodrigo Caio, que est\u00e1 em bom momento ap\u00f3s se recuperar de les\u00e3o no joelho. Ap\u00f3s ficar cerca de cinco meses fora dos jogos do Meng\u00e3o, o zagueiro lembrou a torcida da diferen\u00e7a que pode fazer no setor defensivo do Mais Querido.<\/p>\n\n\n\n<p>Quem debateu sobre o assunto nesta quarta-feira foi Pedro Ivo, que exaltou o retorno e ressaltou a import\u00e2ncia do zagueiro na busca de Paulo Sousa por melhoras no desempenho do grupo.<\/p>\n\n\n\n<p><em><strong>\u2014 A gente n\u00e3o pode desconsiderar que do outro lado tinha uma equipe fr\u00e1gil, s\u00f3 que muitas vezes, diante de equipes fr\u00e1gil, o Flamengo n\u00e3o conseguia jogar. A defesa escalada come\u00e7ou a dar alguns sinais, o Rodrigo Caio \u00e9 uma lideran\u00e7a, cumpre esse papel muito bem. Ent\u00e3o o Flamengo aproveitou a presen\u00e7a dele, com um entendimento interessante do Ayrton que fazia uma boa sa\u00edda. <\/strong><\/em><\/p>\n\n\n\n<p><strong>\u2014 <em>N\u00e3o \u00e9 s\u00f3 porque o Rodrigo entrou, mas justamente quando n\u00e3o tinha ele, a coisa estava meio bagun\u00e7ada, com apenas um zagueiro de of\u00edcio jogando. A volta do Rodrigo come\u00e7a a resolver um buraco que o Paulo Sousa tinha. A coisa come\u00e7ou a andar, come\u00e7ou a ter algu\u00e9m que oriente, que diminua os espa\u00e7os. Isso, ali atr\u00e1s, come\u00e7ou a ter um processo de solu\u00e7\u00e3o.<\/em><\/strong><\/p>\n\n\n\n<p>Com Rodrigo Caio \u00e0 disposi\u00e7\u00e3o, o Flamengo iniciar\u00e1 as prepara\u00e7\u00f5es para seu pr\u00f3ximo compromisso amanh\u00e3 (19). O elenco volta a campo no s\u00e1bado (21), \u00e0s 16h30 (hor\u00e1rio de Bras\u00edlia), para receber o Goi\u00e1s pela 7\u00aa rodada do Campeonato Brasileiro.<\/p>\n","protected":false},"excerpt":{"rendered":"<p>O Flamengo venceu a Universidad Cat\u00f3lica por 3 a 0 na \u00faltima ter\u00e7a-feira (17) e se classificou para as oitavas de final da Libertadores antecipadamente. O duelo contou com boa atua\u00e7\u00e3o do elenco da G\u00e1vea contra os chilenos e uma vit\u00f3ria sem sofrer press\u00e3o. Um dos atletas que atuou os 90 minutos foi Rodrigo Caio, [&hellip;]<\/p>\n","protected":false},"author":4,"featured_media":81808,"comment_status":"open","ping_status":"closed","sticky":false,"template":"","format":"standard","meta":{"footnotes":""},"categories":[1],"tags":[],"class_list":["post-81807","post","type-post","status-publish","format-standard","has-post-thumbnail","hentry","category-flamengo"],"yoast_head":"<!-- This site is optimized with the Yoast SEO Premium plugin v24.2 (Yoast SEO v26.9) - https:\/\/yoast.com\/product\/yoast-seo-premium-wordpress\/ -->\n<title>&quot;A volta do Rodrigo Caio come\u00e7a a resolver um buraco que o Paulo Sousa tinha&quot;, diz comentarista<\/title>\n<meta name=\"robots\" content=\"index, follow, max-snippet:-1, max-image-preview:large, max-video-preview:-1\" \/>\n<link rel=\"canonical\" href=\"https:\/\/www.gaveanews.com\/index.php\/2022\/05\/18\/a-volta-do-rodrigo-caio-comeca-a-resolver-um-buraco-que-o-paulo-sousa-tinha-diz-comentarista\/\" \/>\n<meta property=\"og:locale\" content=\"pt_BR\" \/>\n<meta property=\"og:type\" content=\"article\" \/>\n<meta property=\"og:title\" content=\"&quot;A volta do Rodrigo Caio come\u00e7a a resolver um buraco que o Paulo Sousa tinha&quot;, diz comentarista\" \/>\n<meta property=\"og:description\" content=\"O Flamengo venceu a Universidad Cat\u00f3lica por 3 a 0 na \u00faltima ter\u00e7a-feira (17) e se classificou para as oitavas de final da Libertadores antecipadamente. O duelo contou com boa atua\u00e7\u00e3o do elenco da G\u00e1vea contra os chilenos e uma vit\u00f3ria sem sofrer press\u00e3o. Um dos atletas que atuou os 90 minutos foi Rodrigo Caio, [&hellip;]\" \/>\n<meta property=\"og:url\" content=\"https:\/\/www.gaveanews.com\/index.php\/2022\/05\/18\/a-volta-do-rodrigo-caio-comeca-a-resolver-um-buraco-que-o-paulo-sousa-tinha-diz-comentarista\/\" \/>\n<meta property=\"og:site_name\" content=\"G\u00e1vea News\" \/>\n<meta property=\"article:publisher\" content=\"https:\/\/facebook.com\/gaveaNews\/\" \/>\n<meta property=\"article:published_time\" content=\"2022-05-18T20:53:21+00:00\" \/>\n<meta property=\"article:modified_time\" content=\"2022-05-18T20:53:24+00:00\" \/>\n<meta property=\"og:image\" content=\"https:\/\/www.gaveanews.com\/wp-content\/uploads\/Rodrigo-Caio-em-jogo-do-Flamengo-contra-a-Universidad-Catolica.webp\" \/>\n\t<meta property=\"og:image:width\" content=\"799\" \/>\n\t<meta property=\"og:image:height\" content=\"533\" \/>\n\t<meta property=\"og:image:type\" content=\"image\/jpeg\" \/>\n<meta name=\"author\" content=\"Let\u00edcia Gerheim\" \/>\n<meta name=\"twitter:card\" content=\"summary_large_image\" \/>\n<meta name=\"twitter:label1\" content=\"Escrito por\" \/>\n\t<meta name=\"twitter:data1\" content=\"Let\u00edcia Gerheim\" \/>\n\t<meta name=\"twitter:label2\" content=\"Est. tempo de leitura\" \/>\n\t<meta name=\"twitter:data2\" content=\"2 minutos\" \/>\n<script type=\"application\/ld+json\" class=\"yoast-schema-graph\">{\"@context\":\"https:\/\/schema.org\",\"@graph\":[{\"@type\":\"NewsArticle\",\"@id\":\"https:\/\/www.gaveanews.com\/index.php\/2022\/05\/18\/a-volta-do-rodrigo-caio-comeca-a-resolver-um-buraco-que-o-paulo-sousa-tinha-diz-comentarista\/#article\",\"isPartOf\":{\"@id\":\"https:\/\/www.gaveanews.com\/index.php\/2022\/05\/18\/a-volta-do-rodrigo-caio-comeca-a-resolver-um-buraco-que-o-paulo-sousa-tinha-diz-comentarista\/\"},\"author\":{\"name\":\"Let\u00edcia Gerheim\",\"@id\":\"https:\/\/www.gaveanews.com\/#\/schema\/person\/714c67050b836198af2450ba1c142a67\"},\"headline\":\"&#8220;A volta do Rodrigo Caio come\u00e7a a resolver um buraco que o Paulo Sousa tinha&#8221;, diz comentarista\",\"datePublished\":\"2022-05-18T20:53:21+00:00\",\"dateModified\":\"2022-05-18T20:53:24+00:00\",\"mainEntityOfPage\":{\"@id\":\"https:\/\/www.gaveanews.com\/index.php\/2022\/05\/18\/a-volta-do-rodrigo-caio-comeca-a-resolver-um-buraco-que-o-paulo-sousa-tinha-diz-comentarista\/\"},\"wordCount\":339,\"commentCount\":0,\"image\":{\"@id\":\"https:\/\/www.gaveanews.com\/index.php\/2022\/05\/18\/a-volta-do-rodrigo-caio-comeca-a-resolver-um-buraco-que-o-paulo-sousa-tinha-diz-comentarista\/#primaryimage\"},\"thumbnailUrl\":\"https:\/\/www.gaveanews.com\/wp-content\/uploads\/Rodrigo-Caio-em-jogo-do-Flamengo-contra-a-Universidad-Catolica.webp\",\"articleSection\":[\"Flamengo\"],\"inLanguage\":\"pt-BR\",\"potentialAction\":[{\"@type\":\"CommentAction\",\"name\":\"Comment\",\"target\":[\"https:\/\/www.gaveanews.com\/index.php\/2022\/05\/18\/a-volta-do-rodrigo-caio-comeca-a-resolver-um-buraco-que-o-paulo-sousa-tinha-diz-comentarista\/#respond\"]}],\"copyrightYear\":\"2022\",\"copyrightHolder\":{\"@id\":\"https:\/\/www.gaveanews.com\/#organization\"}},{\"@type\":\"WebPage\",\"@id\":\"https:\/\/www.gaveanews.com\/index.php\/2022\/05\/18\/a-volta-do-rodrigo-caio-comeca-a-resolver-um-buraco-que-o-paulo-sousa-tinha-diz-comentarista\/\",\"url\":\"https:\/\/www.gaveanews.com\/index.php\/2022\/05\/18\/a-volta-do-rodrigo-caio-comeca-a-resolver-um-buraco-que-o-paulo-sousa-tinha-diz-comentarista\/\",\"name\":\"\\\"A volta do Rodrigo Caio come\u00e7a a resolver um buraco que o Paulo Sousa tinha\\\", diz comentarista\",\"isPartOf\":{\"@id\":\"https:\/\/www.gaveanews.com\/#website\"},\"primaryImageOfPage\":{\"@id\":\"https:\/\/www.gaveanews.com\/index.php\/2022\/05\/18\/a-volta-do-rodrigo-caio-comeca-a-resolver-um-buraco-que-o-paulo-sousa-tinha-diz-comentarista\/#primaryimage\"},\"image\":{\"@id\":\"https:\/\/www.gaveanews.com\/index.php\/2022\/05\/18\/a-volta-do-rodrigo-caio-comeca-a-resolver-um-buraco-que-o-paulo-sousa-tinha-diz-comentarista\/#primaryimage\"},\"thumbnailUrl\":\"https:\/\/www.gaveanews.com\/wp-content\/uploads\/Rodrigo-Caio-em-jogo-do-Flamengo-contra-a-Universidad-Catolica.webp\",\"datePublished\":\"2022-05-18T20:53:21+00:00\",\"dateModified\":\"2022-05-18T20:53:24+00:00\",\"author\":{\"@id\":\"https:\/\/www.gaveanews.com\/#\/schema\/person\/714c67050b836198af2450ba1c142a67\"},\"breadcrumb\":{\"@id\":\"https:\/\/www.gaveanews.com\/index.php\/2022\/05\/18\/a-volta-do-rodrigo-caio-comeca-a-resolver-um-buraco-que-o-paulo-sousa-tinha-diz-comentarista\/#breadcrumb\"},\"inLanguage\":\"pt-BR\",\"potentialAction\":[{\"@type\":\"ReadAction\",\"target\":[\"https:\/\/www.gaveanews.com\/index.php\/2022\/05\/18\/a-volta-do-rodrigo-caio-comeca-a-resolver-um-buraco-que-o-paulo-sousa-tinha-diz-comentarista\/\"]}]},{\"@type\":\"ImageObject\",\"inLanguage\":\"pt-BR\",\"@id\":\"https:\/\/www.gaveanews.com\/index.php\/2022\/05\/18\/a-volta-do-rodrigo-caio-comeca-a-resolver-um-buraco-que-o-paulo-sousa-tinha-diz-comentarista\/#primaryimage\",\"url\":\"https:\/\/www.gaveanews.com\/wp-content\/uploads\/Rodrigo-Caio-em-jogo-do-Flamengo-contra-a-Universidad-Catolica.webp\",\"contentUrl\":\"https:\/\/www.gaveanews.com\/wp-content\/uploads\/Rodrigo-Caio-em-jogo-do-Flamengo-contra-a-Universidad-Catolica.webp\",\"width\":799,\"height\":533,\"caption\":\"Rodrigo Caio em jogo do Flamengo contra a Universidad Cat\u00f3lica (Foto: Gilvan de Souza\/Flamengo)\"},{\"@type\":\"BreadcrumbList\",\"@id\":\"https:\/\/www.gaveanews.com\/index.php\/2022\/05\/18\/a-volta-do-rodrigo-caio-comeca-a-resolver-um-buraco-que-o-paulo-sousa-tinha-diz-comentarista\/#breadcrumb\",\"itemListElement\":[{\"@type\":\"ListItem\",\"position\":1,\"name\":\"Home\",\"item\":\"https:\/\/www.gaveanews.com\/\"},{\"@type\":\"ListItem\",\"position\":2,\"name\":\"&#8220;A volta do Rodrigo Caio come\u00e7a a resolver um buraco que o Paulo Sousa tinha&#8221;, diz comentarista\"}]},{\"@type\":\"WebSite\",\"@id\":\"https:\/\/www.gaveanews.com\/#website\",\"url\":\"https:\/\/www.gaveanews.com\/\",\"name\":\"G\u00e1vea News\",\"description\":\"Veja todas as not\u00edcias sobre o Flamengo: Contrata\u00e7\u00f5es, categorias de base, resultados das partidas, tabela de classifica\u00e7\u00e3o, pr\u00f3ximos jogos!\",\"potentialAction\":[{\"@type\":\"SearchAction\",\"target\":{\"@type\":\"EntryPoint\",\"urlTemplate\":\"https:\/\/www.gaveanews.com\/?s={search_term_string}\"},\"query-input\":{\"@type\":\"PropertyValueSpecification\",\"valueRequired\":true,\"valueName\":\"search_term_string\"}}],\"inLanguage\":\"pt-BR\"},{\"@type\":\"Person\",\"@id\":\"https:\/\/www.gaveanews.com\/#\/schema\/person\/714c67050b836198af2450ba1c142a67\",\"name\":\"Let\u00edcia Gerheim\",\"image\":{\"@type\":\"ImageObject\",\"inLanguage\":\"pt-BR\",\"@id\":\"https:\/\/www.gaveanews.com\/#\/schema\/person\/image\/\",\"url\":\"https:\/\/secure.gravatar.com\/avatar\/60734739c50fcebfbac509e2a826ccd0ff405c019bc73aab9354f19ecad1dcb4?s=96&d=mm&r=g\",\"contentUrl\":\"https:\/\/secure.gravatar.com\/avatar\/60734739c50fcebfbac509e2a826ccd0ff405c019bc73aab9354f19ecad1dcb4?s=96&d=mm&r=g\",\"caption\":\"Let\u00edcia Gerheim\"}}]}<\/script>\n<!-- \/ Yoast SEO Premium plugin. -->","yoast_head_json":{"title":"\"A volta do Rodrigo Caio come\u00e7a a resolver um buraco que o Paulo Sousa tinha\", diz comentarista","robots":{"index":"index","follow":"follow","max-snippet":"max-snippet:-1","max-image-preview":"max-image-preview:large","max-video-preview":"max-video-preview:-1"},"canonical":"https:\/\/www.gaveanews.com\/index.php\/2022\/05\/18\/a-volta-do-rodrigo-caio-comeca-a-resolver-um-buraco-que-o-paulo-sousa-tinha-diz-comentarista\/","og_locale":"pt_BR","og_type":"article","og_title":"\"A volta do Rodrigo Caio come\u00e7a a resolver um buraco que o Paulo Sousa tinha\", diz comentarista","og_description":"O Flamengo venceu a Universidad Cat\u00f3lica por 3 a 0 na \u00faltima ter\u00e7a-feira (17) e se classificou para as oitavas de final da Libertadores antecipadamente. O duelo contou com boa atua\u00e7\u00e3o do elenco da G\u00e1vea contra os chilenos e uma vit\u00f3ria sem sofrer press\u00e3o. Um dos atletas que atuou os 90 minutos foi Rodrigo Caio, [&hellip;]","og_url":"https:\/\/www.gaveanews.com\/index.php\/2022\/05\/18\/a-volta-do-rodrigo-caio-comeca-a-resolver-um-buraco-que-o-paulo-sousa-tinha-diz-comentarista\/","og_site_name":"G\u00e1vea News","article_publisher":"https:\/\/facebook.com\/gaveaNews\/","article_published_time":"2022-05-18T20:53:21+00:00","article_modified_time":"2022-05-18T20:53:24+00:00","og_image":[{"width":799,"height":533,"url":"https:\/\/www.gaveanews.com\/wp-content\/uploads\/Rodrigo-Caio-em-jogo-do-Flamengo-contra-a-Universidad-Catolica.webp","type":"image\/jpeg"}],"author":"Let\u00edcia Gerheim","twitter_card":"summary_large_image","twitter_misc":{"Escrito por":"Let\u00edcia Gerheim","Est. tempo de leitura":"2 minutos"},"schema":{"@context":"https:\/\/schema.org","@graph":[{"@type":"NewsArticle","@id":"https:\/\/www.gaveanews.com\/index.php\/2022\/05\/18\/a-volta-do-rodrigo-caio-comeca-a-resolver-um-buraco-que-o-paulo-sousa-tinha-diz-comentarista\/#article","isPartOf":{"@id":"https:\/\/www.gaveanews.com\/index.php\/2022\/05\/18\/a-volta-do-rodrigo-caio-comeca-a-resolver-um-buraco-que-o-paulo-sousa-tinha-diz-comentarista\/"},"author":{"name":"Let\u00edcia Gerheim","@id":"https:\/\/www.gaveanews.com\/#\/schema\/person\/714c67050b836198af2450ba1c142a67"},"headline":"&#8220;A volta do Rodrigo Caio come\u00e7a a resolver um buraco que o Paulo Sousa tinha&#8221;, diz comentarista","datePublished":"2022-05-18T20:53:21+00:00","dateModified":"2022-05-18T20:53:24+00:00","mainEntityOfPage":{"@id":"https:\/\/www.gaveanews.com\/index.php\/2022\/05\/18\/a-volta-do-rodrigo-caio-comeca-a-resolver-um-buraco-que-o-paulo-sousa-tinha-diz-comentarista\/"},"wordCount":339,"commentCount":0,"image":{"@id":"https:\/\/www.gaveanews.com\/index.php\/2022\/05\/18\/a-volta-do-rodrigo-caio-comeca-a-resolver-um-buraco-que-o-paulo-sousa-tinha-diz-comentarista\/#primaryimage"},"thumbnailUrl":"https:\/\/www.gaveanews.com\/wp-content\/uploads\/Rodrigo-Caio-em-jogo-do-Flamengo-contra-a-Universidad-Catolica.webp","articleSection":["Flamengo"],"inLanguage":"pt-BR","potentialAction":[{"@type":"CommentAction","name":"Comment","target":["https:\/\/www.gaveanews.com\/index.php\/2022\/05\/18\/a-volta-do-rodrigo-caio-comeca-a-resolver-um-buraco-que-o-paulo-sousa-tinha-diz-comentarista\/#respond"]}],"copyrightYear":"2022","copyrightHolder":{"@id":"https:\/\/www.gaveanews.com\/#organization"}},{"@type":"WebPage","@id":"https:\/\/www.gaveanews.com\/index.php\/2022\/05\/18\/a-volta-do-rodrigo-caio-comeca-a-resolver-um-buraco-que-o-paulo-sousa-tinha-diz-comentarista\/","url":"https:\/\/www.gaveanews.com\/index.php\/2022\/05\/18\/a-volta-do-rodrigo-caio-comeca-a-resolver-um-buraco-que-o-paulo-sousa-tinha-diz-comentarista\/","name":"\"A volta do Rodrigo Caio come\u00e7a a resolver um buraco que o Paulo Sousa tinha\", diz comentarista","isPartOf":{"@id":"https:\/\/www.gaveanews.com\/#website"},"primaryImageOfPage":{"@id":"https:\/\/www.gaveanews.com\/index.php\/2022\/05\/18\/a-volta-do-rodrigo-caio-comeca-a-resolver-um-buraco-que-o-paulo-sousa-tinha-diz-comentarista\/#primaryimage"},"image":{"@id":"https:\/\/www.gaveanews.com\/index.php\/2022\/05\/18\/a-volta-do-rodrigo-caio-comeca-a-resolver-um-buraco-que-o-paulo-sousa-tinha-diz-comentarista\/#primaryimage"},"thumbnailUrl":"https:\/\/www.gaveanews.com\/wp-content\/uploads\/Rodrigo-Caio-em-jogo-do-Flamengo-contra-a-Universidad-Catolica.webp","datePublished":"2022-05-18T20:53:21+00:00","dateModified":"2022-05-18T20:53:24+00:00","author":{"@id":"https:\/\/www.gaveanews.com\/#\/schema\/person\/714c67050b836198af2450ba1c142a67"},"breadcrumb":{"@id":"https:\/\/www.gaveanews.com\/index.php\/2022\/05\/18\/a-volta-do-rodrigo-caio-comeca-a-resolver-um-buraco-que-o-paulo-sousa-tinha-diz-comentarista\/#breadcrumb"},"inLanguage":"pt-BR","potentialAction":[{"@type":"ReadAction","target":["https:\/\/www.gaveanews.com\/index.php\/2022\/05\/18\/a-volta-do-rodrigo-caio-comeca-a-resolver-um-buraco-que-o-paulo-sousa-tinha-diz-comentarista\/"]}]},{"@type":"ImageObject","inLanguage":"pt-BR","@id":"https:\/\/www.gaveanews.com\/index.php\/2022\/05\/18\/a-volta-do-rodrigo-caio-comeca-a-resolver-um-buraco-que-o-paulo-sousa-tinha-diz-comentarista\/#primaryimage","url":"https:\/\/www.gaveanews.com\/wp-content\/uploads\/Rodrigo-Caio-em-jogo-do-Flamengo-contra-a-Universidad-Catolica.webp","contentUrl":"https:\/\/www.gaveanews.com\/wp-content\/uploads\/Rodrigo-Caio-em-jogo-do-Flamengo-contra-a-Universidad-Catolica.webp","width":799,"height":533,"caption":"Rodrigo Caio em jogo do Flamengo contra a Universidad Cat\u00f3lica (Foto: Gilvan de Souza\/Flamengo)"},{"@type":"BreadcrumbList","@id":"https:\/\/www.gaveanews.com\/index.php\/2022\/05\/18\/a-volta-do-rodrigo-caio-comeca-a-resolver-um-buraco-que-o-paulo-sousa-tinha-diz-comentarista\/#breadcrumb","itemListElement":[{"@type":"ListItem","position":1,"name":"Home","item":"https:\/\/www.gaveanews.com\/"},{"@type":"ListItem","position":2,"name":"&#8220;A volta do Rodrigo Caio come\u00e7a a resolver um buraco que o Paulo Sousa tinha&#8221;, diz comentarista"}]},{"@type":"WebSite","@id":"https:\/\/www.gaveanews.com\/#website","url":"https:\/\/www.gaveanews.com\/","name":"G\u00e1vea News","description":"Veja todas as not\u00edcias sobre o Flamengo: Contrata\u00e7\u00f5es, categorias de base, resultados das partidas, tabela de classifica\u00e7\u00e3o, pr\u00f3ximos jogos!","potentialAction":[{"@type":"SearchAction","target":{"@type":"EntryPoint","urlTemplate":"https:\/\/www.gaveanews.com\/?s={search_term_string}"},"query-input":{"@type":"PropertyValueSpecification","valueRequired":true,"valueName":"search_term_string"}}],"inLanguage":"pt-BR"},{"@type":"Person","@id":"https:\/\/www.gaveanews.com\/#\/schema\/person\/714c67050b836198af2450ba1c142a67","name":"Let\u00edcia Gerheim","image":{"@type":"ImageObject","inLanguage":"pt-BR","@id":"https:\/\/www.gaveanews.com\/#\/schema\/person\/image\/","url":"https:\/\/secure.gravatar.com\/avatar\/60734739c50fcebfbac509e2a826ccd0ff405c019bc73aab9354f19ecad1dcb4?s=96&d=mm&r=g","contentUrl":"https:\/\/secure.gravatar.com\/avatar\/60734739c50fcebfbac509e2a826ccd0ff405c019bc73aab9354f19ecad1dcb4?s=96&d=mm&r=g","caption":"Let\u00edcia Gerheim"}}]}},"_links":{"self":[{"href":"https:\/\/www.gaveanews.com\/index.php\/wp-json\/wp\/v2\/posts\/81807","targetHints":{"allow":["GET"]}}],"collection":[{"href":"https:\/\/www.gaveanews.com\/index.php\/wp-json\/wp\/v2\/posts"}],"about":[{"href":"https:\/\/www.gaveanews.com\/index.php\/wp-json\/wp\/v2\/types\/post"}],"author":[{"embeddable":true,"href":"https:\/\/www.gaveanews.com\/index.php\/wp-json\/wp\/v2\/users\/4"}],"replies":[{"embeddable":true,"href":"https:\/\/www.gaveanews.com\/index.php\/wp-json\/wp\/v2\/comments?post=81807"}],"version-history":[{"count":0,"href":"https:\/\/www.gaveanews.com\/index.php\/wp-json\/wp\/v2\/posts\/81807\/revisions"}],"wp:featuredmedia":[{"embeddable":true,"href":"https:\/\/www.gaveanews.com\/index.php\/wp-json\/wp\/v2\/media\/81808"}],"wp:attachment":[{"href":"https:\/\/www.gaveanews.com\/index.php\/wp-json\/wp\/v2\/media?parent=81807"}],"wp:term":[{"taxonomy":"category","embeddable":true,"href":"https:\/\/www.gaveanews.com\/index.php\/wp-json\/wp\/v2\/categories?post=81807"},{"taxonomy":"post_tag","embeddable":true,"href":"https:\/\/www.gaveanews.com\/index.php\/wp-json\/wp\/v2\/tags?post=81807"}],"curies":[{"name":"wp","href":"https:\/\/api.w.org\/{rel}","templated":true}]}}