{"id":81845,"date":"2022-05-19T12:29:54","date_gmt":"2022-05-19T15:29:54","guid":{"rendered":"https:\/\/www.gaveanews.com\/?p=81845"},"modified":"2022-05-19T12:29:57","modified_gmt":"2022-05-19T15:29:57","slug":"apos-atritos-dirigentes-do-flamengo-marcam-reuniao-com-diego-alves-e-paulo-sousa","status":"publish","type":"post","link":"https:\/\/www.gaveanews.com\/index.php\/2022\/05\/19\/apos-atritos-dirigentes-do-flamengo-marcam-reuniao-com-diego-alves-e-paulo-sousa\/","title":{"rendered":"Ap\u00f3s atritos, dirigentes do Flamengo marcam reuni\u00e3o com Diego Alves e Paulo Sousa"},"content":{"rendered":"\n<p>O clima no Ninho do Urubu certamente n\u00e3o \u00e9 dos mais agrad\u00e1veis ultimamente. Os \u00faltimos acontecimentos trouxeram ainda mais tens\u00e3o ao grupo e fizeram com que a diretoria veja a necessidade de intervir.<\/p>\n\n\n\n<p>A ruptura na rela\u00e7\u00e3o entre a comiss\u00e3o t\u00e9cnica e Diego Alves foi declarada ap\u00f3s o jogo contra a Universidad Cat\u00f3lica. Questionado sobre a <a href=\"https:\/\/www.gaveanews.com\/index.php\/2022\/05\/16\/diego-alves-avisa-ao-flamengo-que-esta-pronto-para-jogar\/\">declara\u00e7\u00e3o do goleiro sobre estar pronto para ir a campo<\/a>, Paulo Sousa falou sobre as decis\u00f5es tomadas nos bastidores e <a href=\"https:\/\/www.gaveanews.com\/index.php\/2022\/05\/18\/paulo-sousa-abre-o-jogo-sobre-a-situacao-de-diego-alves-no-flamengo\/\">exp\u00f4s um epis\u00f3dio ocorrido no domingo<\/a>.<\/p>\n\n\n\n<p>A fala do t\u00e9cnico n\u00e3o foi bem aceita pelo atleta, que <a href=\"https:\/\/www.gaveanews.com\/index.php\/2022\/05\/18\/diego-alves-se-incomoda-com-declaracao-de-paulo-sousa-e-clima-esquenta-no-flamengo\/\">n\u00e3o escondeu seu inc\u00f4modo no Ninho do Urubu<\/a>. Mas n\u00e3o ficou s\u00f3 por a\u00ed. Na tarde da \u00faltima quarta-feira (18), <a href=\"https:\/\/www.gaveanews.com\/index.php\/2022\/05\/18\/preparador-de-goleiros-do-flamengo-manda-indireta-para-diego-alves\/\">o preparador de goleiros mandou uma indireta para Diego Alves nas redes sociais<\/a>. A publica\u00e7\u00e3o foi vista pelo camisa 1, <a href=\"https:\/\/www.gaveanews.com\/index.php\/2022\/05\/18\/diego-alves-do-flamengo-troca-farpas-com-paulo-sousa-na-web\/\">que pouco depois postou uma nova indireta<\/a>.<\/p>\n\n\n\n<p>Diante dos epis\u00f3dios ocorridos em p\u00fablico, Marcos Braz e Bruno Spindel marcaram uma reuni\u00e3o com Paulo Sousa e Diego Alves. Antes de o encontro acontecer, os dirigentes ainda se encontraram com o t\u00e9cnico rubro-negro. As informa\u00e7\u00f5es s\u00e3o da jornalista Isabelle Costa.<\/p>\n\n\n\n<p>Em clima quente, o elenco da G\u00e1vea se reapresentou na manh\u00e3 desta quinta-feira (19) visando as prepara\u00e7\u00f5es para o jogo contra o Goi\u00e1s. A partida, v\u00e1lida pela 7\u00aa rodada do Brasileir\u00e3o, est\u00e1 marcada para este s\u00e1bado (21), \u00e0s 16h30 (hor\u00e1rio de Bras\u00edlia), no Maracan\u00e3.<\/p>\n","protected":false},"excerpt":{"rendered":"<p>O clima no Ninho do Urubu certamente n\u00e3o \u00e9 dos mais agrad\u00e1veis ultimamente. Os \u00faltimos acontecimentos trouxeram ainda mais tens\u00e3o ao grupo e fizeram com que a diretoria veja a necessidade de intervir. A ruptura na rela\u00e7\u00e3o entre a comiss\u00e3o t\u00e9cnica e Diego Alves foi declarada ap\u00f3s o jogo contra a Universidad Cat\u00f3lica. Questionado sobre [&hellip;]<\/p>\n","protected":false},"author":4,"featured_media":73731,"comment_status":"open","ping_status":"closed","sticky":false,"template":"","format":"standard","meta":{"footnotes":""},"categories":[1],"tags":[],"class_list":["post-81845","post","type-post","status-publish","format-standard","has-post-thumbnail","hentry","category-flamengo"],"yoast_head":"<!-- This site is optimized with the Yoast SEO Premium plugin v24.2 (Yoast SEO v26.9) - https:\/\/yoast.com\/product\/yoast-seo-premium-wordpress\/ -->\n<title>Ap\u00f3s atritos, dirigentes do Flamengo marcam reuni\u00e3o com Diego Alves e Paulo Sousa<\/title>\n<meta name=\"robots\" content=\"index, follow, max-snippet:-1, max-image-preview:large, max-video-preview:-1\" \/>\n<link rel=\"canonical\" href=\"https:\/\/www.gaveanews.com\/index.php\/2022\/05\/19\/apos-atritos-dirigentes-do-flamengo-marcam-reuniao-com-diego-alves-e-paulo-sousa\/\" \/>\n<meta property=\"og:locale\" content=\"pt_BR\" \/>\n<meta property=\"og:type\" content=\"article\" \/>\n<meta property=\"og:title\" content=\"Ap\u00f3s atritos, dirigentes do Flamengo marcam reuni\u00e3o com Diego Alves e Paulo Sousa\" \/>\n<meta property=\"og:description\" content=\"O clima no Ninho do Urubu certamente n\u00e3o \u00e9 dos mais agrad\u00e1veis ultimamente. Os \u00faltimos acontecimentos trouxeram ainda mais tens\u00e3o ao grupo e fizeram com que a diretoria veja a necessidade de intervir. A ruptura na rela\u00e7\u00e3o entre a comiss\u00e3o t\u00e9cnica e Diego Alves foi declarada ap\u00f3s o jogo contra a Universidad Cat\u00f3lica. Questionado sobre [&hellip;]\" \/>\n<meta property=\"og:url\" content=\"https:\/\/www.gaveanews.com\/index.php\/2022\/05\/19\/apos-atritos-dirigentes-do-flamengo-marcam-reuniao-com-diego-alves-e-paulo-sousa\/\" \/>\n<meta property=\"og:site_name\" content=\"G\u00e1vea News\" \/>\n<meta property=\"article:publisher\" content=\"https:\/\/facebook.com\/gaveaNews\/\" \/>\n<meta property=\"article:published_time\" content=\"2022-05-19T15:29:54+00:00\" \/>\n<meta property=\"article:modified_time\" content=\"2022-05-19T15:29:57+00:00\" \/>\n<meta property=\"og:image\" content=\"https:\/\/www.gaveanews.com\/wp-content\/uploads\/Marcos-Braz-e-Bruno-Spindel.webp\" \/>\n\t<meta property=\"og:image:width\" content=\"640\" \/>\n\t<meta property=\"og:image:height\" content=\"426\" \/>\n\t<meta property=\"og:image:type\" content=\"image\/jpeg\" \/>\n<meta name=\"author\" content=\"Let\u00edcia Gerheim\" \/>\n<meta name=\"twitter:card\" content=\"summary_large_image\" \/>\n<meta name=\"twitter:label1\" content=\"Escrito por\" \/>\n\t<meta name=\"twitter:data1\" content=\"Let\u00edcia Gerheim\" \/>\n\t<meta name=\"twitter:label2\" content=\"Est. tempo de leitura\" \/>\n\t<meta name=\"twitter:data2\" content=\"2 minutos\" \/>\n<script type=\"application\/ld+json\" class=\"yoast-schema-graph\">{\"@context\":\"https:\/\/schema.org\",\"@graph\":[{\"@type\":\"NewsArticle\",\"@id\":\"https:\/\/www.gaveanews.com\/index.php\/2022\/05\/19\/apos-atritos-dirigentes-do-flamengo-marcam-reuniao-com-diego-alves-e-paulo-sousa\/#article\",\"isPartOf\":{\"@id\":\"https:\/\/www.gaveanews.com\/index.php\/2022\/05\/19\/apos-atritos-dirigentes-do-flamengo-marcam-reuniao-com-diego-alves-e-paulo-sousa\/\"},\"author\":{\"name\":\"Let\u00edcia Gerheim\",\"@id\":\"https:\/\/www.gaveanews.com\/#\/schema\/person\/714c67050b836198af2450ba1c142a67\"},\"headline\":\"Ap\u00f3s atritos, dirigentes do Flamengo marcam reuni\u00e3o com Diego Alves e Paulo Sousa\",\"datePublished\":\"2022-05-19T15:29:54+00:00\",\"dateModified\":\"2022-05-19T15:29:57+00:00\",\"mainEntityOfPage\":{\"@id\":\"https:\/\/www.gaveanews.com\/index.php\/2022\/05\/19\/apos-atritos-dirigentes-do-flamengo-marcam-reuniao-com-diego-alves-e-paulo-sousa\/\"},\"wordCount\":266,\"commentCount\":0,\"image\":{\"@id\":\"https:\/\/www.gaveanews.com\/index.php\/2022\/05\/19\/apos-atritos-dirigentes-do-flamengo-marcam-reuniao-com-diego-alves-e-paulo-sousa\/#primaryimage\"},\"thumbnailUrl\":\"https:\/\/www.gaveanews.com\/wp-content\/uploads\/Marcos-Braz-e-Bruno-Spindel.webp\",\"articleSection\":[\"Flamengo\"],\"inLanguage\":\"pt-BR\",\"potentialAction\":[{\"@type\":\"CommentAction\",\"name\":\"Comment\",\"target\":[\"https:\/\/www.gaveanews.com\/index.php\/2022\/05\/19\/apos-atritos-dirigentes-do-flamengo-marcam-reuniao-com-diego-alves-e-paulo-sousa\/#respond\"]}],\"copyrightYear\":\"2022\",\"copyrightHolder\":{\"@id\":\"https:\/\/www.gaveanews.com\/#organization\"}},{\"@type\":\"WebPage\",\"@id\":\"https:\/\/www.gaveanews.com\/index.php\/2022\/05\/19\/apos-atritos-dirigentes-do-flamengo-marcam-reuniao-com-diego-alves-e-paulo-sousa\/\",\"url\":\"https:\/\/www.gaveanews.com\/index.php\/2022\/05\/19\/apos-atritos-dirigentes-do-flamengo-marcam-reuniao-com-diego-alves-e-paulo-sousa\/\",\"name\":\"Ap\u00f3s atritos, dirigentes do Flamengo marcam reuni\u00e3o com Diego Alves e Paulo Sousa\",\"isPartOf\":{\"@id\":\"https:\/\/www.gaveanews.com\/#website\"},\"primaryImageOfPage\":{\"@id\":\"https:\/\/www.gaveanews.com\/index.php\/2022\/05\/19\/apos-atritos-dirigentes-do-flamengo-marcam-reuniao-com-diego-alves-e-paulo-sousa\/#primaryimage\"},\"image\":{\"@id\":\"https:\/\/www.gaveanews.com\/index.php\/2022\/05\/19\/apos-atritos-dirigentes-do-flamengo-marcam-reuniao-com-diego-alves-e-paulo-sousa\/#primaryimage\"},\"thumbnailUrl\":\"https:\/\/www.gaveanews.com\/wp-content\/uploads\/Marcos-Braz-e-Bruno-Spindel.webp\",\"datePublished\":\"2022-05-19T15:29:54+00:00\",\"dateModified\":\"2022-05-19T15:29:57+00:00\",\"author\":{\"@id\":\"https:\/\/www.gaveanews.com\/#\/schema\/person\/714c67050b836198af2450ba1c142a67\"},\"breadcrumb\":{\"@id\":\"https:\/\/www.gaveanews.com\/index.php\/2022\/05\/19\/apos-atritos-dirigentes-do-flamengo-marcam-reuniao-com-diego-alves-e-paulo-sousa\/#breadcrumb\"},\"inLanguage\":\"pt-BR\",\"potentialAction\":[{\"@type\":\"ReadAction\",\"target\":[\"https:\/\/www.gaveanews.com\/index.php\/2022\/05\/19\/apos-atritos-dirigentes-do-flamengo-marcam-reuniao-com-diego-alves-e-paulo-sousa\/\"]}]},{\"@type\":\"ImageObject\",\"inLanguage\":\"pt-BR\",\"@id\":\"https:\/\/www.gaveanews.com\/index.php\/2022\/05\/19\/apos-atritos-dirigentes-do-flamengo-marcam-reuniao-com-diego-alves-e-paulo-sousa\/#primaryimage\",\"url\":\"https:\/\/www.gaveanews.com\/wp-content\/uploads\/Marcos-Braz-e-Bruno-Spindel.webp\",\"contentUrl\":\"https:\/\/www.gaveanews.com\/wp-content\/uploads\/Marcos-Braz-e-Bruno-Spindel.webp\",\"width\":640,\"height\":426,\"caption\":\"Marcos Braz e Bruno Spindel (Foto: Alexandre Vidal\/Flamengo)\"},{\"@type\":\"BreadcrumbList\",\"@id\":\"https:\/\/www.gaveanews.com\/index.php\/2022\/05\/19\/apos-atritos-dirigentes-do-flamengo-marcam-reuniao-com-diego-alves-e-paulo-sousa\/#breadcrumb\",\"itemListElement\":[{\"@type\":\"ListItem\",\"position\":1,\"name\":\"Home\",\"item\":\"https:\/\/www.gaveanews.com\/\"},{\"@type\":\"ListItem\",\"position\":2,\"name\":\"Ap\u00f3s atritos, dirigentes do Flamengo marcam reuni\u00e3o com Diego Alves e Paulo Sousa\"}]},{\"@type\":\"WebSite\",\"@id\":\"https:\/\/www.gaveanews.com\/#website\",\"url\":\"https:\/\/www.gaveanews.com\/\",\"name\":\"G\u00e1vea News\",\"description\":\"Veja todas as not\u00edcias sobre o Flamengo: Contrata\u00e7\u00f5es, categorias de base, resultados das partidas, tabela de classifica\u00e7\u00e3o, pr\u00f3ximos jogos!\",\"potentialAction\":[{\"@type\":\"SearchAction\",\"target\":{\"@type\":\"EntryPoint\",\"urlTemplate\":\"https:\/\/www.gaveanews.com\/?s={search_term_string}\"},\"query-input\":{\"@type\":\"PropertyValueSpecification\",\"valueRequired\":true,\"valueName\":\"search_term_string\"}}],\"inLanguage\":\"pt-BR\"},{\"@type\":\"Person\",\"@id\":\"https:\/\/www.gaveanews.com\/#\/schema\/person\/714c67050b836198af2450ba1c142a67\",\"name\":\"Let\u00edcia Gerheim\",\"image\":{\"@type\":\"ImageObject\",\"inLanguage\":\"pt-BR\",\"@id\":\"https:\/\/www.gaveanews.com\/#\/schema\/person\/image\/\",\"url\":\"https:\/\/secure.gravatar.com\/avatar\/60734739c50fcebfbac509e2a826ccd0ff405c019bc73aab9354f19ecad1dcb4?s=96&d=mm&r=g\",\"contentUrl\":\"https:\/\/secure.gravatar.com\/avatar\/60734739c50fcebfbac509e2a826ccd0ff405c019bc73aab9354f19ecad1dcb4?s=96&d=mm&r=g\",\"caption\":\"Let\u00edcia Gerheim\"}}]}<\/script>\n<!-- \/ Yoast SEO Premium plugin. -->","yoast_head_json":{"title":"Ap\u00f3s atritos, dirigentes do Flamengo marcam reuni\u00e3o com Diego Alves e Paulo Sousa","robots":{"index":"index","follow":"follow","max-snippet":"max-snippet:-1","max-image-preview":"max-image-preview:large","max-video-preview":"max-video-preview:-1"},"canonical":"https:\/\/www.gaveanews.com\/index.php\/2022\/05\/19\/apos-atritos-dirigentes-do-flamengo-marcam-reuniao-com-diego-alves-e-paulo-sousa\/","og_locale":"pt_BR","og_type":"article","og_title":"Ap\u00f3s atritos, dirigentes do Flamengo marcam reuni\u00e3o com Diego Alves e Paulo Sousa","og_description":"O clima no Ninho do Urubu certamente n\u00e3o \u00e9 dos mais agrad\u00e1veis ultimamente. Os \u00faltimos acontecimentos trouxeram ainda mais tens\u00e3o ao grupo e fizeram com que a diretoria veja a necessidade de intervir. A ruptura na rela\u00e7\u00e3o entre a comiss\u00e3o t\u00e9cnica e Diego Alves foi declarada ap\u00f3s o jogo contra a Universidad Cat\u00f3lica. Questionado sobre [&hellip;]","og_url":"https:\/\/www.gaveanews.com\/index.php\/2022\/05\/19\/apos-atritos-dirigentes-do-flamengo-marcam-reuniao-com-diego-alves-e-paulo-sousa\/","og_site_name":"G\u00e1vea News","article_publisher":"https:\/\/facebook.com\/gaveaNews\/","article_published_time":"2022-05-19T15:29:54+00:00","article_modified_time":"2022-05-19T15:29:57+00:00","og_image":[{"width":640,"height":426,"url":"https:\/\/www.gaveanews.com\/wp-content\/uploads\/Marcos-Braz-e-Bruno-Spindel.webp","type":"image\/jpeg"}],"author":"Let\u00edcia Gerheim","twitter_card":"summary_large_image","twitter_misc":{"Escrito por":"Let\u00edcia Gerheim","Est. tempo de leitura":"2 minutos"},"schema":{"@context":"https:\/\/schema.org","@graph":[{"@type":"NewsArticle","@id":"https:\/\/www.gaveanews.com\/index.php\/2022\/05\/19\/apos-atritos-dirigentes-do-flamengo-marcam-reuniao-com-diego-alves-e-paulo-sousa\/#article","isPartOf":{"@id":"https:\/\/www.gaveanews.com\/index.php\/2022\/05\/19\/apos-atritos-dirigentes-do-flamengo-marcam-reuniao-com-diego-alves-e-paulo-sousa\/"},"author":{"name":"Let\u00edcia Gerheim","@id":"https:\/\/www.gaveanews.com\/#\/schema\/person\/714c67050b836198af2450ba1c142a67"},"headline":"Ap\u00f3s atritos, dirigentes do Flamengo marcam reuni\u00e3o com Diego Alves e Paulo Sousa","datePublished":"2022-05-19T15:29:54+00:00","dateModified":"2022-05-19T15:29:57+00:00","mainEntityOfPage":{"@id":"https:\/\/www.gaveanews.com\/index.php\/2022\/05\/19\/apos-atritos-dirigentes-do-flamengo-marcam-reuniao-com-diego-alves-e-paulo-sousa\/"},"wordCount":266,"commentCount":0,"image":{"@id":"https:\/\/www.gaveanews.com\/index.php\/2022\/05\/19\/apos-atritos-dirigentes-do-flamengo-marcam-reuniao-com-diego-alves-e-paulo-sousa\/#primaryimage"},"thumbnailUrl":"https:\/\/www.gaveanews.com\/wp-content\/uploads\/Marcos-Braz-e-Bruno-Spindel.webp","articleSection":["Flamengo"],"inLanguage":"pt-BR","potentialAction":[{"@type":"CommentAction","name":"Comment","target":["https:\/\/www.gaveanews.com\/index.php\/2022\/05\/19\/apos-atritos-dirigentes-do-flamengo-marcam-reuniao-com-diego-alves-e-paulo-sousa\/#respond"]}],"copyrightYear":"2022","copyrightHolder":{"@id":"https:\/\/www.gaveanews.com\/#organization"}},{"@type":"WebPage","@id":"https:\/\/www.gaveanews.com\/index.php\/2022\/05\/19\/apos-atritos-dirigentes-do-flamengo-marcam-reuniao-com-diego-alves-e-paulo-sousa\/","url":"https:\/\/www.gaveanews.com\/index.php\/2022\/05\/19\/apos-atritos-dirigentes-do-flamengo-marcam-reuniao-com-diego-alves-e-paulo-sousa\/","name":"Ap\u00f3s atritos, dirigentes do Flamengo marcam reuni\u00e3o com Diego Alves e Paulo Sousa","isPartOf":{"@id":"https:\/\/www.gaveanews.com\/#website"},"primaryImageOfPage":{"@id":"https:\/\/www.gaveanews.com\/index.php\/2022\/05\/19\/apos-atritos-dirigentes-do-flamengo-marcam-reuniao-com-diego-alves-e-paulo-sousa\/#primaryimage"},"image":{"@id":"https:\/\/www.gaveanews.com\/index.php\/2022\/05\/19\/apos-atritos-dirigentes-do-flamengo-marcam-reuniao-com-diego-alves-e-paulo-sousa\/#primaryimage"},"thumbnailUrl":"https:\/\/www.gaveanews.com\/wp-content\/uploads\/Marcos-Braz-e-Bruno-Spindel.webp","datePublished":"2022-05-19T15:29:54+00:00","dateModified":"2022-05-19T15:29:57+00:00","author":{"@id":"https:\/\/www.gaveanews.com\/#\/schema\/person\/714c67050b836198af2450ba1c142a67"},"breadcrumb":{"@id":"https:\/\/www.gaveanews.com\/index.php\/2022\/05\/19\/apos-atritos-dirigentes-do-flamengo-marcam-reuniao-com-diego-alves-e-paulo-sousa\/#breadcrumb"},"inLanguage":"pt-BR","potentialAction":[{"@type":"ReadAction","target":["https:\/\/www.gaveanews.com\/index.php\/2022\/05\/19\/apos-atritos-dirigentes-do-flamengo-marcam-reuniao-com-diego-alves-e-paulo-sousa\/"]}]},{"@type":"ImageObject","inLanguage":"pt-BR","@id":"https:\/\/www.gaveanews.com\/index.php\/2022\/05\/19\/apos-atritos-dirigentes-do-flamengo-marcam-reuniao-com-diego-alves-e-paulo-sousa\/#primaryimage","url":"https:\/\/www.gaveanews.com\/wp-content\/uploads\/Marcos-Braz-e-Bruno-Spindel.webp","contentUrl":"https:\/\/www.gaveanews.com\/wp-content\/uploads\/Marcos-Braz-e-Bruno-Spindel.webp","width":640,"height":426,"caption":"Marcos Braz e Bruno Spindel (Foto: Alexandre Vidal\/Flamengo)"},{"@type":"BreadcrumbList","@id":"https:\/\/www.gaveanews.com\/index.php\/2022\/05\/19\/apos-atritos-dirigentes-do-flamengo-marcam-reuniao-com-diego-alves-e-paulo-sousa\/#breadcrumb","itemListElement":[{"@type":"ListItem","position":1,"name":"Home","item":"https:\/\/www.gaveanews.com\/"},{"@type":"ListItem","position":2,"name":"Ap\u00f3s atritos, dirigentes do Flamengo marcam reuni\u00e3o com Diego Alves e Paulo Sousa"}]},{"@type":"WebSite","@id":"https:\/\/www.gaveanews.com\/#website","url":"https:\/\/www.gaveanews.com\/","name":"G\u00e1vea News","description":"Veja todas as not\u00edcias sobre o Flamengo: Contrata\u00e7\u00f5es, categorias de base, resultados das partidas, tabela de classifica\u00e7\u00e3o, pr\u00f3ximos jogos!","potentialAction":[{"@type":"SearchAction","target":{"@type":"EntryPoint","urlTemplate":"https:\/\/www.gaveanews.com\/?s={search_term_string}"},"query-input":{"@type":"PropertyValueSpecification","valueRequired":true,"valueName":"search_term_string"}}],"inLanguage":"pt-BR"},{"@type":"Person","@id":"https:\/\/www.gaveanews.com\/#\/schema\/person\/714c67050b836198af2450ba1c142a67","name":"Let\u00edcia Gerheim","image":{"@type":"ImageObject","inLanguage":"pt-BR","@id":"https:\/\/www.gaveanews.com\/#\/schema\/person\/image\/","url":"https:\/\/secure.gravatar.com\/avatar\/60734739c50fcebfbac509e2a826ccd0ff405c019bc73aab9354f19ecad1dcb4?s=96&d=mm&r=g","contentUrl":"https:\/\/secure.gravatar.com\/avatar\/60734739c50fcebfbac509e2a826ccd0ff405c019bc73aab9354f19ecad1dcb4?s=96&d=mm&r=g","caption":"Let\u00edcia Gerheim"}}]}},"_links":{"self":[{"href":"https:\/\/www.gaveanews.com\/index.php\/wp-json\/wp\/v2\/posts\/81845","targetHints":{"allow":["GET"]}}],"collection":[{"href":"https:\/\/www.gaveanews.com\/index.php\/wp-json\/wp\/v2\/posts"}],"about":[{"href":"https:\/\/www.gaveanews.com\/index.php\/wp-json\/wp\/v2\/types\/post"}],"author":[{"embeddable":true,"href":"https:\/\/www.gaveanews.com\/index.php\/wp-json\/wp\/v2\/users\/4"}],"replies":[{"embeddable":true,"href":"https:\/\/www.gaveanews.com\/index.php\/wp-json\/wp\/v2\/comments?post=81845"}],"version-history":[{"count":0,"href":"https:\/\/www.gaveanews.com\/index.php\/wp-json\/wp\/v2\/posts\/81845\/revisions"}],"wp:featuredmedia":[{"embeddable":true,"href":"https:\/\/www.gaveanews.com\/index.php\/wp-json\/wp\/v2\/media\/73731"}],"wp:attachment":[{"href":"https:\/\/www.gaveanews.com\/index.php\/wp-json\/wp\/v2\/media?parent=81845"}],"wp:term":[{"taxonomy":"category","embeddable":true,"href":"https:\/\/www.gaveanews.com\/index.php\/wp-json\/wp\/v2\/categories?post=81845"},{"taxonomy":"post_tag","embeddable":true,"href":"https:\/\/www.gaveanews.com\/index.php\/wp-json\/wp\/v2\/tags?post=81845"}],"curies":[{"name":"wp","href":"https:\/\/api.w.org\/{rel}","templated":true}]}}