{"id":81867,"date":"2022-05-20T10:13:46","date_gmt":"2022-05-20T13:13:46","guid":{"rendered":"https:\/\/www.gaveanews.com\/?p=81867"},"modified":"2022-05-20T10:13:46","modified_gmt":"2022-05-20T13:13:46","slug":"vinicius-junior-recebera-salario-astronomico-no-real-madrid","status":"publish","type":"post","link":"https:\/\/www.gaveanews.com\/index.php\/2022\/05\/20\/vinicius-junior-recebera-salario-astronomico-no-real-madrid\/","title":{"rendered":"Vinicius J\u00fanior receber\u00e1 sal\u00e1rio astron\u00f4mico no Real Madrid"},"content":{"rendered":"\r\n<p>Em grande fase no Real Madrid, Vinicius J\u00fanior est\u00e1 pr\u00f3ximo de renovar contrato com o clube espanhol. Atualmente, o atacante tem v\u00ednculo com a equipe at\u00e9 junho de 2024, mas o time tem o objetivo de manter o atleta por mais tempo e valoriz\u00e1-lo.<\/p>\r\n\r\n\r\n\r\n<p>O novo contrato ir\u00e1 at\u00e9 junho de 2028, e contar\u00e1 com um aumento salarial consider\u00e1vel. No atual v\u00ednculo, Vini recebe cerca de R$ 59 milh\u00f5es brutos ao ano. O valor, no entanto, n\u00e3o est\u00e1 a n\u00edvel dos principais jogadores do time, algo que o novo documento dever\u00e1 resolver.<\/p>\r\n\r\n\r\n\r\n<p>A proposta coloca o cria da G\u00e1vea na primeira prateleira da equipe. Sendo assim, a renda bruta do atleta ir\u00e1 gerar em torno de R$ 80 milh\u00f5es (valores pr\u00f3ximos aos sal\u00e1rios de Benzema e Courtois), podendo ainda passar da casa dos R$ 100 milh\u00f5es.<\/p>\r\n\r\n\r\n\r\n<h2 class=\"wp-block-heading\" id=\"h-renda-anual-dos-11-jogadores-mais-bem-pagos-do-real-madrid\">Renda anual dos 11 jogadores mais bem pagos do Real Madrid:<\/h2>\r\n\r\n\r\n\r\n<ol class=\"wp-block-list\">\r\n<li>Gareth Bale: R$ 169 milh\u00f5es brutos ao ano<\/li>\r\n<li>Eden Hazard: R$ 122 milh\u00f5es brutos ao ano<\/li>\r\n<li>David Alaba: R$ 115 milh\u00f5es brutos ao ano<\/li>\r\n<li>Toni Kroos : R$ 98 milh\u00f5es brutos ao ano<\/li>\r\n<li>Luka Modric: R$ 88 milh\u00f5es brutos ao ano<\/li>\r\n<li>Karim Benzema: R$ 88 milh\u00f5es brutos ao ano<\/li>\r\n<li>Thibaut Courtois: R$ 81 milh\u00f5es brutos ao ano<\/li>\r\n<li>Marcelo: R$ 79 milh\u00f5es brutos ao ano<\/li>\r\n<li>Isco: R$ 67 milh\u00f5es brutos ao ano<\/li>\r\n<li>Casemiro: R$ 59 milh\u00f5es brutos ao ano<\/li>\r\n<li><strong>Vin\u00edcius J\u00fanior: R$ 59 milh\u00f5es brutos ao ano<\/strong><\/li>\r\n<\/ol>\r\n\r\n\r\n\r\n<p>Com a valoriza\u00e7\u00e3o planejada, o Real Madrid se aproxima do fim da temporada de 2021\/2022. Antes disso, no entanto, a equipe tem compromissos a comparecer. O principal deles \u00e9 a final da Champions League, quando enfrentar\u00e1 o Liverpool pela ta\u00e7a do torneio. A partida acontecer\u00e1 no pr\u00f3ximo s\u00e1bado (28), \u00e0s 16h (hor\u00e1rio de Bras\u00edlia).<\/p>\r\n","protected":false},"excerpt":{"rendered":"<p>Em grande fase no Real Madrid, Vinicius J\u00fanior est\u00e1 pr\u00f3ximo de renovar contrato com o clube espanhol. Atualmente, o atacante tem v\u00ednculo com a equipe at\u00e9 junho de 2024, mas o time tem o objetivo de manter o atleta por mais tempo e valoriz\u00e1-lo. O novo contrato ir\u00e1 at\u00e9 junho de 2028, e contar\u00e1 com [&hellip;]<\/p>\n","protected":false},"author":4,"featured_media":74986,"comment_status":"open","ping_status":"closed","sticky":false,"template":"","format":"standard","meta":{"footnotes":""},"categories":[1],"tags":[],"class_list":["post-81867","post","type-post","status-publish","format-standard","has-post-thumbnail","hentry","category-flamengo"],"yoast_head":"<!-- This site is optimized with the Yoast SEO Premium plugin v24.2 (Yoast SEO v26.9) - https:\/\/yoast.com\/product\/yoast-seo-premium-wordpress\/ -->\n<title>Vinicius J\u00fanior receber\u00e1 sal\u00e1rio astron\u00f4mico no Real Madrid<\/title>\n<meta name=\"robots\" content=\"index, follow, max-snippet:-1, max-image-preview:large, max-video-preview:-1\" \/>\n<link rel=\"canonical\" href=\"https:\/\/www.gaveanews.com\/index.php\/2022\/05\/20\/vinicius-junior-recebera-salario-astronomico-no-real-madrid\/\" \/>\n<meta property=\"og:locale\" content=\"pt_BR\" \/>\n<meta property=\"og:type\" content=\"article\" \/>\n<meta property=\"og:title\" content=\"Vinicius J\u00fanior receber\u00e1 sal\u00e1rio astron\u00f4mico no Real Madrid\" \/>\n<meta property=\"og:description\" content=\"Em grande fase no Real Madrid, Vinicius J\u00fanior est\u00e1 pr\u00f3ximo de renovar contrato com o clube espanhol. Atualmente, o atacante tem v\u00ednculo com a equipe at\u00e9 junho de 2024, mas o time tem o objetivo de manter o atleta por mais tempo e valoriz\u00e1-lo. O novo contrato ir\u00e1 at\u00e9 junho de 2028, e contar\u00e1 com [&hellip;]\" \/>\n<meta property=\"og:url\" content=\"https:\/\/www.gaveanews.com\/index.php\/2022\/05\/20\/vinicius-junior-recebera-salario-astronomico-no-real-madrid\/\" \/>\n<meta property=\"og:site_name\" content=\"G\u00e1vea News\" \/>\n<meta property=\"article:publisher\" content=\"https:\/\/facebook.com\/gaveaNews\/\" \/>\n<meta property=\"article:published_time\" content=\"2022-05-20T13:13:46+00:00\" \/>\n<meta property=\"og:image\" content=\"https:\/\/www.gaveanews.com\/wp-content\/uploads\/Vinicius-Junior-e-Benzema-em-acao-pelo-Real-Madrid.webp\" \/>\n\t<meta property=\"og:image:width\" content=\"846\" \/>\n\t<meta property=\"og:image:height\" content=\"564\" \/>\n\t<meta property=\"og:image:type\" content=\"image\/jpeg\" \/>\n<meta name=\"author\" content=\"Let\u00edcia Gerheim\" \/>\n<meta name=\"twitter:card\" content=\"summary_large_image\" \/>\n<meta name=\"twitter:label1\" content=\"Escrito por\" \/>\n\t<meta name=\"twitter:data1\" content=\"Let\u00edcia Gerheim\" \/>\n\t<meta name=\"twitter:label2\" content=\"Est. tempo de leitura\" \/>\n\t<meta name=\"twitter:data2\" content=\"2 minutos\" \/>\n<script type=\"application\/ld+json\" class=\"yoast-schema-graph\">{\"@context\":\"https:\/\/schema.org\",\"@graph\":[{\"@type\":\"NewsArticle\",\"@id\":\"https:\/\/www.gaveanews.com\/index.php\/2022\/05\/20\/vinicius-junior-recebera-salario-astronomico-no-real-madrid\/#article\",\"isPartOf\":{\"@id\":\"https:\/\/www.gaveanews.com\/index.php\/2022\/05\/20\/vinicius-junior-recebera-salario-astronomico-no-real-madrid\/\"},\"author\":{\"name\":\"Let\u00edcia Gerheim\",\"@id\":\"https:\/\/www.gaveanews.com\/#\/schema\/person\/714c67050b836198af2450ba1c142a67\"},\"headline\":\"Vinicius J\u00fanior receber\u00e1 sal\u00e1rio astron\u00f4mico no Real Madrid\",\"datePublished\":\"2022-05-20T13:13:46+00:00\",\"mainEntityOfPage\":{\"@id\":\"https:\/\/www.gaveanews.com\/index.php\/2022\/05\/20\/vinicius-junior-recebera-salario-astronomico-no-real-madrid\/\"},\"wordCount\":310,\"commentCount\":0,\"image\":{\"@id\":\"https:\/\/www.gaveanews.com\/index.php\/2022\/05\/20\/vinicius-junior-recebera-salario-astronomico-no-real-madrid\/#primaryimage\"},\"thumbnailUrl\":\"https:\/\/www.gaveanews.com\/wp-content\/uploads\/Vinicius-Junior-e-Benzema-em-acao-pelo-Real-Madrid.webp\",\"articleSection\":[\"Flamengo\"],\"inLanguage\":\"pt-BR\",\"potentialAction\":[{\"@type\":\"CommentAction\",\"name\":\"Comment\",\"target\":[\"https:\/\/www.gaveanews.com\/index.php\/2022\/05\/20\/vinicius-junior-recebera-salario-astronomico-no-real-madrid\/#respond\"]}],\"copyrightYear\":\"2022\",\"copyrightHolder\":{\"@id\":\"https:\/\/www.gaveanews.com\/#organization\"}},{\"@type\":\"WebPage\",\"@id\":\"https:\/\/www.gaveanews.com\/index.php\/2022\/05\/20\/vinicius-junior-recebera-salario-astronomico-no-real-madrid\/\",\"url\":\"https:\/\/www.gaveanews.com\/index.php\/2022\/05\/20\/vinicius-junior-recebera-salario-astronomico-no-real-madrid\/\",\"name\":\"Vinicius J\u00fanior receber\u00e1 sal\u00e1rio astron\u00f4mico no Real Madrid\",\"isPartOf\":{\"@id\":\"https:\/\/www.gaveanews.com\/#website\"},\"primaryImageOfPage\":{\"@id\":\"https:\/\/www.gaveanews.com\/index.php\/2022\/05\/20\/vinicius-junior-recebera-salario-astronomico-no-real-madrid\/#primaryimage\"},\"image\":{\"@id\":\"https:\/\/www.gaveanews.com\/index.php\/2022\/05\/20\/vinicius-junior-recebera-salario-astronomico-no-real-madrid\/#primaryimage\"},\"thumbnailUrl\":\"https:\/\/www.gaveanews.com\/wp-content\/uploads\/Vinicius-Junior-e-Benzema-em-acao-pelo-Real-Madrid.webp\",\"datePublished\":\"2022-05-20T13:13:46+00:00\",\"author\":{\"@id\":\"https:\/\/www.gaveanews.com\/#\/schema\/person\/714c67050b836198af2450ba1c142a67\"},\"breadcrumb\":{\"@id\":\"https:\/\/www.gaveanews.com\/index.php\/2022\/05\/20\/vinicius-junior-recebera-salario-astronomico-no-real-madrid\/#breadcrumb\"},\"inLanguage\":\"pt-BR\",\"potentialAction\":[{\"@type\":\"ReadAction\",\"target\":[\"https:\/\/www.gaveanews.com\/index.php\/2022\/05\/20\/vinicius-junior-recebera-salario-astronomico-no-real-madrid\/\"]}]},{\"@type\":\"ImageObject\",\"inLanguage\":\"pt-BR\",\"@id\":\"https:\/\/www.gaveanews.com\/index.php\/2022\/05\/20\/vinicius-junior-recebera-salario-astronomico-no-real-madrid\/#primaryimage\",\"url\":\"https:\/\/www.gaveanews.com\/wp-content\/uploads\/Vinicius-Junior-e-Benzema-em-acao-pelo-Real-Madrid.webp\",\"contentUrl\":\"https:\/\/www.gaveanews.com\/wp-content\/uploads\/Vinicius-Junior-e-Benzema-em-acao-pelo-Real-Madrid.webp\",\"width\":846,\"height\":564,\"caption\":\"Vinicius Junior e Benzema em a\u00e7\u00e3o pelo Real Madrid (Foto: Pedro Castillo\/Real Madrid)\"},{\"@type\":\"BreadcrumbList\",\"@id\":\"https:\/\/www.gaveanews.com\/index.php\/2022\/05\/20\/vinicius-junior-recebera-salario-astronomico-no-real-madrid\/#breadcrumb\",\"itemListElement\":[{\"@type\":\"ListItem\",\"position\":1,\"name\":\"Home\",\"item\":\"https:\/\/www.gaveanews.com\/\"},{\"@type\":\"ListItem\",\"position\":2,\"name\":\"Vinicius J\u00fanior receber\u00e1 sal\u00e1rio astron\u00f4mico no Real Madrid\"}]},{\"@type\":\"WebSite\",\"@id\":\"https:\/\/www.gaveanews.com\/#website\",\"url\":\"https:\/\/www.gaveanews.com\/\",\"name\":\"G\u00e1vea News\",\"description\":\"Veja todas as not\u00edcias sobre o Flamengo: Contrata\u00e7\u00f5es, categorias de base, resultados das partidas, tabela de classifica\u00e7\u00e3o, pr\u00f3ximos jogos!\",\"potentialAction\":[{\"@type\":\"SearchAction\",\"target\":{\"@type\":\"EntryPoint\",\"urlTemplate\":\"https:\/\/www.gaveanews.com\/?s={search_term_string}\"},\"query-input\":{\"@type\":\"PropertyValueSpecification\",\"valueRequired\":true,\"valueName\":\"search_term_string\"}}],\"inLanguage\":\"pt-BR\"},{\"@type\":\"Person\",\"@id\":\"https:\/\/www.gaveanews.com\/#\/schema\/person\/714c67050b836198af2450ba1c142a67\",\"name\":\"Let\u00edcia Gerheim\",\"image\":{\"@type\":\"ImageObject\",\"inLanguage\":\"pt-BR\",\"@id\":\"https:\/\/www.gaveanews.com\/#\/schema\/person\/image\/\",\"url\":\"https:\/\/secure.gravatar.com\/avatar\/60734739c50fcebfbac509e2a826ccd0ff405c019bc73aab9354f19ecad1dcb4?s=96&d=mm&r=g\",\"contentUrl\":\"https:\/\/secure.gravatar.com\/avatar\/60734739c50fcebfbac509e2a826ccd0ff405c019bc73aab9354f19ecad1dcb4?s=96&d=mm&r=g\",\"caption\":\"Let\u00edcia Gerheim\"}}]}<\/script>\n<!-- \/ Yoast SEO Premium plugin. -->","yoast_head_json":{"title":"Vinicius J\u00fanior receber\u00e1 sal\u00e1rio astron\u00f4mico no Real Madrid","robots":{"index":"index","follow":"follow","max-snippet":"max-snippet:-1","max-image-preview":"max-image-preview:large","max-video-preview":"max-video-preview:-1"},"canonical":"https:\/\/www.gaveanews.com\/index.php\/2022\/05\/20\/vinicius-junior-recebera-salario-astronomico-no-real-madrid\/","og_locale":"pt_BR","og_type":"article","og_title":"Vinicius J\u00fanior receber\u00e1 sal\u00e1rio astron\u00f4mico no Real Madrid","og_description":"Em grande fase no Real Madrid, Vinicius J\u00fanior est\u00e1 pr\u00f3ximo de renovar contrato com o clube espanhol. Atualmente, o atacante tem v\u00ednculo com a equipe at\u00e9 junho de 2024, mas o time tem o objetivo de manter o atleta por mais tempo e valoriz\u00e1-lo. O novo contrato ir\u00e1 at\u00e9 junho de 2028, e contar\u00e1 com [&hellip;]","og_url":"https:\/\/www.gaveanews.com\/index.php\/2022\/05\/20\/vinicius-junior-recebera-salario-astronomico-no-real-madrid\/","og_site_name":"G\u00e1vea News","article_publisher":"https:\/\/facebook.com\/gaveaNews\/","article_published_time":"2022-05-20T13:13:46+00:00","og_image":[{"width":846,"height":564,"url":"https:\/\/www.gaveanews.com\/wp-content\/uploads\/Vinicius-Junior-e-Benzema-em-acao-pelo-Real-Madrid.webp","type":"image\/jpeg"}],"author":"Let\u00edcia Gerheim","twitter_card":"summary_large_image","twitter_misc":{"Escrito por":"Let\u00edcia Gerheim","Est. tempo de leitura":"2 minutos"},"schema":{"@context":"https:\/\/schema.org","@graph":[{"@type":"NewsArticle","@id":"https:\/\/www.gaveanews.com\/index.php\/2022\/05\/20\/vinicius-junior-recebera-salario-astronomico-no-real-madrid\/#article","isPartOf":{"@id":"https:\/\/www.gaveanews.com\/index.php\/2022\/05\/20\/vinicius-junior-recebera-salario-astronomico-no-real-madrid\/"},"author":{"name":"Let\u00edcia Gerheim","@id":"https:\/\/www.gaveanews.com\/#\/schema\/person\/714c67050b836198af2450ba1c142a67"},"headline":"Vinicius J\u00fanior receber\u00e1 sal\u00e1rio astron\u00f4mico no Real Madrid","datePublished":"2022-05-20T13:13:46+00:00","mainEntityOfPage":{"@id":"https:\/\/www.gaveanews.com\/index.php\/2022\/05\/20\/vinicius-junior-recebera-salario-astronomico-no-real-madrid\/"},"wordCount":310,"commentCount":0,"image":{"@id":"https:\/\/www.gaveanews.com\/index.php\/2022\/05\/20\/vinicius-junior-recebera-salario-astronomico-no-real-madrid\/#primaryimage"},"thumbnailUrl":"https:\/\/www.gaveanews.com\/wp-content\/uploads\/Vinicius-Junior-e-Benzema-em-acao-pelo-Real-Madrid.webp","articleSection":["Flamengo"],"inLanguage":"pt-BR","potentialAction":[{"@type":"CommentAction","name":"Comment","target":["https:\/\/www.gaveanews.com\/index.php\/2022\/05\/20\/vinicius-junior-recebera-salario-astronomico-no-real-madrid\/#respond"]}],"copyrightYear":"2022","copyrightHolder":{"@id":"https:\/\/www.gaveanews.com\/#organization"}},{"@type":"WebPage","@id":"https:\/\/www.gaveanews.com\/index.php\/2022\/05\/20\/vinicius-junior-recebera-salario-astronomico-no-real-madrid\/","url":"https:\/\/www.gaveanews.com\/index.php\/2022\/05\/20\/vinicius-junior-recebera-salario-astronomico-no-real-madrid\/","name":"Vinicius J\u00fanior receber\u00e1 sal\u00e1rio astron\u00f4mico no Real Madrid","isPartOf":{"@id":"https:\/\/www.gaveanews.com\/#website"},"primaryImageOfPage":{"@id":"https:\/\/www.gaveanews.com\/index.php\/2022\/05\/20\/vinicius-junior-recebera-salario-astronomico-no-real-madrid\/#primaryimage"},"image":{"@id":"https:\/\/www.gaveanews.com\/index.php\/2022\/05\/20\/vinicius-junior-recebera-salario-astronomico-no-real-madrid\/#primaryimage"},"thumbnailUrl":"https:\/\/www.gaveanews.com\/wp-content\/uploads\/Vinicius-Junior-e-Benzema-em-acao-pelo-Real-Madrid.webp","datePublished":"2022-05-20T13:13:46+00:00","author":{"@id":"https:\/\/www.gaveanews.com\/#\/schema\/person\/714c67050b836198af2450ba1c142a67"},"breadcrumb":{"@id":"https:\/\/www.gaveanews.com\/index.php\/2022\/05\/20\/vinicius-junior-recebera-salario-astronomico-no-real-madrid\/#breadcrumb"},"inLanguage":"pt-BR","potentialAction":[{"@type":"ReadAction","target":["https:\/\/www.gaveanews.com\/index.php\/2022\/05\/20\/vinicius-junior-recebera-salario-astronomico-no-real-madrid\/"]}]},{"@type":"ImageObject","inLanguage":"pt-BR","@id":"https:\/\/www.gaveanews.com\/index.php\/2022\/05\/20\/vinicius-junior-recebera-salario-astronomico-no-real-madrid\/#primaryimage","url":"https:\/\/www.gaveanews.com\/wp-content\/uploads\/Vinicius-Junior-e-Benzema-em-acao-pelo-Real-Madrid.webp","contentUrl":"https:\/\/www.gaveanews.com\/wp-content\/uploads\/Vinicius-Junior-e-Benzema-em-acao-pelo-Real-Madrid.webp","width":846,"height":564,"caption":"Vinicius Junior e Benzema em a\u00e7\u00e3o pelo Real Madrid (Foto: Pedro Castillo\/Real Madrid)"},{"@type":"BreadcrumbList","@id":"https:\/\/www.gaveanews.com\/index.php\/2022\/05\/20\/vinicius-junior-recebera-salario-astronomico-no-real-madrid\/#breadcrumb","itemListElement":[{"@type":"ListItem","position":1,"name":"Home","item":"https:\/\/www.gaveanews.com\/"},{"@type":"ListItem","position":2,"name":"Vinicius J\u00fanior receber\u00e1 sal\u00e1rio astron\u00f4mico no Real Madrid"}]},{"@type":"WebSite","@id":"https:\/\/www.gaveanews.com\/#website","url":"https:\/\/www.gaveanews.com\/","name":"G\u00e1vea News","description":"Veja todas as not\u00edcias sobre o Flamengo: Contrata\u00e7\u00f5es, categorias de base, resultados das partidas, tabela de classifica\u00e7\u00e3o, pr\u00f3ximos jogos!","potentialAction":[{"@type":"SearchAction","target":{"@type":"EntryPoint","urlTemplate":"https:\/\/www.gaveanews.com\/?s={search_term_string}"},"query-input":{"@type":"PropertyValueSpecification","valueRequired":true,"valueName":"search_term_string"}}],"inLanguage":"pt-BR"},{"@type":"Person","@id":"https:\/\/www.gaveanews.com\/#\/schema\/person\/714c67050b836198af2450ba1c142a67","name":"Let\u00edcia Gerheim","image":{"@type":"ImageObject","inLanguage":"pt-BR","@id":"https:\/\/www.gaveanews.com\/#\/schema\/person\/image\/","url":"https:\/\/secure.gravatar.com\/avatar\/60734739c50fcebfbac509e2a826ccd0ff405c019bc73aab9354f19ecad1dcb4?s=96&d=mm&r=g","contentUrl":"https:\/\/secure.gravatar.com\/avatar\/60734739c50fcebfbac509e2a826ccd0ff405c019bc73aab9354f19ecad1dcb4?s=96&d=mm&r=g","caption":"Let\u00edcia Gerheim"}}]}},"_links":{"self":[{"href":"https:\/\/www.gaveanews.com\/index.php\/wp-json\/wp\/v2\/posts\/81867","targetHints":{"allow":["GET"]}}],"collection":[{"href":"https:\/\/www.gaveanews.com\/index.php\/wp-json\/wp\/v2\/posts"}],"about":[{"href":"https:\/\/www.gaveanews.com\/index.php\/wp-json\/wp\/v2\/types\/post"}],"author":[{"embeddable":true,"href":"https:\/\/www.gaveanews.com\/index.php\/wp-json\/wp\/v2\/users\/4"}],"replies":[{"embeddable":true,"href":"https:\/\/www.gaveanews.com\/index.php\/wp-json\/wp\/v2\/comments?post=81867"}],"version-history":[{"count":0,"href":"https:\/\/www.gaveanews.com\/index.php\/wp-json\/wp\/v2\/posts\/81867\/revisions"}],"wp:featuredmedia":[{"embeddable":true,"href":"https:\/\/www.gaveanews.com\/index.php\/wp-json\/wp\/v2\/media\/74986"}],"wp:attachment":[{"href":"https:\/\/www.gaveanews.com\/index.php\/wp-json\/wp\/v2\/media?parent=81867"}],"wp:term":[{"taxonomy":"category","embeddable":true,"href":"https:\/\/www.gaveanews.com\/index.php\/wp-json\/wp\/v2\/categories?post=81867"},{"taxonomy":"post_tag","embeddable":true,"href":"https:\/\/www.gaveanews.com\/index.php\/wp-json\/wp\/v2\/tags?post=81867"}],"curies":[{"name":"wp","href":"https:\/\/api.w.org\/{rel}","templated":true}]}}