{"id":81877,"date":"2022-05-19T23:46:23","date_gmt":"2022-05-20T02:46:23","guid":{"rendered":"https:\/\/www.gaveanews.com\/?p=81877"},"modified":"2022-05-19T23:46:23","modified_gmt":"2022-05-20T02:46:23","slug":"diego-alves-pode-ter-saida-do-flamengo-facilitada","status":"publish","type":"post","link":"https:\/\/www.gaveanews.com\/index.php\/2022\/05\/19\/diego-alves-pode-ter-saida-do-flamengo-facilitada\/","title":{"rendered":"Diego Alves pode ter sa\u00edda do Flamengo facilitada"},"content":{"rendered":"\r\n<p>Que o Flamengo enfrentava quest\u00f5es internamente n\u00e3o era novidade. Agora, um dos problemas foi exposto e escancarado para o p\u00fablico. O atrito entre Diego Alves e a atual comiss\u00e3o t\u00e9cnica tem causado desconforto na equipe rubro-negra e pode trazer ainda mais dificuldades na evolu\u00e7\u00e3o do grupo.<\/p>\r\n\r\n\r\n\r\n<p>O tema foi abordado por Ven\u00ea Casagrande, que revelou uma cl\u00e1usula contratual que pode fazer com que o goleiro deixe o clube sem custos. No documento est\u00e1 especificado que caso o Mais Querido queria demitir o goleiro teria que pagar multa. Contudo, se o jogador tiver o desejo de se desvincular do time, poder\u00e1 sair de gra\u00e7a.<\/p>\r\n\r\n\r\n\r\n<p>O jornalista ainda contou que a <a href=\"https:\/\/www.gaveanews.com\/index.php\/2022\/05\/18\/paulo-sousa-abre-o-jogo-sobre-a-situacao-de-diego-alves-no-flamengo\/\">declara\u00e7\u00e3o de Paulo Sousa sobre o caso do goleiro<\/a> tamb\u00e9m desagradou a outros jogadores do elenco. Buscando colocar panos quentes na situa\u00e7\u00e3o, <a href=\"https:\/\/www.gaveanews.com\/index.php\/2022\/05\/19\/apos-atritos-dirigentes-do-flamengo-marcam-reuniao-com-diego-alves-e-paulo-sousa\/\">Bruno Spindel marcou uma reuni\u00e3o com Paulo Sousa e Diego Alves<\/a>.<\/p>\r\n\r\n\r\n\r\n<p>O diretor executivo, inclusive, foi o \u00fanico a marcar presen\u00e7a no Ninho do Urubu nesta manh\u00e3 e conversar com Paulo Sousa sobre o assunto. Marcos Braz n\u00e3o apareceu no CT rubro-negro nesta quinta-feira (19).<\/p>\r\n","protected":false},"excerpt":{"rendered":"<p>Que o Flamengo enfrentava quest\u00f5es internamente n\u00e3o era novidade. Agora, um dos problemas foi exposto e escancarado para o p\u00fablico. O atrito entre Diego Alves e a atual comiss\u00e3o t\u00e9cnica tem causado desconforto na equipe rubro-negra e pode trazer ainda mais dificuldades na evolu\u00e7\u00e3o do grupo. O tema foi abordado por Ven\u00ea Casagrande, que revelou [&hellip;]<\/p>\n","protected":false},"author":4,"featured_media":81805,"comment_status":"open","ping_status":"closed","sticky":false,"template":"","format":"standard","meta":{"footnotes":""},"categories":[1],"tags":[],"class_list":["post-81877","post","type-post","status-publish","format-standard","has-post-thumbnail","hentry","category-flamengo"],"yoast_head":"<!-- This site is optimized with the Yoast SEO Premium plugin v24.2 (Yoast SEO v26.9) - https:\/\/yoast.com\/product\/yoast-seo-premium-wordpress\/ -->\n<title>Diego Alves pode ter sa\u00edda do Flamengo facilitada<\/title>\n<meta name=\"robots\" content=\"index, follow, max-snippet:-1, max-image-preview:large, max-video-preview:-1\" \/>\n<link rel=\"canonical\" href=\"https:\/\/www.gaveanews.com\/index.php\/2022\/05\/19\/diego-alves-pode-ter-saida-do-flamengo-facilitada\/\" \/>\n<meta property=\"og:locale\" content=\"pt_BR\" \/>\n<meta property=\"og:type\" content=\"article\" \/>\n<meta property=\"og:title\" content=\"Diego Alves pode ter sa\u00edda do Flamengo facilitada\" \/>\n<meta property=\"og:description\" content=\"Que o Flamengo enfrentava quest\u00f5es internamente n\u00e3o era novidade. Agora, um dos problemas foi exposto e escancarado para o p\u00fablico. O atrito entre Diego Alves e a atual comiss\u00e3o t\u00e9cnica tem causado desconforto na equipe rubro-negra e pode trazer ainda mais dificuldades na evolu\u00e7\u00e3o do grupo. O tema foi abordado por Ven\u00ea Casagrande, que revelou [&hellip;]\" \/>\n<meta property=\"og:url\" content=\"https:\/\/www.gaveanews.com\/index.php\/2022\/05\/19\/diego-alves-pode-ter-saida-do-flamengo-facilitada\/\" \/>\n<meta property=\"og:site_name\" content=\"G\u00e1vea News\" \/>\n<meta property=\"article:publisher\" content=\"https:\/\/facebook.com\/gaveaNews\/\" \/>\n<meta property=\"article:published_time\" content=\"2022-05-20T02:46:23+00:00\" \/>\n<meta property=\"og:image\" content=\"https:\/\/www.gaveanews.com\/wp-content\/uploads\/Diego-Alves-faz-atividades-na-academia-do-Ninho-do-Urubu.webp\" \/>\n\t<meta property=\"og:image:width\" content=\"800\" \/>\n\t<meta property=\"og:image:height\" content=\"533\" \/>\n\t<meta property=\"og:image:type\" content=\"image\/jpeg\" \/>\n<meta name=\"author\" content=\"Let\u00edcia Gerheim\" \/>\n<meta name=\"twitter:card\" content=\"summary_large_image\" \/>\n<meta name=\"twitter:label1\" content=\"Escrito por\" \/>\n\t<meta name=\"twitter:data1\" content=\"Let\u00edcia Gerheim\" \/>\n\t<meta name=\"twitter:label2\" content=\"Est. tempo de leitura\" \/>\n\t<meta name=\"twitter:data2\" content=\"1 minuto\" \/>\n<script type=\"application\/ld+json\" class=\"yoast-schema-graph\">{\"@context\":\"https:\/\/schema.org\",\"@graph\":[{\"@type\":\"NewsArticle\",\"@id\":\"https:\/\/www.gaveanews.com\/index.php\/2022\/05\/19\/diego-alves-pode-ter-saida-do-flamengo-facilitada\/#article\",\"isPartOf\":{\"@id\":\"https:\/\/www.gaveanews.com\/index.php\/2022\/05\/19\/diego-alves-pode-ter-saida-do-flamengo-facilitada\/\"},\"author\":{\"name\":\"Let\u00edcia Gerheim\",\"@id\":\"https:\/\/www.gaveanews.com\/#\/schema\/person\/714c67050b836198af2450ba1c142a67\"},\"headline\":\"Diego Alves pode ter sa\u00edda do Flamengo facilitada\",\"datePublished\":\"2022-05-20T02:46:23+00:00\",\"mainEntityOfPage\":{\"@id\":\"https:\/\/www.gaveanews.com\/index.php\/2022\/05\/19\/diego-alves-pode-ter-saida-do-flamengo-facilitada\/\"},\"wordCount\":198,\"commentCount\":0,\"image\":{\"@id\":\"https:\/\/www.gaveanews.com\/index.php\/2022\/05\/19\/diego-alves-pode-ter-saida-do-flamengo-facilitada\/#primaryimage\"},\"thumbnailUrl\":\"https:\/\/www.gaveanews.com\/wp-content\/uploads\/Diego-Alves-faz-atividades-na-academia-do-Ninho-do-Urubu.webp\",\"articleSection\":[\"Flamengo\"],\"inLanguage\":\"pt-BR\",\"potentialAction\":[{\"@type\":\"CommentAction\",\"name\":\"Comment\",\"target\":[\"https:\/\/www.gaveanews.com\/index.php\/2022\/05\/19\/diego-alves-pode-ter-saida-do-flamengo-facilitada\/#respond\"]}],\"copyrightYear\":\"2022\",\"copyrightHolder\":{\"@id\":\"https:\/\/www.gaveanews.com\/#organization\"}},{\"@type\":\"WebPage\",\"@id\":\"https:\/\/www.gaveanews.com\/index.php\/2022\/05\/19\/diego-alves-pode-ter-saida-do-flamengo-facilitada\/\",\"url\":\"https:\/\/www.gaveanews.com\/index.php\/2022\/05\/19\/diego-alves-pode-ter-saida-do-flamengo-facilitada\/\",\"name\":\"Diego Alves pode ter sa\u00edda do Flamengo facilitada\",\"isPartOf\":{\"@id\":\"https:\/\/www.gaveanews.com\/#website\"},\"primaryImageOfPage\":{\"@id\":\"https:\/\/www.gaveanews.com\/index.php\/2022\/05\/19\/diego-alves-pode-ter-saida-do-flamengo-facilitada\/#primaryimage\"},\"image\":{\"@id\":\"https:\/\/www.gaveanews.com\/index.php\/2022\/05\/19\/diego-alves-pode-ter-saida-do-flamengo-facilitada\/#primaryimage\"},\"thumbnailUrl\":\"https:\/\/www.gaveanews.com\/wp-content\/uploads\/Diego-Alves-faz-atividades-na-academia-do-Ninho-do-Urubu.webp\",\"datePublished\":\"2022-05-20T02:46:23+00:00\",\"author\":{\"@id\":\"https:\/\/www.gaveanews.com\/#\/schema\/person\/714c67050b836198af2450ba1c142a67\"},\"breadcrumb\":{\"@id\":\"https:\/\/www.gaveanews.com\/index.php\/2022\/05\/19\/diego-alves-pode-ter-saida-do-flamengo-facilitada\/#breadcrumb\"},\"inLanguage\":\"pt-BR\",\"potentialAction\":[{\"@type\":\"ReadAction\",\"target\":[\"https:\/\/www.gaveanews.com\/index.php\/2022\/05\/19\/diego-alves-pode-ter-saida-do-flamengo-facilitada\/\"]}]},{\"@type\":\"ImageObject\",\"inLanguage\":\"pt-BR\",\"@id\":\"https:\/\/www.gaveanews.com\/index.php\/2022\/05\/19\/diego-alves-pode-ter-saida-do-flamengo-facilitada\/#primaryimage\",\"url\":\"https:\/\/www.gaveanews.com\/wp-content\/uploads\/Diego-Alves-faz-atividades-na-academia-do-Ninho-do-Urubu.webp\",\"contentUrl\":\"https:\/\/www.gaveanews.com\/wp-content\/uploads\/Diego-Alves-faz-atividades-na-academia-do-Ninho-do-Urubu.webp\",\"width\":800,\"height\":533,\"caption\":\"Diego Alves faz atividades na academia do Ninho do Urubu (Foto: Marcelo Cortes\/Flamengo)\"},{\"@type\":\"BreadcrumbList\",\"@id\":\"https:\/\/www.gaveanews.com\/index.php\/2022\/05\/19\/diego-alves-pode-ter-saida-do-flamengo-facilitada\/#breadcrumb\",\"itemListElement\":[{\"@type\":\"ListItem\",\"position\":1,\"name\":\"Home\",\"item\":\"https:\/\/www.gaveanews.com\/\"},{\"@type\":\"ListItem\",\"position\":2,\"name\":\"Diego Alves pode ter sa\u00edda do Flamengo facilitada\"}]},{\"@type\":\"WebSite\",\"@id\":\"https:\/\/www.gaveanews.com\/#website\",\"url\":\"https:\/\/www.gaveanews.com\/\",\"name\":\"G\u00e1vea News\",\"description\":\"Veja todas as not\u00edcias sobre o Flamengo: Contrata\u00e7\u00f5es, categorias de base, resultados das partidas, tabela de classifica\u00e7\u00e3o, pr\u00f3ximos jogos!\",\"potentialAction\":[{\"@type\":\"SearchAction\",\"target\":{\"@type\":\"EntryPoint\",\"urlTemplate\":\"https:\/\/www.gaveanews.com\/?s={search_term_string}\"},\"query-input\":{\"@type\":\"PropertyValueSpecification\",\"valueRequired\":true,\"valueName\":\"search_term_string\"}}],\"inLanguage\":\"pt-BR\"},{\"@type\":\"Person\",\"@id\":\"https:\/\/www.gaveanews.com\/#\/schema\/person\/714c67050b836198af2450ba1c142a67\",\"name\":\"Let\u00edcia Gerheim\",\"image\":{\"@type\":\"ImageObject\",\"inLanguage\":\"pt-BR\",\"@id\":\"https:\/\/www.gaveanews.com\/#\/schema\/person\/image\/\",\"url\":\"https:\/\/secure.gravatar.com\/avatar\/60734739c50fcebfbac509e2a826ccd0ff405c019bc73aab9354f19ecad1dcb4?s=96&d=mm&r=g\",\"contentUrl\":\"https:\/\/secure.gravatar.com\/avatar\/60734739c50fcebfbac509e2a826ccd0ff405c019bc73aab9354f19ecad1dcb4?s=96&d=mm&r=g\",\"caption\":\"Let\u00edcia Gerheim\"}}]}<\/script>\n<!-- \/ Yoast SEO Premium plugin. -->","yoast_head_json":{"title":"Diego Alves pode ter sa\u00edda do Flamengo facilitada","robots":{"index":"index","follow":"follow","max-snippet":"max-snippet:-1","max-image-preview":"max-image-preview:large","max-video-preview":"max-video-preview:-1"},"canonical":"https:\/\/www.gaveanews.com\/index.php\/2022\/05\/19\/diego-alves-pode-ter-saida-do-flamengo-facilitada\/","og_locale":"pt_BR","og_type":"article","og_title":"Diego Alves pode ter sa\u00edda do Flamengo facilitada","og_description":"Que o Flamengo enfrentava quest\u00f5es internamente n\u00e3o era novidade. Agora, um dos problemas foi exposto e escancarado para o p\u00fablico. O atrito entre Diego Alves e a atual comiss\u00e3o t\u00e9cnica tem causado desconforto na equipe rubro-negra e pode trazer ainda mais dificuldades na evolu\u00e7\u00e3o do grupo. O tema foi abordado por Ven\u00ea Casagrande, que revelou [&hellip;]","og_url":"https:\/\/www.gaveanews.com\/index.php\/2022\/05\/19\/diego-alves-pode-ter-saida-do-flamengo-facilitada\/","og_site_name":"G\u00e1vea News","article_publisher":"https:\/\/facebook.com\/gaveaNews\/","article_published_time":"2022-05-20T02:46:23+00:00","og_image":[{"width":800,"height":533,"url":"https:\/\/www.gaveanews.com\/wp-content\/uploads\/Diego-Alves-faz-atividades-na-academia-do-Ninho-do-Urubu.webp","type":"image\/jpeg"}],"author":"Let\u00edcia Gerheim","twitter_card":"summary_large_image","twitter_misc":{"Escrito por":"Let\u00edcia Gerheim","Est. tempo de leitura":"1 minuto"},"schema":{"@context":"https:\/\/schema.org","@graph":[{"@type":"NewsArticle","@id":"https:\/\/www.gaveanews.com\/index.php\/2022\/05\/19\/diego-alves-pode-ter-saida-do-flamengo-facilitada\/#article","isPartOf":{"@id":"https:\/\/www.gaveanews.com\/index.php\/2022\/05\/19\/diego-alves-pode-ter-saida-do-flamengo-facilitada\/"},"author":{"name":"Let\u00edcia Gerheim","@id":"https:\/\/www.gaveanews.com\/#\/schema\/person\/714c67050b836198af2450ba1c142a67"},"headline":"Diego Alves pode ter sa\u00edda do Flamengo facilitada","datePublished":"2022-05-20T02:46:23+00:00","mainEntityOfPage":{"@id":"https:\/\/www.gaveanews.com\/index.php\/2022\/05\/19\/diego-alves-pode-ter-saida-do-flamengo-facilitada\/"},"wordCount":198,"commentCount":0,"image":{"@id":"https:\/\/www.gaveanews.com\/index.php\/2022\/05\/19\/diego-alves-pode-ter-saida-do-flamengo-facilitada\/#primaryimage"},"thumbnailUrl":"https:\/\/www.gaveanews.com\/wp-content\/uploads\/Diego-Alves-faz-atividades-na-academia-do-Ninho-do-Urubu.webp","articleSection":["Flamengo"],"inLanguage":"pt-BR","potentialAction":[{"@type":"CommentAction","name":"Comment","target":["https:\/\/www.gaveanews.com\/index.php\/2022\/05\/19\/diego-alves-pode-ter-saida-do-flamengo-facilitada\/#respond"]}],"copyrightYear":"2022","copyrightHolder":{"@id":"https:\/\/www.gaveanews.com\/#organization"}},{"@type":"WebPage","@id":"https:\/\/www.gaveanews.com\/index.php\/2022\/05\/19\/diego-alves-pode-ter-saida-do-flamengo-facilitada\/","url":"https:\/\/www.gaveanews.com\/index.php\/2022\/05\/19\/diego-alves-pode-ter-saida-do-flamengo-facilitada\/","name":"Diego Alves pode ter sa\u00edda do Flamengo facilitada","isPartOf":{"@id":"https:\/\/www.gaveanews.com\/#website"},"primaryImageOfPage":{"@id":"https:\/\/www.gaveanews.com\/index.php\/2022\/05\/19\/diego-alves-pode-ter-saida-do-flamengo-facilitada\/#primaryimage"},"image":{"@id":"https:\/\/www.gaveanews.com\/index.php\/2022\/05\/19\/diego-alves-pode-ter-saida-do-flamengo-facilitada\/#primaryimage"},"thumbnailUrl":"https:\/\/www.gaveanews.com\/wp-content\/uploads\/Diego-Alves-faz-atividades-na-academia-do-Ninho-do-Urubu.webp","datePublished":"2022-05-20T02:46:23+00:00","author":{"@id":"https:\/\/www.gaveanews.com\/#\/schema\/person\/714c67050b836198af2450ba1c142a67"},"breadcrumb":{"@id":"https:\/\/www.gaveanews.com\/index.php\/2022\/05\/19\/diego-alves-pode-ter-saida-do-flamengo-facilitada\/#breadcrumb"},"inLanguage":"pt-BR","potentialAction":[{"@type":"ReadAction","target":["https:\/\/www.gaveanews.com\/index.php\/2022\/05\/19\/diego-alves-pode-ter-saida-do-flamengo-facilitada\/"]}]},{"@type":"ImageObject","inLanguage":"pt-BR","@id":"https:\/\/www.gaveanews.com\/index.php\/2022\/05\/19\/diego-alves-pode-ter-saida-do-flamengo-facilitada\/#primaryimage","url":"https:\/\/www.gaveanews.com\/wp-content\/uploads\/Diego-Alves-faz-atividades-na-academia-do-Ninho-do-Urubu.webp","contentUrl":"https:\/\/www.gaveanews.com\/wp-content\/uploads\/Diego-Alves-faz-atividades-na-academia-do-Ninho-do-Urubu.webp","width":800,"height":533,"caption":"Diego Alves faz atividades na academia do Ninho do Urubu (Foto: Marcelo Cortes\/Flamengo)"},{"@type":"BreadcrumbList","@id":"https:\/\/www.gaveanews.com\/index.php\/2022\/05\/19\/diego-alves-pode-ter-saida-do-flamengo-facilitada\/#breadcrumb","itemListElement":[{"@type":"ListItem","position":1,"name":"Home","item":"https:\/\/www.gaveanews.com\/"},{"@type":"ListItem","position":2,"name":"Diego Alves pode ter sa\u00edda do Flamengo facilitada"}]},{"@type":"WebSite","@id":"https:\/\/www.gaveanews.com\/#website","url":"https:\/\/www.gaveanews.com\/","name":"G\u00e1vea News","description":"Veja todas as not\u00edcias sobre o Flamengo: Contrata\u00e7\u00f5es, categorias de base, resultados das partidas, tabela de classifica\u00e7\u00e3o, pr\u00f3ximos jogos!","potentialAction":[{"@type":"SearchAction","target":{"@type":"EntryPoint","urlTemplate":"https:\/\/www.gaveanews.com\/?s={search_term_string}"},"query-input":{"@type":"PropertyValueSpecification","valueRequired":true,"valueName":"search_term_string"}}],"inLanguage":"pt-BR"},{"@type":"Person","@id":"https:\/\/www.gaveanews.com\/#\/schema\/person\/714c67050b836198af2450ba1c142a67","name":"Let\u00edcia Gerheim","image":{"@type":"ImageObject","inLanguage":"pt-BR","@id":"https:\/\/www.gaveanews.com\/#\/schema\/person\/image\/","url":"https:\/\/secure.gravatar.com\/avatar\/60734739c50fcebfbac509e2a826ccd0ff405c019bc73aab9354f19ecad1dcb4?s=96&d=mm&r=g","contentUrl":"https:\/\/secure.gravatar.com\/avatar\/60734739c50fcebfbac509e2a826ccd0ff405c019bc73aab9354f19ecad1dcb4?s=96&d=mm&r=g","caption":"Let\u00edcia Gerheim"}}]}},"_links":{"self":[{"href":"https:\/\/www.gaveanews.com\/index.php\/wp-json\/wp\/v2\/posts\/81877","targetHints":{"allow":["GET"]}}],"collection":[{"href":"https:\/\/www.gaveanews.com\/index.php\/wp-json\/wp\/v2\/posts"}],"about":[{"href":"https:\/\/www.gaveanews.com\/index.php\/wp-json\/wp\/v2\/types\/post"}],"author":[{"embeddable":true,"href":"https:\/\/www.gaveanews.com\/index.php\/wp-json\/wp\/v2\/users\/4"}],"replies":[{"embeddable":true,"href":"https:\/\/www.gaveanews.com\/index.php\/wp-json\/wp\/v2\/comments?post=81877"}],"version-history":[{"count":0,"href":"https:\/\/www.gaveanews.com\/index.php\/wp-json\/wp\/v2\/posts\/81877\/revisions"}],"wp:featuredmedia":[{"embeddable":true,"href":"https:\/\/www.gaveanews.com\/index.php\/wp-json\/wp\/v2\/media\/81805"}],"wp:attachment":[{"href":"https:\/\/www.gaveanews.com\/index.php\/wp-json\/wp\/v2\/media?parent=81877"}],"wp:term":[{"taxonomy":"category","embeddable":true,"href":"https:\/\/www.gaveanews.com\/index.php\/wp-json\/wp\/v2\/categories?post=81877"},{"taxonomy":"post_tag","embeddable":true,"href":"https:\/\/www.gaveanews.com\/index.php\/wp-json\/wp\/v2\/tags?post=81877"}],"curies":[{"name":"wp","href":"https:\/\/api.w.org\/{rel}","templated":true}]}}