{"id":81878,"date":"2022-05-20T13:43:43","date_gmt":"2022-05-20T16:43:43","guid":{"rendered":"https:\/\/www.gaveanews.com\/?p=81878"},"modified":"2024-04-06T23:05:54","modified_gmt":"2024-04-07T02:05:54","slug":"mauro-cezar-relembra-polemicas-de-diego-alves-e-critica-goleiro-do-flamengo","status":"publish","type":"post","link":"https:\/\/www.gaveanews.com\/index.php\/2022\/05\/20\/mauro-cezar-relembra-polemicas-de-diego-alves-e-critica-goleiro-do-flamengo\/","title":{"rendered":"Mauro Cezar relembra pol\u00eamicas de Diego Alves e critica goleiro do Flamengo"},"content":{"rendered":"<p>O caso de Diego Alves no banco de reservas do Flamengo est\u00e1 longe de desaparecer da m\u00eddia. A situa\u00e7\u00e3o do goleiro divide opini\u00f5es e causa ainda mais desconforto na equipe que j\u00e1 passa por uma fase complicada.<\/p>\r\n<p><a href=\"https:\/\/www.gaveanews.com\/index.php\/2022\/05\/19\/apos-atritos-dirigentes-do-flamengo-marcam-reuniao-com-diego-alves-e-paulo-sousa\/\">A ideia da diretoria do clube \u00e9 de se reunir com o goleiro e o t\u00e9cnico para encontrar uma solu\u00e7\u00e3o para o caso<\/a>, mas esta n\u00e3o \u00e9 a primeira vez que epis\u00f3dios como este ocorrem com o jogador. Pol\u00eamicas mais antigas do camisa 1 foram relembradas por Mauro Cezar Pereira nesta semana.<\/p>\r\n<!-- \/wp:post-content -->\r\n\r\n<!-- wp:paragraph -->\r\n<p>Em publica\u00e7\u00e3o no Twitter, o jornalista come\u00e7a o assunto com a seguinte fase: <em><strong>\u201cEra uma vez um goleiro que fez 26 em 38 jogos no Campeonato Brasileiro de 2021, que ficou fora de 9 dos 19 cotejos fora do local onde o time manda os jogos e n\u00e3o aceita a reserva.\u201d<\/strong><\/em><\/p>\r\n<!-- \/wp:paragraph -->\r\n\r\n<!-- wp:paragraph -->\r\n<p>Em seguida, h\u00e1 um compilado de not\u00edcias antigas sobre quest\u00f5es ocorridas em outras vezes que Diego Alves foi colocado no banco de reservas. A mais antiga delas foi em 2013, quando defendia o Valencia.<\/p>\r\n<!-- \/wp:paragraph -->\r\n\r\n<!-- wp:paragraph -->\r\n<p>Naquela ocasi\u00e3o, o arqueiro n\u00e3o aceitou perder a titularidade e precisou ser contido em uma discuss\u00e3o, sendo multado pelo clube espanhol posteriormente. O caso repercutiu e foi noticiado na m\u00eddia local.<\/p>\r\n<!-- \/wp:paragraph -->\r\n\r\n<!-- wp:paragraph -->\r\n<p>Cinco anos depois (2018), desta vez no Flamengo, o goleiro se recusou a viajar com a equipe para ser reserva de C\u00e9sar. Em seguida, o clima esquentou ainda mais com a discuss\u00e3o com o ent\u00e3o t\u00e9cnico da equipe, Dorival Junior, na frente dos companheiros de time.<\/p>\r\n<!-- \/wp:paragraph -->\r\n\r\n<!-- wp:paragraph -->\r\n<p>Agora, em 2022, o goleiro volta a divergir com a comiss\u00e3o t\u00e9cnica ap\u00f3s perder espa\u00e7o no elenco para Hugo Souza, que est\u00e1 sendo treinado para ser um dos principais goleiros da equipe. Nesta semana, a comiss\u00e3o de Paulo Sousa mostrou a ruptura nas rela\u00e7\u00f5es com Diego Alves publicamente.<\/p>\r\n<!-- \/wp:paragraph -->\r\n\r\n<!-- wp:list -->\r\n<ul>\r\n<li><a href=\"https:\/\/www.gaveanews.com\/index.php\/2022\/05\/18\/paulo-sousa-abre-o-jogo-sobre-a-situacao-de-diego-alves-no-flamengo\/\">Paulo Sousa explica sobre caso de Diego Alves;<\/a><\/li>\r\n<li><a href=\"https:\/\/www.gaveanews.com\/index.php\/2022\/05\/18\/preparador-de-goleiros-do-flamengo-manda-indireta-para-diego-alves\/\">Preparador de goleiros do Flamengo manda indireta para Diego Alves;<\/a><\/li>\r\n<li><a href=\"https:\/\/www.gaveanews.com\/index.php\/2022\/05\/18\/diego-alves-do-flamengo-troca-farpas-com-paulo-sousa-na-web\/\">Diego Alves manda indireta para comiss\u00e3o t\u00e9cnica de Paulo Sousa;<\/a><\/li>\r\n<li><a href=\"https:\/\/www.gaveanews.com\/index.php\/2022\/05\/18\/diego-alves-se-incomoda-com-declaracao-de-paulo-sousa-e-clima-esquenta-no-flamengo\/\">Diego Alves n\u00e3o gosta de declara\u00e7\u00e3o de Paulo Sousa e clima esquenta no Ninho do Urubu.<\/a><\/li>\r\n<\/ul>","protected":false},"excerpt":{"rendered":"<p>O caso de Diego Alves no banco de reservas do Flamengo est\u00e1 longe de desaparecer da m\u00eddia. A situa\u00e7\u00e3o do goleiro divide opini\u00f5es e causa ainda mais desconforto na equipe que j\u00e1 passa por uma fase complicada. A ideia da diretoria do clube \u00e9 de se reunir com o goleiro e o t\u00e9cnico para encontrar [&hellip;]<\/p>\n","protected":false},"author":4,"featured_media":71441,"comment_status":"open","ping_status":"closed","sticky":false,"template":"","format":"standard","meta":{"footnotes":""},"categories":[1],"tags":[170],"class_list":["post-81878","post","type-post","status-publish","format-standard","has-post-thumbnail","hentry","category-flamengo","tag-mauro-cezar-pereira"],"yoast_head":"<!-- This site is optimized with the Yoast SEO Premium plugin v24.2 (Yoast SEO v26.9) - https:\/\/yoast.com\/product\/yoast-seo-premium-wordpress\/ -->\n<title>Mauro Cezar relembra pol\u00eamicas de Diego Alves e critica goleiro do Flamengo<\/title>\n<meta name=\"robots\" content=\"index, follow, max-snippet:-1, max-image-preview:large, max-video-preview:-1\" \/>\n<link rel=\"canonical\" href=\"https:\/\/www.gaveanews.com\/index.php\/2022\/05\/20\/mauro-cezar-relembra-polemicas-de-diego-alves-e-critica-goleiro-do-flamengo\/\" \/>\n<meta property=\"og:locale\" content=\"pt_BR\" \/>\n<meta property=\"og:type\" content=\"article\" \/>\n<meta property=\"og:title\" content=\"Mauro Cezar relembra pol\u00eamicas de Diego Alves e critica goleiro do Flamengo\" \/>\n<meta property=\"og:description\" content=\"O caso de Diego Alves no banco de reservas do Flamengo est\u00e1 longe de desaparecer da m\u00eddia. A situa\u00e7\u00e3o do goleiro divide opini\u00f5es e causa ainda mais desconforto na equipe que j\u00e1 passa por uma fase complicada. A ideia da diretoria do clube \u00e9 de se reunir com o goleiro e o t\u00e9cnico para encontrar [&hellip;]\" \/>\n<meta property=\"og:url\" content=\"https:\/\/www.gaveanews.com\/index.php\/2022\/05\/20\/mauro-cezar-relembra-polemicas-de-diego-alves-e-critica-goleiro-do-flamengo\/\" \/>\n<meta property=\"og:site_name\" content=\"G\u00e1vea News\" \/>\n<meta property=\"article:publisher\" content=\"https:\/\/facebook.com\/gaveaNews\/\" \/>\n<meta property=\"article:published_time\" content=\"2022-05-20T16:43:43+00:00\" \/>\n<meta property=\"article:modified_time\" content=\"2024-04-07T02:05:54+00:00\" \/>\n<meta property=\"og:image\" content=\"https:\/\/www.gaveanews.com\/wp-content\/uploads\/Diego-Alves-em-acao-pelo-Flamengo-contra-o-Atletico-GO-pelo-Campeonato-Brasileiro-em-2021.webp\" \/>\n\t<meta property=\"og:image:width\" content=\"800\" \/>\n\t<meta property=\"og:image:height\" content=\"533\" \/>\n\t<meta property=\"og:image:type\" content=\"image\/jpeg\" \/>\n<meta name=\"author\" content=\"Let\u00edcia Gerheim\" \/>\n<meta name=\"twitter:card\" content=\"summary_large_image\" \/>\n<meta name=\"twitter:label1\" content=\"Escrito por\" \/>\n\t<meta name=\"twitter:data1\" content=\"Let\u00edcia Gerheim\" \/>\n\t<meta name=\"twitter:label2\" content=\"Est. tempo de leitura\" \/>\n\t<meta name=\"twitter:data2\" content=\"2 minutos\" \/>\n<script type=\"application\/ld+json\" class=\"yoast-schema-graph\">{\"@context\":\"https:\/\/schema.org\",\"@graph\":[{\"@type\":\"NewsArticle\",\"@id\":\"https:\/\/www.gaveanews.com\/index.php\/2022\/05\/20\/mauro-cezar-relembra-polemicas-de-diego-alves-e-critica-goleiro-do-flamengo\/#article\",\"isPartOf\":{\"@id\":\"https:\/\/www.gaveanews.com\/index.php\/2022\/05\/20\/mauro-cezar-relembra-polemicas-de-diego-alves-e-critica-goleiro-do-flamengo\/\"},\"author\":{\"name\":\"Let\u00edcia Gerheim\",\"@id\":\"https:\/\/www.gaveanews.com\/#\/schema\/person\/714c67050b836198af2450ba1c142a67\"},\"headline\":\"Mauro Cezar relembra pol\u00eamicas de Diego Alves e critica goleiro do Flamengo\",\"datePublished\":\"2022-05-20T16:43:43+00:00\",\"dateModified\":\"2024-04-07T02:05:54+00:00\",\"mainEntityOfPage\":{\"@id\":\"https:\/\/www.gaveanews.com\/index.php\/2022\/05\/20\/mauro-cezar-relembra-polemicas-de-diego-alves-e-critica-goleiro-do-flamengo\/\"},\"wordCount\":376,\"commentCount\":0,\"image\":{\"@id\":\"https:\/\/www.gaveanews.com\/index.php\/2022\/05\/20\/mauro-cezar-relembra-polemicas-de-diego-alves-e-critica-goleiro-do-flamengo\/#primaryimage\"},\"thumbnailUrl\":\"https:\/\/www.gaveanews.com\/wp-content\/uploads\/Diego-Alves-em-acao-pelo-Flamengo-contra-o-Atletico-GO-pelo-Campeonato-Brasileiro-em-2021.webp\",\"keywords\":[\"Mauro Cezar Pereira\"],\"articleSection\":[\"Flamengo\"],\"inLanguage\":\"pt-BR\",\"potentialAction\":[{\"@type\":\"CommentAction\",\"name\":\"Comment\",\"target\":[\"https:\/\/www.gaveanews.com\/index.php\/2022\/05\/20\/mauro-cezar-relembra-polemicas-de-diego-alves-e-critica-goleiro-do-flamengo\/#respond\"]}],\"copyrightYear\":\"2022\",\"copyrightHolder\":{\"@id\":\"https:\/\/www.gaveanews.com\/#organization\"}},{\"@type\":\"WebPage\",\"@id\":\"https:\/\/www.gaveanews.com\/index.php\/2022\/05\/20\/mauro-cezar-relembra-polemicas-de-diego-alves-e-critica-goleiro-do-flamengo\/\",\"url\":\"https:\/\/www.gaveanews.com\/index.php\/2022\/05\/20\/mauro-cezar-relembra-polemicas-de-diego-alves-e-critica-goleiro-do-flamengo\/\",\"name\":\"Mauro Cezar relembra pol\u00eamicas de Diego Alves e critica goleiro do Flamengo\",\"isPartOf\":{\"@id\":\"https:\/\/www.gaveanews.com\/#website\"},\"primaryImageOfPage\":{\"@id\":\"https:\/\/www.gaveanews.com\/index.php\/2022\/05\/20\/mauro-cezar-relembra-polemicas-de-diego-alves-e-critica-goleiro-do-flamengo\/#primaryimage\"},\"image\":{\"@id\":\"https:\/\/www.gaveanews.com\/index.php\/2022\/05\/20\/mauro-cezar-relembra-polemicas-de-diego-alves-e-critica-goleiro-do-flamengo\/#primaryimage\"},\"thumbnailUrl\":\"https:\/\/www.gaveanews.com\/wp-content\/uploads\/Diego-Alves-em-acao-pelo-Flamengo-contra-o-Atletico-GO-pelo-Campeonato-Brasileiro-em-2021.webp\",\"datePublished\":\"2022-05-20T16:43:43+00:00\",\"dateModified\":\"2024-04-07T02:05:54+00:00\",\"author\":{\"@id\":\"https:\/\/www.gaveanews.com\/#\/schema\/person\/714c67050b836198af2450ba1c142a67\"},\"breadcrumb\":{\"@id\":\"https:\/\/www.gaveanews.com\/index.php\/2022\/05\/20\/mauro-cezar-relembra-polemicas-de-diego-alves-e-critica-goleiro-do-flamengo\/#breadcrumb\"},\"inLanguage\":\"pt-BR\",\"potentialAction\":[{\"@type\":\"ReadAction\",\"target\":[\"https:\/\/www.gaveanews.com\/index.php\/2022\/05\/20\/mauro-cezar-relembra-polemicas-de-diego-alves-e-critica-goleiro-do-flamengo\/\"]}]},{\"@type\":\"ImageObject\",\"inLanguage\":\"pt-BR\",\"@id\":\"https:\/\/www.gaveanews.com\/index.php\/2022\/05\/20\/mauro-cezar-relembra-polemicas-de-diego-alves-e-critica-goleiro-do-flamengo\/#primaryimage\",\"url\":\"https:\/\/www.gaveanews.com\/wp-content\/uploads\/Diego-Alves-em-acao-pelo-Flamengo-contra-o-Atletico-GO-pelo-Campeonato-Brasileiro-em-2021.webp\",\"contentUrl\":\"https:\/\/www.gaveanews.com\/wp-content\/uploads\/Diego-Alves-em-acao-pelo-Flamengo-contra-o-Atletico-GO-pelo-Campeonato-Brasileiro-em-2021.webp\",\"width\":800,\"height\":533,\"caption\":\"Diego Alves em a\u00e7\u00e3o pelo Flamengo contra o Atl\u00e9tico-GO pelo Campeonato Brasileiro (Foto: Marcelo Cortes\/Flamengo)\"},{\"@type\":\"BreadcrumbList\",\"@id\":\"https:\/\/www.gaveanews.com\/index.php\/2022\/05\/20\/mauro-cezar-relembra-polemicas-de-diego-alves-e-critica-goleiro-do-flamengo\/#breadcrumb\",\"itemListElement\":[{\"@type\":\"ListItem\",\"position\":1,\"name\":\"Home\",\"item\":\"https:\/\/www.gaveanews.com\/\"},{\"@type\":\"ListItem\",\"position\":2,\"name\":\"Mauro Cezar relembra pol\u00eamicas de Diego Alves e critica goleiro do Flamengo\"}]},{\"@type\":\"WebSite\",\"@id\":\"https:\/\/www.gaveanews.com\/#website\",\"url\":\"https:\/\/www.gaveanews.com\/\",\"name\":\"G\u00e1vea News\",\"description\":\"Veja todas as not\u00edcias sobre o Flamengo: Contrata\u00e7\u00f5es, categorias de base, resultados das partidas, tabela de classifica\u00e7\u00e3o, pr\u00f3ximos jogos!\",\"potentialAction\":[{\"@type\":\"SearchAction\",\"target\":{\"@type\":\"EntryPoint\",\"urlTemplate\":\"https:\/\/www.gaveanews.com\/?s={search_term_string}\"},\"query-input\":{\"@type\":\"PropertyValueSpecification\",\"valueRequired\":true,\"valueName\":\"search_term_string\"}}],\"inLanguage\":\"pt-BR\"},{\"@type\":\"Person\",\"@id\":\"https:\/\/www.gaveanews.com\/#\/schema\/person\/714c67050b836198af2450ba1c142a67\",\"name\":\"Let\u00edcia Gerheim\",\"image\":{\"@type\":\"ImageObject\",\"inLanguage\":\"pt-BR\",\"@id\":\"https:\/\/www.gaveanews.com\/#\/schema\/person\/image\/\",\"url\":\"https:\/\/secure.gravatar.com\/avatar\/60734739c50fcebfbac509e2a826ccd0ff405c019bc73aab9354f19ecad1dcb4?s=96&d=mm&r=g\",\"contentUrl\":\"https:\/\/secure.gravatar.com\/avatar\/60734739c50fcebfbac509e2a826ccd0ff405c019bc73aab9354f19ecad1dcb4?s=96&d=mm&r=g\",\"caption\":\"Let\u00edcia Gerheim\"}}]}<\/script>\n<!-- \/ Yoast SEO Premium plugin. -->","yoast_head_json":{"title":"Mauro Cezar relembra pol\u00eamicas de Diego Alves e critica goleiro do Flamengo","robots":{"index":"index","follow":"follow","max-snippet":"max-snippet:-1","max-image-preview":"max-image-preview:large","max-video-preview":"max-video-preview:-1"},"canonical":"https:\/\/www.gaveanews.com\/index.php\/2022\/05\/20\/mauro-cezar-relembra-polemicas-de-diego-alves-e-critica-goleiro-do-flamengo\/","og_locale":"pt_BR","og_type":"article","og_title":"Mauro Cezar relembra pol\u00eamicas de Diego Alves e critica goleiro do Flamengo","og_description":"O caso de Diego Alves no banco de reservas do Flamengo est\u00e1 longe de desaparecer da m\u00eddia. A situa\u00e7\u00e3o do goleiro divide opini\u00f5es e causa ainda mais desconforto na equipe que j\u00e1 passa por uma fase complicada. A ideia da diretoria do clube \u00e9 de se reunir com o goleiro e o t\u00e9cnico para encontrar [&hellip;]","og_url":"https:\/\/www.gaveanews.com\/index.php\/2022\/05\/20\/mauro-cezar-relembra-polemicas-de-diego-alves-e-critica-goleiro-do-flamengo\/","og_site_name":"G\u00e1vea News","article_publisher":"https:\/\/facebook.com\/gaveaNews\/","article_published_time":"2022-05-20T16:43:43+00:00","article_modified_time":"2024-04-07T02:05:54+00:00","og_image":[{"width":800,"height":533,"url":"https:\/\/www.gaveanews.com\/wp-content\/uploads\/Diego-Alves-em-acao-pelo-Flamengo-contra-o-Atletico-GO-pelo-Campeonato-Brasileiro-em-2021.webp","type":"image\/jpeg"}],"author":"Let\u00edcia Gerheim","twitter_card":"summary_large_image","twitter_misc":{"Escrito por":"Let\u00edcia Gerheim","Est. tempo de leitura":"2 minutos"},"schema":{"@context":"https:\/\/schema.org","@graph":[{"@type":"NewsArticle","@id":"https:\/\/www.gaveanews.com\/index.php\/2022\/05\/20\/mauro-cezar-relembra-polemicas-de-diego-alves-e-critica-goleiro-do-flamengo\/#article","isPartOf":{"@id":"https:\/\/www.gaveanews.com\/index.php\/2022\/05\/20\/mauro-cezar-relembra-polemicas-de-diego-alves-e-critica-goleiro-do-flamengo\/"},"author":{"name":"Let\u00edcia Gerheim","@id":"https:\/\/www.gaveanews.com\/#\/schema\/person\/714c67050b836198af2450ba1c142a67"},"headline":"Mauro Cezar relembra pol\u00eamicas de Diego Alves e critica goleiro do Flamengo","datePublished":"2022-05-20T16:43:43+00:00","dateModified":"2024-04-07T02:05:54+00:00","mainEntityOfPage":{"@id":"https:\/\/www.gaveanews.com\/index.php\/2022\/05\/20\/mauro-cezar-relembra-polemicas-de-diego-alves-e-critica-goleiro-do-flamengo\/"},"wordCount":376,"commentCount":0,"image":{"@id":"https:\/\/www.gaveanews.com\/index.php\/2022\/05\/20\/mauro-cezar-relembra-polemicas-de-diego-alves-e-critica-goleiro-do-flamengo\/#primaryimage"},"thumbnailUrl":"https:\/\/www.gaveanews.com\/wp-content\/uploads\/Diego-Alves-em-acao-pelo-Flamengo-contra-o-Atletico-GO-pelo-Campeonato-Brasileiro-em-2021.webp","keywords":["Mauro Cezar Pereira"],"articleSection":["Flamengo"],"inLanguage":"pt-BR","potentialAction":[{"@type":"CommentAction","name":"Comment","target":["https:\/\/www.gaveanews.com\/index.php\/2022\/05\/20\/mauro-cezar-relembra-polemicas-de-diego-alves-e-critica-goleiro-do-flamengo\/#respond"]}],"copyrightYear":"2022","copyrightHolder":{"@id":"https:\/\/www.gaveanews.com\/#organization"}},{"@type":"WebPage","@id":"https:\/\/www.gaveanews.com\/index.php\/2022\/05\/20\/mauro-cezar-relembra-polemicas-de-diego-alves-e-critica-goleiro-do-flamengo\/","url":"https:\/\/www.gaveanews.com\/index.php\/2022\/05\/20\/mauro-cezar-relembra-polemicas-de-diego-alves-e-critica-goleiro-do-flamengo\/","name":"Mauro Cezar relembra pol\u00eamicas de Diego Alves e critica goleiro do Flamengo","isPartOf":{"@id":"https:\/\/www.gaveanews.com\/#website"},"primaryImageOfPage":{"@id":"https:\/\/www.gaveanews.com\/index.php\/2022\/05\/20\/mauro-cezar-relembra-polemicas-de-diego-alves-e-critica-goleiro-do-flamengo\/#primaryimage"},"image":{"@id":"https:\/\/www.gaveanews.com\/index.php\/2022\/05\/20\/mauro-cezar-relembra-polemicas-de-diego-alves-e-critica-goleiro-do-flamengo\/#primaryimage"},"thumbnailUrl":"https:\/\/www.gaveanews.com\/wp-content\/uploads\/Diego-Alves-em-acao-pelo-Flamengo-contra-o-Atletico-GO-pelo-Campeonato-Brasileiro-em-2021.webp","datePublished":"2022-05-20T16:43:43+00:00","dateModified":"2024-04-07T02:05:54+00:00","author":{"@id":"https:\/\/www.gaveanews.com\/#\/schema\/person\/714c67050b836198af2450ba1c142a67"},"breadcrumb":{"@id":"https:\/\/www.gaveanews.com\/index.php\/2022\/05\/20\/mauro-cezar-relembra-polemicas-de-diego-alves-e-critica-goleiro-do-flamengo\/#breadcrumb"},"inLanguage":"pt-BR","potentialAction":[{"@type":"ReadAction","target":["https:\/\/www.gaveanews.com\/index.php\/2022\/05\/20\/mauro-cezar-relembra-polemicas-de-diego-alves-e-critica-goleiro-do-flamengo\/"]}]},{"@type":"ImageObject","inLanguage":"pt-BR","@id":"https:\/\/www.gaveanews.com\/index.php\/2022\/05\/20\/mauro-cezar-relembra-polemicas-de-diego-alves-e-critica-goleiro-do-flamengo\/#primaryimage","url":"https:\/\/www.gaveanews.com\/wp-content\/uploads\/Diego-Alves-em-acao-pelo-Flamengo-contra-o-Atletico-GO-pelo-Campeonato-Brasileiro-em-2021.webp","contentUrl":"https:\/\/www.gaveanews.com\/wp-content\/uploads\/Diego-Alves-em-acao-pelo-Flamengo-contra-o-Atletico-GO-pelo-Campeonato-Brasileiro-em-2021.webp","width":800,"height":533,"caption":"Diego Alves em a\u00e7\u00e3o pelo Flamengo contra o Atl\u00e9tico-GO pelo Campeonato Brasileiro (Foto: Marcelo Cortes\/Flamengo)"},{"@type":"BreadcrumbList","@id":"https:\/\/www.gaveanews.com\/index.php\/2022\/05\/20\/mauro-cezar-relembra-polemicas-de-diego-alves-e-critica-goleiro-do-flamengo\/#breadcrumb","itemListElement":[{"@type":"ListItem","position":1,"name":"Home","item":"https:\/\/www.gaveanews.com\/"},{"@type":"ListItem","position":2,"name":"Mauro Cezar relembra pol\u00eamicas de Diego Alves e critica goleiro do Flamengo"}]},{"@type":"WebSite","@id":"https:\/\/www.gaveanews.com\/#website","url":"https:\/\/www.gaveanews.com\/","name":"G\u00e1vea News","description":"Veja todas as not\u00edcias sobre o Flamengo: Contrata\u00e7\u00f5es, categorias de base, resultados das partidas, tabela de classifica\u00e7\u00e3o, pr\u00f3ximos jogos!","potentialAction":[{"@type":"SearchAction","target":{"@type":"EntryPoint","urlTemplate":"https:\/\/www.gaveanews.com\/?s={search_term_string}"},"query-input":{"@type":"PropertyValueSpecification","valueRequired":true,"valueName":"search_term_string"}}],"inLanguage":"pt-BR"},{"@type":"Person","@id":"https:\/\/www.gaveanews.com\/#\/schema\/person\/714c67050b836198af2450ba1c142a67","name":"Let\u00edcia Gerheim","image":{"@type":"ImageObject","inLanguage":"pt-BR","@id":"https:\/\/www.gaveanews.com\/#\/schema\/person\/image\/","url":"https:\/\/secure.gravatar.com\/avatar\/60734739c50fcebfbac509e2a826ccd0ff405c019bc73aab9354f19ecad1dcb4?s=96&d=mm&r=g","contentUrl":"https:\/\/secure.gravatar.com\/avatar\/60734739c50fcebfbac509e2a826ccd0ff405c019bc73aab9354f19ecad1dcb4?s=96&d=mm&r=g","caption":"Let\u00edcia Gerheim"}}]}},"_links":{"self":[{"href":"https:\/\/www.gaveanews.com\/index.php\/wp-json\/wp\/v2\/posts\/81878","targetHints":{"allow":["GET"]}}],"collection":[{"href":"https:\/\/www.gaveanews.com\/index.php\/wp-json\/wp\/v2\/posts"}],"about":[{"href":"https:\/\/www.gaveanews.com\/index.php\/wp-json\/wp\/v2\/types\/post"}],"author":[{"embeddable":true,"href":"https:\/\/www.gaveanews.com\/index.php\/wp-json\/wp\/v2\/users\/4"}],"replies":[{"embeddable":true,"href":"https:\/\/www.gaveanews.com\/index.php\/wp-json\/wp\/v2\/comments?post=81878"}],"version-history":[{"count":1,"href":"https:\/\/www.gaveanews.com\/index.php\/wp-json\/wp\/v2\/posts\/81878\/revisions"}],"predecessor-version":[{"id":134656,"href":"https:\/\/www.gaveanews.com\/index.php\/wp-json\/wp\/v2\/posts\/81878\/revisions\/134656"}],"wp:featuredmedia":[{"embeddable":true,"href":"https:\/\/www.gaveanews.com\/index.php\/wp-json\/wp\/v2\/media\/71441"}],"wp:attachment":[{"href":"https:\/\/www.gaveanews.com\/index.php\/wp-json\/wp\/v2\/media?parent=81878"}],"wp:term":[{"taxonomy":"category","embeddable":true,"href":"https:\/\/www.gaveanews.com\/index.php\/wp-json\/wp\/v2\/categories?post=81878"},{"taxonomy":"post_tag","embeddable":true,"href":"https:\/\/www.gaveanews.com\/index.php\/wp-json\/wp\/v2\/tags?post=81878"}],"curies":[{"name":"wp","href":"https:\/\/api.w.org\/{rel}","templated":true}]}}