{"id":81890,"date":"2022-05-19T21:41:02","date_gmt":"2022-05-20T00:41:02","guid":{"rendered":"https:\/\/www.gaveanews.com\/?p=81890"},"modified":"2022-05-19T21:41:02","modified_gmt":"2022-05-20T00:41:02","slug":"volante-do-atletico-mg-revela-ter-sido-procurado-pelo-flamengo","status":"publish","type":"post","link":"https:\/\/www.gaveanews.com\/index.php\/2022\/05\/19\/volante-do-atletico-mg-revela-ter-sido-procurado-pelo-flamengo\/","title":{"rendered":"Volante do Atl\u00e9tico-MG revela ter sido procurado pelo Flamengo"},"content":{"rendered":"<p>No come\u00e7o deste ano, o Flamengo se movimentou no mercado da bola em busca de refor\u00e7os. No per\u00edodo em que a janela de transfer\u00eancias estava aberta, diversos nomes foram ventilados e especulados no clube para somarem ao atual elenco.<\/p>\n<p><a href=\"https:\/\/www.gaveanews.com\/index.php\/2022\/01\/05\/atletico-mg-entra-na-briga-com-flamengo-pela-contratacao-de-otavio\/\">Um dos atletas consultados pelos dirigentes rubro-negros foi Ot\u00e1vio<\/a>, que acabou sendo emprestado ao Atl\u00e9tico-MG. Al\u00e9m do Fla, o jogador revelou \u00e0 <em>ESPN<\/em> que Internacional e Palmeiras tamb\u00e9m o procuraram pela contrata\u00e7\u00e3o.<\/p>\n<p><em>\u2014 Chegou a ter interesse de Flamengo, Internacional e Palmeiras, mas deixei na m\u00e3o dos meus empres\u00e1rios. Claro que a palavra final era minha. Dentro de tudo que foi proposto, o Atl\u00e9tico foi o clube que me convenceu porque foi a melhor op\u00e7\u00e3o no momento\u00a0<\/em>&#8211; afirmou Ot\u00e1vio, que ainda explicou sua decis\u00e3o pelo Atl\u00e9tico:<\/p>\n<p><em>\u2014 \u00c9 um clube campe\u00e3o de tudo, com um projeto ambicioso para continuar no topo e sendo no meu pa\u00eds, pesou muito. Eu tamb\u00e9m tinha ofertas da Europa de meio de tabela, mas ter um time com planejamento, isso pesou muito. N\u00e3o voltei para qualquer time, voltei para um clube gigantesco, que tem estrutura. Poder conquistar t\u00edtulos \u00e9 o meu principal objetivo.<\/em><\/p>\n<p>O volante pertence ao Bordeaux e est\u00e1 cedido ao clube de Minas Gerais at\u00e9 junho deste ano, quando termina a temporada europeia. Ap\u00f3s este per\u00edodo, Ot\u00e1vio pode retornar ao futebol franc\u00eas.<\/p>\n","protected":false},"excerpt":{"rendered":"<p>No come\u00e7o deste ano, o Flamengo se movimentou no mercado da bola em busca de refor\u00e7os. No per\u00edodo em que a janela de transfer\u00eancias estava aberta, diversos nomes foram ventilados e especulados no clube para somarem ao atual elenco. Um dos atletas consultados pelos dirigentes rubro-negros foi Ot\u00e1vio, que acabou sendo emprestado ao Atl\u00e9tico-MG. Al\u00e9m [&hellip;]<\/p>\n","protected":false},"author":4,"featured_media":81891,"comment_status":"open","ping_status":"closed","sticky":false,"template":"","format":"standard","meta":{"footnotes":""},"categories":[48],"tags":[],"class_list":["post-81890","post","type-post","status-publish","format-standard","has-post-thumbnail","hentry","category-negociacoes"],"yoast_head":"<!-- This site is optimized with the Yoast SEO Premium plugin v24.2 (Yoast SEO v26.9) - https:\/\/yoast.com\/product\/yoast-seo-premium-wordpress\/ -->\n<title>Volante do Atl\u00e9tico-MG revela ter sido procurado pelo Flamengo<\/title>\n<meta name=\"robots\" content=\"index, follow, max-snippet:-1, max-image-preview:large, max-video-preview:-1\" \/>\n<link rel=\"canonical\" href=\"https:\/\/www.gaveanews.com\/index.php\/2022\/05\/19\/volante-do-atletico-mg-revela-ter-sido-procurado-pelo-flamengo\/\" \/>\n<meta property=\"og:locale\" content=\"pt_BR\" \/>\n<meta property=\"og:type\" content=\"article\" \/>\n<meta property=\"og:title\" content=\"Volante do Atl\u00e9tico-MG revela ter sido procurado pelo Flamengo\" \/>\n<meta property=\"og:description\" content=\"No come\u00e7o deste ano, o Flamengo se movimentou no mercado da bola em busca de refor\u00e7os. No per\u00edodo em que a janela de transfer\u00eancias estava aberta, diversos nomes foram ventilados e especulados no clube para somarem ao atual elenco. Um dos atletas consultados pelos dirigentes rubro-negros foi Ot\u00e1vio, que acabou sendo emprestado ao Atl\u00e9tico-MG. Al\u00e9m [&hellip;]\" \/>\n<meta property=\"og:url\" content=\"https:\/\/www.gaveanews.com\/index.php\/2022\/05\/19\/volante-do-atletico-mg-revela-ter-sido-procurado-pelo-flamengo\/\" \/>\n<meta property=\"og:site_name\" content=\"G\u00e1vea News\" \/>\n<meta property=\"article:publisher\" content=\"https:\/\/facebook.com\/gaveaNews\/\" \/>\n<meta property=\"article:published_time\" content=\"2022-05-20T00:41:02+00:00\" \/>\n<meta property=\"og:image\" content=\"https:\/\/www.gaveanews.com\/wp-content\/uploads\/Otavio-jogador-do-Atletico-MG.webp\" \/>\n\t<meta property=\"og:image:width\" content=\"762\" \/>\n\t<meta property=\"og:image:height\" content=\"429\" \/>\n\t<meta property=\"og:image:type\" content=\"image\/jpeg\" \/>\n<meta name=\"author\" content=\"Let\u00edcia Gerheim\" \/>\n<meta name=\"twitter:card\" content=\"summary_large_image\" \/>\n<meta name=\"twitter:label1\" content=\"Escrito por\" \/>\n\t<meta name=\"twitter:data1\" content=\"Let\u00edcia Gerheim\" \/>\n\t<meta name=\"twitter:label2\" content=\"Est. tempo de leitura\" \/>\n\t<meta name=\"twitter:data2\" content=\"2 minutos\" \/>\n<script type=\"application\/ld+json\" class=\"yoast-schema-graph\">{\"@context\":\"https:\/\/schema.org\",\"@graph\":[{\"@type\":\"NewsArticle\",\"@id\":\"https:\/\/www.gaveanews.com\/index.php\/2022\/05\/19\/volante-do-atletico-mg-revela-ter-sido-procurado-pelo-flamengo\/#article\",\"isPartOf\":{\"@id\":\"https:\/\/www.gaveanews.com\/index.php\/2022\/05\/19\/volante-do-atletico-mg-revela-ter-sido-procurado-pelo-flamengo\/\"},\"author\":{\"name\":\"Let\u00edcia Gerheim\",\"@id\":\"https:\/\/www.gaveanews.com\/#\/schema\/person\/714c67050b836198af2450ba1c142a67\"},\"headline\":\"Volante do Atl\u00e9tico-MG revela ter sido procurado pelo Flamengo\",\"datePublished\":\"2022-05-20T00:41:02+00:00\",\"mainEntityOfPage\":{\"@id\":\"https:\/\/www.gaveanews.com\/index.php\/2022\/05\/19\/volante-do-atletico-mg-revela-ter-sido-procurado-pelo-flamengo\/\"},\"wordCount\":249,\"commentCount\":0,\"image\":{\"@id\":\"https:\/\/www.gaveanews.com\/index.php\/2022\/05\/19\/volante-do-atletico-mg-revela-ter-sido-procurado-pelo-flamengo\/#primaryimage\"},\"thumbnailUrl\":\"https:\/\/www.gaveanews.com\/wp-content\/uploads\/Otavio-jogador-do-Atletico-MG.webp\",\"articleSection\":[\"Negocia\u00e7\u00f5es\"],\"inLanguage\":\"pt-BR\",\"potentialAction\":[{\"@type\":\"CommentAction\",\"name\":\"Comment\",\"target\":[\"https:\/\/www.gaveanews.com\/index.php\/2022\/05\/19\/volante-do-atletico-mg-revela-ter-sido-procurado-pelo-flamengo\/#respond\"]}],\"copyrightYear\":\"2022\",\"copyrightHolder\":{\"@id\":\"https:\/\/www.gaveanews.com\/#organization\"}},{\"@type\":\"WebPage\",\"@id\":\"https:\/\/www.gaveanews.com\/index.php\/2022\/05\/19\/volante-do-atletico-mg-revela-ter-sido-procurado-pelo-flamengo\/\",\"url\":\"https:\/\/www.gaveanews.com\/index.php\/2022\/05\/19\/volante-do-atletico-mg-revela-ter-sido-procurado-pelo-flamengo\/\",\"name\":\"Volante do Atl\u00e9tico-MG revela ter sido procurado pelo Flamengo\",\"isPartOf\":{\"@id\":\"https:\/\/www.gaveanews.com\/#website\"},\"primaryImageOfPage\":{\"@id\":\"https:\/\/www.gaveanews.com\/index.php\/2022\/05\/19\/volante-do-atletico-mg-revela-ter-sido-procurado-pelo-flamengo\/#primaryimage\"},\"image\":{\"@id\":\"https:\/\/www.gaveanews.com\/index.php\/2022\/05\/19\/volante-do-atletico-mg-revela-ter-sido-procurado-pelo-flamengo\/#primaryimage\"},\"thumbnailUrl\":\"https:\/\/www.gaveanews.com\/wp-content\/uploads\/Otavio-jogador-do-Atletico-MG.webp\",\"datePublished\":\"2022-05-20T00:41:02+00:00\",\"author\":{\"@id\":\"https:\/\/www.gaveanews.com\/#\/schema\/person\/714c67050b836198af2450ba1c142a67\"},\"breadcrumb\":{\"@id\":\"https:\/\/www.gaveanews.com\/index.php\/2022\/05\/19\/volante-do-atletico-mg-revela-ter-sido-procurado-pelo-flamengo\/#breadcrumb\"},\"inLanguage\":\"pt-BR\",\"potentialAction\":[{\"@type\":\"ReadAction\",\"target\":[\"https:\/\/www.gaveanews.com\/index.php\/2022\/05\/19\/volante-do-atletico-mg-revela-ter-sido-procurado-pelo-flamengo\/\"]}]},{\"@type\":\"ImageObject\",\"inLanguage\":\"pt-BR\",\"@id\":\"https:\/\/www.gaveanews.com\/index.php\/2022\/05\/19\/volante-do-atletico-mg-revela-ter-sido-procurado-pelo-flamengo\/#primaryimage\",\"url\":\"https:\/\/www.gaveanews.com\/wp-content\/uploads\/Otavio-jogador-do-Atletico-MG.webp\",\"contentUrl\":\"https:\/\/www.gaveanews.com\/wp-content\/uploads\/Otavio-jogador-do-Atletico-MG.webp\",\"width\":762,\"height\":429,\"caption\":\"Ot\u00e1vio, jogador do Atl\u00e9tico-MG (Foto: Pedro Souza\/Atl\u00e9tico-MG)\"},{\"@type\":\"BreadcrumbList\",\"@id\":\"https:\/\/www.gaveanews.com\/index.php\/2022\/05\/19\/volante-do-atletico-mg-revela-ter-sido-procurado-pelo-flamengo\/#breadcrumb\",\"itemListElement\":[{\"@type\":\"ListItem\",\"position\":1,\"name\":\"Home\",\"item\":\"https:\/\/www.gaveanews.com\/\"},{\"@type\":\"ListItem\",\"position\":2,\"name\":\"Volante do Atl\u00e9tico-MG revela ter sido procurado pelo Flamengo\"}]},{\"@type\":\"WebSite\",\"@id\":\"https:\/\/www.gaveanews.com\/#website\",\"url\":\"https:\/\/www.gaveanews.com\/\",\"name\":\"G\u00e1vea News\",\"description\":\"Veja todas as not\u00edcias sobre o Flamengo: Contrata\u00e7\u00f5es, categorias de base, resultados das partidas, tabela de classifica\u00e7\u00e3o, pr\u00f3ximos jogos!\",\"potentialAction\":[{\"@type\":\"SearchAction\",\"target\":{\"@type\":\"EntryPoint\",\"urlTemplate\":\"https:\/\/www.gaveanews.com\/?s={search_term_string}\"},\"query-input\":{\"@type\":\"PropertyValueSpecification\",\"valueRequired\":true,\"valueName\":\"search_term_string\"}}],\"inLanguage\":\"pt-BR\"},{\"@type\":\"Person\",\"@id\":\"https:\/\/www.gaveanews.com\/#\/schema\/person\/714c67050b836198af2450ba1c142a67\",\"name\":\"Let\u00edcia Gerheim\",\"image\":{\"@type\":\"ImageObject\",\"inLanguage\":\"pt-BR\",\"@id\":\"https:\/\/www.gaveanews.com\/#\/schema\/person\/image\/\",\"url\":\"https:\/\/secure.gravatar.com\/avatar\/60734739c50fcebfbac509e2a826ccd0ff405c019bc73aab9354f19ecad1dcb4?s=96&d=mm&r=g\",\"contentUrl\":\"https:\/\/secure.gravatar.com\/avatar\/60734739c50fcebfbac509e2a826ccd0ff405c019bc73aab9354f19ecad1dcb4?s=96&d=mm&r=g\",\"caption\":\"Let\u00edcia Gerheim\"}}]}<\/script>\n<!-- \/ Yoast SEO Premium plugin. -->","yoast_head_json":{"title":"Volante do Atl\u00e9tico-MG revela ter sido procurado pelo Flamengo","robots":{"index":"index","follow":"follow","max-snippet":"max-snippet:-1","max-image-preview":"max-image-preview:large","max-video-preview":"max-video-preview:-1"},"canonical":"https:\/\/www.gaveanews.com\/index.php\/2022\/05\/19\/volante-do-atletico-mg-revela-ter-sido-procurado-pelo-flamengo\/","og_locale":"pt_BR","og_type":"article","og_title":"Volante do Atl\u00e9tico-MG revela ter sido procurado pelo Flamengo","og_description":"No come\u00e7o deste ano, o Flamengo se movimentou no mercado da bola em busca de refor\u00e7os. No per\u00edodo em que a janela de transfer\u00eancias estava aberta, diversos nomes foram ventilados e especulados no clube para somarem ao atual elenco. Um dos atletas consultados pelos dirigentes rubro-negros foi Ot\u00e1vio, que acabou sendo emprestado ao Atl\u00e9tico-MG. Al\u00e9m [&hellip;]","og_url":"https:\/\/www.gaveanews.com\/index.php\/2022\/05\/19\/volante-do-atletico-mg-revela-ter-sido-procurado-pelo-flamengo\/","og_site_name":"G\u00e1vea News","article_publisher":"https:\/\/facebook.com\/gaveaNews\/","article_published_time":"2022-05-20T00:41:02+00:00","og_image":[{"width":762,"height":429,"url":"https:\/\/www.gaveanews.com\/wp-content\/uploads\/Otavio-jogador-do-Atletico-MG.webp","type":"image\/jpeg"}],"author":"Let\u00edcia Gerheim","twitter_card":"summary_large_image","twitter_misc":{"Escrito por":"Let\u00edcia Gerheim","Est. tempo de leitura":"2 minutos"},"schema":{"@context":"https:\/\/schema.org","@graph":[{"@type":"NewsArticle","@id":"https:\/\/www.gaveanews.com\/index.php\/2022\/05\/19\/volante-do-atletico-mg-revela-ter-sido-procurado-pelo-flamengo\/#article","isPartOf":{"@id":"https:\/\/www.gaveanews.com\/index.php\/2022\/05\/19\/volante-do-atletico-mg-revela-ter-sido-procurado-pelo-flamengo\/"},"author":{"name":"Let\u00edcia Gerheim","@id":"https:\/\/www.gaveanews.com\/#\/schema\/person\/714c67050b836198af2450ba1c142a67"},"headline":"Volante do Atl\u00e9tico-MG revela ter sido procurado pelo Flamengo","datePublished":"2022-05-20T00:41:02+00:00","mainEntityOfPage":{"@id":"https:\/\/www.gaveanews.com\/index.php\/2022\/05\/19\/volante-do-atletico-mg-revela-ter-sido-procurado-pelo-flamengo\/"},"wordCount":249,"commentCount":0,"image":{"@id":"https:\/\/www.gaveanews.com\/index.php\/2022\/05\/19\/volante-do-atletico-mg-revela-ter-sido-procurado-pelo-flamengo\/#primaryimage"},"thumbnailUrl":"https:\/\/www.gaveanews.com\/wp-content\/uploads\/Otavio-jogador-do-Atletico-MG.webp","articleSection":["Negocia\u00e7\u00f5es"],"inLanguage":"pt-BR","potentialAction":[{"@type":"CommentAction","name":"Comment","target":["https:\/\/www.gaveanews.com\/index.php\/2022\/05\/19\/volante-do-atletico-mg-revela-ter-sido-procurado-pelo-flamengo\/#respond"]}],"copyrightYear":"2022","copyrightHolder":{"@id":"https:\/\/www.gaveanews.com\/#organization"}},{"@type":"WebPage","@id":"https:\/\/www.gaveanews.com\/index.php\/2022\/05\/19\/volante-do-atletico-mg-revela-ter-sido-procurado-pelo-flamengo\/","url":"https:\/\/www.gaveanews.com\/index.php\/2022\/05\/19\/volante-do-atletico-mg-revela-ter-sido-procurado-pelo-flamengo\/","name":"Volante do Atl\u00e9tico-MG revela ter sido procurado pelo Flamengo","isPartOf":{"@id":"https:\/\/www.gaveanews.com\/#website"},"primaryImageOfPage":{"@id":"https:\/\/www.gaveanews.com\/index.php\/2022\/05\/19\/volante-do-atletico-mg-revela-ter-sido-procurado-pelo-flamengo\/#primaryimage"},"image":{"@id":"https:\/\/www.gaveanews.com\/index.php\/2022\/05\/19\/volante-do-atletico-mg-revela-ter-sido-procurado-pelo-flamengo\/#primaryimage"},"thumbnailUrl":"https:\/\/www.gaveanews.com\/wp-content\/uploads\/Otavio-jogador-do-Atletico-MG.webp","datePublished":"2022-05-20T00:41:02+00:00","author":{"@id":"https:\/\/www.gaveanews.com\/#\/schema\/person\/714c67050b836198af2450ba1c142a67"},"breadcrumb":{"@id":"https:\/\/www.gaveanews.com\/index.php\/2022\/05\/19\/volante-do-atletico-mg-revela-ter-sido-procurado-pelo-flamengo\/#breadcrumb"},"inLanguage":"pt-BR","potentialAction":[{"@type":"ReadAction","target":["https:\/\/www.gaveanews.com\/index.php\/2022\/05\/19\/volante-do-atletico-mg-revela-ter-sido-procurado-pelo-flamengo\/"]}]},{"@type":"ImageObject","inLanguage":"pt-BR","@id":"https:\/\/www.gaveanews.com\/index.php\/2022\/05\/19\/volante-do-atletico-mg-revela-ter-sido-procurado-pelo-flamengo\/#primaryimage","url":"https:\/\/www.gaveanews.com\/wp-content\/uploads\/Otavio-jogador-do-Atletico-MG.webp","contentUrl":"https:\/\/www.gaveanews.com\/wp-content\/uploads\/Otavio-jogador-do-Atletico-MG.webp","width":762,"height":429,"caption":"Ot\u00e1vio, jogador do Atl\u00e9tico-MG (Foto: Pedro Souza\/Atl\u00e9tico-MG)"},{"@type":"BreadcrumbList","@id":"https:\/\/www.gaveanews.com\/index.php\/2022\/05\/19\/volante-do-atletico-mg-revela-ter-sido-procurado-pelo-flamengo\/#breadcrumb","itemListElement":[{"@type":"ListItem","position":1,"name":"Home","item":"https:\/\/www.gaveanews.com\/"},{"@type":"ListItem","position":2,"name":"Volante do Atl\u00e9tico-MG revela ter sido procurado pelo Flamengo"}]},{"@type":"WebSite","@id":"https:\/\/www.gaveanews.com\/#website","url":"https:\/\/www.gaveanews.com\/","name":"G\u00e1vea News","description":"Veja todas as not\u00edcias sobre o Flamengo: Contrata\u00e7\u00f5es, categorias de base, resultados das partidas, tabela de classifica\u00e7\u00e3o, pr\u00f3ximos jogos!","potentialAction":[{"@type":"SearchAction","target":{"@type":"EntryPoint","urlTemplate":"https:\/\/www.gaveanews.com\/?s={search_term_string}"},"query-input":{"@type":"PropertyValueSpecification","valueRequired":true,"valueName":"search_term_string"}}],"inLanguage":"pt-BR"},{"@type":"Person","@id":"https:\/\/www.gaveanews.com\/#\/schema\/person\/714c67050b836198af2450ba1c142a67","name":"Let\u00edcia Gerheim","image":{"@type":"ImageObject","inLanguage":"pt-BR","@id":"https:\/\/www.gaveanews.com\/#\/schema\/person\/image\/","url":"https:\/\/secure.gravatar.com\/avatar\/60734739c50fcebfbac509e2a826ccd0ff405c019bc73aab9354f19ecad1dcb4?s=96&d=mm&r=g","contentUrl":"https:\/\/secure.gravatar.com\/avatar\/60734739c50fcebfbac509e2a826ccd0ff405c019bc73aab9354f19ecad1dcb4?s=96&d=mm&r=g","caption":"Let\u00edcia Gerheim"}}]}},"_links":{"self":[{"href":"https:\/\/www.gaveanews.com\/index.php\/wp-json\/wp\/v2\/posts\/81890","targetHints":{"allow":["GET"]}}],"collection":[{"href":"https:\/\/www.gaveanews.com\/index.php\/wp-json\/wp\/v2\/posts"}],"about":[{"href":"https:\/\/www.gaveanews.com\/index.php\/wp-json\/wp\/v2\/types\/post"}],"author":[{"embeddable":true,"href":"https:\/\/www.gaveanews.com\/index.php\/wp-json\/wp\/v2\/users\/4"}],"replies":[{"embeddable":true,"href":"https:\/\/www.gaveanews.com\/index.php\/wp-json\/wp\/v2\/comments?post=81890"}],"version-history":[{"count":0,"href":"https:\/\/www.gaveanews.com\/index.php\/wp-json\/wp\/v2\/posts\/81890\/revisions"}],"wp:featuredmedia":[{"embeddable":true,"href":"https:\/\/www.gaveanews.com\/index.php\/wp-json\/wp\/v2\/media\/81891"}],"wp:attachment":[{"href":"https:\/\/www.gaveanews.com\/index.php\/wp-json\/wp\/v2\/media?parent=81890"}],"wp:term":[{"taxonomy":"category","embeddable":true,"href":"https:\/\/www.gaveanews.com\/index.php\/wp-json\/wp\/v2\/categories?post=81890"},{"taxonomy":"post_tag","embeddable":true,"href":"https:\/\/www.gaveanews.com\/index.php\/wp-json\/wp\/v2\/tags?post=81890"}],"curies":[{"name":"wp","href":"https:\/\/api.w.org\/{rel}","templated":true}]}}