{"id":81893,"date":"2022-05-19T18:00:25","date_gmt":"2022-05-19T21:00:25","guid":{"rendered":"https:\/\/www.gaveanews.com\/?p=81893"},"modified":"2022-05-19T18:00:25","modified_gmt":"2022-05-19T21:00:25","slug":"ex-treinador-do-flamengo-defende-trabalho-de-paulo-sousa","status":"publish","type":"post","link":"https:\/\/www.gaveanews.com\/index.php\/2022\/05\/19\/ex-treinador-do-flamengo-defende-trabalho-de-paulo-sousa\/","title":{"rendered":"Ex-treinador do Flamengo defende trabalho de Paulo Sousa"},"content":{"rendered":"<p>O desconforto no Flamengo vai desde o clima no Ninho do Urubu at\u00e9 os protestos nas arquibancadas. Dentre os nomes mais ligados os motivos da agita\u00e7\u00e3o est\u00e1 Paulo Sousa.<\/p>\n<p>Passados mais de tr\u00eas meses de comando do t\u00e9cnico portugu\u00eas, o desempenho da equipe ainda n\u00e3o convence e a forma de trabalho do treinador \u00e9 contestada com frequ\u00eancia. Neste contexto, o ex-t\u00e9cnico do Meng\u00e3o, Jayme de Almeida, avaliou o atual cen\u00e1rio do time e defendeu o trabalho de Paulo Sousa.<\/p>\n<p><em>\u2014 Acredito que ainda \u00e9 muito cedo para definir se o trabalho do Paulo Sousa \u00e9 bom ou ruim. S\u00e3o apenas tr\u00eas meses do treinador portugu\u00eas aqui no Brasil. Ele est\u00e1 implementando a filosofia de jogo que ele acredita. O Flamengo tem oscilado ainda. Tem dias que joga muito bem, mas em outros n\u00e3o vai t\u00e3o bem assim. Mas vejo que \u00e9 muito cedo.<\/em><\/p>\n<p><em>\u2014 Essa cobran\u00e7a no trabalho do Paulo passa muito pelo que o Jesus fez no Flamengo em 2019. Eu acho interessante as ideias dele (Paulo Sousa), vem fazendo um trabalho s\u00e9rio e parece ser um cara muito honesto e correto. Vejo uma coisa muito boa e sinto que os jogadores t\u00eam um carinho grande por ele.<\/em><\/p>\n<p>Diferentemente de Jayme de Almeida, a torcida do Flamengo n\u00e3o \u00e9 t\u00e3o paciente e espera resultados da equipe, que beira o rebaixamento no Brasileir\u00e3o com 6 pontos em 6 jogos.<\/p>\n<p>O Mais Querido ter\u00e1 a primeira oportunidade para virar o jogo no s\u00e1bado (21), quando recebe o Goi\u00e1s pela 7\u00aa rodada do torneio por pontos corridos. O duelo ocorrer\u00e1 \u00e0s 16h30 (hor\u00e1rio de Bras\u00edlia), no Maracan\u00e3.<\/p>\n","protected":false},"excerpt":{"rendered":"<p>O desconforto no Flamengo vai desde o clima no Ninho do Urubu at\u00e9 os protestos nas arquibancadas. Dentre os nomes mais ligados os motivos da agita\u00e7\u00e3o est\u00e1 Paulo Sousa. Passados mais de tr\u00eas meses de comando do t\u00e9cnico portugu\u00eas, o desempenho da equipe ainda n\u00e3o convence e a forma de trabalho do treinador \u00e9 contestada [&hellip;]<\/p>\n","protected":false},"author":4,"featured_media":81500,"comment_status":"open","ping_status":"closed","sticky":false,"template":"","format":"standard","meta":{"footnotes":""},"categories":[1],"tags":[],"class_list":["post-81893","post","type-post","status-publish","format-standard","has-post-thumbnail","hentry","category-flamengo"],"yoast_head":"<!-- This site is optimized with the Yoast SEO Premium plugin v24.2 (Yoast SEO v26.9) - https:\/\/yoast.com\/product\/yoast-seo-premium-wordpress\/ -->\n<title>Ex-treinador do Flamengo defende trabalho de Paulo Sousa<\/title>\n<meta name=\"robots\" content=\"index, follow, max-snippet:-1, max-image-preview:large, max-video-preview:-1\" \/>\n<link rel=\"canonical\" href=\"https:\/\/www.gaveanews.com\/index.php\/2022\/05\/19\/ex-treinador-do-flamengo-defende-trabalho-de-paulo-sousa\/\" \/>\n<meta property=\"og:locale\" content=\"pt_BR\" \/>\n<meta property=\"og:type\" content=\"article\" \/>\n<meta property=\"og:title\" content=\"Ex-treinador do Flamengo defende trabalho de Paulo Sousa\" \/>\n<meta property=\"og:description\" content=\"O desconforto no Flamengo vai desde o clima no Ninho do Urubu at\u00e9 os protestos nas arquibancadas. Dentre os nomes mais ligados os motivos da agita\u00e7\u00e3o est\u00e1 Paulo Sousa. Passados mais de tr\u00eas meses de comando do t\u00e9cnico portugu\u00eas, o desempenho da equipe ainda n\u00e3o convence e a forma de trabalho do treinador \u00e9 contestada [&hellip;]\" \/>\n<meta property=\"og:url\" content=\"https:\/\/www.gaveanews.com\/index.php\/2022\/05\/19\/ex-treinador-do-flamengo-defende-trabalho-de-paulo-sousa\/\" \/>\n<meta property=\"og:site_name\" content=\"G\u00e1vea News\" \/>\n<meta property=\"article:publisher\" content=\"https:\/\/facebook.com\/gaveaNews\/\" \/>\n<meta property=\"article:published_time\" content=\"2022-05-19T21:00:25+00:00\" \/>\n<meta property=\"og:image\" content=\"https:\/\/www.gaveanews.com\/wp-content\/uploads\/Paulo-Sousa-e-Gabigol-em-jogo-do-Flamengo-contra-o-Altos-pela-Copa-do-Brasil.webp\" \/>\n\t<meta property=\"og:image:width\" content=\"799\" \/>\n\t<meta property=\"og:image:height\" content=\"533\" \/>\n\t<meta property=\"og:image:type\" content=\"image\/jpeg\" \/>\n<meta name=\"author\" content=\"Let\u00edcia Gerheim\" \/>\n<meta name=\"twitter:card\" content=\"summary_large_image\" \/>\n<meta name=\"twitter:label1\" content=\"Escrito por\" \/>\n\t<meta name=\"twitter:data1\" content=\"Let\u00edcia Gerheim\" \/>\n\t<meta name=\"twitter:label2\" content=\"Est. tempo de leitura\" \/>\n\t<meta name=\"twitter:data2\" content=\"2 minutos\" \/>\n<script type=\"application\/ld+json\" class=\"yoast-schema-graph\">{\"@context\":\"https:\/\/schema.org\",\"@graph\":[{\"@type\":\"NewsArticle\",\"@id\":\"https:\/\/www.gaveanews.com\/index.php\/2022\/05\/19\/ex-treinador-do-flamengo-defende-trabalho-de-paulo-sousa\/#article\",\"isPartOf\":{\"@id\":\"https:\/\/www.gaveanews.com\/index.php\/2022\/05\/19\/ex-treinador-do-flamengo-defende-trabalho-de-paulo-sousa\/\"},\"author\":{\"name\":\"Let\u00edcia Gerheim\",\"@id\":\"https:\/\/www.gaveanews.com\/#\/schema\/person\/714c67050b836198af2450ba1c142a67\"},\"headline\":\"Ex-treinador do Flamengo defende trabalho de Paulo Sousa\",\"datePublished\":\"2022-05-19T21:00:25+00:00\",\"mainEntityOfPage\":{\"@id\":\"https:\/\/www.gaveanews.com\/index.php\/2022\/05\/19\/ex-treinador-do-flamengo-defende-trabalho-de-paulo-sousa\/\"},\"wordCount\":285,\"commentCount\":0,\"image\":{\"@id\":\"https:\/\/www.gaveanews.com\/index.php\/2022\/05\/19\/ex-treinador-do-flamengo-defende-trabalho-de-paulo-sousa\/#primaryimage\"},\"thumbnailUrl\":\"https:\/\/www.gaveanews.com\/wp-content\/uploads\/Paulo-Sousa-e-Gabigol-em-jogo-do-Flamengo-contra-o-Altos-pela-Copa-do-Brasil.webp\",\"articleSection\":[\"Flamengo\"],\"inLanguage\":\"pt-BR\",\"potentialAction\":[{\"@type\":\"CommentAction\",\"name\":\"Comment\",\"target\":[\"https:\/\/www.gaveanews.com\/index.php\/2022\/05\/19\/ex-treinador-do-flamengo-defende-trabalho-de-paulo-sousa\/#respond\"]}],\"copyrightYear\":\"2022\",\"copyrightHolder\":{\"@id\":\"https:\/\/www.gaveanews.com\/#organization\"}},{\"@type\":\"WebPage\",\"@id\":\"https:\/\/www.gaveanews.com\/index.php\/2022\/05\/19\/ex-treinador-do-flamengo-defende-trabalho-de-paulo-sousa\/\",\"url\":\"https:\/\/www.gaveanews.com\/index.php\/2022\/05\/19\/ex-treinador-do-flamengo-defende-trabalho-de-paulo-sousa\/\",\"name\":\"Ex-treinador do Flamengo defende trabalho de Paulo Sousa\",\"isPartOf\":{\"@id\":\"https:\/\/www.gaveanews.com\/#website\"},\"primaryImageOfPage\":{\"@id\":\"https:\/\/www.gaveanews.com\/index.php\/2022\/05\/19\/ex-treinador-do-flamengo-defende-trabalho-de-paulo-sousa\/#primaryimage\"},\"image\":{\"@id\":\"https:\/\/www.gaveanews.com\/index.php\/2022\/05\/19\/ex-treinador-do-flamengo-defende-trabalho-de-paulo-sousa\/#primaryimage\"},\"thumbnailUrl\":\"https:\/\/www.gaveanews.com\/wp-content\/uploads\/Paulo-Sousa-e-Gabigol-em-jogo-do-Flamengo-contra-o-Altos-pela-Copa-do-Brasil.webp\",\"datePublished\":\"2022-05-19T21:00:25+00:00\",\"author\":{\"@id\":\"https:\/\/www.gaveanews.com\/#\/schema\/person\/714c67050b836198af2450ba1c142a67\"},\"breadcrumb\":{\"@id\":\"https:\/\/www.gaveanews.com\/index.php\/2022\/05\/19\/ex-treinador-do-flamengo-defende-trabalho-de-paulo-sousa\/#breadcrumb\"},\"inLanguage\":\"pt-BR\",\"potentialAction\":[{\"@type\":\"ReadAction\",\"target\":[\"https:\/\/www.gaveanews.com\/index.php\/2022\/05\/19\/ex-treinador-do-flamengo-defende-trabalho-de-paulo-sousa\/\"]}]},{\"@type\":\"ImageObject\",\"inLanguage\":\"pt-BR\",\"@id\":\"https:\/\/www.gaveanews.com\/index.php\/2022\/05\/19\/ex-treinador-do-flamengo-defende-trabalho-de-paulo-sousa\/#primaryimage\",\"url\":\"https:\/\/www.gaveanews.com\/wp-content\/uploads\/Paulo-Sousa-e-Gabigol-em-jogo-do-Flamengo-contra-o-Altos-pela-Copa-do-Brasil.webp\",\"contentUrl\":\"https:\/\/www.gaveanews.com\/wp-content\/uploads\/Paulo-Sousa-e-Gabigol-em-jogo-do-Flamengo-contra-o-Altos-pela-Copa-do-Brasil.webp\",\"width\":799,\"height\":533,\"caption\":\"Paulo Sousa e Gabigol em jogo do Flamengo contra o Altos pela Copa do Brasil (Foto: Gilvan de Souza\/Flamengo)\"},{\"@type\":\"BreadcrumbList\",\"@id\":\"https:\/\/www.gaveanews.com\/index.php\/2022\/05\/19\/ex-treinador-do-flamengo-defende-trabalho-de-paulo-sousa\/#breadcrumb\",\"itemListElement\":[{\"@type\":\"ListItem\",\"position\":1,\"name\":\"Home\",\"item\":\"https:\/\/www.gaveanews.com\/\"},{\"@type\":\"ListItem\",\"position\":2,\"name\":\"Ex-treinador do Flamengo defende trabalho de Paulo Sousa\"}]},{\"@type\":\"WebSite\",\"@id\":\"https:\/\/www.gaveanews.com\/#website\",\"url\":\"https:\/\/www.gaveanews.com\/\",\"name\":\"G\u00e1vea News\",\"description\":\"Veja todas as not\u00edcias sobre o Flamengo: Contrata\u00e7\u00f5es, categorias de base, resultados das partidas, tabela de classifica\u00e7\u00e3o, pr\u00f3ximos jogos!\",\"potentialAction\":[{\"@type\":\"SearchAction\",\"target\":{\"@type\":\"EntryPoint\",\"urlTemplate\":\"https:\/\/www.gaveanews.com\/?s={search_term_string}\"},\"query-input\":{\"@type\":\"PropertyValueSpecification\",\"valueRequired\":true,\"valueName\":\"search_term_string\"}}],\"inLanguage\":\"pt-BR\"},{\"@type\":\"Person\",\"@id\":\"https:\/\/www.gaveanews.com\/#\/schema\/person\/714c67050b836198af2450ba1c142a67\",\"name\":\"Let\u00edcia Gerheim\",\"image\":{\"@type\":\"ImageObject\",\"inLanguage\":\"pt-BR\",\"@id\":\"https:\/\/www.gaveanews.com\/#\/schema\/person\/image\/\",\"url\":\"https:\/\/secure.gravatar.com\/avatar\/60734739c50fcebfbac509e2a826ccd0ff405c019bc73aab9354f19ecad1dcb4?s=96&d=mm&r=g\",\"contentUrl\":\"https:\/\/secure.gravatar.com\/avatar\/60734739c50fcebfbac509e2a826ccd0ff405c019bc73aab9354f19ecad1dcb4?s=96&d=mm&r=g\",\"caption\":\"Let\u00edcia Gerheim\"}}]}<\/script>\n<!-- \/ Yoast SEO Premium plugin. -->","yoast_head_json":{"title":"Ex-treinador do Flamengo defende trabalho de Paulo Sousa","robots":{"index":"index","follow":"follow","max-snippet":"max-snippet:-1","max-image-preview":"max-image-preview:large","max-video-preview":"max-video-preview:-1"},"canonical":"https:\/\/www.gaveanews.com\/index.php\/2022\/05\/19\/ex-treinador-do-flamengo-defende-trabalho-de-paulo-sousa\/","og_locale":"pt_BR","og_type":"article","og_title":"Ex-treinador do Flamengo defende trabalho de Paulo Sousa","og_description":"O desconforto no Flamengo vai desde o clima no Ninho do Urubu at\u00e9 os protestos nas arquibancadas. Dentre os nomes mais ligados os motivos da agita\u00e7\u00e3o est\u00e1 Paulo Sousa. Passados mais de tr\u00eas meses de comando do t\u00e9cnico portugu\u00eas, o desempenho da equipe ainda n\u00e3o convence e a forma de trabalho do treinador \u00e9 contestada [&hellip;]","og_url":"https:\/\/www.gaveanews.com\/index.php\/2022\/05\/19\/ex-treinador-do-flamengo-defende-trabalho-de-paulo-sousa\/","og_site_name":"G\u00e1vea News","article_publisher":"https:\/\/facebook.com\/gaveaNews\/","article_published_time":"2022-05-19T21:00:25+00:00","og_image":[{"width":799,"height":533,"url":"https:\/\/www.gaveanews.com\/wp-content\/uploads\/Paulo-Sousa-e-Gabigol-em-jogo-do-Flamengo-contra-o-Altos-pela-Copa-do-Brasil.webp","type":"image\/jpeg"}],"author":"Let\u00edcia Gerheim","twitter_card":"summary_large_image","twitter_misc":{"Escrito por":"Let\u00edcia Gerheim","Est. tempo de leitura":"2 minutos"},"schema":{"@context":"https:\/\/schema.org","@graph":[{"@type":"NewsArticle","@id":"https:\/\/www.gaveanews.com\/index.php\/2022\/05\/19\/ex-treinador-do-flamengo-defende-trabalho-de-paulo-sousa\/#article","isPartOf":{"@id":"https:\/\/www.gaveanews.com\/index.php\/2022\/05\/19\/ex-treinador-do-flamengo-defende-trabalho-de-paulo-sousa\/"},"author":{"name":"Let\u00edcia Gerheim","@id":"https:\/\/www.gaveanews.com\/#\/schema\/person\/714c67050b836198af2450ba1c142a67"},"headline":"Ex-treinador do Flamengo defende trabalho de Paulo Sousa","datePublished":"2022-05-19T21:00:25+00:00","mainEntityOfPage":{"@id":"https:\/\/www.gaveanews.com\/index.php\/2022\/05\/19\/ex-treinador-do-flamengo-defende-trabalho-de-paulo-sousa\/"},"wordCount":285,"commentCount":0,"image":{"@id":"https:\/\/www.gaveanews.com\/index.php\/2022\/05\/19\/ex-treinador-do-flamengo-defende-trabalho-de-paulo-sousa\/#primaryimage"},"thumbnailUrl":"https:\/\/www.gaveanews.com\/wp-content\/uploads\/Paulo-Sousa-e-Gabigol-em-jogo-do-Flamengo-contra-o-Altos-pela-Copa-do-Brasil.webp","articleSection":["Flamengo"],"inLanguage":"pt-BR","potentialAction":[{"@type":"CommentAction","name":"Comment","target":["https:\/\/www.gaveanews.com\/index.php\/2022\/05\/19\/ex-treinador-do-flamengo-defende-trabalho-de-paulo-sousa\/#respond"]}],"copyrightYear":"2022","copyrightHolder":{"@id":"https:\/\/www.gaveanews.com\/#organization"}},{"@type":"WebPage","@id":"https:\/\/www.gaveanews.com\/index.php\/2022\/05\/19\/ex-treinador-do-flamengo-defende-trabalho-de-paulo-sousa\/","url":"https:\/\/www.gaveanews.com\/index.php\/2022\/05\/19\/ex-treinador-do-flamengo-defende-trabalho-de-paulo-sousa\/","name":"Ex-treinador do Flamengo defende trabalho de Paulo Sousa","isPartOf":{"@id":"https:\/\/www.gaveanews.com\/#website"},"primaryImageOfPage":{"@id":"https:\/\/www.gaveanews.com\/index.php\/2022\/05\/19\/ex-treinador-do-flamengo-defende-trabalho-de-paulo-sousa\/#primaryimage"},"image":{"@id":"https:\/\/www.gaveanews.com\/index.php\/2022\/05\/19\/ex-treinador-do-flamengo-defende-trabalho-de-paulo-sousa\/#primaryimage"},"thumbnailUrl":"https:\/\/www.gaveanews.com\/wp-content\/uploads\/Paulo-Sousa-e-Gabigol-em-jogo-do-Flamengo-contra-o-Altos-pela-Copa-do-Brasil.webp","datePublished":"2022-05-19T21:00:25+00:00","author":{"@id":"https:\/\/www.gaveanews.com\/#\/schema\/person\/714c67050b836198af2450ba1c142a67"},"breadcrumb":{"@id":"https:\/\/www.gaveanews.com\/index.php\/2022\/05\/19\/ex-treinador-do-flamengo-defende-trabalho-de-paulo-sousa\/#breadcrumb"},"inLanguage":"pt-BR","potentialAction":[{"@type":"ReadAction","target":["https:\/\/www.gaveanews.com\/index.php\/2022\/05\/19\/ex-treinador-do-flamengo-defende-trabalho-de-paulo-sousa\/"]}]},{"@type":"ImageObject","inLanguage":"pt-BR","@id":"https:\/\/www.gaveanews.com\/index.php\/2022\/05\/19\/ex-treinador-do-flamengo-defende-trabalho-de-paulo-sousa\/#primaryimage","url":"https:\/\/www.gaveanews.com\/wp-content\/uploads\/Paulo-Sousa-e-Gabigol-em-jogo-do-Flamengo-contra-o-Altos-pela-Copa-do-Brasil.webp","contentUrl":"https:\/\/www.gaveanews.com\/wp-content\/uploads\/Paulo-Sousa-e-Gabigol-em-jogo-do-Flamengo-contra-o-Altos-pela-Copa-do-Brasil.webp","width":799,"height":533,"caption":"Paulo Sousa e Gabigol em jogo do Flamengo contra o Altos pela Copa do Brasil (Foto: Gilvan de Souza\/Flamengo)"},{"@type":"BreadcrumbList","@id":"https:\/\/www.gaveanews.com\/index.php\/2022\/05\/19\/ex-treinador-do-flamengo-defende-trabalho-de-paulo-sousa\/#breadcrumb","itemListElement":[{"@type":"ListItem","position":1,"name":"Home","item":"https:\/\/www.gaveanews.com\/"},{"@type":"ListItem","position":2,"name":"Ex-treinador do Flamengo defende trabalho de Paulo Sousa"}]},{"@type":"WebSite","@id":"https:\/\/www.gaveanews.com\/#website","url":"https:\/\/www.gaveanews.com\/","name":"G\u00e1vea News","description":"Veja todas as not\u00edcias sobre o Flamengo: Contrata\u00e7\u00f5es, categorias de base, resultados das partidas, tabela de classifica\u00e7\u00e3o, pr\u00f3ximos jogos!","potentialAction":[{"@type":"SearchAction","target":{"@type":"EntryPoint","urlTemplate":"https:\/\/www.gaveanews.com\/?s={search_term_string}"},"query-input":{"@type":"PropertyValueSpecification","valueRequired":true,"valueName":"search_term_string"}}],"inLanguage":"pt-BR"},{"@type":"Person","@id":"https:\/\/www.gaveanews.com\/#\/schema\/person\/714c67050b836198af2450ba1c142a67","name":"Let\u00edcia Gerheim","image":{"@type":"ImageObject","inLanguage":"pt-BR","@id":"https:\/\/www.gaveanews.com\/#\/schema\/person\/image\/","url":"https:\/\/secure.gravatar.com\/avatar\/60734739c50fcebfbac509e2a826ccd0ff405c019bc73aab9354f19ecad1dcb4?s=96&d=mm&r=g","contentUrl":"https:\/\/secure.gravatar.com\/avatar\/60734739c50fcebfbac509e2a826ccd0ff405c019bc73aab9354f19ecad1dcb4?s=96&d=mm&r=g","caption":"Let\u00edcia Gerheim"}}]}},"_links":{"self":[{"href":"https:\/\/www.gaveanews.com\/index.php\/wp-json\/wp\/v2\/posts\/81893","targetHints":{"allow":["GET"]}}],"collection":[{"href":"https:\/\/www.gaveanews.com\/index.php\/wp-json\/wp\/v2\/posts"}],"about":[{"href":"https:\/\/www.gaveanews.com\/index.php\/wp-json\/wp\/v2\/types\/post"}],"author":[{"embeddable":true,"href":"https:\/\/www.gaveanews.com\/index.php\/wp-json\/wp\/v2\/users\/4"}],"replies":[{"embeddable":true,"href":"https:\/\/www.gaveanews.com\/index.php\/wp-json\/wp\/v2\/comments?post=81893"}],"version-history":[{"count":0,"href":"https:\/\/www.gaveanews.com\/index.php\/wp-json\/wp\/v2\/posts\/81893\/revisions"}],"wp:featuredmedia":[{"embeddable":true,"href":"https:\/\/www.gaveanews.com\/index.php\/wp-json\/wp\/v2\/media\/81500"}],"wp:attachment":[{"href":"https:\/\/www.gaveanews.com\/index.php\/wp-json\/wp\/v2\/media?parent=81893"}],"wp:term":[{"taxonomy":"category","embeddable":true,"href":"https:\/\/www.gaveanews.com\/index.php\/wp-json\/wp\/v2\/categories?post=81893"},{"taxonomy":"post_tag","embeddable":true,"href":"https:\/\/www.gaveanews.com\/index.php\/wp-json\/wp\/v2\/tags?post=81893"}],"curies":[{"name":"wp","href":"https:\/\/api.w.org\/{rel}","templated":true}]}}