{"id":81906,"date":"2022-05-20T14:56:47","date_gmt":"2022-05-20T17:56:47","guid":{"rendered":"https:\/\/www.gaveanews.com\/?p=81906"},"modified":"2024-04-07T09:29:49","modified_gmt":"2024-04-07T12:29:49","slug":"troca-de-farpas-reuniao-com-elenco-e-participacao-da-diretoria-entenda-toda-a-polemica-entre-diego-alves-e-paulo-sousa-no-flamengo","status":"publish","type":"post","link":"https:\/\/www.gaveanews.com\/index.php\/2022\/05\/20\/troca-de-farpas-reuniao-com-elenco-e-participacao-da-diretoria-entenda-toda-a-polemica-entre-diego-alves-e-paulo-sousa-no-flamengo\/","title":{"rendered":"Troca de farpas, reuni\u00e3o com elenco, e participa\u00e7\u00e3o da diretoria: Entenda toda a pol\u00eamica entre Diego Alves e Paulo Sousa no Flamengo"},"content":{"rendered":"<p>Nos \u00faltimos dias, diversas informa\u00e7\u00f5es foram a p\u00fablico sobre uma pol\u00eamica entre Paulo Sousa e Diego Alves. O n\u00edvel da rela\u00e7\u00e3o entre os dois j\u00e1 vem sendo questionada nos \u00faltimos meses. O camisa 1, ent\u00e3o titular do time, sofreu uma perda dr\u00e1stica de espa\u00e7o no elenco com a prefer\u00eancia do t\u00e9cnico por acionar Hugo Souza.<\/p>\n<p>E um acontecimento desta semana escancarou o desconforto entre as partes. Tudo come\u00e7ou no domingo (15), quando foi a p\u00fablico que <a href=\"https:\/\/www.gaveanews.com\/index.php\/2022\/05\/16\/diego-alves-avisa-ao-flamengo-que-esta-pronto-para-jogar\/\">Diego Alves teria afirmado estar em condi\u00e7\u00f5es para a partida contra a Universidad Cat\u00f3lica<\/a>.<\/p>\n<p>Dois dias depois, o Flamengo foi a campo sem Diego Alves, que nem mesmo foi relacionado para o jogo. Ap\u00f3s a partida, quando questionado sobre o goleiro, <a href=\"https:\/\/www.gaveanews.com\/index.php\/2022\/05\/18\/paulo-sousa-abre-o-jogo-sobre-a-situacao-de-diego-alves-no-flamengo\/\">Paulo Sousa afirmou que o defensor n\u00e3o havia treinado, e quem n\u00e3o treina n\u00e3o joga<\/a>.<\/p>\n<p>A declara\u00e7\u00e3o do treinador fez com que o clima ficasse ainda mais quente no Ninho do Urubu. No dia seguinte, o elenco recebeu folga e n\u00e3o compareceu ao CT, mas como trata de les\u00e3o, Diego foi ao local para dar sequ\u00eancia no tratamento.<\/p>\n<p>Neste dia (quarta-feira), saiu a informa\u00e7\u00e3o de que <a href=\"https:\/\/www.gaveanews.com\/index.php\/2022\/05\/18\/diego-alves-se-incomoda-com-declaracao-de-paulo-sousa-e-clima-esquenta-no-flamengo\/\">o goleiro n\u00e3o escondeu seu inc\u00f4modo com a fala de Paulo Sousa<\/a>. Al\u00e9m disso, houve uma troca de farpas nas redes sociais <a href=\"https:\/\/www.gaveanews.com\/index.php\/2022\/05\/18\/preparador-de-goleiros-do-flamengo-manda-indireta-para-diego-alves\/\">entre o preparador de goleiros<\/a> da equipe <a href=\"https:\/\/www.gaveanews.com\/index.php\/2022\/05\/18\/diego-alves-do-flamengo-troca-farpas-com-paulo-sousa-na-web\/\">e o camisa 1<\/a>.<\/p>\n<p>Foi ent\u00e3o que a diretoria se envolveu no assunto. Na quinta-feira, quando a equipe se reapresentou, Bruno Spindel se reuniu com Paulo Sousa pela manh\u00e3 e <a href=\"https:\/\/www.gaveanews.com\/index.php\/2022\/05\/19\/apos-atritos-dirigentes-do-flamengo-marcam-reuniao-com-diego-alves-e-paulo-sousa\/\">agendou uma reuni\u00e3o com o t\u00e9cnico e Diego Alves<\/a>.<\/p>\n<p>Na reuni\u00e3o, estavam presentes o diretor executivo, Paulo Sousa, Diego Alves, Marcio Tannure, Diego Ribas, \u00c9verton Ribeiro, Rodrigo Caio, David Luiz e Willian Ar\u00e3o. Os demais jogadores presentes foram um pedido do arqueiro, que convocou as lideran\u00e7as do grupo. Outro que marcou presen\u00e7a foi o presidente Rodolfo Landim.<\/p>\n<p>Ap\u00f3s a reuni\u00e3o, o clima foi amenizado entre as partes. O que fica marcado do conflito \u00e9 a clara falta de comunica\u00e7\u00e3o entre o goleiro e a atual comiss\u00e3o t\u00e9cnica, uma vez que Paulo Sousa se v\u00ea mal interpretado. O que colocar\u00e1 &#8216;os pingos nos is&#8217; ser\u00e1 a coletiva p\u00f3s-jogo da partida contra o Goi\u00e1s.<\/p>\n<p>Desta vez, Paulo Sousa n\u00e3o ser\u00e1 o \u00fanico a dar explica\u00e7\u00f5es sobre a equipe. Nesta entrevista, Marcos Braz e Bruno Spindel ficar\u00e3o \u00e0 disposi\u00e7\u00e3o e esclarecer\u00e3o o tema. Todos confirmar\u00e3o que Diego Alves nunca teve condi\u00e7\u00e3o f\u00edsica para participar do jogo contra a Universidad Cat\u00f3lica, na ter\u00e7a.<\/p>\n<p>Assim, todos os holofotes estar\u00e3o para a coletiva ap\u00f3s o duelo contra o Goi\u00e1s deste s\u00e1bado (21). Diego Alves ainda faz trabalho na academia do CT e seguir\u00e1 de fora, n\u00e3o sendo relacionado para este compromisso.<\/p>\n","protected":false},"excerpt":{"rendered":"<p>Nos \u00faltimos dias, diversas informa\u00e7\u00f5es foram a p\u00fablico sobre uma pol\u00eamica entre Paulo Sousa e Diego Alves. O n\u00edvel da rela\u00e7\u00e3o entre os dois j\u00e1 vem sendo questionada nos \u00faltimos meses. O camisa 1, ent\u00e3o titular do time, sofreu uma perda dr\u00e1stica de espa\u00e7o no elenco com a prefer\u00eancia do t\u00e9cnico por acionar Hugo Souza. [&hellip;]<\/p>\n","protected":false},"author":4,"featured_media":76324,"comment_status":"open","ping_status":"closed","sticky":false,"template":"","format":"standard","meta":{"footnotes":""},"categories":[1],"tags":[205],"class_list":["post-81906","post","type-post","status-publish","format-standard","has-post-thumbnail","hentry","category-flamengo","tag-paulo-manuel-carvalho-sousa"],"yoast_head":"<!-- This site is optimized with the Yoast SEO Premium plugin v24.2 (Yoast SEO v26.9) - https:\/\/yoast.com\/product\/yoast-seo-premium-wordpress\/ -->\n<title>Troca de farpas, reuni\u00e3o com elenco, e participa\u00e7\u00e3o da diretoria: Entenda toda a pol\u00eamica entre Diego Alves e Paulo Sousa no Flamengo<\/title>\n<meta name=\"robots\" content=\"index, follow, max-snippet:-1, max-image-preview:large, max-video-preview:-1\" \/>\n<link rel=\"canonical\" href=\"https:\/\/www.gaveanews.com\/index.php\/2022\/05\/20\/troca-de-farpas-reuniao-com-elenco-e-participacao-da-diretoria-entenda-toda-a-polemica-entre-diego-alves-e-paulo-sousa-no-flamengo\/\" \/>\n<meta property=\"og:locale\" content=\"pt_BR\" \/>\n<meta property=\"og:type\" content=\"article\" \/>\n<meta property=\"og:title\" content=\"Troca de farpas, reuni\u00e3o com elenco, e participa\u00e7\u00e3o da diretoria: Entenda toda a pol\u00eamica entre Diego Alves e Paulo Sousa no Flamengo\" \/>\n<meta property=\"og:description\" content=\"Nos \u00faltimos dias, diversas informa\u00e7\u00f5es foram a p\u00fablico sobre uma pol\u00eamica entre Paulo Sousa e Diego Alves. O n\u00edvel da rela\u00e7\u00e3o entre os dois j\u00e1 vem sendo questionada nos \u00faltimos meses. O camisa 1, ent\u00e3o titular do time, sofreu uma perda dr\u00e1stica de espa\u00e7o no elenco com a prefer\u00eancia do t\u00e9cnico por acionar Hugo Souza. [&hellip;]\" \/>\n<meta property=\"og:url\" content=\"https:\/\/www.gaveanews.com\/index.php\/2022\/05\/20\/troca-de-farpas-reuniao-com-elenco-e-participacao-da-diretoria-entenda-toda-a-polemica-entre-diego-alves-e-paulo-sousa-no-flamengo\/\" \/>\n<meta property=\"og:site_name\" content=\"G\u00e1vea News\" \/>\n<meta property=\"article:publisher\" content=\"https:\/\/facebook.com\/gaveaNews\/\" \/>\n<meta property=\"article:published_time\" content=\"2022-05-20T17:56:47+00:00\" \/>\n<meta property=\"article:modified_time\" content=\"2024-04-07T12:29:49+00:00\" \/>\n<meta property=\"og:image\" content=\"https:\/\/www.gaveanews.com\/wp-content\/uploads\/Ninho-do-Urubu.webp\" \/>\n\t<meta property=\"og:image:width\" content=\"846\" \/>\n\t<meta property=\"og:image:height\" content=\"563\" \/>\n\t<meta property=\"og:image:type\" content=\"image\/jpeg\" \/>\n<meta name=\"author\" content=\"Let\u00edcia Gerheim\" \/>\n<meta name=\"twitter:card\" content=\"summary_large_image\" \/>\n<meta name=\"twitter:label1\" content=\"Escrito por\" \/>\n\t<meta name=\"twitter:data1\" content=\"Let\u00edcia Gerheim\" \/>\n\t<meta name=\"twitter:label2\" content=\"Est. tempo de leitura\" \/>\n\t<meta name=\"twitter:data2\" content=\"3 minutos\" \/>\n<script type=\"application\/ld+json\" class=\"yoast-schema-graph\">{\"@context\":\"https:\/\/schema.org\",\"@graph\":[{\"@type\":\"NewsArticle\",\"@id\":\"https:\/\/www.gaveanews.com\/index.php\/2022\/05\/20\/troca-de-farpas-reuniao-com-elenco-e-participacao-da-diretoria-entenda-toda-a-polemica-entre-diego-alves-e-paulo-sousa-no-flamengo\/#article\",\"isPartOf\":{\"@id\":\"https:\/\/www.gaveanews.com\/index.php\/2022\/05\/20\/troca-de-farpas-reuniao-com-elenco-e-participacao-da-diretoria-entenda-toda-a-polemica-entre-diego-alves-e-paulo-sousa-no-flamengo\/\"},\"author\":{\"name\":\"Let\u00edcia Gerheim\",\"@id\":\"https:\/\/www.gaveanews.com\/#\/schema\/person\/714c67050b836198af2450ba1c142a67\"},\"headline\":\"Troca de farpas, reuni\u00e3o com elenco, e participa\u00e7\u00e3o da diretoria: Entenda toda a pol\u00eamica entre Diego Alves e Paulo Sousa no Flamengo\",\"datePublished\":\"2022-05-20T17:56:47+00:00\",\"dateModified\":\"2024-04-07T12:29:49+00:00\",\"mainEntityOfPage\":{\"@id\":\"https:\/\/www.gaveanews.com\/index.php\/2022\/05\/20\/troca-de-farpas-reuniao-com-elenco-e-participacao-da-diretoria-entenda-toda-a-polemica-entre-diego-alves-e-paulo-sousa-no-flamengo\/\"},\"wordCount\":511,\"commentCount\":0,\"image\":{\"@id\":\"https:\/\/www.gaveanews.com\/index.php\/2022\/05\/20\/troca-de-farpas-reuniao-com-elenco-e-participacao-da-diretoria-entenda-toda-a-polemica-entre-diego-alves-e-paulo-sousa-no-flamengo\/#primaryimage\"},\"thumbnailUrl\":\"https:\/\/www.gaveanews.com\/wp-content\/uploads\/Ninho-do-Urubu.webp\",\"keywords\":[\"Paulo Manuel Carvalho Sousa\"],\"articleSection\":[\"Flamengo\"],\"inLanguage\":\"pt-BR\",\"potentialAction\":[{\"@type\":\"CommentAction\",\"name\":\"Comment\",\"target\":[\"https:\/\/www.gaveanews.com\/index.php\/2022\/05\/20\/troca-de-farpas-reuniao-com-elenco-e-participacao-da-diretoria-entenda-toda-a-polemica-entre-diego-alves-e-paulo-sousa-no-flamengo\/#respond\"]}],\"copyrightYear\":\"2022\",\"copyrightHolder\":{\"@id\":\"https:\/\/www.gaveanews.com\/#organization\"}},{\"@type\":\"WebPage\",\"@id\":\"https:\/\/www.gaveanews.com\/index.php\/2022\/05\/20\/troca-de-farpas-reuniao-com-elenco-e-participacao-da-diretoria-entenda-toda-a-polemica-entre-diego-alves-e-paulo-sousa-no-flamengo\/\",\"url\":\"https:\/\/www.gaveanews.com\/index.php\/2022\/05\/20\/troca-de-farpas-reuniao-com-elenco-e-participacao-da-diretoria-entenda-toda-a-polemica-entre-diego-alves-e-paulo-sousa-no-flamengo\/\",\"name\":\"Troca de farpas, reuni\u00e3o com elenco, e participa\u00e7\u00e3o da diretoria: Entenda toda a pol\u00eamica entre Diego Alves e Paulo Sousa no Flamengo\",\"isPartOf\":{\"@id\":\"https:\/\/www.gaveanews.com\/#website\"},\"primaryImageOfPage\":{\"@id\":\"https:\/\/www.gaveanews.com\/index.php\/2022\/05\/20\/troca-de-farpas-reuniao-com-elenco-e-participacao-da-diretoria-entenda-toda-a-polemica-entre-diego-alves-e-paulo-sousa-no-flamengo\/#primaryimage\"},\"image\":{\"@id\":\"https:\/\/www.gaveanews.com\/index.php\/2022\/05\/20\/troca-de-farpas-reuniao-com-elenco-e-participacao-da-diretoria-entenda-toda-a-polemica-entre-diego-alves-e-paulo-sousa-no-flamengo\/#primaryimage\"},\"thumbnailUrl\":\"https:\/\/www.gaveanews.com\/wp-content\/uploads\/Ninho-do-Urubu.webp\",\"datePublished\":\"2022-05-20T17:56:47+00:00\",\"dateModified\":\"2024-04-07T12:29:49+00:00\",\"author\":{\"@id\":\"https:\/\/www.gaveanews.com\/#\/schema\/person\/714c67050b836198af2450ba1c142a67\"},\"breadcrumb\":{\"@id\":\"https:\/\/www.gaveanews.com\/index.php\/2022\/05\/20\/troca-de-farpas-reuniao-com-elenco-e-participacao-da-diretoria-entenda-toda-a-polemica-entre-diego-alves-e-paulo-sousa-no-flamengo\/#breadcrumb\"},\"inLanguage\":\"pt-BR\",\"potentialAction\":[{\"@type\":\"ReadAction\",\"target\":[\"https:\/\/www.gaveanews.com\/index.php\/2022\/05\/20\/troca-de-farpas-reuniao-com-elenco-e-participacao-da-diretoria-entenda-toda-a-polemica-entre-diego-alves-e-paulo-sousa-no-flamengo\/\"]}]},{\"@type\":\"ImageObject\",\"inLanguage\":\"pt-BR\",\"@id\":\"https:\/\/www.gaveanews.com\/index.php\/2022\/05\/20\/troca-de-farpas-reuniao-com-elenco-e-participacao-da-diretoria-entenda-toda-a-polemica-entre-diego-alves-e-paulo-sousa-no-flamengo\/#primaryimage\",\"url\":\"https:\/\/www.gaveanews.com\/wp-content\/uploads\/Ninho-do-Urubu.webp\",\"contentUrl\":\"https:\/\/www.gaveanews.com\/wp-content\/uploads\/Ninho-do-Urubu.webp\",\"width\":846,\"height\":563,\"caption\":\"Ninho do Urubu (Foto: Alexandre Vidal\/Flamengo)\"},{\"@type\":\"BreadcrumbList\",\"@id\":\"https:\/\/www.gaveanews.com\/index.php\/2022\/05\/20\/troca-de-farpas-reuniao-com-elenco-e-participacao-da-diretoria-entenda-toda-a-polemica-entre-diego-alves-e-paulo-sousa-no-flamengo\/#breadcrumb\",\"itemListElement\":[{\"@type\":\"ListItem\",\"position\":1,\"name\":\"Home\",\"item\":\"https:\/\/www.gaveanews.com\/\"},{\"@type\":\"ListItem\",\"position\":2,\"name\":\"Troca de farpas, reuni\u00e3o com elenco, e participa\u00e7\u00e3o da diretoria: Entenda toda a pol\u00eamica entre Diego Alves e Paulo Sousa no Flamengo\"}]},{\"@type\":\"WebSite\",\"@id\":\"https:\/\/www.gaveanews.com\/#website\",\"url\":\"https:\/\/www.gaveanews.com\/\",\"name\":\"G\u00e1vea News\",\"description\":\"Veja todas as not\u00edcias sobre o Flamengo: Contrata\u00e7\u00f5es, categorias de base, resultados das partidas, tabela de classifica\u00e7\u00e3o, pr\u00f3ximos jogos!\",\"potentialAction\":[{\"@type\":\"SearchAction\",\"target\":{\"@type\":\"EntryPoint\",\"urlTemplate\":\"https:\/\/www.gaveanews.com\/?s={search_term_string}\"},\"query-input\":{\"@type\":\"PropertyValueSpecification\",\"valueRequired\":true,\"valueName\":\"search_term_string\"}}],\"inLanguage\":\"pt-BR\"},{\"@type\":\"Person\",\"@id\":\"https:\/\/www.gaveanews.com\/#\/schema\/person\/714c67050b836198af2450ba1c142a67\",\"name\":\"Let\u00edcia Gerheim\",\"image\":{\"@type\":\"ImageObject\",\"inLanguage\":\"pt-BR\",\"@id\":\"https:\/\/www.gaveanews.com\/#\/schema\/person\/image\/\",\"url\":\"https:\/\/secure.gravatar.com\/avatar\/60734739c50fcebfbac509e2a826ccd0ff405c019bc73aab9354f19ecad1dcb4?s=96&d=mm&r=g\",\"contentUrl\":\"https:\/\/secure.gravatar.com\/avatar\/60734739c50fcebfbac509e2a826ccd0ff405c019bc73aab9354f19ecad1dcb4?s=96&d=mm&r=g\",\"caption\":\"Let\u00edcia Gerheim\"}}]}<\/script>\n<!-- \/ Yoast SEO Premium plugin. -->","yoast_head_json":{"title":"Troca de farpas, reuni\u00e3o com elenco, e participa\u00e7\u00e3o da diretoria: Entenda toda a pol\u00eamica entre Diego Alves e Paulo Sousa no Flamengo","robots":{"index":"index","follow":"follow","max-snippet":"max-snippet:-1","max-image-preview":"max-image-preview:large","max-video-preview":"max-video-preview:-1"},"canonical":"https:\/\/www.gaveanews.com\/index.php\/2022\/05\/20\/troca-de-farpas-reuniao-com-elenco-e-participacao-da-diretoria-entenda-toda-a-polemica-entre-diego-alves-e-paulo-sousa-no-flamengo\/","og_locale":"pt_BR","og_type":"article","og_title":"Troca de farpas, reuni\u00e3o com elenco, e participa\u00e7\u00e3o da diretoria: Entenda toda a pol\u00eamica entre Diego Alves e Paulo Sousa no Flamengo","og_description":"Nos \u00faltimos dias, diversas informa\u00e7\u00f5es foram a p\u00fablico sobre uma pol\u00eamica entre Paulo Sousa e Diego Alves. O n\u00edvel da rela\u00e7\u00e3o entre os dois j\u00e1 vem sendo questionada nos \u00faltimos meses. O camisa 1, ent\u00e3o titular do time, sofreu uma perda dr\u00e1stica de espa\u00e7o no elenco com a prefer\u00eancia do t\u00e9cnico por acionar Hugo Souza. [&hellip;]","og_url":"https:\/\/www.gaveanews.com\/index.php\/2022\/05\/20\/troca-de-farpas-reuniao-com-elenco-e-participacao-da-diretoria-entenda-toda-a-polemica-entre-diego-alves-e-paulo-sousa-no-flamengo\/","og_site_name":"G\u00e1vea News","article_publisher":"https:\/\/facebook.com\/gaveaNews\/","article_published_time":"2022-05-20T17:56:47+00:00","article_modified_time":"2024-04-07T12:29:49+00:00","og_image":[{"width":846,"height":563,"url":"https:\/\/www.gaveanews.com\/wp-content\/uploads\/Ninho-do-Urubu.webp","type":"image\/jpeg"}],"author":"Let\u00edcia Gerheim","twitter_card":"summary_large_image","twitter_misc":{"Escrito por":"Let\u00edcia Gerheim","Est. tempo de leitura":"3 minutos"},"schema":{"@context":"https:\/\/schema.org","@graph":[{"@type":"NewsArticle","@id":"https:\/\/www.gaveanews.com\/index.php\/2022\/05\/20\/troca-de-farpas-reuniao-com-elenco-e-participacao-da-diretoria-entenda-toda-a-polemica-entre-diego-alves-e-paulo-sousa-no-flamengo\/#article","isPartOf":{"@id":"https:\/\/www.gaveanews.com\/index.php\/2022\/05\/20\/troca-de-farpas-reuniao-com-elenco-e-participacao-da-diretoria-entenda-toda-a-polemica-entre-diego-alves-e-paulo-sousa-no-flamengo\/"},"author":{"name":"Let\u00edcia Gerheim","@id":"https:\/\/www.gaveanews.com\/#\/schema\/person\/714c67050b836198af2450ba1c142a67"},"headline":"Troca de farpas, reuni\u00e3o com elenco, e participa\u00e7\u00e3o da diretoria: Entenda toda a pol\u00eamica entre Diego Alves e Paulo Sousa no Flamengo","datePublished":"2022-05-20T17:56:47+00:00","dateModified":"2024-04-07T12:29:49+00:00","mainEntityOfPage":{"@id":"https:\/\/www.gaveanews.com\/index.php\/2022\/05\/20\/troca-de-farpas-reuniao-com-elenco-e-participacao-da-diretoria-entenda-toda-a-polemica-entre-diego-alves-e-paulo-sousa-no-flamengo\/"},"wordCount":511,"commentCount":0,"image":{"@id":"https:\/\/www.gaveanews.com\/index.php\/2022\/05\/20\/troca-de-farpas-reuniao-com-elenco-e-participacao-da-diretoria-entenda-toda-a-polemica-entre-diego-alves-e-paulo-sousa-no-flamengo\/#primaryimage"},"thumbnailUrl":"https:\/\/www.gaveanews.com\/wp-content\/uploads\/Ninho-do-Urubu.webp","keywords":["Paulo Manuel Carvalho Sousa"],"articleSection":["Flamengo"],"inLanguage":"pt-BR","potentialAction":[{"@type":"CommentAction","name":"Comment","target":["https:\/\/www.gaveanews.com\/index.php\/2022\/05\/20\/troca-de-farpas-reuniao-com-elenco-e-participacao-da-diretoria-entenda-toda-a-polemica-entre-diego-alves-e-paulo-sousa-no-flamengo\/#respond"]}],"copyrightYear":"2022","copyrightHolder":{"@id":"https:\/\/www.gaveanews.com\/#organization"}},{"@type":"WebPage","@id":"https:\/\/www.gaveanews.com\/index.php\/2022\/05\/20\/troca-de-farpas-reuniao-com-elenco-e-participacao-da-diretoria-entenda-toda-a-polemica-entre-diego-alves-e-paulo-sousa-no-flamengo\/","url":"https:\/\/www.gaveanews.com\/index.php\/2022\/05\/20\/troca-de-farpas-reuniao-com-elenco-e-participacao-da-diretoria-entenda-toda-a-polemica-entre-diego-alves-e-paulo-sousa-no-flamengo\/","name":"Troca de farpas, reuni\u00e3o com elenco, e participa\u00e7\u00e3o da diretoria: Entenda toda a pol\u00eamica entre Diego Alves e Paulo Sousa no Flamengo","isPartOf":{"@id":"https:\/\/www.gaveanews.com\/#website"},"primaryImageOfPage":{"@id":"https:\/\/www.gaveanews.com\/index.php\/2022\/05\/20\/troca-de-farpas-reuniao-com-elenco-e-participacao-da-diretoria-entenda-toda-a-polemica-entre-diego-alves-e-paulo-sousa-no-flamengo\/#primaryimage"},"image":{"@id":"https:\/\/www.gaveanews.com\/index.php\/2022\/05\/20\/troca-de-farpas-reuniao-com-elenco-e-participacao-da-diretoria-entenda-toda-a-polemica-entre-diego-alves-e-paulo-sousa-no-flamengo\/#primaryimage"},"thumbnailUrl":"https:\/\/www.gaveanews.com\/wp-content\/uploads\/Ninho-do-Urubu.webp","datePublished":"2022-05-20T17:56:47+00:00","dateModified":"2024-04-07T12:29:49+00:00","author":{"@id":"https:\/\/www.gaveanews.com\/#\/schema\/person\/714c67050b836198af2450ba1c142a67"},"breadcrumb":{"@id":"https:\/\/www.gaveanews.com\/index.php\/2022\/05\/20\/troca-de-farpas-reuniao-com-elenco-e-participacao-da-diretoria-entenda-toda-a-polemica-entre-diego-alves-e-paulo-sousa-no-flamengo\/#breadcrumb"},"inLanguage":"pt-BR","potentialAction":[{"@type":"ReadAction","target":["https:\/\/www.gaveanews.com\/index.php\/2022\/05\/20\/troca-de-farpas-reuniao-com-elenco-e-participacao-da-diretoria-entenda-toda-a-polemica-entre-diego-alves-e-paulo-sousa-no-flamengo\/"]}]},{"@type":"ImageObject","inLanguage":"pt-BR","@id":"https:\/\/www.gaveanews.com\/index.php\/2022\/05\/20\/troca-de-farpas-reuniao-com-elenco-e-participacao-da-diretoria-entenda-toda-a-polemica-entre-diego-alves-e-paulo-sousa-no-flamengo\/#primaryimage","url":"https:\/\/www.gaveanews.com\/wp-content\/uploads\/Ninho-do-Urubu.webp","contentUrl":"https:\/\/www.gaveanews.com\/wp-content\/uploads\/Ninho-do-Urubu.webp","width":846,"height":563,"caption":"Ninho do Urubu (Foto: Alexandre Vidal\/Flamengo)"},{"@type":"BreadcrumbList","@id":"https:\/\/www.gaveanews.com\/index.php\/2022\/05\/20\/troca-de-farpas-reuniao-com-elenco-e-participacao-da-diretoria-entenda-toda-a-polemica-entre-diego-alves-e-paulo-sousa-no-flamengo\/#breadcrumb","itemListElement":[{"@type":"ListItem","position":1,"name":"Home","item":"https:\/\/www.gaveanews.com\/"},{"@type":"ListItem","position":2,"name":"Troca de farpas, reuni\u00e3o com elenco, e participa\u00e7\u00e3o da diretoria: Entenda toda a pol\u00eamica entre Diego Alves e Paulo Sousa no Flamengo"}]},{"@type":"WebSite","@id":"https:\/\/www.gaveanews.com\/#website","url":"https:\/\/www.gaveanews.com\/","name":"G\u00e1vea News","description":"Veja todas as not\u00edcias sobre o Flamengo: Contrata\u00e7\u00f5es, categorias de base, resultados das partidas, tabela de classifica\u00e7\u00e3o, pr\u00f3ximos jogos!","potentialAction":[{"@type":"SearchAction","target":{"@type":"EntryPoint","urlTemplate":"https:\/\/www.gaveanews.com\/?s={search_term_string}"},"query-input":{"@type":"PropertyValueSpecification","valueRequired":true,"valueName":"search_term_string"}}],"inLanguage":"pt-BR"},{"@type":"Person","@id":"https:\/\/www.gaveanews.com\/#\/schema\/person\/714c67050b836198af2450ba1c142a67","name":"Let\u00edcia Gerheim","image":{"@type":"ImageObject","inLanguage":"pt-BR","@id":"https:\/\/www.gaveanews.com\/#\/schema\/person\/image\/","url":"https:\/\/secure.gravatar.com\/avatar\/60734739c50fcebfbac509e2a826ccd0ff405c019bc73aab9354f19ecad1dcb4?s=96&d=mm&r=g","contentUrl":"https:\/\/secure.gravatar.com\/avatar\/60734739c50fcebfbac509e2a826ccd0ff405c019bc73aab9354f19ecad1dcb4?s=96&d=mm&r=g","caption":"Let\u00edcia Gerheim"}}]}},"_links":{"self":[{"href":"https:\/\/www.gaveanews.com\/index.php\/wp-json\/wp\/v2\/posts\/81906","targetHints":{"allow":["GET"]}}],"collection":[{"href":"https:\/\/www.gaveanews.com\/index.php\/wp-json\/wp\/v2\/posts"}],"about":[{"href":"https:\/\/www.gaveanews.com\/index.php\/wp-json\/wp\/v2\/types\/post"}],"author":[{"embeddable":true,"href":"https:\/\/www.gaveanews.com\/index.php\/wp-json\/wp\/v2\/users\/4"}],"replies":[{"embeddable":true,"href":"https:\/\/www.gaveanews.com\/index.php\/wp-json\/wp\/v2\/comments?post=81906"}],"version-history":[{"count":1,"href":"https:\/\/www.gaveanews.com\/index.php\/wp-json\/wp\/v2\/posts\/81906\/revisions"}],"predecessor-version":[{"id":136948,"href":"https:\/\/www.gaveanews.com\/index.php\/wp-json\/wp\/v2\/posts\/81906\/revisions\/136948"}],"wp:featuredmedia":[{"embeddable":true,"href":"https:\/\/www.gaveanews.com\/index.php\/wp-json\/wp\/v2\/media\/76324"}],"wp:attachment":[{"href":"https:\/\/www.gaveanews.com\/index.php\/wp-json\/wp\/v2\/media?parent=81906"}],"wp:term":[{"taxonomy":"category","embeddable":true,"href":"https:\/\/www.gaveanews.com\/index.php\/wp-json\/wp\/v2\/categories?post=81906"},{"taxonomy":"post_tag","embeddable":true,"href":"https:\/\/www.gaveanews.com\/index.php\/wp-json\/wp\/v2\/tags?post=81906"}],"curies":[{"name":"wp","href":"https:\/\/api.w.org\/{rel}","templated":true}]}}