{"id":81909,"date":"2022-05-20T14:09:15","date_gmt":"2022-05-20T17:09:15","guid":{"rendered":"https:\/\/www.gaveanews.com\/?p=81909"},"modified":"2022-05-20T14:09:15","modified_gmt":"2022-05-20T17:09:15","slug":"jornalista-da-rede-globo-pede-desculpas-a-paulo-sousa-e-a-torcida-do-flamengo","status":"publish","type":"post","link":"https:\/\/www.gaveanews.com\/index.php\/2022\/05\/20\/jornalista-da-rede-globo-pede-desculpas-a-paulo-sousa-e-a-torcida-do-flamengo\/","title":{"rendered":"Jornalista da Rede Globo pede desculpas a Paulo Sousa e a torcida do Flamengo"},"content":{"rendered":"<p>O rep\u00f3rter Eric Faria, da Rede Globo, pediu desculpa a Paulo Sousa em uma retrata\u00e7\u00e3o no &#8220;Troca de Passes&#8221;, do SporTV, na edi\u00e7\u00e3o da noite de quinta-feira. O jornalista adotou um tom de autocr\u00edtica e afirmou que errou ao dizer que a pergunta que gerou o atrito entre o treinador do Flamengo e o goleiro Diego Alves teria sido &#8220;encomendada&#8221; pelo t\u00e9cnico em entrevista coletiva.<\/p>\n<p>Antes do pedido de desculpa de Eric Faria, Paulo Sousa negou a informa\u00e7\u00e3o do rep\u00f3rter e amea\u00e7ou levar o caso \u00e0 Justi\u00e7a.<\/p>\n<p><em><strong>\u2014 Eu comentei sobre a pergunta que o Paulo Sousa teve que responder sobre o Diego Alves ap\u00f3s a vit\u00f3ria contra a Universidad Cat\u00f3lica. Eu queria explicar porque o Diego Alves foi assunto. Ao abordar esse assunto, eu usei uma express\u00e3o muito infeliz. Foi um erro da minha parte quando eu falei de uma pergunta &#8220;encomendada&#8221; pelo t\u00e9cnico Paulo Sousa. Foi uma express\u00e3o infeliz<\/strong><\/em> &#8211; disse Eric, lembrando que a pergunta partiu de um rep\u00f3rter do Globo Esporte.<\/p>\n<p><em><strong>\u2014 Inclusive, essa pergunta foi feita pelo nosso companheiro, rep\u00f3rter e setorista do Flamengo, o Fred Huber. Ent\u00e3o, o Paulo Sousa pode imaginar que quando eu me expressei, eu teria feito uma acusa\u00e7\u00e3o. D\u00e1 essa impress\u00e3o? Talvez d\u00ea essa impress\u00e3o mesmo. Por isso, estou me desculpando e confirmando que eu usei uma express\u00e3o mal empregada<\/strong><\/em> &#8211; completou o rep\u00f3rter da Globo.<\/p>\n<p>Eric, por outro lado, manteve a ideia de que Paulo Sousa queria falar sobre o assunto. O atrito entre Diego Alves e o treinador do Flamengo j\u00e1 tinha sido comentado anteriormente pelo rep\u00f3rter da Globo.<\/p>\n<p><em><strong>\u2014 Agora, eu tinha e mantenho a informa\u00e7\u00e3o de que o Paulo Sousa gostaria de falar sobre o tema na entrevista coletiva. Tanto que ele falou bastante sobre o Diego Alves. Mas a forma como eu me expressei: &#8220;pergunta encomendada por Paulo Sousa&#8221; foi um erro da minha parte, dando a impress\u00e3o de que o Paulo pessoalmente teria pedido a um rep\u00f3rter, at\u00e9 o Fred, dizendo: &#8220;me faz essa pergunta&#8221;. N\u00e3o, isso n\u00e3o \u00e9 verdade<\/strong><\/em> &#8211; ressaltou Eric.<\/p>\n<p><em><strong>\u2014 N\u00e3o tenho como eu falar isso (pergunta encomendada). Eu n\u00e3o tenho nenhuma informa\u00e7\u00e3o para falar isso, ent\u00e3o foi um mau uso da l\u00edngua portuguesa. Nota zero para mim porque eu tenho que usar bem a l\u00edngua portuguesa e usei mal nesse caso. Ent\u00e3o, eu pe\u00e7o desculpas a quem me acompanhou no programa e sobretudo, ao Paulo Sousa por ter criado esse ru\u00eddo de comunica\u00e7\u00e3o. Paulo, desculpa. Foi um mau uso de uma express\u00e3o<\/strong><\/em> &#8211; finalizou o rep\u00f3rter.<\/p>\n<p>Retirado de: Lance<\/p>\n","protected":false},"excerpt":{"rendered":"<p>O rep\u00f3rter Eric Faria, da Rede Globo, pediu desculpa a Paulo Sousa em uma retrata\u00e7\u00e3o no &#8220;Troca de Passes&#8221;, do SporTV, na edi\u00e7\u00e3o da noite de quinta-feira. O jornalista adotou um tom de autocr\u00edtica e afirmou que errou ao dizer que a pergunta que gerou o atrito entre o treinador do Flamengo e o goleiro [&hellip;]<\/p>\n","protected":false},"author":1,"featured_media":80868,"comment_status":"open","ping_status":"closed","sticky":false,"template":"","format":"standard","meta":{"footnotes":""},"categories":[47],"tags":[],"class_list":["post-81909","post","type-post","status-publish","format-standard","has-post-thumbnail","hentry","category-destaques"],"yoast_head":"<!-- This site is optimized with the Yoast SEO Premium plugin v24.2 (Yoast SEO v26.9) - https:\/\/yoast.com\/product\/yoast-seo-premium-wordpress\/ -->\n<title>Jornalista da Rede Globo pede desculpas a Paulo Sousa e a torcida do Flamengo<\/title>\n<meta name=\"robots\" content=\"index, follow, max-snippet:-1, max-image-preview:large, max-video-preview:-1\" \/>\n<link rel=\"canonical\" href=\"https:\/\/www.gaveanews.com\/index.php\/2022\/05\/20\/jornalista-da-rede-globo-pede-desculpas-a-paulo-sousa-e-a-torcida-do-flamengo\/\" \/>\n<meta property=\"og:locale\" content=\"pt_BR\" \/>\n<meta property=\"og:type\" content=\"article\" \/>\n<meta property=\"og:title\" content=\"Jornalista da Rede Globo pede desculpas a Paulo Sousa e a torcida do Flamengo\" \/>\n<meta property=\"og:description\" content=\"O rep\u00f3rter Eric Faria, da Rede Globo, pediu desculpa a Paulo Sousa em uma retrata\u00e7\u00e3o no &#8220;Troca de Passes&#8221;, do SporTV, na edi\u00e7\u00e3o da noite de quinta-feira. O jornalista adotou um tom de autocr\u00edtica e afirmou que errou ao dizer que a pergunta que gerou o atrito entre o treinador do Flamengo e o goleiro [&hellip;]\" \/>\n<meta property=\"og:url\" content=\"https:\/\/www.gaveanews.com\/index.php\/2022\/05\/20\/jornalista-da-rede-globo-pede-desculpas-a-paulo-sousa-e-a-torcida-do-flamengo\/\" \/>\n<meta property=\"og:site_name\" content=\"G\u00e1vea News\" \/>\n<meta property=\"article:publisher\" content=\"https:\/\/facebook.com\/gaveaNews\/\" \/>\n<meta property=\"article:published_time\" content=\"2022-05-20T17:09:15+00:00\" \/>\n<meta property=\"og:image\" content=\"https:\/\/www.gaveanews.com\/wp-content\/uploads\/Paulo-Sousa-passa-instrucoes-para-jogadores-do-Flamengo-em-treino-no-Ninho-do-Urubu.webp\" \/>\n\t<meta property=\"og:image:width\" content=\"800\" \/>\n\t<meta property=\"og:image:height\" content=\"533\" \/>\n\t<meta property=\"og:image:type\" content=\"image\/jpeg\" \/>\n<meta name=\"author\" content=\"Equipe G\u00e1vea News\" \/>\n<meta name=\"twitter:card\" content=\"summary_large_image\" \/>\n<meta name=\"twitter:label1\" content=\"Escrito por\" \/>\n\t<meta name=\"twitter:data1\" content=\"Equipe G\u00e1vea News\" \/>\n\t<meta name=\"twitter:label2\" content=\"Est. tempo de leitura\" \/>\n\t<meta name=\"twitter:data2\" content=\"3 minutos\" \/>\n<script type=\"application\/ld+json\" class=\"yoast-schema-graph\">{\"@context\":\"https:\/\/schema.org\",\"@graph\":[{\"@type\":\"NewsArticle\",\"@id\":\"https:\/\/www.gaveanews.com\/index.php\/2022\/05\/20\/jornalista-da-rede-globo-pede-desculpas-a-paulo-sousa-e-a-torcida-do-flamengo\/#article\",\"isPartOf\":{\"@id\":\"https:\/\/www.gaveanews.com\/index.php\/2022\/05\/20\/jornalista-da-rede-globo-pede-desculpas-a-paulo-sousa-e-a-torcida-do-flamengo\/\"},\"author\":{\"name\":\"Equipe G\u00e1vea News\",\"@id\":\"https:\/\/www.gaveanews.com\/#\/schema\/person\/2ec14f73fb96be2caf28f91afb14749d\"},\"headline\":\"Jornalista da Rede Globo pede desculpas a Paulo Sousa e a torcida do Flamengo\",\"datePublished\":\"2022-05-20T17:09:15+00:00\",\"mainEntityOfPage\":{\"@id\":\"https:\/\/www.gaveanews.com\/index.php\/2022\/05\/20\/jornalista-da-rede-globo-pede-desculpas-a-paulo-sousa-e-a-torcida-do-flamengo\/\"},\"wordCount\":469,\"commentCount\":0,\"image\":{\"@id\":\"https:\/\/www.gaveanews.com\/index.php\/2022\/05\/20\/jornalista-da-rede-globo-pede-desculpas-a-paulo-sousa-e-a-torcida-do-flamengo\/#primaryimage\"},\"thumbnailUrl\":\"https:\/\/www.gaveanews.com\/wp-content\/uploads\/Paulo-Sousa-passa-instrucoes-para-jogadores-do-Flamengo-em-treino-no-Ninho-do-Urubu.webp\",\"articleSection\":[\"Destaques\"],\"inLanguage\":\"pt-BR\",\"potentialAction\":[{\"@type\":\"CommentAction\",\"name\":\"Comment\",\"target\":[\"https:\/\/www.gaveanews.com\/index.php\/2022\/05\/20\/jornalista-da-rede-globo-pede-desculpas-a-paulo-sousa-e-a-torcida-do-flamengo\/#respond\"]}],\"copyrightYear\":\"2022\",\"copyrightHolder\":{\"@id\":\"https:\/\/www.gaveanews.com\/#organization\"}},{\"@type\":\"WebPage\",\"@id\":\"https:\/\/www.gaveanews.com\/index.php\/2022\/05\/20\/jornalista-da-rede-globo-pede-desculpas-a-paulo-sousa-e-a-torcida-do-flamengo\/\",\"url\":\"https:\/\/www.gaveanews.com\/index.php\/2022\/05\/20\/jornalista-da-rede-globo-pede-desculpas-a-paulo-sousa-e-a-torcida-do-flamengo\/\",\"name\":\"Jornalista da Rede Globo pede desculpas a Paulo Sousa e a torcida do Flamengo\",\"isPartOf\":{\"@id\":\"https:\/\/www.gaveanews.com\/#website\"},\"primaryImageOfPage\":{\"@id\":\"https:\/\/www.gaveanews.com\/index.php\/2022\/05\/20\/jornalista-da-rede-globo-pede-desculpas-a-paulo-sousa-e-a-torcida-do-flamengo\/#primaryimage\"},\"image\":{\"@id\":\"https:\/\/www.gaveanews.com\/index.php\/2022\/05\/20\/jornalista-da-rede-globo-pede-desculpas-a-paulo-sousa-e-a-torcida-do-flamengo\/#primaryimage\"},\"thumbnailUrl\":\"https:\/\/www.gaveanews.com\/wp-content\/uploads\/Paulo-Sousa-passa-instrucoes-para-jogadores-do-Flamengo-em-treino-no-Ninho-do-Urubu.webp\",\"datePublished\":\"2022-05-20T17:09:15+00:00\",\"author\":{\"@id\":\"https:\/\/www.gaveanews.com\/#\/schema\/person\/2ec14f73fb96be2caf28f91afb14749d\"},\"breadcrumb\":{\"@id\":\"https:\/\/www.gaveanews.com\/index.php\/2022\/05\/20\/jornalista-da-rede-globo-pede-desculpas-a-paulo-sousa-e-a-torcida-do-flamengo\/#breadcrumb\"},\"inLanguage\":\"pt-BR\",\"potentialAction\":[{\"@type\":\"ReadAction\",\"target\":[\"https:\/\/www.gaveanews.com\/index.php\/2022\/05\/20\/jornalista-da-rede-globo-pede-desculpas-a-paulo-sousa-e-a-torcida-do-flamengo\/\"]}]},{\"@type\":\"ImageObject\",\"inLanguage\":\"pt-BR\",\"@id\":\"https:\/\/www.gaveanews.com\/index.php\/2022\/05\/20\/jornalista-da-rede-globo-pede-desculpas-a-paulo-sousa-e-a-torcida-do-flamengo\/#primaryimage\",\"url\":\"https:\/\/www.gaveanews.com\/wp-content\/uploads\/Paulo-Sousa-passa-instrucoes-para-jogadores-do-Flamengo-em-treino-no-Ninho-do-Urubu.webp\",\"contentUrl\":\"https:\/\/www.gaveanews.com\/wp-content\/uploads\/Paulo-Sousa-passa-instrucoes-para-jogadores-do-Flamengo-em-treino-no-Ninho-do-Urubu.webp\",\"width\":800,\"height\":533,\"caption\":\"Paulo Sousa passa instru\u00e7\u00f5es para jogadores do Flamengo em treino no Ninho do Urubu (Foto: Marcelo Cortes\/Flamengo)\"},{\"@type\":\"BreadcrumbList\",\"@id\":\"https:\/\/www.gaveanews.com\/index.php\/2022\/05\/20\/jornalista-da-rede-globo-pede-desculpas-a-paulo-sousa-e-a-torcida-do-flamengo\/#breadcrumb\",\"itemListElement\":[{\"@type\":\"ListItem\",\"position\":1,\"name\":\"Home\",\"item\":\"https:\/\/www.gaveanews.com\/\"},{\"@type\":\"ListItem\",\"position\":2,\"name\":\"Jornalista da Rede Globo pede desculpas a Paulo Sousa e a torcida do Flamengo\"}]},{\"@type\":\"WebSite\",\"@id\":\"https:\/\/www.gaveanews.com\/#website\",\"url\":\"https:\/\/www.gaveanews.com\/\",\"name\":\"G\u00e1vea News\",\"description\":\"Veja todas as not\u00edcias sobre o Flamengo: Contrata\u00e7\u00f5es, categorias de base, resultados das partidas, tabela de classifica\u00e7\u00e3o, pr\u00f3ximos jogos!\",\"potentialAction\":[{\"@type\":\"SearchAction\",\"target\":{\"@type\":\"EntryPoint\",\"urlTemplate\":\"https:\/\/www.gaveanews.com\/?s={search_term_string}\"},\"query-input\":{\"@type\":\"PropertyValueSpecification\",\"valueRequired\":true,\"valueName\":\"search_term_string\"}}],\"inLanguage\":\"pt-BR\"},{\"@type\":\"Person\",\"@id\":\"https:\/\/www.gaveanews.com\/#\/schema\/person\/2ec14f73fb96be2caf28f91afb14749d\",\"name\":\"Equipe G\u00e1vea News\",\"image\":{\"@type\":\"ImageObject\",\"inLanguage\":\"pt-BR\",\"@id\":\"https:\/\/www.gaveanews.com\/#\/schema\/person\/image\/\",\"url\":\"https:\/\/secure.gravatar.com\/avatar\/1e1956f1facbffd3f8fa53a326721950116b3b9dc9bd44939c01180fd4a745a9?s=96&d=mm&r=g\",\"contentUrl\":\"https:\/\/secure.gravatar.com\/avatar\/1e1956f1facbffd3f8fa53a326721950116b3b9dc9bd44939c01180fd4a745a9?s=96&d=mm&r=g\",\"caption\":\"Equipe G\u00e1vea News\"}}]}<\/script>\n<!-- \/ Yoast SEO Premium plugin. -->","yoast_head_json":{"title":"Jornalista da Rede Globo pede desculpas a Paulo Sousa e a torcida do Flamengo","robots":{"index":"index","follow":"follow","max-snippet":"max-snippet:-1","max-image-preview":"max-image-preview:large","max-video-preview":"max-video-preview:-1"},"canonical":"https:\/\/www.gaveanews.com\/index.php\/2022\/05\/20\/jornalista-da-rede-globo-pede-desculpas-a-paulo-sousa-e-a-torcida-do-flamengo\/","og_locale":"pt_BR","og_type":"article","og_title":"Jornalista da Rede Globo pede desculpas a Paulo Sousa e a torcida do Flamengo","og_description":"O rep\u00f3rter Eric Faria, da Rede Globo, pediu desculpa a Paulo Sousa em uma retrata\u00e7\u00e3o no &#8220;Troca de Passes&#8221;, do SporTV, na edi\u00e7\u00e3o da noite de quinta-feira. O jornalista adotou um tom de autocr\u00edtica e afirmou que errou ao dizer que a pergunta que gerou o atrito entre o treinador do Flamengo e o goleiro [&hellip;]","og_url":"https:\/\/www.gaveanews.com\/index.php\/2022\/05\/20\/jornalista-da-rede-globo-pede-desculpas-a-paulo-sousa-e-a-torcida-do-flamengo\/","og_site_name":"G\u00e1vea News","article_publisher":"https:\/\/facebook.com\/gaveaNews\/","article_published_time":"2022-05-20T17:09:15+00:00","og_image":[{"width":800,"height":533,"url":"https:\/\/www.gaveanews.com\/wp-content\/uploads\/Paulo-Sousa-passa-instrucoes-para-jogadores-do-Flamengo-em-treino-no-Ninho-do-Urubu.webp","type":"image\/jpeg"}],"author":"Equipe G\u00e1vea News","twitter_card":"summary_large_image","twitter_misc":{"Escrito por":"Equipe G\u00e1vea News","Est. tempo de leitura":"3 minutos"},"schema":{"@context":"https:\/\/schema.org","@graph":[{"@type":"NewsArticle","@id":"https:\/\/www.gaveanews.com\/index.php\/2022\/05\/20\/jornalista-da-rede-globo-pede-desculpas-a-paulo-sousa-e-a-torcida-do-flamengo\/#article","isPartOf":{"@id":"https:\/\/www.gaveanews.com\/index.php\/2022\/05\/20\/jornalista-da-rede-globo-pede-desculpas-a-paulo-sousa-e-a-torcida-do-flamengo\/"},"author":{"name":"Equipe G\u00e1vea News","@id":"https:\/\/www.gaveanews.com\/#\/schema\/person\/2ec14f73fb96be2caf28f91afb14749d"},"headline":"Jornalista da Rede Globo pede desculpas a Paulo Sousa e a torcida do Flamengo","datePublished":"2022-05-20T17:09:15+00:00","mainEntityOfPage":{"@id":"https:\/\/www.gaveanews.com\/index.php\/2022\/05\/20\/jornalista-da-rede-globo-pede-desculpas-a-paulo-sousa-e-a-torcida-do-flamengo\/"},"wordCount":469,"commentCount":0,"image":{"@id":"https:\/\/www.gaveanews.com\/index.php\/2022\/05\/20\/jornalista-da-rede-globo-pede-desculpas-a-paulo-sousa-e-a-torcida-do-flamengo\/#primaryimage"},"thumbnailUrl":"https:\/\/www.gaveanews.com\/wp-content\/uploads\/Paulo-Sousa-passa-instrucoes-para-jogadores-do-Flamengo-em-treino-no-Ninho-do-Urubu.webp","articleSection":["Destaques"],"inLanguage":"pt-BR","potentialAction":[{"@type":"CommentAction","name":"Comment","target":["https:\/\/www.gaveanews.com\/index.php\/2022\/05\/20\/jornalista-da-rede-globo-pede-desculpas-a-paulo-sousa-e-a-torcida-do-flamengo\/#respond"]}],"copyrightYear":"2022","copyrightHolder":{"@id":"https:\/\/www.gaveanews.com\/#organization"}},{"@type":"WebPage","@id":"https:\/\/www.gaveanews.com\/index.php\/2022\/05\/20\/jornalista-da-rede-globo-pede-desculpas-a-paulo-sousa-e-a-torcida-do-flamengo\/","url":"https:\/\/www.gaveanews.com\/index.php\/2022\/05\/20\/jornalista-da-rede-globo-pede-desculpas-a-paulo-sousa-e-a-torcida-do-flamengo\/","name":"Jornalista da Rede Globo pede desculpas a Paulo Sousa e a torcida do Flamengo","isPartOf":{"@id":"https:\/\/www.gaveanews.com\/#website"},"primaryImageOfPage":{"@id":"https:\/\/www.gaveanews.com\/index.php\/2022\/05\/20\/jornalista-da-rede-globo-pede-desculpas-a-paulo-sousa-e-a-torcida-do-flamengo\/#primaryimage"},"image":{"@id":"https:\/\/www.gaveanews.com\/index.php\/2022\/05\/20\/jornalista-da-rede-globo-pede-desculpas-a-paulo-sousa-e-a-torcida-do-flamengo\/#primaryimage"},"thumbnailUrl":"https:\/\/www.gaveanews.com\/wp-content\/uploads\/Paulo-Sousa-passa-instrucoes-para-jogadores-do-Flamengo-em-treino-no-Ninho-do-Urubu.webp","datePublished":"2022-05-20T17:09:15+00:00","author":{"@id":"https:\/\/www.gaveanews.com\/#\/schema\/person\/2ec14f73fb96be2caf28f91afb14749d"},"breadcrumb":{"@id":"https:\/\/www.gaveanews.com\/index.php\/2022\/05\/20\/jornalista-da-rede-globo-pede-desculpas-a-paulo-sousa-e-a-torcida-do-flamengo\/#breadcrumb"},"inLanguage":"pt-BR","potentialAction":[{"@type":"ReadAction","target":["https:\/\/www.gaveanews.com\/index.php\/2022\/05\/20\/jornalista-da-rede-globo-pede-desculpas-a-paulo-sousa-e-a-torcida-do-flamengo\/"]}]},{"@type":"ImageObject","inLanguage":"pt-BR","@id":"https:\/\/www.gaveanews.com\/index.php\/2022\/05\/20\/jornalista-da-rede-globo-pede-desculpas-a-paulo-sousa-e-a-torcida-do-flamengo\/#primaryimage","url":"https:\/\/www.gaveanews.com\/wp-content\/uploads\/Paulo-Sousa-passa-instrucoes-para-jogadores-do-Flamengo-em-treino-no-Ninho-do-Urubu.webp","contentUrl":"https:\/\/www.gaveanews.com\/wp-content\/uploads\/Paulo-Sousa-passa-instrucoes-para-jogadores-do-Flamengo-em-treino-no-Ninho-do-Urubu.webp","width":800,"height":533,"caption":"Paulo Sousa passa instru\u00e7\u00f5es para jogadores do Flamengo em treino no Ninho do Urubu (Foto: Marcelo Cortes\/Flamengo)"},{"@type":"BreadcrumbList","@id":"https:\/\/www.gaveanews.com\/index.php\/2022\/05\/20\/jornalista-da-rede-globo-pede-desculpas-a-paulo-sousa-e-a-torcida-do-flamengo\/#breadcrumb","itemListElement":[{"@type":"ListItem","position":1,"name":"Home","item":"https:\/\/www.gaveanews.com\/"},{"@type":"ListItem","position":2,"name":"Jornalista da Rede Globo pede desculpas a Paulo Sousa e a torcida do Flamengo"}]},{"@type":"WebSite","@id":"https:\/\/www.gaveanews.com\/#website","url":"https:\/\/www.gaveanews.com\/","name":"G\u00e1vea News","description":"Veja todas as not\u00edcias sobre o Flamengo: Contrata\u00e7\u00f5es, categorias de base, resultados das partidas, tabela de classifica\u00e7\u00e3o, pr\u00f3ximos jogos!","potentialAction":[{"@type":"SearchAction","target":{"@type":"EntryPoint","urlTemplate":"https:\/\/www.gaveanews.com\/?s={search_term_string}"},"query-input":{"@type":"PropertyValueSpecification","valueRequired":true,"valueName":"search_term_string"}}],"inLanguage":"pt-BR"},{"@type":"Person","@id":"https:\/\/www.gaveanews.com\/#\/schema\/person\/2ec14f73fb96be2caf28f91afb14749d","name":"Equipe G\u00e1vea News","image":{"@type":"ImageObject","inLanguage":"pt-BR","@id":"https:\/\/www.gaveanews.com\/#\/schema\/person\/image\/","url":"https:\/\/secure.gravatar.com\/avatar\/1e1956f1facbffd3f8fa53a326721950116b3b9dc9bd44939c01180fd4a745a9?s=96&d=mm&r=g","contentUrl":"https:\/\/secure.gravatar.com\/avatar\/1e1956f1facbffd3f8fa53a326721950116b3b9dc9bd44939c01180fd4a745a9?s=96&d=mm&r=g","caption":"Equipe G\u00e1vea News"}}]}},"_links":{"self":[{"href":"https:\/\/www.gaveanews.com\/index.php\/wp-json\/wp\/v2\/posts\/81909","targetHints":{"allow":["GET"]}}],"collection":[{"href":"https:\/\/www.gaveanews.com\/index.php\/wp-json\/wp\/v2\/posts"}],"about":[{"href":"https:\/\/www.gaveanews.com\/index.php\/wp-json\/wp\/v2\/types\/post"}],"author":[{"embeddable":true,"href":"https:\/\/www.gaveanews.com\/index.php\/wp-json\/wp\/v2\/users\/1"}],"replies":[{"embeddable":true,"href":"https:\/\/www.gaveanews.com\/index.php\/wp-json\/wp\/v2\/comments?post=81909"}],"version-history":[{"count":0,"href":"https:\/\/www.gaveanews.com\/index.php\/wp-json\/wp\/v2\/posts\/81909\/revisions"}],"wp:featuredmedia":[{"embeddable":true,"href":"https:\/\/www.gaveanews.com\/index.php\/wp-json\/wp\/v2\/media\/80868"}],"wp:attachment":[{"href":"https:\/\/www.gaveanews.com\/index.php\/wp-json\/wp\/v2\/media?parent=81909"}],"wp:term":[{"taxonomy":"category","embeddable":true,"href":"https:\/\/www.gaveanews.com\/index.php\/wp-json\/wp\/v2\/categories?post=81909"},{"taxonomy":"post_tag","embeddable":true,"href":"https:\/\/www.gaveanews.com\/index.php\/wp-json\/wp\/v2\/tags?post=81909"}],"curies":[{"name":"wp","href":"https:\/\/api.w.org\/{rel}","templated":true}]}}