{"id":81924,"date":"2022-05-21T17:35:47","date_gmt":"2022-05-21T20:35:47","guid":{"rendered":"https:\/\/www.gaveanews.com\/?p=81924"},"modified":"2022-05-21T17:35:47","modified_gmt":"2022-05-21T20:35:47","slug":"flamengo-vence-a-concorrencia-e-contrata-volante-colombiano","status":"publish","type":"post","link":"https:\/\/www.gaveanews.com\/index.php\/2022\/05\/21\/flamengo-vence-a-concorrencia-e-contrata-volante-colombiano\/","title":{"rendered":"Flamengo vence a concorr\u00eancia e contrata volante colombiano"},"content":{"rendered":"<p>O Flamengo acertou a contrata\u00e7\u00e3o de mais um refor\u00e7o para as categorias do base do clube. Nesse sentindo, o Rubro-Negro contratou o volante colombiano C\u00e9sar Cantillo, de 18 anos, que estava por \u00faltimo no Millonarios F\u00fatbol Club, da Col\u00f4mbia. O jovem ir\u00e1 assinar contrato de forma\u00e7\u00e3o e ter\u00e1 vinculo com o Mais Querido pelos pr\u00f3ximos tr\u00eas anos. A informa\u00e7\u00e3o foi dada pelo canal Flazoeiro.<\/p>\n<p>Na transfer\u00eancia, o Flamengo desbancou Dallas-EUA e Getafe-ESP que tamb\u00e9m demonstraram interesse no atleta. O volante chamou aten\u00e7\u00e3o do Scout do Meng\u00e3o ap\u00f3s se destacar na Libertadores Sub-20, que aconteceu esse ano no Equador. O atleta falou sobre a op\u00e7\u00e3o de escolher o Rubro-Negro como novo destino.<\/p>\n<figure style=\"width: 923px\" class=\"wp-caption alignnone\"><img loading=\"lazy\" decoding=\"async\" class=\"size-full\" src=\"https:\/\/944547.smushcdn.com\/2525347\/wp-content\/uploads\/2022\/05\/Cesar-revelacao-Colombiana.webp\" width=\"923\" height=\"490\" \/><figcaption class=\"wp-caption-text\">C\u00e9sar<\/figcaption><\/figure>\n<p><em><strong>\u2014 Quando me falaram Flamengo, eu imediatamente tomei a decis\u00e3o, n\u00e3o perguntei quais outros clubes estavam interessados \u200b\u200bem mim<\/strong><\/em>, disse C\u00e9sar.<\/p>\n<p>Retirado de: Di\u00e1rio do Fla<\/p>\n","protected":false},"excerpt":{"rendered":"<p>O Flamengo acertou a contrata\u00e7\u00e3o de mais um refor\u00e7o para as categorias do base do clube. Nesse sentindo, o Rubro-Negro contratou o volante colombiano C\u00e9sar Cantillo, de 18 anos, que estava por \u00faltimo no Millonarios F\u00fatbol Club, da Col\u00f4mbia. O jovem ir\u00e1 assinar contrato de forma\u00e7\u00e3o e ter\u00e1 vinculo com o Mais Querido pelos pr\u00f3ximos [&hellip;]<\/p>\n","protected":false},"author":1,"featured_media":76324,"comment_status":"open","ping_status":"closed","sticky":false,"template":"","format":"standard","meta":{"footnotes":""},"categories":[48],"tags":[],"class_list":["post-81924","post","type-post","status-publish","format-standard","has-post-thumbnail","hentry","category-negociacoes"],"yoast_head":"<!-- This site is optimized with the Yoast SEO Premium plugin v24.2 (Yoast SEO v26.9) - https:\/\/yoast.com\/product\/yoast-seo-premium-wordpress\/ -->\n<title>Flamengo vence a concorr\u00eancia e contrata volante colombiano<\/title>\n<meta name=\"description\" content=\"&quot;Quando me falaram Flamengo, eu imediatamente tomei a decis\u00e3o, n\u00e3o perguntei quais outros clubes estavam interessados&quot;.\" \/>\n<meta name=\"robots\" content=\"index, follow, max-snippet:-1, max-image-preview:large, max-video-preview:-1\" \/>\n<link rel=\"canonical\" href=\"https:\/\/www.gaveanews.com\/index.php\/2022\/05\/21\/flamengo-vence-a-concorrencia-e-contrata-volante-colombiano\/\" \/>\n<meta property=\"og:locale\" content=\"pt_BR\" \/>\n<meta property=\"og:type\" content=\"article\" \/>\n<meta property=\"og:title\" content=\"Flamengo vence a concorr\u00eancia e contrata volante colombiano\" \/>\n<meta property=\"og:description\" content=\"&quot;Quando me falaram Flamengo, eu imediatamente tomei a decis\u00e3o, n\u00e3o perguntei quais outros clubes estavam interessados&quot;.\" \/>\n<meta property=\"og:url\" content=\"https:\/\/www.gaveanews.com\/index.php\/2022\/05\/21\/flamengo-vence-a-concorrencia-e-contrata-volante-colombiano\/\" \/>\n<meta property=\"og:site_name\" content=\"G\u00e1vea News\" \/>\n<meta property=\"article:publisher\" content=\"https:\/\/facebook.com\/gaveaNews\/\" \/>\n<meta property=\"article:published_time\" content=\"2022-05-21T20:35:47+00:00\" \/>\n<meta property=\"og:image\" content=\"https:\/\/www.gaveanews.com\/wp-content\/uploads\/Ninho-do-Urubu.webp\" \/>\n\t<meta property=\"og:image:width\" content=\"846\" \/>\n\t<meta property=\"og:image:height\" content=\"563\" \/>\n\t<meta property=\"og:image:type\" content=\"image\/jpeg\" \/>\n<meta name=\"author\" content=\"Equipe G\u00e1vea News\" \/>\n<meta name=\"twitter:card\" content=\"summary_large_image\" \/>\n<meta name=\"twitter:label1\" content=\"Escrito por\" \/>\n\t<meta name=\"twitter:data1\" content=\"Equipe G\u00e1vea News\" \/>\n\t<meta name=\"twitter:label2\" content=\"Est. tempo de leitura\" \/>\n\t<meta name=\"twitter:data2\" content=\"1 minuto\" \/>\n<script type=\"application\/ld+json\" class=\"yoast-schema-graph\">{\"@context\":\"https:\/\/schema.org\",\"@graph\":[{\"@type\":\"NewsArticle\",\"@id\":\"https:\/\/www.gaveanews.com\/index.php\/2022\/05\/21\/flamengo-vence-a-concorrencia-e-contrata-volante-colombiano\/#article\",\"isPartOf\":{\"@id\":\"https:\/\/www.gaveanews.com\/index.php\/2022\/05\/21\/flamengo-vence-a-concorrencia-e-contrata-volante-colombiano\/\"},\"author\":{\"name\":\"Equipe G\u00e1vea News\",\"@id\":\"https:\/\/www.gaveanews.com\/#\/schema\/person\/2ec14f73fb96be2caf28f91afb14749d\"},\"headline\":\"Flamengo vence a concorr\u00eancia e contrata volante colombiano\",\"datePublished\":\"2022-05-21T20:35:47+00:00\",\"mainEntityOfPage\":{\"@id\":\"https:\/\/www.gaveanews.com\/index.php\/2022\/05\/21\/flamengo-vence-a-concorrencia-e-contrata-volante-colombiano\/\"},\"wordCount\":171,\"commentCount\":0,\"image\":{\"@id\":\"https:\/\/www.gaveanews.com\/index.php\/2022\/05\/21\/flamengo-vence-a-concorrencia-e-contrata-volante-colombiano\/#primaryimage\"},\"thumbnailUrl\":\"https:\/\/www.gaveanews.com\/wp-content\/uploads\/Ninho-do-Urubu.webp\",\"articleSection\":[\"Negocia\u00e7\u00f5es\"],\"inLanguage\":\"pt-BR\",\"potentialAction\":[{\"@type\":\"CommentAction\",\"name\":\"Comment\",\"target\":[\"https:\/\/www.gaveanews.com\/index.php\/2022\/05\/21\/flamengo-vence-a-concorrencia-e-contrata-volante-colombiano\/#respond\"]}],\"copyrightYear\":\"2022\",\"copyrightHolder\":{\"@id\":\"https:\/\/www.gaveanews.com\/#organization\"}},{\"@type\":\"WebPage\",\"@id\":\"https:\/\/www.gaveanews.com\/index.php\/2022\/05\/21\/flamengo-vence-a-concorrencia-e-contrata-volante-colombiano\/\",\"url\":\"https:\/\/www.gaveanews.com\/index.php\/2022\/05\/21\/flamengo-vence-a-concorrencia-e-contrata-volante-colombiano\/\",\"name\":\"Flamengo vence a concorr\u00eancia e contrata volante colombiano\",\"isPartOf\":{\"@id\":\"https:\/\/www.gaveanews.com\/#website\"},\"primaryImageOfPage\":{\"@id\":\"https:\/\/www.gaveanews.com\/index.php\/2022\/05\/21\/flamengo-vence-a-concorrencia-e-contrata-volante-colombiano\/#primaryimage\"},\"image\":{\"@id\":\"https:\/\/www.gaveanews.com\/index.php\/2022\/05\/21\/flamengo-vence-a-concorrencia-e-contrata-volante-colombiano\/#primaryimage\"},\"thumbnailUrl\":\"https:\/\/www.gaveanews.com\/wp-content\/uploads\/Ninho-do-Urubu.webp\",\"datePublished\":\"2022-05-21T20:35:47+00:00\",\"author\":{\"@id\":\"https:\/\/www.gaveanews.com\/#\/schema\/person\/2ec14f73fb96be2caf28f91afb14749d\"},\"description\":\"\\\"Quando me falaram Flamengo, eu imediatamente tomei a decis\u00e3o, n\u00e3o perguntei quais outros clubes estavam interessados\\\".\",\"breadcrumb\":{\"@id\":\"https:\/\/www.gaveanews.com\/index.php\/2022\/05\/21\/flamengo-vence-a-concorrencia-e-contrata-volante-colombiano\/#breadcrumb\"},\"inLanguage\":\"pt-BR\",\"potentialAction\":[{\"@type\":\"ReadAction\",\"target\":[\"https:\/\/www.gaveanews.com\/index.php\/2022\/05\/21\/flamengo-vence-a-concorrencia-e-contrata-volante-colombiano\/\"]}]},{\"@type\":\"ImageObject\",\"inLanguage\":\"pt-BR\",\"@id\":\"https:\/\/www.gaveanews.com\/index.php\/2022\/05\/21\/flamengo-vence-a-concorrencia-e-contrata-volante-colombiano\/#primaryimage\",\"url\":\"https:\/\/www.gaveanews.com\/wp-content\/uploads\/Ninho-do-Urubu.webp\",\"contentUrl\":\"https:\/\/www.gaveanews.com\/wp-content\/uploads\/Ninho-do-Urubu.webp\",\"width\":846,\"height\":563,\"caption\":\"Ninho do Urubu (Foto: Alexandre Vidal\/Flamengo)\"},{\"@type\":\"BreadcrumbList\",\"@id\":\"https:\/\/www.gaveanews.com\/index.php\/2022\/05\/21\/flamengo-vence-a-concorrencia-e-contrata-volante-colombiano\/#breadcrumb\",\"itemListElement\":[{\"@type\":\"ListItem\",\"position\":1,\"name\":\"Home\",\"item\":\"https:\/\/www.gaveanews.com\/\"},{\"@type\":\"ListItem\",\"position\":2,\"name\":\"Flamengo vence a concorr\u00eancia e contrata volante colombiano\"}]},{\"@type\":\"WebSite\",\"@id\":\"https:\/\/www.gaveanews.com\/#website\",\"url\":\"https:\/\/www.gaveanews.com\/\",\"name\":\"G\u00e1vea News\",\"description\":\"Veja todas as not\u00edcias sobre o Flamengo: Contrata\u00e7\u00f5es, categorias de base, resultados das partidas, tabela de classifica\u00e7\u00e3o, pr\u00f3ximos jogos!\",\"potentialAction\":[{\"@type\":\"SearchAction\",\"target\":{\"@type\":\"EntryPoint\",\"urlTemplate\":\"https:\/\/www.gaveanews.com\/?s={search_term_string}\"},\"query-input\":{\"@type\":\"PropertyValueSpecification\",\"valueRequired\":true,\"valueName\":\"search_term_string\"}}],\"inLanguage\":\"pt-BR\"},{\"@type\":\"Person\",\"@id\":\"https:\/\/www.gaveanews.com\/#\/schema\/person\/2ec14f73fb96be2caf28f91afb14749d\",\"name\":\"Equipe G\u00e1vea News\",\"image\":{\"@type\":\"ImageObject\",\"inLanguage\":\"pt-BR\",\"@id\":\"https:\/\/www.gaveanews.com\/#\/schema\/person\/image\/\",\"url\":\"https:\/\/secure.gravatar.com\/avatar\/1e1956f1facbffd3f8fa53a326721950116b3b9dc9bd44939c01180fd4a745a9?s=96&d=mm&r=g\",\"contentUrl\":\"https:\/\/secure.gravatar.com\/avatar\/1e1956f1facbffd3f8fa53a326721950116b3b9dc9bd44939c01180fd4a745a9?s=96&d=mm&r=g\",\"caption\":\"Equipe G\u00e1vea News\"}}]}<\/script>\n<!-- \/ Yoast SEO Premium plugin. -->","yoast_head_json":{"title":"Flamengo vence a concorr\u00eancia e contrata volante colombiano","description":"\"Quando me falaram Flamengo, eu imediatamente tomei a decis\u00e3o, n\u00e3o perguntei quais outros clubes estavam interessados\".","robots":{"index":"index","follow":"follow","max-snippet":"max-snippet:-1","max-image-preview":"max-image-preview:large","max-video-preview":"max-video-preview:-1"},"canonical":"https:\/\/www.gaveanews.com\/index.php\/2022\/05\/21\/flamengo-vence-a-concorrencia-e-contrata-volante-colombiano\/","og_locale":"pt_BR","og_type":"article","og_title":"Flamengo vence a concorr\u00eancia e contrata volante colombiano","og_description":"\"Quando me falaram Flamengo, eu imediatamente tomei a decis\u00e3o, n\u00e3o perguntei quais outros clubes estavam interessados\".","og_url":"https:\/\/www.gaveanews.com\/index.php\/2022\/05\/21\/flamengo-vence-a-concorrencia-e-contrata-volante-colombiano\/","og_site_name":"G\u00e1vea News","article_publisher":"https:\/\/facebook.com\/gaveaNews\/","article_published_time":"2022-05-21T20:35:47+00:00","og_image":[{"width":846,"height":563,"url":"https:\/\/www.gaveanews.com\/wp-content\/uploads\/Ninho-do-Urubu.webp","type":"image\/jpeg"}],"author":"Equipe G\u00e1vea News","twitter_card":"summary_large_image","twitter_misc":{"Escrito por":"Equipe G\u00e1vea News","Est. tempo de leitura":"1 minuto"},"schema":{"@context":"https:\/\/schema.org","@graph":[{"@type":"NewsArticle","@id":"https:\/\/www.gaveanews.com\/index.php\/2022\/05\/21\/flamengo-vence-a-concorrencia-e-contrata-volante-colombiano\/#article","isPartOf":{"@id":"https:\/\/www.gaveanews.com\/index.php\/2022\/05\/21\/flamengo-vence-a-concorrencia-e-contrata-volante-colombiano\/"},"author":{"name":"Equipe G\u00e1vea News","@id":"https:\/\/www.gaveanews.com\/#\/schema\/person\/2ec14f73fb96be2caf28f91afb14749d"},"headline":"Flamengo vence a concorr\u00eancia e contrata volante colombiano","datePublished":"2022-05-21T20:35:47+00:00","mainEntityOfPage":{"@id":"https:\/\/www.gaveanews.com\/index.php\/2022\/05\/21\/flamengo-vence-a-concorrencia-e-contrata-volante-colombiano\/"},"wordCount":171,"commentCount":0,"image":{"@id":"https:\/\/www.gaveanews.com\/index.php\/2022\/05\/21\/flamengo-vence-a-concorrencia-e-contrata-volante-colombiano\/#primaryimage"},"thumbnailUrl":"https:\/\/www.gaveanews.com\/wp-content\/uploads\/Ninho-do-Urubu.webp","articleSection":["Negocia\u00e7\u00f5es"],"inLanguage":"pt-BR","potentialAction":[{"@type":"CommentAction","name":"Comment","target":["https:\/\/www.gaveanews.com\/index.php\/2022\/05\/21\/flamengo-vence-a-concorrencia-e-contrata-volante-colombiano\/#respond"]}],"copyrightYear":"2022","copyrightHolder":{"@id":"https:\/\/www.gaveanews.com\/#organization"}},{"@type":"WebPage","@id":"https:\/\/www.gaveanews.com\/index.php\/2022\/05\/21\/flamengo-vence-a-concorrencia-e-contrata-volante-colombiano\/","url":"https:\/\/www.gaveanews.com\/index.php\/2022\/05\/21\/flamengo-vence-a-concorrencia-e-contrata-volante-colombiano\/","name":"Flamengo vence a concorr\u00eancia e contrata volante colombiano","isPartOf":{"@id":"https:\/\/www.gaveanews.com\/#website"},"primaryImageOfPage":{"@id":"https:\/\/www.gaveanews.com\/index.php\/2022\/05\/21\/flamengo-vence-a-concorrencia-e-contrata-volante-colombiano\/#primaryimage"},"image":{"@id":"https:\/\/www.gaveanews.com\/index.php\/2022\/05\/21\/flamengo-vence-a-concorrencia-e-contrata-volante-colombiano\/#primaryimage"},"thumbnailUrl":"https:\/\/www.gaveanews.com\/wp-content\/uploads\/Ninho-do-Urubu.webp","datePublished":"2022-05-21T20:35:47+00:00","author":{"@id":"https:\/\/www.gaveanews.com\/#\/schema\/person\/2ec14f73fb96be2caf28f91afb14749d"},"description":"\"Quando me falaram Flamengo, eu imediatamente tomei a decis\u00e3o, n\u00e3o perguntei quais outros clubes estavam interessados\".","breadcrumb":{"@id":"https:\/\/www.gaveanews.com\/index.php\/2022\/05\/21\/flamengo-vence-a-concorrencia-e-contrata-volante-colombiano\/#breadcrumb"},"inLanguage":"pt-BR","potentialAction":[{"@type":"ReadAction","target":["https:\/\/www.gaveanews.com\/index.php\/2022\/05\/21\/flamengo-vence-a-concorrencia-e-contrata-volante-colombiano\/"]}]},{"@type":"ImageObject","inLanguage":"pt-BR","@id":"https:\/\/www.gaveanews.com\/index.php\/2022\/05\/21\/flamengo-vence-a-concorrencia-e-contrata-volante-colombiano\/#primaryimage","url":"https:\/\/www.gaveanews.com\/wp-content\/uploads\/Ninho-do-Urubu.webp","contentUrl":"https:\/\/www.gaveanews.com\/wp-content\/uploads\/Ninho-do-Urubu.webp","width":846,"height":563,"caption":"Ninho do Urubu (Foto: Alexandre Vidal\/Flamengo)"},{"@type":"BreadcrumbList","@id":"https:\/\/www.gaveanews.com\/index.php\/2022\/05\/21\/flamengo-vence-a-concorrencia-e-contrata-volante-colombiano\/#breadcrumb","itemListElement":[{"@type":"ListItem","position":1,"name":"Home","item":"https:\/\/www.gaveanews.com\/"},{"@type":"ListItem","position":2,"name":"Flamengo vence a concorr\u00eancia e contrata volante colombiano"}]},{"@type":"WebSite","@id":"https:\/\/www.gaveanews.com\/#website","url":"https:\/\/www.gaveanews.com\/","name":"G\u00e1vea News","description":"Veja todas as not\u00edcias sobre o Flamengo: Contrata\u00e7\u00f5es, categorias de base, resultados das partidas, tabela de classifica\u00e7\u00e3o, pr\u00f3ximos jogos!","potentialAction":[{"@type":"SearchAction","target":{"@type":"EntryPoint","urlTemplate":"https:\/\/www.gaveanews.com\/?s={search_term_string}"},"query-input":{"@type":"PropertyValueSpecification","valueRequired":true,"valueName":"search_term_string"}}],"inLanguage":"pt-BR"},{"@type":"Person","@id":"https:\/\/www.gaveanews.com\/#\/schema\/person\/2ec14f73fb96be2caf28f91afb14749d","name":"Equipe G\u00e1vea News","image":{"@type":"ImageObject","inLanguage":"pt-BR","@id":"https:\/\/www.gaveanews.com\/#\/schema\/person\/image\/","url":"https:\/\/secure.gravatar.com\/avatar\/1e1956f1facbffd3f8fa53a326721950116b3b9dc9bd44939c01180fd4a745a9?s=96&d=mm&r=g","contentUrl":"https:\/\/secure.gravatar.com\/avatar\/1e1956f1facbffd3f8fa53a326721950116b3b9dc9bd44939c01180fd4a745a9?s=96&d=mm&r=g","caption":"Equipe G\u00e1vea News"}}]}},"_links":{"self":[{"href":"https:\/\/www.gaveanews.com\/index.php\/wp-json\/wp\/v2\/posts\/81924","targetHints":{"allow":["GET"]}}],"collection":[{"href":"https:\/\/www.gaveanews.com\/index.php\/wp-json\/wp\/v2\/posts"}],"about":[{"href":"https:\/\/www.gaveanews.com\/index.php\/wp-json\/wp\/v2\/types\/post"}],"author":[{"embeddable":true,"href":"https:\/\/www.gaveanews.com\/index.php\/wp-json\/wp\/v2\/users\/1"}],"replies":[{"embeddable":true,"href":"https:\/\/www.gaveanews.com\/index.php\/wp-json\/wp\/v2\/comments?post=81924"}],"version-history":[{"count":0,"href":"https:\/\/www.gaveanews.com\/index.php\/wp-json\/wp\/v2\/posts\/81924\/revisions"}],"wp:featuredmedia":[{"embeddable":true,"href":"https:\/\/www.gaveanews.com\/index.php\/wp-json\/wp\/v2\/media\/76324"}],"wp:attachment":[{"href":"https:\/\/www.gaveanews.com\/index.php\/wp-json\/wp\/v2\/media?parent=81924"}],"wp:term":[{"taxonomy":"category","embeddable":true,"href":"https:\/\/www.gaveanews.com\/index.php\/wp-json\/wp\/v2\/categories?post=81924"},{"taxonomy":"post_tag","embeddable":true,"href":"https:\/\/www.gaveanews.com\/index.php\/wp-json\/wp\/v2\/tags?post=81924"}],"curies":[{"name":"wp","href":"https:\/\/api.w.org\/{rel}","templated":true}]}}