{"id":81927,"date":"2022-05-21T18:40:01","date_gmt":"2022-05-21T21:40:01","guid":{"rendered":"https:\/\/www.gaveanews.com\/?p=81927"},"modified":"2022-05-21T18:40:01","modified_gmt":"2022-05-21T21:40:01","slug":"gabigol-pedro-guilherme-de-arrascaeta-matheuzinho-ayrton-lucas-everton-ribeiro-willian-arao-joao-gomes-e-companhia-as-notas-dos-jogadores-do-flamengo","status":"publish","type":"post","link":"https:\/\/www.gaveanews.com\/index.php\/2022\/05\/21\/gabigol-pedro-guilherme-de-arrascaeta-matheuzinho-ayrton-lucas-everton-ribeiro-willian-arao-joao-gomes-e-companhia-as-notas-dos-jogadores-do-flamengo\/","title":{"rendered":"Gabigol, Pedro Guilherme, De Arrascaeta, Matheuzinho, Ayrton Lucas, Everton Ribeiro, Willian Ar\u00e3o, Jo\u00e3o Gomes e companhia: As notas dos jogadores do Flamengo"},"content":{"rendered":"<p>Na noite deste s\u00e1bado (21 de maio), o time do Flamengo recebeu a equipe do Goi\u00e1s, no est\u00e1dio do Maracan\u00e3, em partida v\u00e1lida pela 7\u00aa rodada do Campeonato Brasileiro. O resultado final do jogo foi: Flamengo 1&#215;0 Goi\u00e1s.<\/p>\n<p>O primeiro e \u00fanico gol do duelo foi assinalado por Pedro, que come\u00e7ou como titular, ao lado de Gabigol. O camisa 21 recebeu um cruzamento a\u00e7ucarado do lateral Matheuzinho, e apenas empurrou a bola para o fundo das redes do goleiro Tadeu.<\/p>\n<p>Dado este contexto, confira abaixo as notas e as analises dos jogadores do Flamengo segundo o portal Globo Esporte.<\/p>\n<h2>Gabigol<\/h2>\n<p>Com Arrascaeta abaixo da m\u00e9dia e Everton Ribeiro tendo que ajudar mais do que o habitual defensivamente, foi o principal armador do Flamengo com intensa movimenta\u00e7\u00e3o. Iniciou a jogada do primeiro gol com belo passe de trivela para Matheuzinho. <strong>Nota: 7,5<\/strong><\/p>\n<h2>Pedro Guilherme<\/h2>\n<p>O melhor jogo de Pedro em 2022. Al\u00e9m da finaliza\u00e7\u00e3o certeira no gol, saiu muito da \u00e1rea para combater e movimentou-se bastante. Foi comum v\u00ea-lo voltando para dar combate no campo de defesa. Al\u00e9m disso, ajudou no jogo a\u00e9reo defensivo. <strong>Nota: 7,5<\/strong><\/p>\n<h2>Matheuzinho e Ayrton Lucas<\/h2>\n<p>L\u00edder de desarmes no jogo, Matheuzinho defendeu muito bem e cruzou na medida para Pedro abrir o placar. No outro lado, Ayrton foi dominante no duelo direto com Apodi. No final, quase comprometeu sua atua\u00e7\u00e3o com erro infantil, mas contou com a sorte ao ver Apodi isolar. Grande atua\u00e7\u00e3o dos laterais. <strong>Nota: 7,0<\/strong><\/p>\n<h2>Rodrigo Caio<\/h2>\n<p>Segunda partida em que ficou os 90 minutos no jogo. Mais uma vez n\u00e3o errou nenhum passe e foi preciso no combate. <strong>Nota: 7,0<\/strong><\/p>\n<div class=\"mc-column content-text active-extra-styles \" data-block-type=\"unstyled\" data-block-weight=\"3\" data-block-id=\"11\">\n<h2 class=\"content-text__container \" data-track-category=\"Link no Texto\">Notas dos jogadores do Flamengo<\/h2>\n<\/div>\n<div class=\"mc-column content-text active-extra-styles\" data-block-type=\"raw\" data-block-weight=\"27\" data-block-id=\"12\">\n<ul class=\"content-unordered-list\">\n<li>Hugo: 6,0<\/li>\n<li>Matheuzinho: 7,0<\/li>\n<li>Rodrigo Caio: 7,0<\/li>\n<li>Pablo: 7,0<\/li>\n<li>Ayrton Lucas: 7,0<\/li>\n<li>Willian Ar\u00e3o: 6,0<\/li>\n<li>Everton Ribeiro: 6,5<\/li>\n<li>Arrascaeta: 5,0<\/li>\n<li>Bruno Henrique: 5,0<\/li>\n<li>Pedro: 7,5<\/li>\n<li>Gabigol: 7,5<\/li>\n<li>Andreas: 5,0<\/li>\n<li>L\u00e1zaro: 5,5<\/li>\n<li>Jo\u00e3o Gomes: 5,5<\/li>\n<li>Thiago Maia: sem nota<\/li>\n<\/ul>\n<\/div>\n<div class=\"mc-column content-text active-extra-styles\" data-block-type=\"raw\" data-block-weight=\"11\" data-block-id=\"14\"><\/div>\n","protected":false},"excerpt":{"rendered":"<p>Na noite deste s\u00e1bado (21 de maio), o time do Flamengo recebeu a equipe do Goi\u00e1s, no est\u00e1dio do Maracan\u00e3, em partida v\u00e1lida pela 7\u00aa rodada do Campeonato Brasileiro. O resultado final do jogo foi: Flamengo 1&#215;0 Goi\u00e1s. O primeiro e \u00fanico gol do duelo foi assinalado por Pedro, que come\u00e7ou como titular, ao lado [&hellip;]<\/p>\n","protected":false},"author":1,"featured_media":81784,"comment_status":"open","ping_status":"closed","sticky":false,"template":"","format":"standard","meta":{"footnotes":""},"categories":[47],"tags":[],"class_list":["post-81927","post","type-post","status-publish","format-standard","has-post-thumbnail","hentry","category-destaques"],"yoast_head":"<!-- This site is optimized with the Yoast SEO Premium plugin v24.2 (Yoast SEO v26.9) - https:\/\/yoast.com\/product\/yoast-seo-premium-wordpress\/ -->\n<title>Gabigol, Pedro Guilherme, De Arrascaeta, Matheuzinho, Ayrton Lucas, Everton Ribeiro, Willian Ar\u00e3o, Jo\u00e3o Gomes e companhia: As notas dos jogadores do Flamengo<\/title>\n<meta name=\"robots\" content=\"index, follow, max-snippet:-1, max-image-preview:large, max-video-preview:-1\" \/>\n<link rel=\"canonical\" href=\"https:\/\/www.gaveanews.com\/index.php\/2022\/05\/21\/gabigol-pedro-guilherme-de-arrascaeta-matheuzinho-ayrton-lucas-everton-ribeiro-willian-arao-joao-gomes-e-companhia-as-notas-dos-jogadores-do-flamengo\/\" \/>\n<meta property=\"og:locale\" content=\"pt_BR\" \/>\n<meta property=\"og:type\" content=\"article\" \/>\n<meta property=\"og:title\" content=\"Gabigol, Pedro Guilherme, De Arrascaeta, Matheuzinho, Ayrton Lucas, Everton Ribeiro, Willian Ar\u00e3o, Jo\u00e3o Gomes e companhia: As notas dos jogadores do Flamengo\" \/>\n<meta property=\"og:description\" content=\"Na noite deste s\u00e1bado (21 de maio), o time do Flamengo recebeu a equipe do Goi\u00e1s, no est\u00e1dio do Maracan\u00e3, em partida v\u00e1lida pela 7\u00aa rodada do Campeonato Brasileiro. O resultado final do jogo foi: Flamengo 1&#215;0 Goi\u00e1s. O primeiro e \u00fanico gol do duelo foi assinalado por Pedro, que come\u00e7ou como titular, ao lado [&hellip;]\" \/>\n<meta property=\"og:url\" content=\"https:\/\/www.gaveanews.com\/index.php\/2022\/05\/21\/gabigol-pedro-guilherme-de-arrascaeta-matheuzinho-ayrton-lucas-everton-ribeiro-willian-arao-joao-gomes-e-companhia-as-notas-dos-jogadores-do-flamengo\/\" \/>\n<meta property=\"og:site_name\" content=\"G\u00e1vea News\" \/>\n<meta property=\"article:publisher\" content=\"https:\/\/facebook.com\/gaveaNews\/\" \/>\n<meta property=\"article:published_time\" content=\"2022-05-21T21:40:01+00:00\" \/>\n<meta property=\"og:image\" content=\"https:\/\/www.gaveanews.com\/wp-content\/uploads\/Pedro-comemora-golaco-marcado-pelo-Flamengo-contra-a-Universidad-Catolica-na-Libertadores.webp\" \/>\n\t<meta property=\"og:image:width\" content=\"799\" \/>\n\t<meta property=\"og:image:height\" content=\"533\" \/>\n\t<meta property=\"og:image:type\" content=\"image\/jpeg\" \/>\n<meta name=\"author\" content=\"Equipe G\u00e1vea News\" \/>\n<meta name=\"twitter:card\" content=\"summary_large_image\" \/>\n<meta name=\"twitter:label1\" content=\"Escrito por\" \/>\n\t<meta name=\"twitter:data1\" content=\"Equipe G\u00e1vea News\" \/>\n\t<meta name=\"twitter:label2\" content=\"Est. tempo de leitura\" \/>\n\t<meta name=\"twitter:data2\" content=\"2 minutos\" \/>\n<script type=\"application\/ld+json\" class=\"yoast-schema-graph\">{\"@context\":\"https:\/\/schema.org\",\"@graph\":[{\"@type\":\"NewsArticle\",\"@id\":\"https:\/\/www.gaveanews.com\/index.php\/2022\/05\/21\/gabigol-pedro-guilherme-de-arrascaeta-matheuzinho-ayrton-lucas-everton-ribeiro-willian-arao-joao-gomes-e-companhia-as-notas-dos-jogadores-do-flamengo\/#article\",\"isPartOf\":{\"@id\":\"https:\/\/www.gaveanews.com\/index.php\/2022\/05\/21\/gabigol-pedro-guilherme-de-arrascaeta-matheuzinho-ayrton-lucas-everton-ribeiro-willian-arao-joao-gomes-e-companhia-as-notas-dos-jogadores-do-flamengo\/\"},\"author\":{\"name\":\"Equipe G\u00e1vea News\",\"@id\":\"https:\/\/www.gaveanews.com\/#\/schema\/person\/2ec14f73fb96be2caf28f91afb14749d\"},\"headline\":\"Gabigol, Pedro Guilherme, De Arrascaeta, Matheuzinho, Ayrton Lucas, Everton Ribeiro, Willian Ar\u00e3o, Jo\u00e3o Gomes e companhia: As notas dos jogadores do Flamengo\",\"datePublished\":\"2022-05-21T21:40:01+00:00\",\"mainEntityOfPage\":{\"@id\":\"https:\/\/www.gaveanews.com\/index.php\/2022\/05\/21\/gabigol-pedro-guilherme-de-arrascaeta-matheuzinho-ayrton-lucas-everton-ribeiro-willian-arao-joao-gomes-e-companhia-as-notas-dos-jogadores-do-flamengo\/\"},\"wordCount\":333,\"commentCount\":0,\"image\":{\"@id\":\"https:\/\/www.gaveanews.com\/index.php\/2022\/05\/21\/gabigol-pedro-guilherme-de-arrascaeta-matheuzinho-ayrton-lucas-everton-ribeiro-willian-arao-joao-gomes-e-companhia-as-notas-dos-jogadores-do-flamengo\/#primaryimage\"},\"thumbnailUrl\":\"https:\/\/www.gaveanews.com\/wp-content\/uploads\/Pedro-comemora-golaco-marcado-pelo-Flamengo-contra-a-Universidad-Catolica-na-Libertadores.webp\",\"articleSection\":[\"Destaques\"],\"inLanguage\":\"pt-BR\",\"potentialAction\":[{\"@type\":\"CommentAction\",\"name\":\"Comment\",\"target\":[\"https:\/\/www.gaveanews.com\/index.php\/2022\/05\/21\/gabigol-pedro-guilherme-de-arrascaeta-matheuzinho-ayrton-lucas-everton-ribeiro-willian-arao-joao-gomes-e-companhia-as-notas-dos-jogadores-do-flamengo\/#respond\"]}],\"copyrightYear\":\"2022\",\"copyrightHolder\":{\"@id\":\"https:\/\/www.gaveanews.com\/#organization\"}},{\"@type\":\"WebPage\",\"@id\":\"https:\/\/www.gaveanews.com\/index.php\/2022\/05\/21\/gabigol-pedro-guilherme-de-arrascaeta-matheuzinho-ayrton-lucas-everton-ribeiro-willian-arao-joao-gomes-e-companhia-as-notas-dos-jogadores-do-flamengo\/\",\"url\":\"https:\/\/www.gaveanews.com\/index.php\/2022\/05\/21\/gabigol-pedro-guilherme-de-arrascaeta-matheuzinho-ayrton-lucas-everton-ribeiro-willian-arao-joao-gomes-e-companhia-as-notas-dos-jogadores-do-flamengo\/\",\"name\":\"Gabigol, Pedro Guilherme, De Arrascaeta, Matheuzinho, Ayrton Lucas, Everton Ribeiro, Willian Ar\u00e3o, Jo\u00e3o Gomes e companhia: As notas dos jogadores do Flamengo\",\"isPartOf\":{\"@id\":\"https:\/\/www.gaveanews.com\/#website\"},\"primaryImageOfPage\":{\"@id\":\"https:\/\/www.gaveanews.com\/index.php\/2022\/05\/21\/gabigol-pedro-guilherme-de-arrascaeta-matheuzinho-ayrton-lucas-everton-ribeiro-willian-arao-joao-gomes-e-companhia-as-notas-dos-jogadores-do-flamengo\/#primaryimage\"},\"image\":{\"@id\":\"https:\/\/www.gaveanews.com\/index.php\/2022\/05\/21\/gabigol-pedro-guilherme-de-arrascaeta-matheuzinho-ayrton-lucas-everton-ribeiro-willian-arao-joao-gomes-e-companhia-as-notas-dos-jogadores-do-flamengo\/#primaryimage\"},\"thumbnailUrl\":\"https:\/\/www.gaveanews.com\/wp-content\/uploads\/Pedro-comemora-golaco-marcado-pelo-Flamengo-contra-a-Universidad-Catolica-na-Libertadores.webp\",\"datePublished\":\"2022-05-21T21:40:01+00:00\",\"author\":{\"@id\":\"https:\/\/www.gaveanews.com\/#\/schema\/person\/2ec14f73fb96be2caf28f91afb14749d\"},\"breadcrumb\":{\"@id\":\"https:\/\/www.gaveanews.com\/index.php\/2022\/05\/21\/gabigol-pedro-guilherme-de-arrascaeta-matheuzinho-ayrton-lucas-everton-ribeiro-willian-arao-joao-gomes-e-companhia-as-notas-dos-jogadores-do-flamengo\/#breadcrumb\"},\"inLanguage\":\"pt-BR\",\"potentialAction\":[{\"@type\":\"ReadAction\",\"target\":[\"https:\/\/www.gaveanews.com\/index.php\/2022\/05\/21\/gabigol-pedro-guilherme-de-arrascaeta-matheuzinho-ayrton-lucas-everton-ribeiro-willian-arao-joao-gomes-e-companhia-as-notas-dos-jogadores-do-flamengo\/\"]}]},{\"@type\":\"ImageObject\",\"inLanguage\":\"pt-BR\",\"@id\":\"https:\/\/www.gaveanews.com\/index.php\/2022\/05\/21\/gabigol-pedro-guilherme-de-arrascaeta-matheuzinho-ayrton-lucas-everton-ribeiro-willian-arao-joao-gomes-e-companhia-as-notas-dos-jogadores-do-flamengo\/#primaryimage\",\"url\":\"https:\/\/www.gaveanews.com\/wp-content\/uploads\/Pedro-comemora-golaco-marcado-pelo-Flamengo-contra-a-Universidad-Catolica-na-Libertadores.webp\",\"contentUrl\":\"https:\/\/www.gaveanews.com\/wp-content\/uploads\/Pedro-comemora-golaco-marcado-pelo-Flamengo-contra-a-Universidad-Catolica-na-Libertadores.webp\",\"width\":799,\"height\":533,\"caption\":\"Pedro comemora gola\u00e7o marcado pelo Flamengo contra a Universidad Cat\u00f3lica na Libertadores (Foto: Alexandre Vidal\/Flamengo)\"},{\"@type\":\"BreadcrumbList\",\"@id\":\"https:\/\/www.gaveanews.com\/index.php\/2022\/05\/21\/gabigol-pedro-guilherme-de-arrascaeta-matheuzinho-ayrton-lucas-everton-ribeiro-willian-arao-joao-gomes-e-companhia-as-notas-dos-jogadores-do-flamengo\/#breadcrumb\",\"itemListElement\":[{\"@type\":\"ListItem\",\"position\":1,\"name\":\"Home\",\"item\":\"https:\/\/www.gaveanews.com\/\"},{\"@type\":\"ListItem\",\"position\":2,\"name\":\"Gabigol, Pedro Guilherme, De Arrascaeta, Matheuzinho, Ayrton Lucas, Everton Ribeiro, Willian Ar\u00e3o, Jo\u00e3o Gomes e companhia: As notas dos jogadores do Flamengo\"}]},{\"@type\":\"WebSite\",\"@id\":\"https:\/\/www.gaveanews.com\/#website\",\"url\":\"https:\/\/www.gaveanews.com\/\",\"name\":\"G\u00e1vea News\",\"description\":\"Veja todas as not\u00edcias sobre o Flamengo: Contrata\u00e7\u00f5es, categorias de base, resultados das partidas, tabela de classifica\u00e7\u00e3o, pr\u00f3ximos jogos!\",\"potentialAction\":[{\"@type\":\"SearchAction\",\"target\":{\"@type\":\"EntryPoint\",\"urlTemplate\":\"https:\/\/www.gaveanews.com\/?s={search_term_string}\"},\"query-input\":{\"@type\":\"PropertyValueSpecification\",\"valueRequired\":true,\"valueName\":\"search_term_string\"}}],\"inLanguage\":\"pt-BR\"},{\"@type\":\"Person\",\"@id\":\"https:\/\/www.gaveanews.com\/#\/schema\/person\/2ec14f73fb96be2caf28f91afb14749d\",\"name\":\"Equipe G\u00e1vea News\",\"image\":{\"@type\":\"ImageObject\",\"inLanguage\":\"pt-BR\",\"@id\":\"https:\/\/www.gaveanews.com\/#\/schema\/person\/image\/\",\"url\":\"https:\/\/secure.gravatar.com\/avatar\/1e1956f1facbffd3f8fa53a326721950116b3b9dc9bd44939c01180fd4a745a9?s=96&d=mm&r=g\",\"contentUrl\":\"https:\/\/secure.gravatar.com\/avatar\/1e1956f1facbffd3f8fa53a326721950116b3b9dc9bd44939c01180fd4a745a9?s=96&d=mm&r=g\",\"caption\":\"Equipe G\u00e1vea News\"}}]}<\/script>\n<!-- \/ Yoast SEO Premium plugin. -->","yoast_head_json":{"title":"Gabigol, Pedro Guilherme, De Arrascaeta, Matheuzinho, Ayrton Lucas, Everton Ribeiro, Willian Ar\u00e3o, Jo\u00e3o Gomes e companhia: As notas dos jogadores do Flamengo","robots":{"index":"index","follow":"follow","max-snippet":"max-snippet:-1","max-image-preview":"max-image-preview:large","max-video-preview":"max-video-preview:-1"},"canonical":"https:\/\/www.gaveanews.com\/index.php\/2022\/05\/21\/gabigol-pedro-guilherme-de-arrascaeta-matheuzinho-ayrton-lucas-everton-ribeiro-willian-arao-joao-gomes-e-companhia-as-notas-dos-jogadores-do-flamengo\/","og_locale":"pt_BR","og_type":"article","og_title":"Gabigol, Pedro Guilherme, De Arrascaeta, Matheuzinho, Ayrton Lucas, Everton Ribeiro, Willian Ar\u00e3o, Jo\u00e3o Gomes e companhia: As notas dos jogadores do Flamengo","og_description":"Na noite deste s\u00e1bado (21 de maio), o time do Flamengo recebeu a equipe do Goi\u00e1s, no est\u00e1dio do Maracan\u00e3, em partida v\u00e1lida pela 7\u00aa rodada do Campeonato Brasileiro. O resultado final do jogo foi: Flamengo 1&#215;0 Goi\u00e1s. O primeiro e \u00fanico gol do duelo foi assinalado por Pedro, que come\u00e7ou como titular, ao lado [&hellip;]","og_url":"https:\/\/www.gaveanews.com\/index.php\/2022\/05\/21\/gabigol-pedro-guilherme-de-arrascaeta-matheuzinho-ayrton-lucas-everton-ribeiro-willian-arao-joao-gomes-e-companhia-as-notas-dos-jogadores-do-flamengo\/","og_site_name":"G\u00e1vea News","article_publisher":"https:\/\/facebook.com\/gaveaNews\/","article_published_time":"2022-05-21T21:40:01+00:00","og_image":[{"width":799,"height":533,"url":"https:\/\/www.gaveanews.com\/wp-content\/uploads\/Pedro-comemora-golaco-marcado-pelo-Flamengo-contra-a-Universidad-Catolica-na-Libertadores.webp","type":"image\/jpeg"}],"author":"Equipe G\u00e1vea News","twitter_card":"summary_large_image","twitter_misc":{"Escrito por":"Equipe G\u00e1vea News","Est. tempo de leitura":"2 minutos"},"schema":{"@context":"https:\/\/schema.org","@graph":[{"@type":"NewsArticle","@id":"https:\/\/www.gaveanews.com\/index.php\/2022\/05\/21\/gabigol-pedro-guilherme-de-arrascaeta-matheuzinho-ayrton-lucas-everton-ribeiro-willian-arao-joao-gomes-e-companhia-as-notas-dos-jogadores-do-flamengo\/#article","isPartOf":{"@id":"https:\/\/www.gaveanews.com\/index.php\/2022\/05\/21\/gabigol-pedro-guilherme-de-arrascaeta-matheuzinho-ayrton-lucas-everton-ribeiro-willian-arao-joao-gomes-e-companhia-as-notas-dos-jogadores-do-flamengo\/"},"author":{"name":"Equipe G\u00e1vea News","@id":"https:\/\/www.gaveanews.com\/#\/schema\/person\/2ec14f73fb96be2caf28f91afb14749d"},"headline":"Gabigol, Pedro Guilherme, De Arrascaeta, Matheuzinho, Ayrton Lucas, Everton Ribeiro, Willian Ar\u00e3o, Jo\u00e3o Gomes e companhia: As notas dos jogadores do Flamengo","datePublished":"2022-05-21T21:40:01+00:00","mainEntityOfPage":{"@id":"https:\/\/www.gaveanews.com\/index.php\/2022\/05\/21\/gabigol-pedro-guilherme-de-arrascaeta-matheuzinho-ayrton-lucas-everton-ribeiro-willian-arao-joao-gomes-e-companhia-as-notas-dos-jogadores-do-flamengo\/"},"wordCount":333,"commentCount":0,"image":{"@id":"https:\/\/www.gaveanews.com\/index.php\/2022\/05\/21\/gabigol-pedro-guilherme-de-arrascaeta-matheuzinho-ayrton-lucas-everton-ribeiro-willian-arao-joao-gomes-e-companhia-as-notas-dos-jogadores-do-flamengo\/#primaryimage"},"thumbnailUrl":"https:\/\/www.gaveanews.com\/wp-content\/uploads\/Pedro-comemora-golaco-marcado-pelo-Flamengo-contra-a-Universidad-Catolica-na-Libertadores.webp","articleSection":["Destaques"],"inLanguage":"pt-BR","potentialAction":[{"@type":"CommentAction","name":"Comment","target":["https:\/\/www.gaveanews.com\/index.php\/2022\/05\/21\/gabigol-pedro-guilherme-de-arrascaeta-matheuzinho-ayrton-lucas-everton-ribeiro-willian-arao-joao-gomes-e-companhia-as-notas-dos-jogadores-do-flamengo\/#respond"]}],"copyrightYear":"2022","copyrightHolder":{"@id":"https:\/\/www.gaveanews.com\/#organization"}},{"@type":"WebPage","@id":"https:\/\/www.gaveanews.com\/index.php\/2022\/05\/21\/gabigol-pedro-guilherme-de-arrascaeta-matheuzinho-ayrton-lucas-everton-ribeiro-willian-arao-joao-gomes-e-companhia-as-notas-dos-jogadores-do-flamengo\/","url":"https:\/\/www.gaveanews.com\/index.php\/2022\/05\/21\/gabigol-pedro-guilherme-de-arrascaeta-matheuzinho-ayrton-lucas-everton-ribeiro-willian-arao-joao-gomes-e-companhia-as-notas-dos-jogadores-do-flamengo\/","name":"Gabigol, Pedro Guilherme, De Arrascaeta, Matheuzinho, Ayrton Lucas, Everton Ribeiro, Willian Ar\u00e3o, Jo\u00e3o Gomes e companhia: As notas dos jogadores do Flamengo","isPartOf":{"@id":"https:\/\/www.gaveanews.com\/#website"},"primaryImageOfPage":{"@id":"https:\/\/www.gaveanews.com\/index.php\/2022\/05\/21\/gabigol-pedro-guilherme-de-arrascaeta-matheuzinho-ayrton-lucas-everton-ribeiro-willian-arao-joao-gomes-e-companhia-as-notas-dos-jogadores-do-flamengo\/#primaryimage"},"image":{"@id":"https:\/\/www.gaveanews.com\/index.php\/2022\/05\/21\/gabigol-pedro-guilherme-de-arrascaeta-matheuzinho-ayrton-lucas-everton-ribeiro-willian-arao-joao-gomes-e-companhia-as-notas-dos-jogadores-do-flamengo\/#primaryimage"},"thumbnailUrl":"https:\/\/www.gaveanews.com\/wp-content\/uploads\/Pedro-comemora-golaco-marcado-pelo-Flamengo-contra-a-Universidad-Catolica-na-Libertadores.webp","datePublished":"2022-05-21T21:40:01+00:00","author":{"@id":"https:\/\/www.gaveanews.com\/#\/schema\/person\/2ec14f73fb96be2caf28f91afb14749d"},"breadcrumb":{"@id":"https:\/\/www.gaveanews.com\/index.php\/2022\/05\/21\/gabigol-pedro-guilherme-de-arrascaeta-matheuzinho-ayrton-lucas-everton-ribeiro-willian-arao-joao-gomes-e-companhia-as-notas-dos-jogadores-do-flamengo\/#breadcrumb"},"inLanguage":"pt-BR","potentialAction":[{"@type":"ReadAction","target":["https:\/\/www.gaveanews.com\/index.php\/2022\/05\/21\/gabigol-pedro-guilherme-de-arrascaeta-matheuzinho-ayrton-lucas-everton-ribeiro-willian-arao-joao-gomes-e-companhia-as-notas-dos-jogadores-do-flamengo\/"]}]},{"@type":"ImageObject","inLanguage":"pt-BR","@id":"https:\/\/www.gaveanews.com\/index.php\/2022\/05\/21\/gabigol-pedro-guilherme-de-arrascaeta-matheuzinho-ayrton-lucas-everton-ribeiro-willian-arao-joao-gomes-e-companhia-as-notas-dos-jogadores-do-flamengo\/#primaryimage","url":"https:\/\/www.gaveanews.com\/wp-content\/uploads\/Pedro-comemora-golaco-marcado-pelo-Flamengo-contra-a-Universidad-Catolica-na-Libertadores.webp","contentUrl":"https:\/\/www.gaveanews.com\/wp-content\/uploads\/Pedro-comemora-golaco-marcado-pelo-Flamengo-contra-a-Universidad-Catolica-na-Libertadores.webp","width":799,"height":533,"caption":"Pedro comemora gola\u00e7o marcado pelo Flamengo contra a Universidad Cat\u00f3lica na Libertadores (Foto: Alexandre Vidal\/Flamengo)"},{"@type":"BreadcrumbList","@id":"https:\/\/www.gaveanews.com\/index.php\/2022\/05\/21\/gabigol-pedro-guilherme-de-arrascaeta-matheuzinho-ayrton-lucas-everton-ribeiro-willian-arao-joao-gomes-e-companhia-as-notas-dos-jogadores-do-flamengo\/#breadcrumb","itemListElement":[{"@type":"ListItem","position":1,"name":"Home","item":"https:\/\/www.gaveanews.com\/"},{"@type":"ListItem","position":2,"name":"Gabigol, Pedro Guilherme, De Arrascaeta, Matheuzinho, Ayrton Lucas, Everton Ribeiro, Willian Ar\u00e3o, Jo\u00e3o Gomes e companhia: As notas dos jogadores do Flamengo"}]},{"@type":"WebSite","@id":"https:\/\/www.gaveanews.com\/#website","url":"https:\/\/www.gaveanews.com\/","name":"G\u00e1vea News","description":"Veja todas as not\u00edcias sobre o Flamengo: Contrata\u00e7\u00f5es, categorias de base, resultados das partidas, tabela de classifica\u00e7\u00e3o, pr\u00f3ximos jogos!","potentialAction":[{"@type":"SearchAction","target":{"@type":"EntryPoint","urlTemplate":"https:\/\/www.gaveanews.com\/?s={search_term_string}"},"query-input":{"@type":"PropertyValueSpecification","valueRequired":true,"valueName":"search_term_string"}}],"inLanguage":"pt-BR"},{"@type":"Person","@id":"https:\/\/www.gaveanews.com\/#\/schema\/person\/2ec14f73fb96be2caf28f91afb14749d","name":"Equipe G\u00e1vea News","image":{"@type":"ImageObject","inLanguage":"pt-BR","@id":"https:\/\/www.gaveanews.com\/#\/schema\/person\/image\/","url":"https:\/\/secure.gravatar.com\/avatar\/1e1956f1facbffd3f8fa53a326721950116b3b9dc9bd44939c01180fd4a745a9?s=96&d=mm&r=g","contentUrl":"https:\/\/secure.gravatar.com\/avatar\/1e1956f1facbffd3f8fa53a326721950116b3b9dc9bd44939c01180fd4a745a9?s=96&d=mm&r=g","caption":"Equipe G\u00e1vea News"}}]}},"_links":{"self":[{"href":"https:\/\/www.gaveanews.com\/index.php\/wp-json\/wp\/v2\/posts\/81927","targetHints":{"allow":["GET"]}}],"collection":[{"href":"https:\/\/www.gaveanews.com\/index.php\/wp-json\/wp\/v2\/posts"}],"about":[{"href":"https:\/\/www.gaveanews.com\/index.php\/wp-json\/wp\/v2\/types\/post"}],"author":[{"embeddable":true,"href":"https:\/\/www.gaveanews.com\/index.php\/wp-json\/wp\/v2\/users\/1"}],"replies":[{"embeddable":true,"href":"https:\/\/www.gaveanews.com\/index.php\/wp-json\/wp\/v2\/comments?post=81927"}],"version-history":[{"count":0,"href":"https:\/\/www.gaveanews.com\/index.php\/wp-json\/wp\/v2\/posts\/81927\/revisions"}],"wp:featuredmedia":[{"embeddable":true,"href":"https:\/\/www.gaveanews.com\/index.php\/wp-json\/wp\/v2\/media\/81784"}],"wp:attachment":[{"href":"https:\/\/www.gaveanews.com\/index.php\/wp-json\/wp\/v2\/media?parent=81927"}],"wp:term":[{"taxonomy":"category","embeddable":true,"href":"https:\/\/www.gaveanews.com\/index.php\/wp-json\/wp\/v2\/categories?post=81927"},{"taxonomy":"post_tag","embeddable":true,"href":"https:\/\/www.gaveanews.com\/index.php\/wp-json\/wp\/v2\/tags?post=81927"}],"curies":[{"name":"wp","href":"https:\/\/api.w.org\/{rel}","templated":true}]}}