{"id":81935,"date":"2022-05-21T19:29:02","date_gmt":"2022-05-21T22:29:02","guid":{"rendered":"https:\/\/www.gaveanews.com\/?p=81935"},"modified":"2022-05-21T19:29:02","modified_gmt":"2022-05-21T22:29:02","slug":"paulo-sousa-abre-o-jogo-sobre-polemica-com-diego-alves-no-flamengo","status":"publish","type":"post","link":"https:\/\/www.gaveanews.com\/index.php\/2022\/05\/21\/paulo-sousa-abre-o-jogo-sobre-polemica-com-diego-alves-no-flamengo\/","title":{"rendered":"Paulo Sousa abre o jogo sobre pol\u00eamica com Diego Alves no Flamengo"},"content":{"rendered":"<p>A diretoria do Flamengo e o t\u00e9cnico Paulo Sousa quebraram o sil\u00eancio neste s\u00e1bado ap\u00f3s a vit\u00f3ria por 1 a 0 sobre Goi\u00e1s, no Maracan\u00e3, em jogo v\u00e1lido pelo Campeonato Brasileiro &#8211; gol marcado por Pedro. Em pauta, a pol\u00eamica entre o t\u00e9cnico Paulo Sousa e o goleiro Diego Alves (leia mais abaixo sobre o caso). O treinador disse que houve um erro de comunica\u00e7\u00e3o envolvendo tamb\u00e9m um fisioterapeuta da sua comiss\u00e3o t\u00e9cnica.<\/p>\n<p><em>\u2014 Vamos abrir com o assunto que est\u00e1 sendo muito falado por voc\u00eas. Admito que deixei uma folha solta para voc\u00eas poderem especular, nunca o Diego esteve \u00e0 disposi\u00e7\u00e3o e nem o Bruno<\/em>:<\/p>\n<p><em>\u2014 O que aconteceu foi uma falta de comunica\u00e7\u00e3o entre meu fisioterapeuta e meu preparador. E houve uma falta de comunica\u00e7\u00e3o entre o Bruno (Spindel) e eu, o que me levou eventualmente a pensar algo. Falamos, conversamos, esclarecemos, como gente crescida, como gente que quer bem para o Flamengo. Por isso, da minha parte e da parte de todos, do Diego, do Bruno, do Marcos, estamos muito centrados naquilo que \u00e9 ganhar <\/em>&#8211; completou.<\/p>\n<p>Paulo Sousa ainda deixou claro que Diego Alves passou por testes e ainda est\u00e1 no departamento m\u00e9dico, seguindo os processos para poder voltar a jogar:<\/p>\n<p><em>\u2014 At\u00e9 porque, na ter\u00e7a, ele fez um trabalho no campo. Depois disso, fizemos testes musculares e percebemos que t\u00ednhamos dado um passo a mais naquilo que deveria ter sido. Hoje ele ainda est\u00e1 no departamento m\u00e9dico para ter for\u00e7a suficiente e n\u00e3o dar passos para tr\u00e1s. H\u00e1 processos a serem feitos.<\/em><\/p>\n<p><em>\u2014 (Diego Alves) \u00c9 um dos jogadores de todo o elenco e separo muito bem as coisas. Qualquer jogador treinando e ganhando a minha confian\u00e7a para jogar ser\u00e1 relacionado e vai jogar.<\/em><\/p>\n<p>Bruno Spindel, diretor executivo de futebol, confirmou a vers\u00e3o apresentada por Paulo Sousa sobre Diego Alves e disse que o epis\u00f3dio est\u00e1 superado. Afirmou ainda que o foco \u00e9 total nas conquistas das competi\u00e7\u00f5es que a equipe disputa na temporada:<\/p>\n<p><em>\u2014 Como o Mister falou, o epis\u00f3dio j\u00e1 est\u00e1 superado. Todos dentro do Flamengo t\u00eam o objetivo muito claro, que \u00e9 ganhar t\u00edtulos e dar alegria ao torcedor. Em nenhum momento o Diego se colocou \u00e0 disposi\u00e7\u00e3o, como o Mister falou.<\/em><\/p>\n<p>Depois da vit\u00f3ria por 3 a 0 sobre a Universidad Cat\u00f3lica, na \u00faltima ter\u00e7a-feira, Paulo Sousa disse durante a coletiva que, na v\u00e9spera da partida, o goleiro relatou que ainda tinha dores da pubalgia, mas que na parte da tarde tinha reportado uma melhora. O treinador afirmou que n\u00e3o poderia relacionar Diego Alves porque ele n\u00e3o treinava h\u00e1 dez dias: &#8220;Aqui os processos n\u00e3o s\u00e3o assim, os jogadores para jogar t\u00eam que treinar&#8221;.<\/p>\n<p>Quinta-feira, houve uma reuni\u00e3o no Ninho do Urubu em que Diego Alves, Bruno Spindel, M\u00e1rcio Tannure e Paulo Sousa, al\u00e9m de lideran\u00e7as do elenco, como Diego Ribas, expuseram seus pontos de vista sobre o caso, mas n\u00e3o houve um denominador comum.<\/p>\n<div class=\"mc-column content-text active-extra-styles\" data-block-type=\"raw\" data-block-weight=\"12\" data-block-id=\"19\">\n<div class=\"content-intertitle\">\n<h2>Veja o que disse Paulo Sousa sobre Diego Alves na \u00faltima ter\u00e7a:<\/h2>\n<\/div>\n<p><em>\u2014 O Diego [Alves], ap\u00f3s o jogo do Botafogo, onde fez o aquecimento, no dia seguinte ele reportou ao departamento m\u00e9dico dores no p\u00fabis um pouco dispersas. O departamento fez uma resson\u00e2ncia, temos que confiar no jogador. Nem tudo vai ter algo gr\u00e1fico.<\/em><\/p>\n<\/div>\n<div class=\"mc-column content-text active-extra-styles \" data-block-type=\"unstyled\" data-block-weight=\"41\" data-block-id=\"21\">\n<p class=\"content-text__container \" data-track-category=\"Link no Texto\" data-track-links=\"\"><em>\u2014 Todos os dias um colaborador meu fala com todos os jogadores para ter sensa\u00e7\u00f5es e perceber que n\u00edvel de dor ou contra\u00e7\u00f5es musculares ou se dormiu bem ou mal. Para podermos ir ajustando o tipo de trabalho e as a\u00e7\u00f5es.<\/em><\/p>\n<\/div>\n<div class=\"mc-column content-text active-extra-styles \" data-block-type=\"unstyled\" data-block-weight=\"53\" data-block-id=\"22\">\n<p class=\"content-text__container \" data-track-category=\"Link no Texto\" data-track-links=\"\"><em>\u2014 Ontem [segunda] de manh\u00e3 ele continuava a ter dores. \u00c0 tarde, o nosso fisioterapeuta disse que o Diego estava melhorzinho, que se sentia capaz para poder treinar. Se voc\u00eas verificarem o que s\u00e3o dores no p\u00fabis e o tempo que leva para recupera\u00e7\u00e3o, n\u00e3o pode ser de um dia para o outro.<\/em><\/p>\n<\/div>\n<div class=\"mc-column content-text active-extra-styles \" data-block-type=\"unstyled\" data-block-weight=\"26\" data-block-id=\"23\">\n<p class=\"content-text__container \" data-track-category=\"Link no Texto\" data-track-links=\"\"><em>\u2014 Ou por uma reuni\u00e3o que teve com o Bruno Spindel na hora do almo\u00e7o. E que rapidamente se recuperou e podia estar dispon\u00edvel para jogar.<\/em><\/p>\n<\/div>\n<div class=\"mc-column content-text active-extra-styles \" data-block-type=\"unstyled\" data-block-weight=\"32\" data-block-id=\"24\">\n<p class=\"content-text__container \" data-track-category=\"Link no Texto\" data-track-links=\"\"><em>\u2014 Aqui os processos n\u00e3o s\u00e3o assim, os jogadores para jogar t\u00eam que treinar. E ele n\u00e3o treinou nenhum dia desde o jogo contra o Botafogo, por isso n\u00e3o podia estar relacionado.<\/em><\/p>\n<\/div>\n<div class=\"mc-column content-text active-extra-styles\" data-block-type=\"raw\" data-block-weight=\"3\" data-block-id=\"26\">\n<div class=\"mc-column content-text active-extra-styles\" data-block-type=\"raw\" data-block-weight=\"3\" data-block-id=\"26\">\n<div class=\"content-intertitle\">\n<h2>Pubalgia e pol\u00eamica<\/h2>\n<\/div>\n<p>A pol\u00eamica come\u00e7ou em raz\u00e3o da les\u00e3o de Santos, que \u00e9 o goleiro titular do Flamengo\u00a0nas copas e n\u00e3o atua desde o dia 4. Assim, surgiu a possibilidade de Diego Alves ser aproveitado, mas, ainda na coletiva ap\u00f3s a derrota para o Botafogo, dia 8, Paulo Sousa cravou que Hugo seria o titular contra o Altos. Na reapresenta\u00e7\u00e3o do elenco no Rio de Janeiro, Diego queixou-se da pubalgia, da qual ficou em recupera\u00e7\u00e3o at\u00e9 a partida contra a Cat\u00f3lica.<\/p>\n<\/div>\n<div class=\"mc-column content-text active-extra-styles \" data-block-type=\"unstyled\" data-block-weight=\"58\" data-block-id=\"28\">\n<p>Este ano, Diego Alves e Paulo Sousa j\u00e1 tiveram um problema parecido. \u00c0s v\u00e9speras do Fla-Flu da Ta\u00e7a Guanabara, dores no joelho tiraram o goleiro de uma das primeiras semanas de atividades da temporada, mas ele se colocou \u00e0 disposi\u00e7\u00e3o para o cl\u00e1ssico. Os Paulos Sousa e Grilo (preparador de goleiros) rebateram que ele n\u00e3o atuaria sem treinar.<\/p>\n<\/div>\n<p>Retirado de: Globo Esporte<\/p>\n<\/div>\n","protected":false},"excerpt":{"rendered":"<p>A diretoria do Flamengo e o t\u00e9cnico Paulo Sousa quebraram o sil\u00eancio neste s\u00e1bado ap\u00f3s a vit\u00f3ria por 1 a 0 sobre Goi\u00e1s, no Maracan\u00e3, em jogo v\u00e1lido pelo Campeonato Brasileiro &#8211; gol marcado por Pedro. Em pauta, a pol\u00eamica entre o t\u00e9cnico Paulo Sousa e o goleiro Diego Alves (leia mais abaixo sobre o [&hellip;]<\/p>\n","protected":false},"author":1,"featured_media":81346,"comment_status":"open","ping_status":"closed","sticky":false,"template":"","format":"standard","meta":{"footnotes":""},"categories":[47],"tags":[],"class_list":["post-81935","post","type-post","status-publish","format-standard","has-post-thumbnail","hentry","category-destaques"],"yoast_head":"<!-- This site is optimized with the Yoast SEO Premium plugin v24.2 (Yoast SEO v26.9) - https:\/\/yoast.com\/product\/yoast-seo-premium-wordpress\/ -->\n<title>Paulo Sousa abre o jogo sobre pol\u00eamica com Diego Alves no Flamengo<\/title>\n<meta name=\"robots\" content=\"index, follow, max-snippet:-1, max-image-preview:large, max-video-preview:-1\" \/>\n<link rel=\"canonical\" href=\"https:\/\/www.gaveanews.com\/index.php\/2022\/05\/21\/paulo-sousa-abre-o-jogo-sobre-polemica-com-diego-alves-no-flamengo\/\" \/>\n<meta property=\"og:locale\" content=\"pt_BR\" \/>\n<meta property=\"og:type\" content=\"article\" \/>\n<meta property=\"og:title\" content=\"Paulo Sousa abre o jogo sobre pol\u00eamica com Diego Alves no Flamengo\" \/>\n<meta property=\"og:description\" content=\"A diretoria do Flamengo e o t\u00e9cnico Paulo Sousa quebraram o sil\u00eancio neste s\u00e1bado ap\u00f3s a vit\u00f3ria por 1 a 0 sobre Goi\u00e1s, no Maracan\u00e3, em jogo v\u00e1lido pelo Campeonato Brasileiro &#8211; gol marcado por Pedro. Em pauta, a pol\u00eamica entre o t\u00e9cnico Paulo Sousa e o goleiro Diego Alves (leia mais abaixo sobre o [&hellip;]\" \/>\n<meta property=\"og:url\" content=\"https:\/\/www.gaveanews.com\/index.php\/2022\/05\/21\/paulo-sousa-abre-o-jogo-sobre-polemica-com-diego-alves-no-flamengo\/\" \/>\n<meta property=\"og:site_name\" content=\"G\u00e1vea News\" \/>\n<meta property=\"article:publisher\" content=\"https:\/\/facebook.com\/gaveaNews\/\" \/>\n<meta property=\"article:published_time\" content=\"2022-05-21T22:29:02+00:00\" \/>\n<meta property=\"og:image\" content=\"https:\/\/www.gaveanews.com\/wp-content\/uploads\/Paulo-Sousa-e-Dr.-Marcio-Tannure-em-treino-do-Flamengo.webp\" \/>\n\t<meta property=\"og:image:width\" content=\"640\" \/>\n\t<meta property=\"og:image:height\" content=\"400\" \/>\n\t<meta property=\"og:image:type\" content=\"image\/webp\" \/>\n<meta name=\"author\" content=\"Equipe G\u00e1vea News\" \/>\n<meta name=\"twitter:card\" content=\"summary_large_image\" \/>\n<meta name=\"twitter:label1\" content=\"Escrito por\" \/>\n\t<meta name=\"twitter:data1\" content=\"Equipe G\u00e1vea News\" \/>\n\t<meta name=\"twitter:label2\" content=\"Est. tempo de leitura\" \/>\n\t<meta name=\"twitter:data2\" content=\"5 minutos\" \/>\n<script type=\"application\/ld+json\" class=\"yoast-schema-graph\">{\"@context\":\"https:\/\/schema.org\",\"@graph\":[{\"@type\":\"NewsArticle\",\"@id\":\"https:\/\/www.gaveanews.com\/index.php\/2022\/05\/21\/paulo-sousa-abre-o-jogo-sobre-polemica-com-diego-alves-no-flamengo\/#article\",\"isPartOf\":{\"@id\":\"https:\/\/www.gaveanews.com\/index.php\/2022\/05\/21\/paulo-sousa-abre-o-jogo-sobre-polemica-com-diego-alves-no-flamengo\/\"},\"author\":{\"name\":\"Equipe G\u00e1vea News\",\"@id\":\"https:\/\/www.gaveanews.com\/#\/schema\/person\/2ec14f73fb96be2caf28f91afb14749d\"},\"headline\":\"Paulo Sousa abre o jogo sobre pol\u00eamica com Diego Alves no Flamengo\",\"datePublished\":\"2022-05-21T22:29:02+00:00\",\"mainEntityOfPage\":{\"@id\":\"https:\/\/www.gaveanews.com\/index.php\/2022\/05\/21\/paulo-sousa-abre-o-jogo-sobre-polemica-com-diego-alves-no-flamengo\/\"},\"wordCount\":909,\"commentCount\":0,\"image\":{\"@id\":\"https:\/\/www.gaveanews.com\/index.php\/2022\/05\/21\/paulo-sousa-abre-o-jogo-sobre-polemica-com-diego-alves-no-flamengo\/#primaryimage\"},\"thumbnailUrl\":\"https:\/\/www.gaveanews.com\/wp-content\/uploads\/Paulo-Sousa-e-Dr.-Marcio-Tannure-em-treino-do-Flamengo.webp\",\"articleSection\":[\"Destaques\"],\"inLanguage\":\"pt-BR\",\"potentialAction\":[{\"@type\":\"CommentAction\",\"name\":\"Comment\",\"target\":[\"https:\/\/www.gaveanews.com\/index.php\/2022\/05\/21\/paulo-sousa-abre-o-jogo-sobre-polemica-com-diego-alves-no-flamengo\/#respond\"]}],\"copyrightYear\":\"2022\",\"copyrightHolder\":{\"@id\":\"https:\/\/www.gaveanews.com\/#organization\"}},{\"@type\":\"WebPage\",\"@id\":\"https:\/\/www.gaveanews.com\/index.php\/2022\/05\/21\/paulo-sousa-abre-o-jogo-sobre-polemica-com-diego-alves-no-flamengo\/\",\"url\":\"https:\/\/www.gaveanews.com\/index.php\/2022\/05\/21\/paulo-sousa-abre-o-jogo-sobre-polemica-com-diego-alves-no-flamengo\/\",\"name\":\"Paulo Sousa abre o jogo sobre pol\u00eamica com Diego Alves no Flamengo\",\"isPartOf\":{\"@id\":\"https:\/\/www.gaveanews.com\/#website\"},\"primaryImageOfPage\":{\"@id\":\"https:\/\/www.gaveanews.com\/index.php\/2022\/05\/21\/paulo-sousa-abre-o-jogo-sobre-polemica-com-diego-alves-no-flamengo\/#primaryimage\"},\"image\":{\"@id\":\"https:\/\/www.gaveanews.com\/index.php\/2022\/05\/21\/paulo-sousa-abre-o-jogo-sobre-polemica-com-diego-alves-no-flamengo\/#primaryimage\"},\"thumbnailUrl\":\"https:\/\/www.gaveanews.com\/wp-content\/uploads\/Paulo-Sousa-e-Dr.-Marcio-Tannure-em-treino-do-Flamengo.webp\",\"datePublished\":\"2022-05-21T22:29:02+00:00\",\"author\":{\"@id\":\"https:\/\/www.gaveanews.com\/#\/schema\/person\/2ec14f73fb96be2caf28f91afb14749d\"},\"breadcrumb\":{\"@id\":\"https:\/\/www.gaveanews.com\/index.php\/2022\/05\/21\/paulo-sousa-abre-o-jogo-sobre-polemica-com-diego-alves-no-flamengo\/#breadcrumb\"},\"inLanguage\":\"pt-BR\",\"potentialAction\":[{\"@type\":\"ReadAction\",\"target\":[\"https:\/\/www.gaveanews.com\/index.php\/2022\/05\/21\/paulo-sousa-abre-o-jogo-sobre-polemica-com-diego-alves-no-flamengo\/\"]}]},{\"@type\":\"ImageObject\",\"inLanguage\":\"pt-BR\",\"@id\":\"https:\/\/www.gaveanews.com\/index.php\/2022\/05\/21\/paulo-sousa-abre-o-jogo-sobre-polemica-com-diego-alves-no-flamengo\/#primaryimage\",\"url\":\"https:\/\/www.gaveanews.com\/wp-content\/uploads\/Paulo-Sousa-e-Dr.-Marcio-Tannure-em-treino-do-Flamengo.webp\",\"contentUrl\":\"https:\/\/www.gaveanews.com\/wp-content\/uploads\/Paulo-Sousa-e-Dr.-Marcio-Tannure-em-treino-do-Flamengo.webp\",\"width\":640,\"height\":400,\"caption\":\"Paulo Sousa e Dr. Marcio Tannure em treino do Flamengo (Foto: Marcelo Cortes\/Flamengo)\"},{\"@type\":\"BreadcrumbList\",\"@id\":\"https:\/\/www.gaveanews.com\/index.php\/2022\/05\/21\/paulo-sousa-abre-o-jogo-sobre-polemica-com-diego-alves-no-flamengo\/#breadcrumb\",\"itemListElement\":[{\"@type\":\"ListItem\",\"position\":1,\"name\":\"Home\",\"item\":\"https:\/\/www.gaveanews.com\/\"},{\"@type\":\"ListItem\",\"position\":2,\"name\":\"Paulo Sousa abre o jogo sobre pol\u00eamica com Diego Alves no Flamengo\"}]},{\"@type\":\"WebSite\",\"@id\":\"https:\/\/www.gaveanews.com\/#website\",\"url\":\"https:\/\/www.gaveanews.com\/\",\"name\":\"G\u00e1vea News\",\"description\":\"Veja todas as not\u00edcias sobre o Flamengo: Contrata\u00e7\u00f5es, categorias de base, resultados das partidas, tabela de classifica\u00e7\u00e3o, pr\u00f3ximos jogos!\",\"potentialAction\":[{\"@type\":\"SearchAction\",\"target\":{\"@type\":\"EntryPoint\",\"urlTemplate\":\"https:\/\/www.gaveanews.com\/?s={search_term_string}\"},\"query-input\":{\"@type\":\"PropertyValueSpecification\",\"valueRequired\":true,\"valueName\":\"search_term_string\"}}],\"inLanguage\":\"pt-BR\"},{\"@type\":\"Person\",\"@id\":\"https:\/\/www.gaveanews.com\/#\/schema\/person\/2ec14f73fb96be2caf28f91afb14749d\",\"name\":\"Equipe G\u00e1vea News\",\"image\":{\"@type\":\"ImageObject\",\"inLanguage\":\"pt-BR\",\"@id\":\"https:\/\/www.gaveanews.com\/#\/schema\/person\/image\/\",\"url\":\"https:\/\/secure.gravatar.com\/avatar\/1e1956f1facbffd3f8fa53a326721950116b3b9dc9bd44939c01180fd4a745a9?s=96&d=mm&r=g\",\"contentUrl\":\"https:\/\/secure.gravatar.com\/avatar\/1e1956f1facbffd3f8fa53a326721950116b3b9dc9bd44939c01180fd4a745a9?s=96&d=mm&r=g\",\"caption\":\"Equipe G\u00e1vea News\"}}]}<\/script>\n<!-- \/ Yoast SEO Premium plugin. -->","yoast_head_json":{"title":"Paulo Sousa abre o jogo sobre pol\u00eamica com Diego Alves no Flamengo","robots":{"index":"index","follow":"follow","max-snippet":"max-snippet:-1","max-image-preview":"max-image-preview:large","max-video-preview":"max-video-preview:-1"},"canonical":"https:\/\/www.gaveanews.com\/index.php\/2022\/05\/21\/paulo-sousa-abre-o-jogo-sobre-polemica-com-diego-alves-no-flamengo\/","og_locale":"pt_BR","og_type":"article","og_title":"Paulo Sousa abre o jogo sobre pol\u00eamica com Diego Alves no Flamengo","og_description":"A diretoria do Flamengo e o t\u00e9cnico Paulo Sousa quebraram o sil\u00eancio neste s\u00e1bado ap\u00f3s a vit\u00f3ria por 1 a 0 sobre Goi\u00e1s, no Maracan\u00e3, em jogo v\u00e1lido pelo Campeonato Brasileiro &#8211; gol marcado por Pedro. Em pauta, a pol\u00eamica entre o t\u00e9cnico Paulo Sousa e o goleiro Diego Alves (leia mais abaixo sobre o [&hellip;]","og_url":"https:\/\/www.gaveanews.com\/index.php\/2022\/05\/21\/paulo-sousa-abre-o-jogo-sobre-polemica-com-diego-alves-no-flamengo\/","og_site_name":"G\u00e1vea News","article_publisher":"https:\/\/facebook.com\/gaveaNews\/","article_published_time":"2022-05-21T22:29:02+00:00","og_image":[{"width":640,"height":400,"url":"https:\/\/www.gaveanews.com\/wp-content\/uploads\/Paulo-Sousa-e-Dr.-Marcio-Tannure-em-treino-do-Flamengo.webp","type":"image\/webp"}],"author":"Equipe G\u00e1vea News","twitter_card":"summary_large_image","twitter_misc":{"Escrito por":"Equipe G\u00e1vea News","Est. tempo de leitura":"5 minutos"},"schema":{"@context":"https:\/\/schema.org","@graph":[{"@type":"NewsArticle","@id":"https:\/\/www.gaveanews.com\/index.php\/2022\/05\/21\/paulo-sousa-abre-o-jogo-sobre-polemica-com-diego-alves-no-flamengo\/#article","isPartOf":{"@id":"https:\/\/www.gaveanews.com\/index.php\/2022\/05\/21\/paulo-sousa-abre-o-jogo-sobre-polemica-com-diego-alves-no-flamengo\/"},"author":{"name":"Equipe G\u00e1vea News","@id":"https:\/\/www.gaveanews.com\/#\/schema\/person\/2ec14f73fb96be2caf28f91afb14749d"},"headline":"Paulo Sousa abre o jogo sobre pol\u00eamica com Diego Alves no Flamengo","datePublished":"2022-05-21T22:29:02+00:00","mainEntityOfPage":{"@id":"https:\/\/www.gaveanews.com\/index.php\/2022\/05\/21\/paulo-sousa-abre-o-jogo-sobre-polemica-com-diego-alves-no-flamengo\/"},"wordCount":909,"commentCount":0,"image":{"@id":"https:\/\/www.gaveanews.com\/index.php\/2022\/05\/21\/paulo-sousa-abre-o-jogo-sobre-polemica-com-diego-alves-no-flamengo\/#primaryimage"},"thumbnailUrl":"https:\/\/www.gaveanews.com\/wp-content\/uploads\/Paulo-Sousa-e-Dr.-Marcio-Tannure-em-treino-do-Flamengo.webp","articleSection":["Destaques"],"inLanguage":"pt-BR","potentialAction":[{"@type":"CommentAction","name":"Comment","target":["https:\/\/www.gaveanews.com\/index.php\/2022\/05\/21\/paulo-sousa-abre-o-jogo-sobre-polemica-com-diego-alves-no-flamengo\/#respond"]}],"copyrightYear":"2022","copyrightHolder":{"@id":"https:\/\/www.gaveanews.com\/#organization"}},{"@type":"WebPage","@id":"https:\/\/www.gaveanews.com\/index.php\/2022\/05\/21\/paulo-sousa-abre-o-jogo-sobre-polemica-com-diego-alves-no-flamengo\/","url":"https:\/\/www.gaveanews.com\/index.php\/2022\/05\/21\/paulo-sousa-abre-o-jogo-sobre-polemica-com-diego-alves-no-flamengo\/","name":"Paulo Sousa abre o jogo sobre pol\u00eamica com Diego Alves no Flamengo","isPartOf":{"@id":"https:\/\/www.gaveanews.com\/#website"},"primaryImageOfPage":{"@id":"https:\/\/www.gaveanews.com\/index.php\/2022\/05\/21\/paulo-sousa-abre-o-jogo-sobre-polemica-com-diego-alves-no-flamengo\/#primaryimage"},"image":{"@id":"https:\/\/www.gaveanews.com\/index.php\/2022\/05\/21\/paulo-sousa-abre-o-jogo-sobre-polemica-com-diego-alves-no-flamengo\/#primaryimage"},"thumbnailUrl":"https:\/\/www.gaveanews.com\/wp-content\/uploads\/Paulo-Sousa-e-Dr.-Marcio-Tannure-em-treino-do-Flamengo.webp","datePublished":"2022-05-21T22:29:02+00:00","author":{"@id":"https:\/\/www.gaveanews.com\/#\/schema\/person\/2ec14f73fb96be2caf28f91afb14749d"},"breadcrumb":{"@id":"https:\/\/www.gaveanews.com\/index.php\/2022\/05\/21\/paulo-sousa-abre-o-jogo-sobre-polemica-com-diego-alves-no-flamengo\/#breadcrumb"},"inLanguage":"pt-BR","potentialAction":[{"@type":"ReadAction","target":["https:\/\/www.gaveanews.com\/index.php\/2022\/05\/21\/paulo-sousa-abre-o-jogo-sobre-polemica-com-diego-alves-no-flamengo\/"]}]},{"@type":"ImageObject","inLanguage":"pt-BR","@id":"https:\/\/www.gaveanews.com\/index.php\/2022\/05\/21\/paulo-sousa-abre-o-jogo-sobre-polemica-com-diego-alves-no-flamengo\/#primaryimage","url":"https:\/\/www.gaveanews.com\/wp-content\/uploads\/Paulo-Sousa-e-Dr.-Marcio-Tannure-em-treino-do-Flamengo.webp","contentUrl":"https:\/\/www.gaveanews.com\/wp-content\/uploads\/Paulo-Sousa-e-Dr.-Marcio-Tannure-em-treino-do-Flamengo.webp","width":640,"height":400,"caption":"Paulo Sousa e Dr. Marcio Tannure em treino do Flamengo (Foto: Marcelo Cortes\/Flamengo)"},{"@type":"BreadcrumbList","@id":"https:\/\/www.gaveanews.com\/index.php\/2022\/05\/21\/paulo-sousa-abre-o-jogo-sobre-polemica-com-diego-alves-no-flamengo\/#breadcrumb","itemListElement":[{"@type":"ListItem","position":1,"name":"Home","item":"https:\/\/www.gaveanews.com\/"},{"@type":"ListItem","position":2,"name":"Paulo Sousa abre o jogo sobre pol\u00eamica com Diego Alves no Flamengo"}]},{"@type":"WebSite","@id":"https:\/\/www.gaveanews.com\/#website","url":"https:\/\/www.gaveanews.com\/","name":"G\u00e1vea News","description":"Veja todas as not\u00edcias sobre o Flamengo: Contrata\u00e7\u00f5es, categorias de base, resultados das partidas, tabela de classifica\u00e7\u00e3o, pr\u00f3ximos jogos!","potentialAction":[{"@type":"SearchAction","target":{"@type":"EntryPoint","urlTemplate":"https:\/\/www.gaveanews.com\/?s={search_term_string}"},"query-input":{"@type":"PropertyValueSpecification","valueRequired":true,"valueName":"search_term_string"}}],"inLanguage":"pt-BR"},{"@type":"Person","@id":"https:\/\/www.gaveanews.com\/#\/schema\/person\/2ec14f73fb96be2caf28f91afb14749d","name":"Equipe G\u00e1vea News","image":{"@type":"ImageObject","inLanguage":"pt-BR","@id":"https:\/\/www.gaveanews.com\/#\/schema\/person\/image\/","url":"https:\/\/secure.gravatar.com\/avatar\/1e1956f1facbffd3f8fa53a326721950116b3b9dc9bd44939c01180fd4a745a9?s=96&d=mm&r=g","contentUrl":"https:\/\/secure.gravatar.com\/avatar\/1e1956f1facbffd3f8fa53a326721950116b3b9dc9bd44939c01180fd4a745a9?s=96&d=mm&r=g","caption":"Equipe G\u00e1vea News"}}]}},"_links":{"self":[{"href":"https:\/\/www.gaveanews.com\/index.php\/wp-json\/wp\/v2\/posts\/81935","targetHints":{"allow":["GET"]}}],"collection":[{"href":"https:\/\/www.gaveanews.com\/index.php\/wp-json\/wp\/v2\/posts"}],"about":[{"href":"https:\/\/www.gaveanews.com\/index.php\/wp-json\/wp\/v2\/types\/post"}],"author":[{"embeddable":true,"href":"https:\/\/www.gaveanews.com\/index.php\/wp-json\/wp\/v2\/users\/1"}],"replies":[{"embeddable":true,"href":"https:\/\/www.gaveanews.com\/index.php\/wp-json\/wp\/v2\/comments?post=81935"}],"version-history":[{"count":0,"href":"https:\/\/www.gaveanews.com\/index.php\/wp-json\/wp\/v2\/posts\/81935\/revisions"}],"wp:featuredmedia":[{"embeddable":true,"href":"https:\/\/www.gaveanews.com\/index.php\/wp-json\/wp\/v2\/media\/81346"}],"wp:attachment":[{"href":"https:\/\/www.gaveanews.com\/index.php\/wp-json\/wp\/v2\/media?parent=81935"}],"wp:term":[{"taxonomy":"category","embeddable":true,"href":"https:\/\/www.gaveanews.com\/index.php\/wp-json\/wp\/v2\/categories?post=81935"},{"taxonomy":"post_tag","embeddable":true,"href":"https:\/\/www.gaveanews.com\/index.php\/wp-json\/wp\/v2\/tags?post=81935"}],"curies":[{"name":"wp","href":"https:\/\/api.w.org\/{rel}","templated":true}]}}