{"id":81937,"date":"2022-05-21T20:48:29","date_gmt":"2022-05-21T23:48:29","guid":{"rendered":"https:\/\/www.gaveanews.com\/?p=81937"},"modified":"2022-05-21T20:48:29","modified_gmt":"2022-05-21T23:48:29","slug":"flamengo-recebera-nota-preta-devido-a-conquista-de-gerson-no-olympique-de-marselha-com-jorge-sampaoli","status":"publish","type":"post","link":"https:\/\/www.gaveanews.com\/index.php\/2022\/05\/21\/flamengo-recebera-nota-preta-devido-a-conquista-de-gerson-no-olympique-de-marselha-com-jorge-sampaoli\/","title":{"rendered":"Flamengo receber\u00e1 &#8216;nota preta&#8217; devido a conquista de Gerson no Olympique de Marselha com Jorge Sampaoli"},"content":{"rendered":"<p>Os dois gols de Gerson e a vit\u00f3ria do Olympique de Marselha por 4 a 0 sobre o Strasbourg, neste s\u00e1bado, foi motivo de comemora\u00e7\u00e3o no Flamengo. Com a classifica\u00e7\u00e3o do clube franc\u00eas para a Champions League, o Flamengo vai receber um b\u00f4nus de 5 milh\u00f5es de euros \u2013 cerca de R$ 25,7 milh\u00f5es na cota\u00e7\u00e3o atual \u2013 pela venda do meia.<\/p>\n<p>Gerson foi negociado pelo Flamengo em junho do passado com o clube franc\u00eas. A transa\u00e7\u00e3o foi conclu\u00edda por aproximadamente 25 milh\u00f5es de Euros, mas previa aditivos por metas como a classifica\u00e7\u00e3o do time de Jorge Sampaoli para a Champions.<\/p>\n<p>O Flamengo ainda manteve de 20 a 25% dependendo do valor de uma venda futura.<\/p>\n<p>A vaga do Marseille foi conquistada com uma ajuda do Lens, que empatou com o Monaco em 2 a 2, com o segundo gol marcado aos 54 do segundo tempo.<\/p>\n<p>Gerson jogou no Flamengo entre 2019 e 2021 e entrou na hist\u00f3ria do clube, como t\u00edtulos importantes. Ele foi campe\u00e3o da Libertadores, al\u00e9m de vencer duas vezes o Campeonato Brasileiro (2019 e 2020) e o Campeonato Carioca (2020 e 2021).<\/p>\n<p>Retirado de: Globo Esporte<\/p>\n","protected":false},"excerpt":{"rendered":"<p>Os dois gols de Gerson e a vit\u00f3ria do Olympique de Marselha por 4 a 0 sobre o Strasbourg, neste s\u00e1bado, foi motivo de comemora\u00e7\u00e3o no Flamengo. Com a classifica\u00e7\u00e3o do clube franc\u00eas para a Champions League, o Flamengo vai receber um b\u00f4nus de 5 milh\u00f5es de euros \u2013 cerca de R$ 25,7 milh\u00f5es na [&hellip;]<\/p>\n","protected":false},"author":1,"featured_media":73149,"comment_status":"open","ping_status":"closed","sticky":false,"template":"","format":"standard","meta":{"footnotes":""},"categories":[47],"tags":[],"class_list":["post-81937","post","type-post","status-publish","format-standard","has-post-thumbnail","hentry","category-destaques"],"yoast_head":"<!-- This site is optimized with the Yoast SEO Premium plugin v24.2 (Yoast SEO v26.9) - https:\/\/yoast.com\/product\/yoast-seo-premium-wordpress\/ -->\n<title>Flamengo receber\u00e1 &#039;nota preta&#039; devido a conquista de Gerson no Olympique de Marselha com Jorge Sampaoli<\/title>\n<meta name=\"robots\" content=\"index, follow, max-snippet:-1, max-image-preview:large, max-video-preview:-1\" \/>\n<link rel=\"canonical\" href=\"https:\/\/www.gaveanews.com\/index.php\/2022\/05\/21\/flamengo-recebera-nota-preta-devido-a-conquista-de-gerson-no-olympique-de-marselha-com-jorge-sampaoli\/\" \/>\n<meta property=\"og:locale\" content=\"pt_BR\" \/>\n<meta property=\"og:type\" content=\"article\" \/>\n<meta property=\"og:title\" content=\"Flamengo receber\u00e1 &#039;nota preta&#039; devido a conquista de Gerson no Olympique de Marselha com Jorge Sampaoli\" \/>\n<meta property=\"og:description\" content=\"Os dois gols de Gerson e a vit\u00f3ria do Olympique de Marselha por 4 a 0 sobre o Strasbourg, neste s\u00e1bado, foi motivo de comemora\u00e7\u00e3o no Flamengo. Com a classifica\u00e7\u00e3o do clube franc\u00eas para a Champions League, o Flamengo vai receber um b\u00f4nus de 5 milh\u00f5es de euros \u2013 cerca de R$ 25,7 milh\u00f5es na [&hellip;]\" \/>\n<meta property=\"og:url\" content=\"https:\/\/www.gaveanews.com\/index.php\/2022\/05\/21\/flamengo-recebera-nota-preta-devido-a-conquista-de-gerson-no-olympique-de-marselha-com-jorge-sampaoli\/\" \/>\n<meta property=\"og:site_name\" content=\"G\u00e1vea News\" \/>\n<meta property=\"article:publisher\" content=\"https:\/\/facebook.com\/gaveaNews\/\" \/>\n<meta property=\"article:published_time\" content=\"2022-05-21T23:48:29+00:00\" \/>\n<meta property=\"og:image\" content=\"https:\/\/www.gaveanews.com\/wp-content\/uploads\/Gerson-em-acao-pelo-Olympique-de-Marseille.webp\" \/>\n\t<meta property=\"og:image:width\" content=\"1920\" \/>\n\t<meta property=\"og:image:height\" content=\"1079\" \/>\n\t<meta property=\"og:image:type\" content=\"image\/jpeg\" \/>\n<meta name=\"author\" content=\"Equipe G\u00e1vea News\" \/>\n<meta name=\"twitter:card\" content=\"summary_large_image\" \/>\n<meta name=\"twitter:label1\" content=\"Escrito por\" \/>\n\t<meta name=\"twitter:data1\" content=\"Equipe G\u00e1vea News\" \/>\n\t<meta name=\"twitter:label2\" content=\"Est. tempo de leitura\" \/>\n\t<meta name=\"twitter:data2\" content=\"2 minutos\" \/>\n<script type=\"application\/ld+json\" class=\"yoast-schema-graph\">{\"@context\":\"https:\/\/schema.org\",\"@graph\":[{\"@type\":\"NewsArticle\",\"@id\":\"https:\/\/www.gaveanews.com\/index.php\/2022\/05\/21\/flamengo-recebera-nota-preta-devido-a-conquista-de-gerson-no-olympique-de-marselha-com-jorge-sampaoli\/#article\",\"isPartOf\":{\"@id\":\"https:\/\/www.gaveanews.com\/index.php\/2022\/05\/21\/flamengo-recebera-nota-preta-devido-a-conquista-de-gerson-no-olympique-de-marselha-com-jorge-sampaoli\/\"},\"author\":{\"name\":\"Equipe G\u00e1vea News\",\"@id\":\"https:\/\/www.gaveanews.com\/#\/schema\/person\/2ec14f73fb96be2caf28f91afb14749d\"},\"headline\":\"Flamengo receber\u00e1 &#8216;nota preta&#8217; devido a conquista de Gerson no Olympique de Marselha com Jorge Sampaoli\",\"datePublished\":\"2022-05-21T23:48:29+00:00\",\"mainEntityOfPage\":{\"@id\":\"https:\/\/www.gaveanews.com\/index.php\/2022\/05\/21\/flamengo-recebera-nota-preta-devido-a-conquista-de-gerson-no-olympique-de-marselha-com-jorge-sampaoli\/\"},\"wordCount\":206,\"commentCount\":0,\"image\":{\"@id\":\"https:\/\/www.gaveanews.com\/index.php\/2022\/05\/21\/flamengo-recebera-nota-preta-devido-a-conquista-de-gerson-no-olympique-de-marselha-com-jorge-sampaoli\/#primaryimage\"},\"thumbnailUrl\":\"https:\/\/www.gaveanews.com\/wp-content\/uploads\/Gerson-em-acao-pelo-Olympique-de-Marseille.webp\",\"articleSection\":[\"Destaques\"],\"inLanguage\":\"pt-BR\",\"potentialAction\":[{\"@type\":\"CommentAction\",\"name\":\"Comment\",\"target\":[\"https:\/\/www.gaveanews.com\/index.php\/2022\/05\/21\/flamengo-recebera-nota-preta-devido-a-conquista-de-gerson-no-olympique-de-marselha-com-jorge-sampaoli\/#respond\"]}],\"copyrightYear\":\"2022\",\"copyrightHolder\":{\"@id\":\"https:\/\/www.gaveanews.com\/#organization\"}},{\"@type\":\"WebPage\",\"@id\":\"https:\/\/www.gaveanews.com\/index.php\/2022\/05\/21\/flamengo-recebera-nota-preta-devido-a-conquista-de-gerson-no-olympique-de-marselha-com-jorge-sampaoli\/\",\"url\":\"https:\/\/www.gaveanews.com\/index.php\/2022\/05\/21\/flamengo-recebera-nota-preta-devido-a-conquista-de-gerson-no-olympique-de-marselha-com-jorge-sampaoli\/\",\"name\":\"Flamengo receber\u00e1 'nota preta' devido a conquista de Gerson no Olympique de Marselha com Jorge Sampaoli\",\"isPartOf\":{\"@id\":\"https:\/\/www.gaveanews.com\/#website\"},\"primaryImageOfPage\":{\"@id\":\"https:\/\/www.gaveanews.com\/index.php\/2022\/05\/21\/flamengo-recebera-nota-preta-devido-a-conquista-de-gerson-no-olympique-de-marselha-com-jorge-sampaoli\/#primaryimage\"},\"image\":{\"@id\":\"https:\/\/www.gaveanews.com\/index.php\/2022\/05\/21\/flamengo-recebera-nota-preta-devido-a-conquista-de-gerson-no-olympique-de-marselha-com-jorge-sampaoli\/#primaryimage\"},\"thumbnailUrl\":\"https:\/\/www.gaveanews.com\/wp-content\/uploads\/Gerson-em-acao-pelo-Olympique-de-Marseille.webp\",\"datePublished\":\"2022-05-21T23:48:29+00:00\",\"author\":{\"@id\":\"https:\/\/www.gaveanews.com\/#\/schema\/person\/2ec14f73fb96be2caf28f91afb14749d\"},\"breadcrumb\":{\"@id\":\"https:\/\/www.gaveanews.com\/index.php\/2022\/05\/21\/flamengo-recebera-nota-preta-devido-a-conquista-de-gerson-no-olympique-de-marselha-com-jorge-sampaoli\/#breadcrumb\"},\"inLanguage\":\"pt-BR\",\"potentialAction\":[{\"@type\":\"ReadAction\",\"target\":[\"https:\/\/www.gaveanews.com\/index.php\/2022\/05\/21\/flamengo-recebera-nota-preta-devido-a-conquista-de-gerson-no-olympique-de-marselha-com-jorge-sampaoli\/\"]}]},{\"@type\":\"ImageObject\",\"inLanguage\":\"pt-BR\",\"@id\":\"https:\/\/www.gaveanews.com\/index.php\/2022\/05\/21\/flamengo-recebera-nota-preta-devido-a-conquista-de-gerson-no-olympique-de-marselha-com-jorge-sampaoli\/#primaryimage\",\"url\":\"https:\/\/www.gaveanews.com\/wp-content\/uploads\/Gerson-em-acao-pelo-Olympique-de-Marseille.webp\",\"contentUrl\":\"https:\/\/www.gaveanews.com\/wp-content\/uploads\/Gerson-em-acao-pelo-Olympique-de-Marseille.webp\",\"width\":1920,\"height\":1079,\"caption\":\"Gerson em a\u00e7\u00e3o pelo Olympique de Marseille (Foto: Divulga\u00e7\u00e3o\/Olympique de Marseille)\"},{\"@type\":\"BreadcrumbList\",\"@id\":\"https:\/\/www.gaveanews.com\/index.php\/2022\/05\/21\/flamengo-recebera-nota-preta-devido-a-conquista-de-gerson-no-olympique-de-marselha-com-jorge-sampaoli\/#breadcrumb\",\"itemListElement\":[{\"@type\":\"ListItem\",\"position\":1,\"name\":\"Home\",\"item\":\"https:\/\/www.gaveanews.com\/\"},{\"@type\":\"ListItem\",\"position\":2,\"name\":\"Flamengo receber\u00e1 &#8216;nota preta&#8217; devido a conquista de Gerson no Olympique de Marselha com Jorge Sampaoli\"}]},{\"@type\":\"WebSite\",\"@id\":\"https:\/\/www.gaveanews.com\/#website\",\"url\":\"https:\/\/www.gaveanews.com\/\",\"name\":\"G\u00e1vea News\",\"description\":\"Veja todas as not\u00edcias sobre o Flamengo: Contrata\u00e7\u00f5es, categorias de base, resultados das partidas, tabela de classifica\u00e7\u00e3o, pr\u00f3ximos jogos!\",\"potentialAction\":[{\"@type\":\"SearchAction\",\"target\":{\"@type\":\"EntryPoint\",\"urlTemplate\":\"https:\/\/www.gaveanews.com\/?s={search_term_string}\"},\"query-input\":{\"@type\":\"PropertyValueSpecification\",\"valueRequired\":true,\"valueName\":\"search_term_string\"}}],\"inLanguage\":\"pt-BR\"},{\"@type\":\"Person\",\"@id\":\"https:\/\/www.gaveanews.com\/#\/schema\/person\/2ec14f73fb96be2caf28f91afb14749d\",\"name\":\"Equipe G\u00e1vea News\",\"image\":{\"@type\":\"ImageObject\",\"inLanguage\":\"pt-BR\",\"@id\":\"https:\/\/www.gaveanews.com\/#\/schema\/person\/image\/\",\"url\":\"https:\/\/secure.gravatar.com\/avatar\/1e1956f1facbffd3f8fa53a326721950116b3b9dc9bd44939c01180fd4a745a9?s=96&d=mm&r=g\",\"contentUrl\":\"https:\/\/secure.gravatar.com\/avatar\/1e1956f1facbffd3f8fa53a326721950116b3b9dc9bd44939c01180fd4a745a9?s=96&d=mm&r=g\",\"caption\":\"Equipe G\u00e1vea News\"}}]}<\/script>\n<!-- \/ Yoast SEO Premium plugin. -->","yoast_head_json":{"title":"Flamengo receber\u00e1 'nota preta' devido a conquista de Gerson no Olympique de Marselha com Jorge Sampaoli","robots":{"index":"index","follow":"follow","max-snippet":"max-snippet:-1","max-image-preview":"max-image-preview:large","max-video-preview":"max-video-preview:-1"},"canonical":"https:\/\/www.gaveanews.com\/index.php\/2022\/05\/21\/flamengo-recebera-nota-preta-devido-a-conquista-de-gerson-no-olympique-de-marselha-com-jorge-sampaoli\/","og_locale":"pt_BR","og_type":"article","og_title":"Flamengo receber\u00e1 'nota preta' devido a conquista de Gerson no Olympique de Marselha com Jorge Sampaoli","og_description":"Os dois gols de Gerson e a vit\u00f3ria do Olympique de Marselha por 4 a 0 sobre o Strasbourg, neste s\u00e1bado, foi motivo de comemora\u00e7\u00e3o no Flamengo. Com a classifica\u00e7\u00e3o do clube franc\u00eas para a Champions League, o Flamengo vai receber um b\u00f4nus de 5 milh\u00f5es de euros \u2013 cerca de R$ 25,7 milh\u00f5es na [&hellip;]","og_url":"https:\/\/www.gaveanews.com\/index.php\/2022\/05\/21\/flamengo-recebera-nota-preta-devido-a-conquista-de-gerson-no-olympique-de-marselha-com-jorge-sampaoli\/","og_site_name":"G\u00e1vea News","article_publisher":"https:\/\/facebook.com\/gaveaNews\/","article_published_time":"2022-05-21T23:48:29+00:00","og_image":[{"width":1920,"height":1079,"url":"https:\/\/www.gaveanews.com\/wp-content\/uploads\/Gerson-em-acao-pelo-Olympique-de-Marseille.webp","type":"image\/jpeg"}],"author":"Equipe G\u00e1vea News","twitter_card":"summary_large_image","twitter_misc":{"Escrito por":"Equipe G\u00e1vea News","Est. tempo de leitura":"2 minutos"},"schema":{"@context":"https:\/\/schema.org","@graph":[{"@type":"NewsArticle","@id":"https:\/\/www.gaveanews.com\/index.php\/2022\/05\/21\/flamengo-recebera-nota-preta-devido-a-conquista-de-gerson-no-olympique-de-marselha-com-jorge-sampaoli\/#article","isPartOf":{"@id":"https:\/\/www.gaveanews.com\/index.php\/2022\/05\/21\/flamengo-recebera-nota-preta-devido-a-conquista-de-gerson-no-olympique-de-marselha-com-jorge-sampaoli\/"},"author":{"name":"Equipe G\u00e1vea News","@id":"https:\/\/www.gaveanews.com\/#\/schema\/person\/2ec14f73fb96be2caf28f91afb14749d"},"headline":"Flamengo receber\u00e1 &#8216;nota preta&#8217; devido a conquista de Gerson no Olympique de Marselha com Jorge Sampaoli","datePublished":"2022-05-21T23:48:29+00:00","mainEntityOfPage":{"@id":"https:\/\/www.gaveanews.com\/index.php\/2022\/05\/21\/flamengo-recebera-nota-preta-devido-a-conquista-de-gerson-no-olympique-de-marselha-com-jorge-sampaoli\/"},"wordCount":206,"commentCount":0,"image":{"@id":"https:\/\/www.gaveanews.com\/index.php\/2022\/05\/21\/flamengo-recebera-nota-preta-devido-a-conquista-de-gerson-no-olympique-de-marselha-com-jorge-sampaoli\/#primaryimage"},"thumbnailUrl":"https:\/\/www.gaveanews.com\/wp-content\/uploads\/Gerson-em-acao-pelo-Olympique-de-Marseille.webp","articleSection":["Destaques"],"inLanguage":"pt-BR","potentialAction":[{"@type":"CommentAction","name":"Comment","target":["https:\/\/www.gaveanews.com\/index.php\/2022\/05\/21\/flamengo-recebera-nota-preta-devido-a-conquista-de-gerson-no-olympique-de-marselha-com-jorge-sampaoli\/#respond"]}],"copyrightYear":"2022","copyrightHolder":{"@id":"https:\/\/www.gaveanews.com\/#organization"}},{"@type":"WebPage","@id":"https:\/\/www.gaveanews.com\/index.php\/2022\/05\/21\/flamengo-recebera-nota-preta-devido-a-conquista-de-gerson-no-olympique-de-marselha-com-jorge-sampaoli\/","url":"https:\/\/www.gaveanews.com\/index.php\/2022\/05\/21\/flamengo-recebera-nota-preta-devido-a-conquista-de-gerson-no-olympique-de-marselha-com-jorge-sampaoli\/","name":"Flamengo receber\u00e1 'nota preta' devido a conquista de Gerson no Olympique de Marselha com Jorge Sampaoli","isPartOf":{"@id":"https:\/\/www.gaveanews.com\/#website"},"primaryImageOfPage":{"@id":"https:\/\/www.gaveanews.com\/index.php\/2022\/05\/21\/flamengo-recebera-nota-preta-devido-a-conquista-de-gerson-no-olympique-de-marselha-com-jorge-sampaoli\/#primaryimage"},"image":{"@id":"https:\/\/www.gaveanews.com\/index.php\/2022\/05\/21\/flamengo-recebera-nota-preta-devido-a-conquista-de-gerson-no-olympique-de-marselha-com-jorge-sampaoli\/#primaryimage"},"thumbnailUrl":"https:\/\/www.gaveanews.com\/wp-content\/uploads\/Gerson-em-acao-pelo-Olympique-de-Marseille.webp","datePublished":"2022-05-21T23:48:29+00:00","author":{"@id":"https:\/\/www.gaveanews.com\/#\/schema\/person\/2ec14f73fb96be2caf28f91afb14749d"},"breadcrumb":{"@id":"https:\/\/www.gaveanews.com\/index.php\/2022\/05\/21\/flamengo-recebera-nota-preta-devido-a-conquista-de-gerson-no-olympique-de-marselha-com-jorge-sampaoli\/#breadcrumb"},"inLanguage":"pt-BR","potentialAction":[{"@type":"ReadAction","target":["https:\/\/www.gaveanews.com\/index.php\/2022\/05\/21\/flamengo-recebera-nota-preta-devido-a-conquista-de-gerson-no-olympique-de-marselha-com-jorge-sampaoli\/"]}]},{"@type":"ImageObject","inLanguage":"pt-BR","@id":"https:\/\/www.gaveanews.com\/index.php\/2022\/05\/21\/flamengo-recebera-nota-preta-devido-a-conquista-de-gerson-no-olympique-de-marselha-com-jorge-sampaoli\/#primaryimage","url":"https:\/\/www.gaveanews.com\/wp-content\/uploads\/Gerson-em-acao-pelo-Olympique-de-Marseille.webp","contentUrl":"https:\/\/www.gaveanews.com\/wp-content\/uploads\/Gerson-em-acao-pelo-Olympique-de-Marseille.webp","width":1920,"height":1079,"caption":"Gerson em a\u00e7\u00e3o pelo Olympique de Marseille (Foto: Divulga\u00e7\u00e3o\/Olympique de Marseille)"},{"@type":"BreadcrumbList","@id":"https:\/\/www.gaveanews.com\/index.php\/2022\/05\/21\/flamengo-recebera-nota-preta-devido-a-conquista-de-gerson-no-olympique-de-marselha-com-jorge-sampaoli\/#breadcrumb","itemListElement":[{"@type":"ListItem","position":1,"name":"Home","item":"https:\/\/www.gaveanews.com\/"},{"@type":"ListItem","position":2,"name":"Flamengo receber\u00e1 &#8216;nota preta&#8217; devido a conquista de Gerson no Olympique de Marselha com Jorge Sampaoli"}]},{"@type":"WebSite","@id":"https:\/\/www.gaveanews.com\/#website","url":"https:\/\/www.gaveanews.com\/","name":"G\u00e1vea News","description":"Veja todas as not\u00edcias sobre o Flamengo: Contrata\u00e7\u00f5es, categorias de base, resultados das partidas, tabela de classifica\u00e7\u00e3o, pr\u00f3ximos jogos!","potentialAction":[{"@type":"SearchAction","target":{"@type":"EntryPoint","urlTemplate":"https:\/\/www.gaveanews.com\/?s={search_term_string}"},"query-input":{"@type":"PropertyValueSpecification","valueRequired":true,"valueName":"search_term_string"}}],"inLanguage":"pt-BR"},{"@type":"Person","@id":"https:\/\/www.gaveanews.com\/#\/schema\/person\/2ec14f73fb96be2caf28f91afb14749d","name":"Equipe G\u00e1vea News","image":{"@type":"ImageObject","inLanguage":"pt-BR","@id":"https:\/\/www.gaveanews.com\/#\/schema\/person\/image\/","url":"https:\/\/secure.gravatar.com\/avatar\/1e1956f1facbffd3f8fa53a326721950116b3b9dc9bd44939c01180fd4a745a9?s=96&d=mm&r=g","contentUrl":"https:\/\/secure.gravatar.com\/avatar\/1e1956f1facbffd3f8fa53a326721950116b3b9dc9bd44939c01180fd4a745a9?s=96&d=mm&r=g","caption":"Equipe G\u00e1vea News"}}]}},"_links":{"self":[{"href":"https:\/\/www.gaveanews.com\/index.php\/wp-json\/wp\/v2\/posts\/81937","targetHints":{"allow":["GET"]}}],"collection":[{"href":"https:\/\/www.gaveanews.com\/index.php\/wp-json\/wp\/v2\/posts"}],"about":[{"href":"https:\/\/www.gaveanews.com\/index.php\/wp-json\/wp\/v2\/types\/post"}],"author":[{"embeddable":true,"href":"https:\/\/www.gaveanews.com\/index.php\/wp-json\/wp\/v2\/users\/1"}],"replies":[{"embeddable":true,"href":"https:\/\/www.gaveanews.com\/index.php\/wp-json\/wp\/v2\/comments?post=81937"}],"version-history":[{"count":0,"href":"https:\/\/www.gaveanews.com\/index.php\/wp-json\/wp\/v2\/posts\/81937\/revisions"}],"wp:featuredmedia":[{"embeddable":true,"href":"https:\/\/www.gaveanews.com\/index.php\/wp-json\/wp\/v2\/media\/73149"}],"wp:attachment":[{"href":"https:\/\/www.gaveanews.com\/index.php\/wp-json\/wp\/v2\/media?parent=81937"}],"wp:term":[{"taxonomy":"category","embeddable":true,"href":"https:\/\/www.gaveanews.com\/index.php\/wp-json\/wp\/v2\/categories?post=81937"},{"taxonomy":"post_tag","embeddable":true,"href":"https:\/\/www.gaveanews.com\/index.php\/wp-json\/wp\/v2\/tags?post=81937"}],"curies":[{"name":"wp","href":"https:\/\/api.w.org\/{rel}","templated":true}]}}