{"id":81947,"date":"2022-05-22T15:14:22","date_gmt":"2022-05-22T18:14:22","guid":{"rendered":"https:\/\/www.gaveanews.com\/?p=81947"},"modified":"2022-05-22T15:15:20","modified_gmt":"2022-05-22T18:15:20","slug":"sondado-por-atletico-mg-e-flamengo-meia-pode-deixar-river-plate-de-graca","status":"publish","type":"post","link":"https:\/\/www.gaveanews.com\/index.php\/2022\/05\/22\/sondado-por-atletico-mg-e-flamengo-meia-pode-deixar-river-plate-de-graca\/","title":{"rendered":"Sondado por Atl\u00e9tico-MG e Flamengo, meia pode deixar River Plate de gra\u00e7a"},"content":{"rendered":"<p>O River Plate est\u00e1 atento ao mercado para contratar jogadores para a pr\u00f3xima temporada, no entanto, alguns atletas tamb\u00e9m est\u00e3o de sa\u00edda e dificilmente v\u00e3o permanecer no clube ap\u00f3s a janela do meio do ano.<\/p>\n<p>Um desses casos \u00e9 do meia Nicol\u00e1s de la Cruz, de 24 anos, que tem contrato at\u00e9 o final do ano com o River Plate. O jogador pode assinar um pr\u00e9-contrato com qualquer outro time a partir do m\u00eas de junho.<\/p>\n<figure style=\"width: 1200px\" class=\"wp-caption alignnone\"><img loading=\"lazy\" decoding=\"async\" src=\"https:\/\/tntsports.com.br\/__export\/1609537533174\/sites\/esporteinterativo\/img\/2021\/01\/01\/gettyimages-1291866170.jpg_593975440.webp\" alt=\"\" width=\"1200\" height=\"900\" \/><figcaption class=\"wp-caption-text\">Nicol\u00e1s de la Cruz<\/figcaption><\/figure>\n<p>Tr\u00eas clubes brasileiros sondaram recentemente a situa\u00e7\u00e3o do jogador do River Plate, sendo eles: Palmeiras, Flamengo e Atl\u00e9tico-MG. O Galo, inclusive, surgiu nas redes sociais uma poss\u00edvel troca envolvendo a vinda do meia para Minas Gerais e a ida do zagueiro God\u00edn para a Argentina.<\/p>\n<p>De acordo com o jornalista Jorge Nicola, n\u00e3o existe a menor possibilidade de neg\u00f3cio pela diferen\u00e7a de valor entre os jogadores e, principalmente, pelo problema envolvendo River Plate e Atl\u00e9tico-MG pela compra de Nacho Fernandez.<\/p>\n<div class=\"article-body-content\">\n<h2 id=\"h-nicolas-de-la-cruz-esta-bem-avaliado\">Nicol\u00e1s de la Cruz est\u00e1 bem avaliado<\/h2>\n<p>Vale lembrar que o meia uruguaio \u00e9 irm\u00e3o de Carlos S\u00e1nchez, meia que atualmente veste a camisa do\u00a0Santos. Revelado pelo Liverpool, do Uruguai, Nicol\u00e1s de la Cruz est\u00e1 no River Plate desde a temporada de 2017 e est\u00e1 avaliado em 16 milh\u00f5es de euros, atualmente.<\/p>\n<p>Com a camisa do River Plate, Nico de la Cruz conta com 149 jogos disputados, 26 gols marcados e um total de 30 assist\u00eancias distribu\u00eddas no per\u00edodo. Al\u00e9m disso, o jogador j\u00e1 conquistou uma Libertadores, uma Recopa, uma Supercopa Argentina, duas Copas Argentina e um Campeonato Argentino com a camisa do River.<\/p>\n<p>Caso feche com algum clube brasileiro, o jogador poder\u00e1 enfrentar o seu irm\u00e3o e, de quebra, ter o seu primeiro desafio na carreira em solo brasileiro.<\/p>\n<p>Retirado de: Torcedores<\/p>\n<\/div>\n","protected":false},"excerpt":{"rendered":"<p>O River Plate est\u00e1 atento ao mercado para contratar jogadores para a pr\u00f3xima temporada, no entanto, alguns atletas tamb\u00e9m est\u00e3o de sa\u00edda e dificilmente v\u00e3o permanecer no clube ap\u00f3s a janela do meio do ano. Um desses casos \u00e9 do meia Nicol\u00e1s de la Cruz, de 24 anos, que tem contrato at\u00e9 o final do [&hellip;]<\/p>\n","protected":false},"author":1,"featured_media":66783,"comment_status":"open","ping_status":"closed","sticky":false,"template":"","format":"standard","meta":{"footnotes":""},"categories":[48],"tags":[],"class_list":["post-81947","post","type-post","status-publish","format-standard","has-post-thumbnail","hentry","category-negociacoes"],"yoast_head":"<!-- This site is optimized with the Yoast SEO Premium plugin v24.2 (Yoast SEO v26.9) - https:\/\/yoast.com\/product\/yoast-seo-premium-wordpress\/ -->\n<title>Sondado por Atl\u00e9tico-MG e Flamengo, meia pode deixar River Plate de gra\u00e7a<\/title>\n<meta name=\"robots\" content=\"index, follow, max-snippet:-1, max-image-preview:large, max-video-preview:-1\" \/>\n<link rel=\"canonical\" href=\"https:\/\/www.gaveanews.com\/index.php\/2022\/05\/22\/sondado-por-atletico-mg-e-flamengo-meia-pode-deixar-river-plate-de-graca\/\" \/>\n<meta property=\"og:locale\" content=\"pt_BR\" \/>\n<meta property=\"og:type\" content=\"article\" \/>\n<meta property=\"og:title\" content=\"Sondado por Atl\u00e9tico-MG e Flamengo, meia pode deixar River Plate de gra\u00e7a\" \/>\n<meta property=\"og:description\" content=\"O River Plate est\u00e1 atento ao mercado para contratar jogadores para a pr\u00f3xima temporada, no entanto, alguns atletas tamb\u00e9m est\u00e3o de sa\u00edda e dificilmente v\u00e3o permanecer no clube ap\u00f3s a janela do meio do ano. Um desses casos \u00e9 do meia Nicol\u00e1s de la Cruz, de 24 anos, que tem contrato at\u00e9 o final do [&hellip;]\" \/>\n<meta property=\"og:url\" content=\"https:\/\/www.gaveanews.com\/index.php\/2022\/05\/22\/sondado-por-atletico-mg-e-flamengo-meia-pode-deixar-river-plate-de-graca\/\" \/>\n<meta property=\"og:site_name\" content=\"G\u00e1vea News\" \/>\n<meta property=\"article:publisher\" content=\"https:\/\/facebook.com\/gaveaNews\/\" \/>\n<meta property=\"article:published_time\" content=\"2022-05-22T18:14:22+00:00\" \/>\n<meta property=\"article:modified_time\" content=\"2022-05-22T18:15:20+00:00\" \/>\n<meta property=\"og:image\" content=\"https:\/\/www.gaveanews.com\/wp-content\/uploads\/Marcos-Braz-em-entrevista-coletiva-no-Ninho-do-Urubu-1.webp\" \/>\n\t<meta property=\"og:image:width\" content=\"799\" \/>\n\t<meta property=\"og:image:height\" content=\"532\" \/>\n\t<meta property=\"og:image:type\" content=\"image\/jpeg\" \/>\n<meta name=\"author\" content=\"Equipe G\u00e1vea News\" \/>\n<meta name=\"twitter:card\" content=\"summary_large_image\" \/>\n<meta name=\"twitter:label1\" content=\"Escrito por\" \/>\n\t<meta name=\"twitter:data1\" content=\"Equipe G\u00e1vea News\" \/>\n\t<meta name=\"twitter:label2\" content=\"Est. tempo de leitura\" \/>\n\t<meta name=\"twitter:data2\" content=\"2 minutos\" \/>\n<script type=\"application\/ld+json\" class=\"yoast-schema-graph\">{\"@context\":\"https:\/\/schema.org\",\"@graph\":[{\"@type\":\"NewsArticle\",\"@id\":\"https:\/\/www.gaveanews.com\/index.php\/2022\/05\/22\/sondado-por-atletico-mg-e-flamengo-meia-pode-deixar-river-plate-de-graca\/#article\",\"isPartOf\":{\"@id\":\"https:\/\/www.gaveanews.com\/index.php\/2022\/05\/22\/sondado-por-atletico-mg-e-flamengo-meia-pode-deixar-river-plate-de-graca\/\"},\"author\":{\"name\":\"Equipe G\u00e1vea News\",\"@id\":\"https:\/\/www.gaveanews.com\/#\/schema\/person\/2ec14f73fb96be2caf28f91afb14749d\"},\"headline\":\"Sondado por Atl\u00e9tico-MG e Flamengo, meia pode deixar River Plate de gra\u00e7a\",\"datePublished\":\"2022-05-22T18:14:22+00:00\",\"dateModified\":\"2022-05-22T18:15:20+00:00\",\"mainEntityOfPage\":{\"@id\":\"https:\/\/www.gaveanews.com\/index.php\/2022\/05\/22\/sondado-por-atletico-mg-e-flamengo-meia-pode-deixar-river-plate-de-graca\/\"},\"wordCount\":335,\"commentCount\":0,\"image\":{\"@id\":\"https:\/\/www.gaveanews.com\/index.php\/2022\/05\/22\/sondado-por-atletico-mg-e-flamengo-meia-pode-deixar-river-plate-de-graca\/#primaryimage\"},\"thumbnailUrl\":\"https:\/\/www.gaveanews.com\/wp-content\/uploads\/Marcos-Braz-em-entrevista-coletiva-no-Ninho-do-Urubu-1.webp\",\"articleSection\":[\"Negocia\u00e7\u00f5es\"],\"inLanguage\":\"pt-BR\",\"potentialAction\":[{\"@type\":\"CommentAction\",\"name\":\"Comment\",\"target\":[\"https:\/\/www.gaveanews.com\/index.php\/2022\/05\/22\/sondado-por-atletico-mg-e-flamengo-meia-pode-deixar-river-plate-de-graca\/#respond\"]}],\"copyrightYear\":\"2022\",\"copyrightHolder\":{\"@id\":\"https:\/\/www.gaveanews.com\/#organization\"}},{\"@type\":\"WebPage\",\"@id\":\"https:\/\/www.gaveanews.com\/index.php\/2022\/05\/22\/sondado-por-atletico-mg-e-flamengo-meia-pode-deixar-river-plate-de-graca\/\",\"url\":\"https:\/\/www.gaveanews.com\/index.php\/2022\/05\/22\/sondado-por-atletico-mg-e-flamengo-meia-pode-deixar-river-plate-de-graca\/\",\"name\":\"Sondado por Atl\u00e9tico-MG e Flamengo, meia pode deixar River Plate de gra\u00e7a\",\"isPartOf\":{\"@id\":\"https:\/\/www.gaveanews.com\/#website\"},\"primaryImageOfPage\":{\"@id\":\"https:\/\/www.gaveanews.com\/index.php\/2022\/05\/22\/sondado-por-atletico-mg-e-flamengo-meia-pode-deixar-river-plate-de-graca\/#primaryimage\"},\"image\":{\"@id\":\"https:\/\/www.gaveanews.com\/index.php\/2022\/05\/22\/sondado-por-atletico-mg-e-flamengo-meia-pode-deixar-river-plate-de-graca\/#primaryimage\"},\"thumbnailUrl\":\"https:\/\/www.gaveanews.com\/wp-content\/uploads\/Marcos-Braz-em-entrevista-coletiva-no-Ninho-do-Urubu-1.webp\",\"datePublished\":\"2022-05-22T18:14:22+00:00\",\"dateModified\":\"2022-05-22T18:15:20+00:00\",\"author\":{\"@id\":\"https:\/\/www.gaveanews.com\/#\/schema\/person\/2ec14f73fb96be2caf28f91afb14749d\"},\"breadcrumb\":{\"@id\":\"https:\/\/www.gaveanews.com\/index.php\/2022\/05\/22\/sondado-por-atletico-mg-e-flamengo-meia-pode-deixar-river-plate-de-graca\/#breadcrumb\"},\"inLanguage\":\"pt-BR\",\"potentialAction\":[{\"@type\":\"ReadAction\",\"target\":[\"https:\/\/www.gaveanews.com\/index.php\/2022\/05\/22\/sondado-por-atletico-mg-e-flamengo-meia-pode-deixar-river-plate-de-graca\/\"]}]},{\"@type\":\"ImageObject\",\"inLanguage\":\"pt-BR\",\"@id\":\"https:\/\/www.gaveanews.com\/index.php\/2022\/05\/22\/sondado-por-atletico-mg-e-flamengo-meia-pode-deixar-river-plate-de-graca\/#primaryimage\",\"url\":\"https:\/\/www.gaveanews.com\/wp-content\/uploads\/Marcos-Braz-em-entrevista-coletiva-no-Ninho-do-Urubu-1.webp\",\"contentUrl\":\"https:\/\/www.gaveanews.com\/wp-content\/uploads\/Marcos-Braz-em-entrevista-coletiva-no-Ninho-do-Urubu-1.webp\",\"width\":799,\"height\":532,\"caption\":\"Marcos Braz em entrevista coletiva no Ninho do Urubu (Foto: Alexandre Vidal\/Flamengo)\"},{\"@type\":\"BreadcrumbList\",\"@id\":\"https:\/\/www.gaveanews.com\/index.php\/2022\/05\/22\/sondado-por-atletico-mg-e-flamengo-meia-pode-deixar-river-plate-de-graca\/#breadcrumb\",\"itemListElement\":[{\"@type\":\"ListItem\",\"position\":1,\"name\":\"Home\",\"item\":\"https:\/\/www.gaveanews.com\/\"},{\"@type\":\"ListItem\",\"position\":2,\"name\":\"Sondado por Atl\u00e9tico-MG e Flamengo, meia pode deixar River Plate de gra\u00e7a\"}]},{\"@type\":\"WebSite\",\"@id\":\"https:\/\/www.gaveanews.com\/#website\",\"url\":\"https:\/\/www.gaveanews.com\/\",\"name\":\"G\u00e1vea News\",\"description\":\"Veja todas as not\u00edcias sobre o Flamengo: Contrata\u00e7\u00f5es, categorias de base, resultados das partidas, tabela de classifica\u00e7\u00e3o, pr\u00f3ximos jogos!\",\"potentialAction\":[{\"@type\":\"SearchAction\",\"target\":{\"@type\":\"EntryPoint\",\"urlTemplate\":\"https:\/\/www.gaveanews.com\/?s={search_term_string}\"},\"query-input\":{\"@type\":\"PropertyValueSpecification\",\"valueRequired\":true,\"valueName\":\"search_term_string\"}}],\"inLanguage\":\"pt-BR\"},{\"@type\":\"Person\",\"@id\":\"https:\/\/www.gaveanews.com\/#\/schema\/person\/2ec14f73fb96be2caf28f91afb14749d\",\"name\":\"Equipe G\u00e1vea News\",\"image\":{\"@type\":\"ImageObject\",\"inLanguage\":\"pt-BR\",\"@id\":\"https:\/\/www.gaveanews.com\/#\/schema\/person\/image\/\",\"url\":\"https:\/\/secure.gravatar.com\/avatar\/1e1956f1facbffd3f8fa53a326721950116b3b9dc9bd44939c01180fd4a745a9?s=96&d=mm&r=g\",\"contentUrl\":\"https:\/\/secure.gravatar.com\/avatar\/1e1956f1facbffd3f8fa53a326721950116b3b9dc9bd44939c01180fd4a745a9?s=96&d=mm&r=g\",\"caption\":\"Equipe G\u00e1vea News\"}}]}<\/script>\n<!-- \/ Yoast SEO Premium plugin. -->","yoast_head_json":{"title":"Sondado por Atl\u00e9tico-MG e Flamengo, meia pode deixar River Plate de gra\u00e7a","robots":{"index":"index","follow":"follow","max-snippet":"max-snippet:-1","max-image-preview":"max-image-preview:large","max-video-preview":"max-video-preview:-1"},"canonical":"https:\/\/www.gaveanews.com\/index.php\/2022\/05\/22\/sondado-por-atletico-mg-e-flamengo-meia-pode-deixar-river-plate-de-graca\/","og_locale":"pt_BR","og_type":"article","og_title":"Sondado por Atl\u00e9tico-MG e Flamengo, meia pode deixar River Plate de gra\u00e7a","og_description":"O River Plate est\u00e1 atento ao mercado para contratar jogadores para a pr\u00f3xima temporada, no entanto, alguns atletas tamb\u00e9m est\u00e3o de sa\u00edda e dificilmente v\u00e3o permanecer no clube ap\u00f3s a janela do meio do ano. Um desses casos \u00e9 do meia Nicol\u00e1s de la Cruz, de 24 anos, que tem contrato at\u00e9 o final do [&hellip;]","og_url":"https:\/\/www.gaveanews.com\/index.php\/2022\/05\/22\/sondado-por-atletico-mg-e-flamengo-meia-pode-deixar-river-plate-de-graca\/","og_site_name":"G\u00e1vea News","article_publisher":"https:\/\/facebook.com\/gaveaNews\/","article_published_time":"2022-05-22T18:14:22+00:00","article_modified_time":"2022-05-22T18:15:20+00:00","og_image":[{"width":799,"height":532,"url":"https:\/\/www.gaveanews.com\/wp-content\/uploads\/Marcos-Braz-em-entrevista-coletiva-no-Ninho-do-Urubu-1.webp","type":"image\/jpeg"}],"author":"Equipe G\u00e1vea News","twitter_card":"summary_large_image","twitter_misc":{"Escrito por":"Equipe G\u00e1vea News","Est. tempo de leitura":"2 minutos"},"schema":{"@context":"https:\/\/schema.org","@graph":[{"@type":"NewsArticle","@id":"https:\/\/www.gaveanews.com\/index.php\/2022\/05\/22\/sondado-por-atletico-mg-e-flamengo-meia-pode-deixar-river-plate-de-graca\/#article","isPartOf":{"@id":"https:\/\/www.gaveanews.com\/index.php\/2022\/05\/22\/sondado-por-atletico-mg-e-flamengo-meia-pode-deixar-river-plate-de-graca\/"},"author":{"name":"Equipe G\u00e1vea News","@id":"https:\/\/www.gaveanews.com\/#\/schema\/person\/2ec14f73fb96be2caf28f91afb14749d"},"headline":"Sondado por Atl\u00e9tico-MG e Flamengo, meia pode deixar River Plate de gra\u00e7a","datePublished":"2022-05-22T18:14:22+00:00","dateModified":"2022-05-22T18:15:20+00:00","mainEntityOfPage":{"@id":"https:\/\/www.gaveanews.com\/index.php\/2022\/05\/22\/sondado-por-atletico-mg-e-flamengo-meia-pode-deixar-river-plate-de-graca\/"},"wordCount":335,"commentCount":0,"image":{"@id":"https:\/\/www.gaveanews.com\/index.php\/2022\/05\/22\/sondado-por-atletico-mg-e-flamengo-meia-pode-deixar-river-plate-de-graca\/#primaryimage"},"thumbnailUrl":"https:\/\/www.gaveanews.com\/wp-content\/uploads\/Marcos-Braz-em-entrevista-coletiva-no-Ninho-do-Urubu-1.webp","articleSection":["Negocia\u00e7\u00f5es"],"inLanguage":"pt-BR","potentialAction":[{"@type":"CommentAction","name":"Comment","target":["https:\/\/www.gaveanews.com\/index.php\/2022\/05\/22\/sondado-por-atletico-mg-e-flamengo-meia-pode-deixar-river-plate-de-graca\/#respond"]}],"copyrightYear":"2022","copyrightHolder":{"@id":"https:\/\/www.gaveanews.com\/#organization"}},{"@type":"WebPage","@id":"https:\/\/www.gaveanews.com\/index.php\/2022\/05\/22\/sondado-por-atletico-mg-e-flamengo-meia-pode-deixar-river-plate-de-graca\/","url":"https:\/\/www.gaveanews.com\/index.php\/2022\/05\/22\/sondado-por-atletico-mg-e-flamengo-meia-pode-deixar-river-plate-de-graca\/","name":"Sondado por Atl\u00e9tico-MG e Flamengo, meia pode deixar River Plate de gra\u00e7a","isPartOf":{"@id":"https:\/\/www.gaveanews.com\/#website"},"primaryImageOfPage":{"@id":"https:\/\/www.gaveanews.com\/index.php\/2022\/05\/22\/sondado-por-atletico-mg-e-flamengo-meia-pode-deixar-river-plate-de-graca\/#primaryimage"},"image":{"@id":"https:\/\/www.gaveanews.com\/index.php\/2022\/05\/22\/sondado-por-atletico-mg-e-flamengo-meia-pode-deixar-river-plate-de-graca\/#primaryimage"},"thumbnailUrl":"https:\/\/www.gaveanews.com\/wp-content\/uploads\/Marcos-Braz-em-entrevista-coletiva-no-Ninho-do-Urubu-1.webp","datePublished":"2022-05-22T18:14:22+00:00","dateModified":"2022-05-22T18:15:20+00:00","author":{"@id":"https:\/\/www.gaveanews.com\/#\/schema\/person\/2ec14f73fb96be2caf28f91afb14749d"},"breadcrumb":{"@id":"https:\/\/www.gaveanews.com\/index.php\/2022\/05\/22\/sondado-por-atletico-mg-e-flamengo-meia-pode-deixar-river-plate-de-graca\/#breadcrumb"},"inLanguage":"pt-BR","potentialAction":[{"@type":"ReadAction","target":["https:\/\/www.gaveanews.com\/index.php\/2022\/05\/22\/sondado-por-atletico-mg-e-flamengo-meia-pode-deixar-river-plate-de-graca\/"]}]},{"@type":"ImageObject","inLanguage":"pt-BR","@id":"https:\/\/www.gaveanews.com\/index.php\/2022\/05\/22\/sondado-por-atletico-mg-e-flamengo-meia-pode-deixar-river-plate-de-graca\/#primaryimage","url":"https:\/\/www.gaveanews.com\/wp-content\/uploads\/Marcos-Braz-em-entrevista-coletiva-no-Ninho-do-Urubu-1.webp","contentUrl":"https:\/\/www.gaveanews.com\/wp-content\/uploads\/Marcos-Braz-em-entrevista-coletiva-no-Ninho-do-Urubu-1.webp","width":799,"height":532,"caption":"Marcos Braz em entrevista coletiva no Ninho do Urubu (Foto: Alexandre Vidal\/Flamengo)"},{"@type":"BreadcrumbList","@id":"https:\/\/www.gaveanews.com\/index.php\/2022\/05\/22\/sondado-por-atletico-mg-e-flamengo-meia-pode-deixar-river-plate-de-graca\/#breadcrumb","itemListElement":[{"@type":"ListItem","position":1,"name":"Home","item":"https:\/\/www.gaveanews.com\/"},{"@type":"ListItem","position":2,"name":"Sondado por Atl\u00e9tico-MG e Flamengo, meia pode deixar River Plate de gra\u00e7a"}]},{"@type":"WebSite","@id":"https:\/\/www.gaveanews.com\/#website","url":"https:\/\/www.gaveanews.com\/","name":"G\u00e1vea News","description":"Veja todas as not\u00edcias sobre o Flamengo: Contrata\u00e7\u00f5es, categorias de base, resultados das partidas, tabela de classifica\u00e7\u00e3o, pr\u00f3ximos jogos!","potentialAction":[{"@type":"SearchAction","target":{"@type":"EntryPoint","urlTemplate":"https:\/\/www.gaveanews.com\/?s={search_term_string}"},"query-input":{"@type":"PropertyValueSpecification","valueRequired":true,"valueName":"search_term_string"}}],"inLanguage":"pt-BR"},{"@type":"Person","@id":"https:\/\/www.gaveanews.com\/#\/schema\/person\/2ec14f73fb96be2caf28f91afb14749d","name":"Equipe G\u00e1vea News","image":{"@type":"ImageObject","inLanguage":"pt-BR","@id":"https:\/\/www.gaveanews.com\/#\/schema\/person\/image\/","url":"https:\/\/secure.gravatar.com\/avatar\/1e1956f1facbffd3f8fa53a326721950116b3b9dc9bd44939c01180fd4a745a9?s=96&d=mm&r=g","contentUrl":"https:\/\/secure.gravatar.com\/avatar\/1e1956f1facbffd3f8fa53a326721950116b3b9dc9bd44939c01180fd4a745a9?s=96&d=mm&r=g","caption":"Equipe G\u00e1vea News"}}]}},"_links":{"self":[{"href":"https:\/\/www.gaveanews.com\/index.php\/wp-json\/wp\/v2\/posts\/81947","targetHints":{"allow":["GET"]}}],"collection":[{"href":"https:\/\/www.gaveanews.com\/index.php\/wp-json\/wp\/v2\/posts"}],"about":[{"href":"https:\/\/www.gaveanews.com\/index.php\/wp-json\/wp\/v2\/types\/post"}],"author":[{"embeddable":true,"href":"https:\/\/www.gaveanews.com\/index.php\/wp-json\/wp\/v2\/users\/1"}],"replies":[{"embeddable":true,"href":"https:\/\/www.gaveanews.com\/index.php\/wp-json\/wp\/v2\/comments?post=81947"}],"version-history":[{"count":0,"href":"https:\/\/www.gaveanews.com\/index.php\/wp-json\/wp\/v2\/posts\/81947\/revisions"}],"wp:featuredmedia":[{"embeddable":true,"href":"https:\/\/www.gaveanews.com\/index.php\/wp-json\/wp\/v2\/media\/66783"}],"wp:attachment":[{"href":"https:\/\/www.gaveanews.com\/index.php\/wp-json\/wp\/v2\/media?parent=81947"}],"wp:term":[{"taxonomy":"category","embeddable":true,"href":"https:\/\/www.gaveanews.com\/index.php\/wp-json\/wp\/v2\/categories?post=81947"},{"taxonomy":"post_tag","embeddable":true,"href":"https:\/\/www.gaveanews.com\/index.php\/wp-json\/wp\/v2\/tags?post=81947"}],"curies":[{"name":"wp","href":"https:\/\/api.w.org\/{rel}","templated":true}]}}