{"id":81952,"date":"2022-05-22T16:28:07","date_gmt":"2022-05-22T19:28:07","guid":{"rendered":"https:\/\/www.gaveanews.com\/?p=81952"},"modified":"2022-05-22T16:28:07","modified_gmt":"2022-05-22T19:28:07","slug":"jornalista-diz-que-diretoria-do-flamengo-arregou-para-diego-ribas-diego-alves-e-filipe-luis","status":"publish","type":"post","link":"https:\/\/www.gaveanews.com\/index.php\/2022\/05\/22\/jornalista-diz-que-diretoria-do-flamengo-arregou-para-diego-ribas-diego-alves-e-filipe-luis\/","title":{"rendered":"Jornalista diz que diretoria do Flamengo &#8216;arregou&#8217; para Diego Ribas, Diego Alves e Filipe Lu\u00eds"},"content":{"rendered":"<p>A situa\u00e7\u00e3o envolvendo o \u201cracha\u201d entre elenco e Paulo Sousa por conta do epis\u00f3dio com Diego Alves parece ter sido superado, pelo menos no discurso externo da diretoria e comiss\u00e3o t\u00e9cnica.<\/p>\n<p>O jornalista Renato Maur\u00edcio Prado, em seu espa\u00e7o de opini\u00e3o, mostrou insatisfa\u00e7\u00e3o com a forma que o processo foi administrado e garantiu que faltou pulso da diretoria com o caso em espec\u00edfico.<\/p>\n<p>\u2014 <em>T\u00e1 tudo dominado! Esse deve ter sido o sentimento dos l\u00edderes do elenco do Flamengo, ap\u00f3s a constrangedora entrevista do t\u00e9cnico Paulo Sousa e dos cartolas Marcos Braz e Bruno Spindel, realizada em seguida \u00e0 magra vit\u00f3ria rubro-negra sobre o Goi\u00e1s, quando os tr\u00eas fizeram de tudo para se desculpar com Diego Alves e com os l\u00edderes do grupo que, em reuni\u00e3o no Ninho do Urubu, cobraram satisfa\u00e7\u00f5es a respeito do imbr\u00f3glio entre o goleiro e o treinador, com participa\u00e7\u00e3o do diretor executivo do clube<\/em>, escreveu RMP em sua coluna no UOL.<\/p>\n<h2>\u201cLandim n\u00e3o resolve nada\u201d, dispara RMP<\/h2>\n<p>As cr\u00edticas de Renato Maur\u00edcio Prado v\u00e3o al\u00e9m e focam, especialmente, na diretoria, em especial na figura do presidente Rodolfo Landim que, na opini\u00e3o de RMP, n\u00e3o resolve nada.<\/p>\n<p><em>\u2014 Mas, infelizmente, para os rubro-negros, Landim n\u00e3o resolve nada. Nem Braz, muito menos Spindel e Paulo Sousa. Que arregaram feio para os l\u00edderes do Flamengo da gera\u00e7\u00e3o 85 (Diego Ribas, Diego Alves e Filipe Lu\u00eds) e seus aliados. O que esperar daqui pra frente? Nada de bom. O futebol do Flamengo \u00e9 uma nave \u00e0 deriva, sem comando, sem rumo, sem nada. Capaz at\u00e9 de, \u00fanica e exclusivamente, pelo talento de seus jogadores, praticar um bom futebol, como no primeiro tempo, diante do Goi\u00e1s. Mas tamb\u00e9m de quase entregar a rapadura, como ia acontecendo, no final do jogo, n\u00e3o fosse o chute nas nuvens de Apodi, completamente livre \u00e0 frente de Hugo<\/em>, concluiu.<\/p>\n<p>Retirado de: Torcedores<\/p>\n","protected":false},"excerpt":{"rendered":"<p>A situa\u00e7\u00e3o envolvendo o \u201cracha\u201d entre elenco e Paulo Sousa por conta do epis\u00f3dio com Diego Alves parece ter sido superado, pelo menos no discurso externo da diretoria e comiss\u00e3o t\u00e9cnica. O jornalista Renato Maur\u00edcio Prado, em seu espa\u00e7o de opini\u00e3o, mostrou insatisfa\u00e7\u00e3o com a forma que o processo foi administrado e garantiu que faltou [&hellip;]<\/p>\n","protected":false},"author":1,"featured_media":81805,"comment_status":"open","ping_status":"closed","sticky":false,"template":"","format":"standard","meta":{"footnotes":""},"categories":[47],"tags":[],"class_list":["post-81952","post","type-post","status-publish","format-standard","has-post-thumbnail","hentry","category-destaques"],"yoast_head":"<!-- This site is optimized with the Yoast SEO Premium plugin v24.2 (Yoast SEO v26.9) - https:\/\/yoast.com\/product\/yoast-seo-premium-wordpress\/ -->\n<title>Jornalista diz que diretoria do Flamengo &#039;arregou&#039; para Diego Ribas, Diego Alves e Filipe Lu\u00eds<\/title>\n<meta name=\"robots\" content=\"index, follow, max-snippet:-1, max-image-preview:large, max-video-preview:-1\" \/>\n<link rel=\"canonical\" href=\"https:\/\/www.gaveanews.com\/index.php\/2022\/05\/22\/jornalista-diz-que-diretoria-do-flamengo-arregou-para-diego-ribas-diego-alves-e-filipe-luis\/\" \/>\n<meta property=\"og:locale\" content=\"pt_BR\" \/>\n<meta property=\"og:type\" content=\"article\" \/>\n<meta property=\"og:title\" content=\"Jornalista diz que diretoria do Flamengo &#039;arregou&#039; para Diego Ribas, Diego Alves e Filipe Lu\u00eds\" \/>\n<meta property=\"og:description\" content=\"A situa\u00e7\u00e3o envolvendo o \u201cracha\u201d entre elenco e Paulo Sousa por conta do epis\u00f3dio com Diego Alves parece ter sido superado, pelo menos no discurso externo da diretoria e comiss\u00e3o t\u00e9cnica. O jornalista Renato Maur\u00edcio Prado, em seu espa\u00e7o de opini\u00e3o, mostrou insatisfa\u00e7\u00e3o com a forma que o processo foi administrado e garantiu que faltou [&hellip;]\" \/>\n<meta property=\"og:url\" content=\"https:\/\/www.gaveanews.com\/index.php\/2022\/05\/22\/jornalista-diz-que-diretoria-do-flamengo-arregou-para-diego-ribas-diego-alves-e-filipe-luis\/\" \/>\n<meta property=\"og:site_name\" content=\"G\u00e1vea News\" \/>\n<meta property=\"article:publisher\" content=\"https:\/\/facebook.com\/gaveaNews\/\" \/>\n<meta property=\"article:published_time\" content=\"2022-05-22T19:28:07+00:00\" \/>\n<meta property=\"og:image\" content=\"https:\/\/www.gaveanews.com\/wp-content\/uploads\/Diego-Alves-faz-atividades-na-academia-do-Ninho-do-Urubu.webp\" \/>\n\t<meta property=\"og:image:width\" content=\"800\" \/>\n\t<meta property=\"og:image:height\" content=\"533\" \/>\n\t<meta property=\"og:image:type\" content=\"image\/jpeg\" \/>\n<meta name=\"author\" content=\"Equipe G\u00e1vea News\" \/>\n<meta name=\"twitter:card\" content=\"summary_large_image\" \/>\n<meta name=\"twitter:label1\" content=\"Escrito por\" \/>\n\t<meta name=\"twitter:data1\" content=\"Equipe G\u00e1vea News\" \/>\n\t<meta name=\"twitter:label2\" content=\"Est. tempo de leitura\" \/>\n\t<meta name=\"twitter:data2\" content=\"2 minutos\" \/>\n<script type=\"application\/ld+json\" class=\"yoast-schema-graph\">{\"@context\":\"https:\/\/schema.org\",\"@graph\":[{\"@type\":\"NewsArticle\",\"@id\":\"https:\/\/www.gaveanews.com\/index.php\/2022\/05\/22\/jornalista-diz-que-diretoria-do-flamengo-arregou-para-diego-ribas-diego-alves-e-filipe-luis\/#article\",\"isPartOf\":{\"@id\":\"https:\/\/www.gaveanews.com\/index.php\/2022\/05\/22\/jornalista-diz-que-diretoria-do-flamengo-arregou-para-diego-ribas-diego-alves-e-filipe-luis\/\"},\"author\":{\"name\":\"Equipe G\u00e1vea News\",\"@id\":\"https:\/\/www.gaveanews.com\/#\/schema\/person\/2ec14f73fb96be2caf28f91afb14749d\"},\"headline\":\"Jornalista diz que diretoria do Flamengo &#8216;arregou&#8217; para Diego Ribas, Diego Alves e Filipe Lu\u00eds\",\"datePublished\":\"2022-05-22T19:28:07+00:00\",\"mainEntityOfPage\":{\"@id\":\"https:\/\/www.gaveanews.com\/index.php\/2022\/05\/22\/jornalista-diz-que-diretoria-do-flamengo-arregou-para-diego-ribas-diego-alves-e-filipe-luis\/\"},\"wordCount\":351,\"commentCount\":0,\"image\":{\"@id\":\"https:\/\/www.gaveanews.com\/index.php\/2022\/05\/22\/jornalista-diz-que-diretoria-do-flamengo-arregou-para-diego-ribas-diego-alves-e-filipe-luis\/#primaryimage\"},\"thumbnailUrl\":\"https:\/\/www.gaveanews.com\/wp-content\/uploads\/Diego-Alves-faz-atividades-na-academia-do-Ninho-do-Urubu.webp\",\"articleSection\":[\"Destaques\"],\"inLanguage\":\"pt-BR\",\"potentialAction\":[{\"@type\":\"CommentAction\",\"name\":\"Comment\",\"target\":[\"https:\/\/www.gaveanews.com\/index.php\/2022\/05\/22\/jornalista-diz-que-diretoria-do-flamengo-arregou-para-diego-ribas-diego-alves-e-filipe-luis\/#respond\"]}],\"copyrightYear\":\"2022\",\"copyrightHolder\":{\"@id\":\"https:\/\/www.gaveanews.com\/#organization\"}},{\"@type\":\"WebPage\",\"@id\":\"https:\/\/www.gaveanews.com\/index.php\/2022\/05\/22\/jornalista-diz-que-diretoria-do-flamengo-arregou-para-diego-ribas-diego-alves-e-filipe-luis\/\",\"url\":\"https:\/\/www.gaveanews.com\/index.php\/2022\/05\/22\/jornalista-diz-que-diretoria-do-flamengo-arregou-para-diego-ribas-diego-alves-e-filipe-luis\/\",\"name\":\"Jornalista diz que diretoria do Flamengo 'arregou' para Diego Ribas, Diego Alves e Filipe Lu\u00eds\",\"isPartOf\":{\"@id\":\"https:\/\/www.gaveanews.com\/#website\"},\"primaryImageOfPage\":{\"@id\":\"https:\/\/www.gaveanews.com\/index.php\/2022\/05\/22\/jornalista-diz-que-diretoria-do-flamengo-arregou-para-diego-ribas-diego-alves-e-filipe-luis\/#primaryimage\"},\"image\":{\"@id\":\"https:\/\/www.gaveanews.com\/index.php\/2022\/05\/22\/jornalista-diz-que-diretoria-do-flamengo-arregou-para-diego-ribas-diego-alves-e-filipe-luis\/#primaryimage\"},\"thumbnailUrl\":\"https:\/\/www.gaveanews.com\/wp-content\/uploads\/Diego-Alves-faz-atividades-na-academia-do-Ninho-do-Urubu.webp\",\"datePublished\":\"2022-05-22T19:28:07+00:00\",\"author\":{\"@id\":\"https:\/\/www.gaveanews.com\/#\/schema\/person\/2ec14f73fb96be2caf28f91afb14749d\"},\"breadcrumb\":{\"@id\":\"https:\/\/www.gaveanews.com\/index.php\/2022\/05\/22\/jornalista-diz-que-diretoria-do-flamengo-arregou-para-diego-ribas-diego-alves-e-filipe-luis\/#breadcrumb\"},\"inLanguage\":\"pt-BR\",\"potentialAction\":[{\"@type\":\"ReadAction\",\"target\":[\"https:\/\/www.gaveanews.com\/index.php\/2022\/05\/22\/jornalista-diz-que-diretoria-do-flamengo-arregou-para-diego-ribas-diego-alves-e-filipe-luis\/\"]}]},{\"@type\":\"ImageObject\",\"inLanguage\":\"pt-BR\",\"@id\":\"https:\/\/www.gaveanews.com\/index.php\/2022\/05\/22\/jornalista-diz-que-diretoria-do-flamengo-arregou-para-diego-ribas-diego-alves-e-filipe-luis\/#primaryimage\",\"url\":\"https:\/\/www.gaveanews.com\/wp-content\/uploads\/Diego-Alves-faz-atividades-na-academia-do-Ninho-do-Urubu.webp\",\"contentUrl\":\"https:\/\/www.gaveanews.com\/wp-content\/uploads\/Diego-Alves-faz-atividades-na-academia-do-Ninho-do-Urubu.webp\",\"width\":800,\"height\":533,\"caption\":\"Diego Alves faz atividades na academia do Ninho do Urubu (Foto: Marcelo Cortes\/Flamengo)\"},{\"@type\":\"BreadcrumbList\",\"@id\":\"https:\/\/www.gaveanews.com\/index.php\/2022\/05\/22\/jornalista-diz-que-diretoria-do-flamengo-arregou-para-diego-ribas-diego-alves-e-filipe-luis\/#breadcrumb\",\"itemListElement\":[{\"@type\":\"ListItem\",\"position\":1,\"name\":\"Home\",\"item\":\"https:\/\/www.gaveanews.com\/\"},{\"@type\":\"ListItem\",\"position\":2,\"name\":\"Jornalista diz que diretoria do Flamengo &#8216;arregou&#8217; para Diego Ribas, Diego Alves e Filipe Lu\u00eds\"}]},{\"@type\":\"WebSite\",\"@id\":\"https:\/\/www.gaveanews.com\/#website\",\"url\":\"https:\/\/www.gaveanews.com\/\",\"name\":\"G\u00e1vea News\",\"description\":\"Veja todas as not\u00edcias sobre o Flamengo: Contrata\u00e7\u00f5es, categorias de base, resultados das partidas, tabela de classifica\u00e7\u00e3o, pr\u00f3ximos jogos!\",\"potentialAction\":[{\"@type\":\"SearchAction\",\"target\":{\"@type\":\"EntryPoint\",\"urlTemplate\":\"https:\/\/www.gaveanews.com\/?s={search_term_string}\"},\"query-input\":{\"@type\":\"PropertyValueSpecification\",\"valueRequired\":true,\"valueName\":\"search_term_string\"}}],\"inLanguage\":\"pt-BR\"},{\"@type\":\"Person\",\"@id\":\"https:\/\/www.gaveanews.com\/#\/schema\/person\/2ec14f73fb96be2caf28f91afb14749d\",\"name\":\"Equipe G\u00e1vea News\",\"image\":{\"@type\":\"ImageObject\",\"inLanguage\":\"pt-BR\",\"@id\":\"https:\/\/www.gaveanews.com\/#\/schema\/person\/image\/\",\"url\":\"https:\/\/secure.gravatar.com\/avatar\/1e1956f1facbffd3f8fa53a326721950116b3b9dc9bd44939c01180fd4a745a9?s=96&d=mm&r=g\",\"contentUrl\":\"https:\/\/secure.gravatar.com\/avatar\/1e1956f1facbffd3f8fa53a326721950116b3b9dc9bd44939c01180fd4a745a9?s=96&d=mm&r=g\",\"caption\":\"Equipe G\u00e1vea News\"}}]}<\/script>\n<!-- \/ Yoast SEO Premium plugin. -->","yoast_head_json":{"title":"Jornalista diz que diretoria do Flamengo 'arregou' para Diego Ribas, Diego Alves e Filipe Lu\u00eds","robots":{"index":"index","follow":"follow","max-snippet":"max-snippet:-1","max-image-preview":"max-image-preview:large","max-video-preview":"max-video-preview:-1"},"canonical":"https:\/\/www.gaveanews.com\/index.php\/2022\/05\/22\/jornalista-diz-que-diretoria-do-flamengo-arregou-para-diego-ribas-diego-alves-e-filipe-luis\/","og_locale":"pt_BR","og_type":"article","og_title":"Jornalista diz que diretoria do Flamengo 'arregou' para Diego Ribas, Diego Alves e Filipe Lu\u00eds","og_description":"A situa\u00e7\u00e3o envolvendo o \u201cracha\u201d entre elenco e Paulo Sousa por conta do epis\u00f3dio com Diego Alves parece ter sido superado, pelo menos no discurso externo da diretoria e comiss\u00e3o t\u00e9cnica. O jornalista Renato Maur\u00edcio Prado, em seu espa\u00e7o de opini\u00e3o, mostrou insatisfa\u00e7\u00e3o com a forma que o processo foi administrado e garantiu que faltou [&hellip;]","og_url":"https:\/\/www.gaveanews.com\/index.php\/2022\/05\/22\/jornalista-diz-que-diretoria-do-flamengo-arregou-para-diego-ribas-diego-alves-e-filipe-luis\/","og_site_name":"G\u00e1vea News","article_publisher":"https:\/\/facebook.com\/gaveaNews\/","article_published_time":"2022-05-22T19:28:07+00:00","og_image":[{"width":800,"height":533,"url":"https:\/\/www.gaveanews.com\/wp-content\/uploads\/Diego-Alves-faz-atividades-na-academia-do-Ninho-do-Urubu.webp","type":"image\/jpeg"}],"author":"Equipe G\u00e1vea News","twitter_card":"summary_large_image","twitter_misc":{"Escrito por":"Equipe G\u00e1vea News","Est. tempo de leitura":"2 minutos"},"schema":{"@context":"https:\/\/schema.org","@graph":[{"@type":"NewsArticle","@id":"https:\/\/www.gaveanews.com\/index.php\/2022\/05\/22\/jornalista-diz-que-diretoria-do-flamengo-arregou-para-diego-ribas-diego-alves-e-filipe-luis\/#article","isPartOf":{"@id":"https:\/\/www.gaveanews.com\/index.php\/2022\/05\/22\/jornalista-diz-que-diretoria-do-flamengo-arregou-para-diego-ribas-diego-alves-e-filipe-luis\/"},"author":{"name":"Equipe G\u00e1vea News","@id":"https:\/\/www.gaveanews.com\/#\/schema\/person\/2ec14f73fb96be2caf28f91afb14749d"},"headline":"Jornalista diz que diretoria do Flamengo &#8216;arregou&#8217; para Diego Ribas, Diego Alves e Filipe Lu\u00eds","datePublished":"2022-05-22T19:28:07+00:00","mainEntityOfPage":{"@id":"https:\/\/www.gaveanews.com\/index.php\/2022\/05\/22\/jornalista-diz-que-diretoria-do-flamengo-arregou-para-diego-ribas-diego-alves-e-filipe-luis\/"},"wordCount":351,"commentCount":0,"image":{"@id":"https:\/\/www.gaveanews.com\/index.php\/2022\/05\/22\/jornalista-diz-que-diretoria-do-flamengo-arregou-para-diego-ribas-diego-alves-e-filipe-luis\/#primaryimage"},"thumbnailUrl":"https:\/\/www.gaveanews.com\/wp-content\/uploads\/Diego-Alves-faz-atividades-na-academia-do-Ninho-do-Urubu.webp","articleSection":["Destaques"],"inLanguage":"pt-BR","potentialAction":[{"@type":"CommentAction","name":"Comment","target":["https:\/\/www.gaveanews.com\/index.php\/2022\/05\/22\/jornalista-diz-que-diretoria-do-flamengo-arregou-para-diego-ribas-diego-alves-e-filipe-luis\/#respond"]}],"copyrightYear":"2022","copyrightHolder":{"@id":"https:\/\/www.gaveanews.com\/#organization"}},{"@type":"WebPage","@id":"https:\/\/www.gaveanews.com\/index.php\/2022\/05\/22\/jornalista-diz-que-diretoria-do-flamengo-arregou-para-diego-ribas-diego-alves-e-filipe-luis\/","url":"https:\/\/www.gaveanews.com\/index.php\/2022\/05\/22\/jornalista-diz-que-diretoria-do-flamengo-arregou-para-diego-ribas-diego-alves-e-filipe-luis\/","name":"Jornalista diz que diretoria do Flamengo 'arregou' para Diego Ribas, Diego Alves e Filipe Lu\u00eds","isPartOf":{"@id":"https:\/\/www.gaveanews.com\/#website"},"primaryImageOfPage":{"@id":"https:\/\/www.gaveanews.com\/index.php\/2022\/05\/22\/jornalista-diz-que-diretoria-do-flamengo-arregou-para-diego-ribas-diego-alves-e-filipe-luis\/#primaryimage"},"image":{"@id":"https:\/\/www.gaveanews.com\/index.php\/2022\/05\/22\/jornalista-diz-que-diretoria-do-flamengo-arregou-para-diego-ribas-diego-alves-e-filipe-luis\/#primaryimage"},"thumbnailUrl":"https:\/\/www.gaveanews.com\/wp-content\/uploads\/Diego-Alves-faz-atividades-na-academia-do-Ninho-do-Urubu.webp","datePublished":"2022-05-22T19:28:07+00:00","author":{"@id":"https:\/\/www.gaveanews.com\/#\/schema\/person\/2ec14f73fb96be2caf28f91afb14749d"},"breadcrumb":{"@id":"https:\/\/www.gaveanews.com\/index.php\/2022\/05\/22\/jornalista-diz-que-diretoria-do-flamengo-arregou-para-diego-ribas-diego-alves-e-filipe-luis\/#breadcrumb"},"inLanguage":"pt-BR","potentialAction":[{"@type":"ReadAction","target":["https:\/\/www.gaveanews.com\/index.php\/2022\/05\/22\/jornalista-diz-que-diretoria-do-flamengo-arregou-para-diego-ribas-diego-alves-e-filipe-luis\/"]}]},{"@type":"ImageObject","inLanguage":"pt-BR","@id":"https:\/\/www.gaveanews.com\/index.php\/2022\/05\/22\/jornalista-diz-que-diretoria-do-flamengo-arregou-para-diego-ribas-diego-alves-e-filipe-luis\/#primaryimage","url":"https:\/\/www.gaveanews.com\/wp-content\/uploads\/Diego-Alves-faz-atividades-na-academia-do-Ninho-do-Urubu.webp","contentUrl":"https:\/\/www.gaveanews.com\/wp-content\/uploads\/Diego-Alves-faz-atividades-na-academia-do-Ninho-do-Urubu.webp","width":800,"height":533,"caption":"Diego Alves faz atividades na academia do Ninho do Urubu (Foto: Marcelo Cortes\/Flamengo)"},{"@type":"BreadcrumbList","@id":"https:\/\/www.gaveanews.com\/index.php\/2022\/05\/22\/jornalista-diz-que-diretoria-do-flamengo-arregou-para-diego-ribas-diego-alves-e-filipe-luis\/#breadcrumb","itemListElement":[{"@type":"ListItem","position":1,"name":"Home","item":"https:\/\/www.gaveanews.com\/"},{"@type":"ListItem","position":2,"name":"Jornalista diz que diretoria do Flamengo &#8216;arregou&#8217; para Diego Ribas, Diego Alves e Filipe Lu\u00eds"}]},{"@type":"WebSite","@id":"https:\/\/www.gaveanews.com\/#website","url":"https:\/\/www.gaveanews.com\/","name":"G\u00e1vea News","description":"Veja todas as not\u00edcias sobre o Flamengo: Contrata\u00e7\u00f5es, categorias de base, resultados das partidas, tabela de classifica\u00e7\u00e3o, pr\u00f3ximos jogos!","potentialAction":[{"@type":"SearchAction","target":{"@type":"EntryPoint","urlTemplate":"https:\/\/www.gaveanews.com\/?s={search_term_string}"},"query-input":{"@type":"PropertyValueSpecification","valueRequired":true,"valueName":"search_term_string"}}],"inLanguage":"pt-BR"},{"@type":"Person","@id":"https:\/\/www.gaveanews.com\/#\/schema\/person\/2ec14f73fb96be2caf28f91afb14749d","name":"Equipe G\u00e1vea News","image":{"@type":"ImageObject","inLanguage":"pt-BR","@id":"https:\/\/www.gaveanews.com\/#\/schema\/person\/image\/","url":"https:\/\/secure.gravatar.com\/avatar\/1e1956f1facbffd3f8fa53a326721950116b3b9dc9bd44939c01180fd4a745a9?s=96&d=mm&r=g","contentUrl":"https:\/\/secure.gravatar.com\/avatar\/1e1956f1facbffd3f8fa53a326721950116b3b9dc9bd44939c01180fd4a745a9?s=96&d=mm&r=g","caption":"Equipe G\u00e1vea News"}}]}},"_links":{"self":[{"href":"https:\/\/www.gaveanews.com\/index.php\/wp-json\/wp\/v2\/posts\/81952","targetHints":{"allow":["GET"]}}],"collection":[{"href":"https:\/\/www.gaveanews.com\/index.php\/wp-json\/wp\/v2\/posts"}],"about":[{"href":"https:\/\/www.gaveanews.com\/index.php\/wp-json\/wp\/v2\/types\/post"}],"author":[{"embeddable":true,"href":"https:\/\/www.gaveanews.com\/index.php\/wp-json\/wp\/v2\/users\/1"}],"replies":[{"embeddable":true,"href":"https:\/\/www.gaveanews.com\/index.php\/wp-json\/wp\/v2\/comments?post=81952"}],"version-history":[{"count":0,"href":"https:\/\/www.gaveanews.com\/index.php\/wp-json\/wp\/v2\/posts\/81952\/revisions"}],"wp:featuredmedia":[{"embeddable":true,"href":"https:\/\/www.gaveanews.com\/index.php\/wp-json\/wp\/v2\/media\/81805"}],"wp:attachment":[{"href":"https:\/\/www.gaveanews.com\/index.php\/wp-json\/wp\/v2\/media?parent=81952"}],"wp:term":[{"taxonomy":"category","embeddable":true,"href":"https:\/\/www.gaveanews.com\/index.php\/wp-json\/wp\/v2\/categories?post=81952"},{"taxonomy":"post_tag","embeddable":true,"href":"https:\/\/www.gaveanews.com\/index.php\/wp-json\/wp\/v2\/tags?post=81952"}],"curies":[{"name":"wp","href":"https:\/\/api.w.org\/{rel}","templated":true}]}}