{"id":81996,"date":"2022-05-23T14:54:04","date_gmt":"2022-05-23T17:54:04","guid":{"rendered":"https:\/\/www.gaveanews.com\/?p=81996"},"modified":"2022-05-23T14:54:04","modified_gmt":"2022-05-23T17:54:04","slug":"acho-que-a-defesa-ajeitou-essa-e-a-dupla-de-zaga-opina-jornalista","status":"publish","type":"post","link":"https:\/\/www.gaveanews.com\/index.php\/2022\/05\/23\/acho-que-a-defesa-ajeitou-essa-e-a-dupla-de-zaga-opina-jornalista\/","title":{"rendered":"&#8220;Acho que a defesa ajeitou, essa \u00e9 a dupla de zaga&#8221;, opina jornalista"},"content":{"rendered":"<p>O Flamengo voltou a conquistar 3 pontos no Brasileir\u00e3o e subiu na tabela de classifica\u00e7\u00e3o ap\u00f3s vencer o Goi\u00e1s. Contudo, embora tenha conseguido superar o advers\u00e1rio, o Mais Querido ainda n\u00e3o teve o desempenho esperado do elenco.<\/p>\n<p>Comentando sobre a equipe em seu famoso quadro do Instagram, <em>&#8220;60 segundos do Benja&#8221;<\/em>, o jornalista fez uma an\u00e1lise sobre a atua\u00e7\u00e3o do grupo. Al\u00e9m de mencionar a dificuldade passada pelo time no segundo tempo, ele aproveitou para falar sobre o aparente encaixe do sistema defensivo do elenco.<\/p>\n<p><em>\u2014 Flamengo ganhou, mas depois de um segundo tempo horroroso, med\u00edocre, Flamengo n\u00e3o fez absolutamente nada. E se o Apodi n\u00e3o perde aquele gol\u2026 N\u00e3o pode, foi bizarro. Agora, o lado bom \u00e9 que eu acho que a defesa ajeitou. Matheuzinho e Ayrton Lucas nas laterais e Pablo e Rodrigo Caio, essa \u00e9 a dupla de zaga. E est\u00e1 provado que o Gabigol pode jogar com o Pedro. Agora, o segundo tempo foi horroroso, um t\u00e9dio. Flamengo precisa evoluir muito.<\/em><\/p>\n<p>Ainda precisando de ajustes t\u00e1ticos, o Flamengo terminou as prepara\u00e7\u00f5es para seu pr\u00f3ximo compromisso nesta segunda-feira. O duelo contra o Sporting Cristal acontece nesta ter\u00e7a (24), \u00e0s 21h30 (hor\u00e1rio de Bras\u00edlia), no Maracan\u00e3.<\/p>\n<ul>\n<li><a href=\"https:\/\/www.gaveanews.com\/index.php\/2022\/05\/23\/saiba-onde-assistir-flamengo-x-sporting-cristal\/\">Saiba onde assistir Flamengo x Sporting Cristal.<\/a><\/li>\n<\/ul>\n","protected":false},"excerpt":{"rendered":"<p>O Flamengo voltou a conquistar 3 pontos no Brasileir\u00e3o e subiu na tabela de classifica\u00e7\u00e3o ap\u00f3s vencer o Goi\u00e1s. Contudo, embora tenha conseguido superar o advers\u00e1rio, o Mais Querido ainda n\u00e3o teve o desempenho esperado do elenco. Comentando sobre a equipe em seu famoso quadro do Instagram, &#8220;60 segundos do Benja&#8221;, o jornalista fez uma [&hellip;]<\/p>\n","protected":false},"author":4,"featured_media":81997,"comment_status":"open","ping_status":"closed","sticky":false,"template":"","format":"standard","meta":{"footnotes":""},"categories":[1],"tags":[],"class_list":["post-81996","post","type-post","status-publish","format-standard","has-post-thumbnail","hentry","category-flamengo"],"yoast_head":"<!-- This site is optimized with the Yoast SEO Premium plugin v24.2 (Yoast SEO v26.9) - https:\/\/yoast.com\/product\/yoast-seo-premium-wordpress\/ -->\n<title>&quot;Acho que a defesa ajeitou, essa \u00e9 a dupla de zaga&quot;, opina jornalista<\/title>\n<meta name=\"robots\" content=\"index, follow, max-snippet:-1, max-image-preview:large, max-video-preview:-1\" \/>\n<link rel=\"canonical\" href=\"https:\/\/www.gaveanews.com\/index.php\/2022\/05\/23\/acho-que-a-defesa-ajeitou-essa-e-a-dupla-de-zaga-opina-jornalista\/\" \/>\n<meta property=\"og:locale\" content=\"pt_BR\" \/>\n<meta property=\"og:type\" content=\"article\" \/>\n<meta property=\"og:title\" content=\"&quot;Acho que a defesa ajeitou, essa \u00e9 a dupla de zaga&quot;, opina jornalista\" \/>\n<meta property=\"og:description\" content=\"O Flamengo voltou a conquistar 3 pontos no Brasileir\u00e3o e subiu na tabela de classifica\u00e7\u00e3o ap\u00f3s vencer o Goi\u00e1s. Contudo, embora tenha conseguido superar o advers\u00e1rio, o Mais Querido ainda n\u00e3o teve o desempenho esperado do elenco. Comentando sobre a equipe em seu famoso quadro do Instagram, &#8220;60 segundos do Benja&#8221;, o jornalista fez uma [&hellip;]\" \/>\n<meta property=\"og:url\" content=\"https:\/\/www.gaveanews.com\/index.php\/2022\/05\/23\/acho-que-a-defesa-ajeitou-essa-e-a-dupla-de-zaga-opina-jornalista\/\" \/>\n<meta property=\"og:site_name\" content=\"G\u00e1vea News\" \/>\n<meta property=\"article:publisher\" content=\"https:\/\/facebook.com\/gaveaNews\/\" \/>\n<meta property=\"article:published_time\" content=\"2022-05-23T17:54:04+00:00\" \/>\n<meta property=\"og:image\" content=\"https:\/\/www.gaveanews.com\/wp-content\/uploads\/Pablo-em-jogo-do-Flamengo-contra-o-Goias-pelo-Campeonato-Brasileiro.webp\" \/>\n\t<meta property=\"og:image:width\" content=\"799\" \/>\n\t<meta property=\"og:image:height\" content=\"533\" \/>\n\t<meta property=\"og:image:type\" content=\"image\/jpeg\" \/>\n<meta name=\"author\" content=\"Let\u00edcia Gerheim\" \/>\n<meta name=\"twitter:card\" content=\"summary_large_image\" \/>\n<meta name=\"twitter:label1\" content=\"Escrito por\" \/>\n\t<meta name=\"twitter:data1\" content=\"Let\u00edcia Gerheim\" \/>\n\t<meta name=\"twitter:label2\" content=\"Est. tempo de leitura\" \/>\n\t<meta name=\"twitter:data2\" content=\"2 minutos\" \/>\n<script type=\"application\/ld+json\" class=\"yoast-schema-graph\">{\"@context\":\"https:\/\/schema.org\",\"@graph\":[{\"@type\":\"NewsArticle\",\"@id\":\"https:\/\/www.gaveanews.com\/index.php\/2022\/05\/23\/acho-que-a-defesa-ajeitou-essa-e-a-dupla-de-zaga-opina-jornalista\/#article\",\"isPartOf\":{\"@id\":\"https:\/\/www.gaveanews.com\/index.php\/2022\/05\/23\/acho-que-a-defesa-ajeitou-essa-e-a-dupla-de-zaga-opina-jornalista\/\"},\"author\":{\"name\":\"Let\u00edcia Gerheim\",\"@id\":\"https:\/\/www.gaveanews.com\/#\/schema\/person\/714c67050b836198af2450ba1c142a67\"},\"headline\":\"&#8220;Acho que a defesa ajeitou, essa \u00e9 a dupla de zaga&#8221;, opina jornalista\",\"datePublished\":\"2022-05-23T17:54:04+00:00\",\"mainEntityOfPage\":{\"@id\":\"https:\/\/www.gaveanews.com\/index.php\/2022\/05\/23\/acho-que-a-defesa-ajeitou-essa-e-a-dupla-de-zaga-opina-jornalista\/\"},\"wordCount\":231,\"commentCount\":0,\"image\":{\"@id\":\"https:\/\/www.gaveanews.com\/index.php\/2022\/05\/23\/acho-que-a-defesa-ajeitou-essa-e-a-dupla-de-zaga-opina-jornalista\/#primaryimage\"},\"thumbnailUrl\":\"https:\/\/www.gaveanews.com\/wp-content\/uploads\/Pablo-em-jogo-do-Flamengo-contra-o-Goias-pelo-Campeonato-Brasileiro.webp\",\"articleSection\":[\"Flamengo\"],\"inLanguage\":\"pt-BR\",\"potentialAction\":[{\"@type\":\"CommentAction\",\"name\":\"Comment\",\"target\":[\"https:\/\/www.gaveanews.com\/index.php\/2022\/05\/23\/acho-que-a-defesa-ajeitou-essa-e-a-dupla-de-zaga-opina-jornalista\/#respond\"]}],\"copyrightYear\":\"2022\",\"copyrightHolder\":{\"@id\":\"https:\/\/www.gaveanews.com\/#organization\"}},{\"@type\":\"WebPage\",\"@id\":\"https:\/\/www.gaveanews.com\/index.php\/2022\/05\/23\/acho-que-a-defesa-ajeitou-essa-e-a-dupla-de-zaga-opina-jornalista\/\",\"url\":\"https:\/\/www.gaveanews.com\/index.php\/2022\/05\/23\/acho-que-a-defesa-ajeitou-essa-e-a-dupla-de-zaga-opina-jornalista\/\",\"name\":\"\\\"Acho que a defesa ajeitou, essa \u00e9 a dupla de zaga\\\", opina jornalista\",\"isPartOf\":{\"@id\":\"https:\/\/www.gaveanews.com\/#website\"},\"primaryImageOfPage\":{\"@id\":\"https:\/\/www.gaveanews.com\/index.php\/2022\/05\/23\/acho-que-a-defesa-ajeitou-essa-e-a-dupla-de-zaga-opina-jornalista\/#primaryimage\"},\"image\":{\"@id\":\"https:\/\/www.gaveanews.com\/index.php\/2022\/05\/23\/acho-que-a-defesa-ajeitou-essa-e-a-dupla-de-zaga-opina-jornalista\/#primaryimage\"},\"thumbnailUrl\":\"https:\/\/www.gaveanews.com\/wp-content\/uploads\/Pablo-em-jogo-do-Flamengo-contra-o-Goias-pelo-Campeonato-Brasileiro.webp\",\"datePublished\":\"2022-05-23T17:54:04+00:00\",\"author\":{\"@id\":\"https:\/\/www.gaveanews.com\/#\/schema\/person\/714c67050b836198af2450ba1c142a67\"},\"breadcrumb\":{\"@id\":\"https:\/\/www.gaveanews.com\/index.php\/2022\/05\/23\/acho-que-a-defesa-ajeitou-essa-e-a-dupla-de-zaga-opina-jornalista\/#breadcrumb\"},\"inLanguage\":\"pt-BR\",\"potentialAction\":[{\"@type\":\"ReadAction\",\"target\":[\"https:\/\/www.gaveanews.com\/index.php\/2022\/05\/23\/acho-que-a-defesa-ajeitou-essa-e-a-dupla-de-zaga-opina-jornalista\/\"]}]},{\"@type\":\"ImageObject\",\"inLanguage\":\"pt-BR\",\"@id\":\"https:\/\/www.gaveanews.com\/index.php\/2022\/05\/23\/acho-que-a-defesa-ajeitou-essa-e-a-dupla-de-zaga-opina-jornalista\/#primaryimage\",\"url\":\"https:\/\/www.gaveanews.com\/wp-content\/uploads\/Pablo-em-jogo-do-Flamengo-contra-o-Goias-pelo-Campeonato-Brasileiro.webp\",\"contentUrl\":\"https:\/\/www.gaveanews.com\/wp-content\/uploads\/Pablo-em-jogo-do-Flamengo-contra-o-Goias-pelo-Campeonato-Brasileiro.webp\",\"width\":799,\"height\":533,\"caption\":\"Pablo em jogo do Flamengo contra o Goi\u00e1s pelo Campeonato Brasileiro (Foto: Alexandre Vidal\/Flamengo)\"},{\"@type\":\"BreadcrumbList\",\"@id\":\"https:\/\/www.gaveanews.com\/index.php\/2022\/05\/23\/acho-que-a-defesa-ajeitou-essa-e-a-dupla-de-zaga-opina-jornalista\/#breadcrumb\",\"itemListElement\":[{\"@type\":\"ListItem\",\"position\":1,\"name\":\"Home\",\"item\":\"https:\/\/www.gaveanews.com\/\"},{\"@type\":\"ListItem\",\"position\":2,\"name\":\"&#8220;Acho que a defesa ajeitou, essa \u00e9 a dupla de zaga&#8221;, opina jornalista\"}]},{\"@type\":\"WebSite\",\"@id\":\"https:\/\/www.gaveanews.com\/#website\",\"url\":\"https:\/\/www.gaveanews.com\/\",\"name\":\"G\u00e1vea News\",\"description\":\"Veja todas as not\u00edcias sobre o Flamengo: Contrata\u00e7\u00f5es, categorias de base, resultados das partidas, tabela de classifica\u00e7\u00e3o, pr\u00f3ximos jogos!\",\"potentialAction\":[{\"@type\":\"SearchAction\",\"target\":{\"@type\":\"EntryPoint\",\"urlTemplate\":\"https:\/\/www.gaveanews.com\/?s={search_term_string}\"},\"query-input\":{\"@type\":\"PropertyValueSpecification\",\"valueRequired\":true,\"valueName\":\"search_term_string\"}}],\"inLanguage\":\"pt-BR\"},{\"@type\":\"Person\",\"@id\":\"https:\/\/www.gaveanews.com\/#\/schema\/person\/714c67050b836198af2450ba1c142a67\",\"name\":\"Let\u00edcia Gerheim\",\"image\":{\"@type\":\"ImageObject\",\"inLanguage\":\"pt-BR\",\"@id\":\"https:\/\/www.gaveanews.com\/#\/schema\/person\/image\/\",\"url\":\"https:\/\/secure.gravatar.com\/avatar\/60734739c50fcebfbac509e2a826ccd0ff405c019bc73aab9354f19ecad1dcb4?s=96&d=mm&r=g\",\"contentUrl\":\"https:\/\/secure.gravatar.com\/avatar\/60734739c50fcebfbac509e2a826ccd0ff405c019bc73aab9354f19ecad1dcb4?s=96&d=mm&r=g\",\"caption\":\"Let\u00edcia Gerheim\"}}]}<\/script>\n<!-- \/ Yoast SEO Premium plugin. -->","yoast_head_json":{"title":"\"Acho que a defesa ajeitou, essa \u00e9 a dupla de zaga\", opina jornalista","robots":{"index":"index","follow":"follow","max-snippet":"max-snippet:-1","max-image-preview":"max-image-preview:large","max-video-preview":"max-video-preview:-1"},"canonical":"https:\/\/www.gaveanews.com\/index.php\/2022\/05\/23\/acho-que-a-defesa-ajeitou-essa-e-a-dupla-de-zaga-opina-jornalista\/","og_locale":"pt_BR","og_type":"article","og_title":"\"Acho que a defesa ajeitou, essa \u00e9 a dupla de zaga\", opina jornalista","og_description":"O Flamengo voltou a conquistar 3 pontos no Brasileir\u00e3o e subiu na tabela de classifica\u00e7\u00e3o ap\u00f3s vencer o Goi\u00e1s. Contudo, embora tenha conseguido superar o advers\u00e1rio, o Mais Querido ainda n\u00e3o teve o desempenho esperado do elenco. Comentando sobre a equipe em seu famoso quadro do Instagram, &#8220;60 segundos do Benja&#8221;, o jornalista fez uma [&hellip;]","og_url":"https:\/\/www.gaveanews.com\/index.php\/2022\/05\/23\/acho-que-a-defesa-ajeitou-essa-e-a-dupla-de-zaga-opina-jornalista\/","og_site_name":"G\u00e1vea News","article_publisher":"https:\/\/facebook.com\/gaveaNews\/","article_published_time":"2022-05-23T17:54:04+00:00","og_image":[{"width":799,"height":533,"url":"https:\/\/www.gaveanews.com\/wp-content\/uploads\/Pablo-em-jogo-do-Flamengo-contra-o-Goias-pelo-Campeonato-Brasileiro.webp","type":"image\/jpeg"}],"author":"Let\u00edcia Gerheim","twitter_card":"summary_large_image","twitter_misc":{"Escrito por":"Let\u00edcia Gerheim","Est. tempo de leitura":"2 minutos"},"schema":{"@context":"https:\/\/schema.org","@graph":[{"@type":"NewsArticle","@id":"https:\/\/www.gaveanews.com\/index.php\/2022\/05\/23\/acho-que-a-defesa-ajeitou-essa-e-a-dupla-de-zaga-opina-jornalista\/#article","isPartOf":{"@id":"https:\/\/www.gaveanews.com\/index.php\/2022\/05\/23\/acho-que-a-defesa-ajeitou-essa-e-a-dupla-de-zaga-opina-jornalista\/"},"author":{"name":"Let\u00edcia Gerheim","@id":"https:\/\/www.gaveanews.com\/#\/schema\/person\/714c67050b836198af2450ba1c142a67"},"headline":"&#8220;Acho que a defesa ajeitou, essa \u00e9 a dupla de zaga&#8221;, opina jornalista","datePublished":"2022-05-23T17:54:04+00:00","mainEntityOfPage":{"@id":"https:\/\/www.gaveanews.com\/index.php\/2022\/05\/23\/acho-que-a-defesa-ajeitou-essa-e-a-dupla-de-zaga-opina-jornalista\/"},"wordCount":231,"commentCount":0,"image":{"@id":"https:\/\/www.gaveanews.com\/index.php\/2022\/05\/23\/acho-que-a-defesa-ajeitou-essa-e-a-dupla-de-zaga-opina-jornalista\/#primaryimage"},"thumbnailUrl":"https:\/\/www.gaveanews.com\/wp-content\/uploads\/Pablo-em-jogo-do-Flamengo-contra-o-Goias-pelo-Campeonato-Brasileiro.webp","articleSection":["Flamengo"],"inLanguage":"pt-BR","potentialAction":[{"@type":"CommentAction","name":"Comment","target":["https:\/\/www.gaveanews.com\/index.php\/2022\/05\/23\/acho-que-a-defesa-ajeitou-essa-e-a-dupla-de-zaga-opina-jornalista\/#respond"]}],"copyrightYear":"2022","copyrightHolder":{"@id":"https:\/\/www.gaveanews.com\/#organization"}},{"@type":"WebPage","@id":"https:\/\/www.gaveanews.com\/index.php\/2022\/05\/23\/acho-que-a-defesa-ajeitou-essa-e-a-dupla-de-zaga-opina-jornalista\/","url":"https:\/\/www.gaveanews.com\/index.php\/2022\/05\/23\/acho-que-a-defesa-ajeitou-essa-e-a-dupla-de-zaga-opina-jornalista\/","name":"\"Acho que a defesa ajeitou, essa \u00e9 a dupla de zaga\", opina jornalista","isPartOf":{"@id":"https:\/\/www.gaveanews.com\/#website"},"primaryImageOfPage":{"@id":"https:\/\/www.gaveanews.com\/index.php\/2022\/05\/23\/acho-que-a-defesa-ajeitou-essa-e-a-dupla-de-zaga-opina-jornalista\/#primaryimage"},"image":{"@id":"https:\/\/www.gaveanews.com\/index.php\/2022\/05\/23\/acho-que-a-defesa-ajeitou-essa-e-a-dupla-de-zaga-opina-jornalista\/#primaryimage"},"thumbnailUrl":"https:\/\/www.gaveanews.com\/wp-content\/uploads\/Pablo-em-jogo-do-Flamengo-contra-o-Goias-pelo-Campeonato-Brasileiro.webp","datePublished":"2022-05-23T17:54:04+00:00","author":{"@id":"https:\/\/www.gaveanews.com\/#\/schema\/person\/714c67050b836198af2450ba1c142a67"},"breadcrumb":{"@id":"https:\/\/www.gaveanews.com\/index.php\/2022\/05\/23\/acho-que-a-defesa-ajeitou-essa-e-a-dupla-de-zaga-opina-jornalista\/#breadcrumb"},"inLanguage":"pt-BR","potentialAction":[{"@type":"ReadAction","target":["https:\/\/www.gaveanews.com\/index.php\/2022\/05\/23\/acho-que-a-defesa-ajeitou-essa-e-a-dupla-de-zaga-opina-jornalista\/"]}]},{"@type":"ImageObject","inLanguage":"pt-BR","@id":"https:\/\/www.gaveanews.com\/index.php\/2022\/05\/23\/acho-que-a-defesa-ajeitou-essa-e-a-dupla-de-zaga-opina-jornalista\/#primaryimage","url":"https:\/\/www.gaveanews.com\/wp-content\/uploads\/Pablo-em-jogo-do-Flamengo-contra-o-Goias-pelo-Campeonato-Brasileiro.webp","contentUrl":"https:\/\/www.gaveanews.com\/wp-content\/uploads\/Pablo-em-jogo-do-Flamengo-contra-o-Goias-pelo-Campeonato-Brasileiro.webp","width":799,"height":533,"caption":"Pablo em jogo do Flamengo contra o Goi\u00e1s pelo Campeonato Brasileiro (Foto: Alexandre Vidal\/Flamengo)"},{"@type":"BreadcrumbList","@id":"https:\/\/www.gaveanews.com\/index.php\/2022\/05\/23\/acho-que-a-defesa-ajeitou-essa-e-a-dupla-de-zaga-opina-jornalista\/#breadcrumb","itemListElement":[{"@type":"ListItem","position":1,"name":"Home","item":"https:\/\/www.gaveanews.com\/"},{"@type":"ListItem","position":2,"name":"&#8220;Acho que a defesa ajeitou, essa \u00e9 a dupla de zaga&#8221;, opina jornalista"}]},{"@type":"WebSite","@id":"https:\/\/www.gaveanews.com\/#website","url":"https:\/\/www.gaveanews.com\/","name":"G\u00e1vea News","description":"Veja todas as not\u00edcias sobre o Flamengo: Contrata\u00e7\u00f5es, categorias de base, resultados das partidas, tabela de classifica\u00e7\u00e3o, pr\u00f3ximos jogos!","potentialAction":[{"@type":"SearchAction","target":{"@type":"EntryPoint","urlTemplate":"https:\/\/www.gaveanews.com\/?s={search_term_string}"},"query-input":{"@type":"PropertyValueSpecification","valueRequired":true,"valueName":"search_term_string"}}],"inLanguage":"pt-BR"},{"@type":"Person","@id":"https:\/\/www.gaveanews.com\/#\/schema\/person\/714c67050b836198af2450ba1c142a67","name":"Let\u00edcia Gerheim","image":{"@type":"ImageObject","inLanguage":"pt-BR","@id":"https:\/\/www.gaveanews.com\/#\/schema\/person\/image\/","url":"https:\/\/secure.gravatar.com\/avatar\/60734739c50fcebfbac509e2a826ccd0ff405c019bc73aab9354f19ecad1dcb4?s=96&d=mm&r=g","contentUrl":"https:\/\/secure.gravatar.com\/avatar\/60734739c50fcebfbac509e2a826ccd0ff405c019bc73aab9354f19ecad1dcb4?s=96&d=mm&r=g","caption":"Let\u00edcia Gerheim"}}]}},"_links":{"self":[{"href":"https:\/\/www.gaveanews.com\/index.php\/wp-json\/wp\/v2\/posts\/81996","targetHints":{"allow":["GET"]}}],"collection":[{"href":"https:\/\/www.gaveanews.com\/index.php\/wp-json\/wp\/v2\/posts"}],"about":[{"href":"https:\/\/www.gaveanews.com\/index.php\/wp-json\/wp\/v2\/types\/post"}],"author":[{"embeddable":true,"href":"https:\/\/www.gaveanews.com\/index.php\/wp-json\/wp\/v2\/users\/4"}],"replies":[{"embeddable":true,"href":"https:\/\/www.gaveanews.com\/index.php\/wp-json\/wp\/v2\/comments?post=81996"}],"version-history":[{"count":0,"href":"https:\/\/www.gaveanews.com\/index.php\/wp-json\/wp\/v2\/posts\/81996\/revisions"}],"wp:featuredmedia":[{"embeddable":true,"href":"https:\/\/www.gaveanews.com\/index.php\/wp-json\/wp\/v2\/media\/81997"}],"wp:attachment":[{"href":"https:\/\/www.gaveanews.com\/index.php\/wp-json\/wp\/v2\/media?parent=81996"}],"wp:term":[{"taxonomy":"category","embeddable":true,"href":"https:\/\/www.gaveanews.com\/index.php\/wp-json\/wp\/v2\/categories?post=81996"},{"taxonomy":"post_tag","embeddable":true,"href":"https:\/\/www.gaveanews.com\/index.php\/wp-json\/wp\/v2\/tags?post=81996"}],"curies":[{"name":"wp","href":"https:\/\/api.w.org\/{rel}","templated":true}]}}