{"id":82003,"date":"2022-05-23T15:24:06","date_gmt":"2022-05-23T18:24:06","guid":{"rendered":"https:\/\/www.gaveanews.com\/?p=82003"},"modified":"2022-05-23T15:24:06","modified_gmt":"2022-05-23T18:24:06","slug":"especulado-no-flamengo-arturo-vidal-recusou-dois-clubes-da-europa","status":"publish","type":"post","link":"https:\/\/www.gaveanews.com\/index.php\/2022\/05\/23\/especulado-no-flamengo-arturo-vidal-recusou-dois-clubes-da-europa\/","title":{"rendered":"Especulado no Flamengo, Arturo Vidal recusou dois clubes da Europa"},"content":{"rendered":"<p>O volante chileno Arturo Vidal quer jogar no Flamengo e, para isso, recusou a proposta de dois clubes da Europa para conseguir selar o acordo e atuar no futebol brasileiro.<\/p>\n<p>De acordo com o jornalista turco Omer Celikbasli, o volante de 35 anos recebeu a proposta para atuar em dois dos maiores clubes da Turquia, sendo eles o Galatasaray e o Besiktas. A proposta foi recusada pelo jogador que quer retornar ao futebol sul-americano.<\/p>\n<h2>Arturo Vidal no Flamengo<\/h2>\n<p>A negocia\u00e7\u00e3o de Arturo Vidal com o Flamengo est\u00e1 bem avan\u00e7ada segundo revela o jornalista Fabrizio Romano, que \u00e9 especializado em not\u00edcias no mercado da bola da Europa. As informa\u00e7\u00f5es garantem que o jogador pode estar muito pr\u00f3ximo de vestir o manto do Meng\u00e3o.<\/p>\n<p><em>\u2014 Arturo Vidal e Alexis Sanchez devem deixar a Inter nas pr\u00f3ximas semanas. Trabalho em andamento para os dois encontrarem um novo clube, Vidal j\u00e1 est\u00e1 em negocia\u00e7\u00f5es bem avan\u00e7adas com o Flamengo<\/em>, escreveu Romano em seu <em>Twitter<\/em>.<\/p>\n<p>Mais cedo no \u00faltimo domingo (22) a informa\u00e7\u00e3o do rep\u00f3rter Nicolo Schira, especializado em mercado da bola na Europa era de que a novela entre Vidal e Flamengo e a possibilidade do jogador atuar no Brasil eram fortes.<\/p>\n<p><em>\u2014 Negocia\u00e7\u00f5es em andamento para rescis\u00e3o do contrato entre Arturo Vidal e Inter . O m\u00e9dio j\u00e1 recebeu proposta por Flamengo (contrato de 2 anos)<\/em>, escreveu o jornalista em seu perfil oficial no <em>Twitter<\/em>.<\/p>\n<p>Desde que sinalizou o desejo de deixar a Inter de Mil\u00e3o, Vidal viu o Flamengo se colocar como favorito para contrat\u00e1-lo. Afinal, o clube tem jogadores que desperta o desejo do jogador vestir a camisa rubro-negra a partir de julho.<\/p>\n<p>Mauricio Isla, que \u00e9 grande amigo de Arturo Vidal, nunca escondeu o desejo de voltar a atuar ao lado do capit\u00e3o da sele\u00e7\u00e3o chilena. Atualmente, o lateral-direito \u00e9 pe\u00e7a importante na negocia\u00e7\u00e3o do volante com o Flamengo.<\/p>\n<p>Retirado de: Torcedores<\/p>\n","protected":false},"excerpt":{"rendered":"<p>O volante chileno Arturo Vidal quer jogar no Flamengo e, para isso, recusou a proposta de dois clubes da Europa para conseguir selar o acordo e atuar no futebol brasileiro. De acordo com o jornalista turco Omer Celikbasli, o volante de 35 anos recebeu a proposta para atuar em dois dos maiores clubes da Turquia, [&hellip;]<\/p>\n","protected":false},"author":1,"featured_media":56421,"comment_status":"open","ping_status":"closed","sticky":false,"template":"","format":"standard","meta":{"footnotes":""},"categories":[47],"tags":[],"class_list":["post-82003","post","type-post","status-publish","format-standard","has-post-thumbnail","hentry","category-destaques"],"yoast_head":"<!-- This site is optimized with the Yoast SEO Premium plugin v24.2 (Yoast SEO v26.9) - https:\/\/yoast.com\/product\/yoast-seo-premium-wordpress\/ -->\n<title>Especulado no Flamengo, Arturo Vidal recusou dois clubes da Europa<\/title>\n<meta name=\"robots\" content=\"index, follow, max-snippet:-1, max-image-preview:large, max-video-preview:-1\" \/>\n<link rel=\"canonical\" href=\"https:\/\/www.gaveanews.com\/index.php\/2022\/05\/23\/especulado-no-flamengo-arturo-vidal-recusou-dois-clubes-da-europa\/\" \/>\n<meta property=\"og:locale\" content=\"pt_BR\" \/>\n<meta property=\"og:type\" content=\"article\" \/>\n<meta property=\"og:title\" content=\"Especulado no Flamengo, Arturo Vidal recusou dois clubes da Europa\" \/>\n<meta property=\"og:description\" content=\"O volante chileno Arturo Vidal quer jogar no Flamengo e, para isso, recusou a proposta de dois clubes da Europa para conseguir selar o acordo e atuar no futebol brasileiro. De acordo com o jornalista turco Omer Celikbasli, o volante de 35 anos recebeu a proposta para atuar em dois dos maiores clubes da Turquia, [&hellip;]\" \/>\n<meta property=\"og:url\" content=\"https:\/\/www.gaveanews.com\/index.php\/2022\/05\/23\/especulado-no-flamengo-arturo-vidal-recusou-dois-clubes-da-europa\/\" \/>\n<meta property=\"og:site_name\" content=\"G\u00e1vea News\" \/>\n<meta property=\"article:publisher\" content=\"https:\/\/facebook.com\/gaveaNews\/\" \/>\n<meta property=\"article:published_time\" content=\"2022-05-23T18:24:06+00:00\" \/>\n<meta property=\"og:image\" content=\"https:\/\/www.gaveanews.com\/wp-content\/uploads\/Vidal-durante-treinamento-da-Internazionale.webp\" \/>\n\t<meta property=\"og:image:width\" content=\"1296\" \/>\n\t<meta property=\"og:image:height\" content=\"729\" \/>\n\t<meta property=\"og:image:type\" content=\"image\/jpeg\" \/>\n<meta name=\"author\" content=\"Equipe G\u00e1vea News\" \/>\n<meta name=\"twitter:card\" content=\"summary_large_image\" \/>\n<meta name=\"twitter:label1\" content=\"Escrito por\" \/>\n\t<meta name=\"twitter:data1\" content=\"Equipe G\u00e1vea News\" \/>\n\t<meta name=\"twitter:label2\" content=\"Est. tempo de leitura\" \/>\n\t<meta name=\"twitter:data2\" content=\"2 minutos\" \/>\n<script type=\"application\/ld+json\" class=\"yoast-schema-graph\">{\"@context\":\"https:\/\/schema.org\",\"@graph\":[{\"@type\":\"NewsArticle\",\"@id\":\"https:\/\/www.gaveanews.com\/index.php\/2022\/05\/23\/especulado-no-flamengo-arturo-vidal-recusou-dois-clubes-da-europa\/#article\",\"isPartOf\":{\"@id\":\"https:\/\/www.gaveanews.com\/index.php\/2022\/05\/23\/especulado-no-flamengo-arturo-vidal-recusou-dois-clubes-da-europa\/\"},\"author\":{\"name\":\"Equipe G\u00e1vea News\",\"@id\":\"https:\/\/www.gaveanews.com\/#\/schema\/person\/2ec14f73fb96be2caf28f91afb14749d\"},\"headline\":\"Especulado no Flamengo, Arturo Vidal recusou dois clubes da Europa\",\"datePublished\":\"2022-05-23T18:24:06+00:00\",\"mainEntityOfPage\":{\"@id\":\"https:\/\/www.gaveanews.com\/index.php\/2022\/05\/23\/especulado-no-flamengo-arturo-vidal-recusou-dois-clubes-da-europa\/\"},\"wordCount\":333,\"commentCount\":0,\"image\":{\"@id\":\"https:\/\/www.gaveanews.com\/index.php\/2022\/05\/23\/especulado-no-flamengo-arturo-vidal-recusou-dois-clubes-da-europa\/#primaryimage\"},\"thumbnailUrl\":\"https:\/\/www.gaveanews.com\/wp-content\/uploads\/Vidal-durante-treinamento-da-Internazionale.webp\",\"articleSection\":[\"Destaques\"],\"inLanguage\":\"pt-BR\",\"potentialAction\":[{\"@type\":\"CommentAction\",\"name\":\"Comment\",\"target\":[\"https:\/\/www.gaveanews.com\/index.php\/2022\/05\/23\/especulado-no-flamengo-arturo-vidal-recusou-dois-clubes-da-europa\/#respond\"]}],\"copyrightYear\":\"2022\",\"copyrightHolder\":{\"@id\":\"https:\/\/www.gaveanews.com\/#organization\"}},{\"@type\":\"WebPage\",\"@id\":\"https:\/\/www.gaveanews.com\/index.php\/2022\/05\/23\/especulado-no-flamengo-arturo-vidal-recusou-dois-clubes-da-europa\/\",\"url\":\"https:\/\/www.gaveanews.com\/index.php\/2022\/05\/23\/especulado-no-flamengo-arturo-vidal-recusou-dois-clubes-da-europa\/\",\"name\":\"Especulado no Flamengo, Arturo Vidal recusou dois clubes da Europa\",\"isPartOf\":{\"@id\":\"https:\/\/www.gaveanews.com\/#website\"},\"primaryImageOfPage\":{\"@id\":\"https:\/\/www.gaveanews.com\/index.php\/2022\/05\/23\/especulado-no-flamengo-arturo-vidal-recusou-dois-clubes-da-europa\/#primaryimage\"},\"image\":{\"@id\":\"https:\/\/www.gaveanews.com\/index.php\/2022\/05\/23\/especulado-no-flamengo-arturo-vidal-recusou-dois-clubes-da-europa\/#primaryimage\"},\"thumbnailUrl\":\"https:\/\/www.gaveanews.com\/wp-content\/uploads\/Vidal-durante-treinamento-da-Internazionale.webp\",\"datePublished\":\"2022-05-23T18:24:06+00:00\",\"author\":{\"@id\":\"https:\/\/www.gaveanews.com\/#\/schema\/person\/2ec14f73fb96be2caf28f91afb14749d\"},\"breadcrumb\":{\"@id\":\"https:\/\/www.gaveanews.com\/index.php\/2022\/05\/23\/especulado-no-flamengo-arturo-vidal-recusou-dois-clubes-da-europa\/#breadcrumb\"},\"inLanguage\":\"pt-BR\",\"potentialAction\":[{\"@type\":\"ReadAction\",\"target\":[\"https:\/\/www.gaveanews.com\/index.php\/2022\/05\/23\/especulado-no-flamengo-arturo-vidal-recusou-dois-clubes-da-europa\/\"]}]},{\"@type\":\"ImageObject\",\"inLanguage\":\"pt-BR\",\"@id\":\"https:\/\/www.gaveanews.com\/index.php\/2022\/05\/23\/especulado-no-flamengo-arturo-vidal-recusou-dois-clubes-da-europa\/#primaryimage\",\"url\":\"https:\/\/www.gaveanews.com\/wp-content\/uploads\/Vidal-durante-treinamento-da-Internazionale.webp\",\"contentUrl\":\"https:\/\/www.gaveanews.com\/wp-content\/uploads\/Vidal-durante-treinamento-da-Internazionale.webp\",\"width\":1296,\"height\":729,\"caption\":\"Vidal durante treinamento da Internazionale (Foto: Reprodu\u00e7\u00e3o\/Internazionale)\"},{\"@type\":\"BreadcrumbList\",\"@id\":\"https:\/\/www.gaveanews.com\/index.php\/2022\/05\/23\/especulado-no-flamengo-arturo-vidal-recusou-dois-clubes-da-europa\/#breadcrumb\",\"itemListElement\":[{\"@type\":\"ListItem\",\"position\":1,\"name\":\"Home\",\"item\":\"https:\/\/www.gaveanews.com\/\"},{\"@type\":\"ListItem\",\"position\":2,\"name\":\"Especulado no Flamengo, Arturo Vidal recusou dois clubes da Europa\"}]},{\"@type\":\"WebSite\",\"@id\":\"https:\/\/www.gaveanews.com\/#website\",\"url\":\"https:\/\/www.gaveanews.com\/\",\"name\":\"G\u00e1vea News\",\"description\":\"Veja todas as not\u00edcias sobre o Flamengo: Contrata\u00e7\u00f5es, categorias de base, resultados das partidas, tabela de classifica\u00e7\u00e3o, pr\u00f3ximos jogos!\",\"potentialAction\":[{\"@type\":\"SearchAction\",\"target\":{\"@type\":\"EntryPoint\",\"urlTemplate\":\"https:\/\/www.gaveanews.com\/?s={search_term_string}\"},\"query-input\":{\"@type\":\"PropertyValueSpecification\",\"valueRequired\":true,\"valueName\":\"search_term_string\"}}],\"inLanguage\":\"pt-BR\"},{\"@type\":\"Person\",\"@id\":\"https:\/\/www.gaveanews.com\/#\/schema\/person\/2ec14f73fb96be2caf28f91afb14749d\",\"name\":\"Equipe G\u00e1vea News\",\"image\":{\"@type\":\"ImageObject\",\"inLanguage\":\"pt-BR\",\"@id\":\"https:\/\/www.gaveanews.com\/#\/schema\/person\/image\/\",\"url\":\"https:\/\/secure.gravatar.com\/avatar\/1e1956f1facbffd3f8fa53a326721950116b3b9dc9bd44939c01180fd4a745a9?s=96&d=mm&r=g\",\"contentUrl\":\"https:\/\/secure.gravatar.com\/avatar\/1e1956f1facbffd3f8fa53a326721950116b3b9dc9bd44939c01180fd4a745a9?s=96&d=mm&r=g\",\"caption\":\"Equipe G\u00e1vea News\"}}]}<\/script>\n<!-- \/ Yoast SEO Premium plugin. -->","yoast_head_json":{"title":"Especulado no Flamengo, Arturo Vidal recusou dois clubes da Europa","robots":{"index":"index","follow":"follow","max-snippet":"max-snippet:-1","max-image-preview":"max-image-preview:large","max-video-preview":"max-video-preview:-1"},"canonical":"https:\/\/www.gaveanews.com\/index.php\/2022\/05\/23\/especulado-no-flamengo-arturo-vidal-recusou-dois-clubes-da-europa\/","og_locale":"pt_BR","og_type":"article","og_title":"Especulado no Flamengo, Arturo Vidal recusou dois clubes da Europa","og_description":"O volante chileno Arturo Vidal quer jogar no Flamengo e, para isso, recusou a proposta de dois clubes da Europa para conseguir selar o acordo e atuar no futebol brasileiro. De acordo com o jornalista turco Omer Celikbasli, o volante de 35 anos recebeu a proposta para atuar em dois dos maiores clubes da Turquia, [&hellip;]","og_url":"https:\/\/www.gaveanews.com\/index.php\/2022\/05\/23\/especulado-no-flamengo-arturo-vidal-recusou-dois-clubes-da-europa\/","og_site_name":"G\u00e1vea News","article_publisher":"https:\/\/facebook.com\/gaveaNews\/","article_published_time":"2022-05-23T18:24:06+00:00","og_image":[{"width":1296,"height":729,"url":"https:\/\/www.gaveanews.com\/wp-content\/uploads\/Vidal-durante-treinamento-da-Internazionale.webp","type":"image\/jpeg"}],"author":"Equipe G\u00e1vea News","twitter_card":"summary_large_image","twitter_misc":{"Escrito por":"Equipe G\u00e1vea News","Est. tempo de leitura":"2 minutos"},"schema":{"@context":"https:\/\/schema.org","@graph":[{"@type":"NewsArticle","@id":"https:\/\/www.gaveanews.com\/index.php\/2022\/05\/23\/especulado-no-flamengo-arturo-vidal-recusou-dois-clubes-da-europa\/#article","isPartOf":{"@id":"https:\/\/www.gaveanews.com\/index.php\/2022\/05\/23\/especulado-no-flamengo-arturo-vidal-recusou-dois-clubes-da-europa\/"},"author":{"name":"Equipe G\u00e1vea News","@id":"https:\/\/www.gaveanews.com\/#\/schema\/person\/2ec14f73fb96be2caf28f91afb14749d"},"headline":"Especulado no Flamengo, Arturo Vidal recusou dois clubes da Europa","datePublished":"2022-05-23T18:24:06+00:00","mainEntityOfPage":{"@id":"https:\/\/www.gaveanews.com\/index.php\/2022\/05\/23\/especulado-no-flamengo-arturo-vidal-recusou-dois-clubes-da-europa\/"},"wordCount":333,"commentCount":0,"image":{"@id":"https:\/\/www.gaveanews.com\/index.php\/2022\/05\/23\/especulado-no-flamengo-arturo-vidal-recusou-dois-clubes-da-europa\/#primaryimage"},"thumbnailUrl":"https:\/\/www.gaveanews.com\/wp-content\/uploads\/Vidal-durante-treinamento-da-Internazionale.webp","articleSection":["Destaques"],"inLanguage":"pt-BR","potentialAction":[{"@type":"CommentAction","name":"Comment","target":["https:\/\/www.gaveanews.com\/index.php\/2022\/05\/23\/especulado-no-flamengo-arturo-vidal-recusou-dois-clubes-da-europa\/#respond"]}],"copyrightYear":"2022","copyrightHolder":{"@id":"https:\/\/www.gaveanews.com\/#organization"}},{"@type":"WebPage","@id":"https:\/\/www.gaveanews.com\/index.php\/2022\/05\/23\/especulado-no-flamengo-arturo-vidal-recusou-dois-clubes-da-europa\/","url":"https:\/\/www.gaveanews.com\/index.php\/2022\/05\/23\/especulado-no-flamengo-arturo-vidal-recusou-dois-clubes-da-europa\/","name":"Especulado no Flamengo, Arturo Vidal recusou dois clubes da Europa","isPartOf":{"@id":"https:\/\/www.gaveanews.com\/#website"},"primaryImageOfPage":{"@id":"https:\/\/www.gaveanews.com\/index.php\/2022\/05\/23\/especulado-no-flamengo-arturo-vidal-recusou-dois-clubes-da-europa\/#primaryimage"},"image":{"@id":"https:\/\/www.gaveanews.com\/index.php\/2022\/05\/23\/especulado-no-flamengo-arturo-vidal-recusou-dois-clubes-da-europa\/#primaryimage"},"thumbnailUrl":"https:\/\/www.gaveanews.com\/wp-content\/uploads\/Vidal-durante-treinamento-da-Internazionale.webp","datePublished":"2022-05-23T18:24:06+00:00","author":{"@id":"https:\/\/www.gaveanews.com\/#\/schema\/person\/2ec14f73fb96be2caf28f91afb14749d"},"breadcrumb":{"@id":"https:\/\/www.gaveanews.com\/index.php\/2022\/05\/23\/especulado-no-flamengo-arturo-vidal-recusou-dois-clubes-da-europa\/#breadcrumb"},"inLanguage":"pt-BR","potentialAction":[{"@type":"ReadAction","target":["https:\/\/www.gaveanews.com\/index.php\/2022\/05\/23\/especulado-no-flamengo-arturo-vidal-recusou-dois-clubes-da-europa\/"]}]},{"@type":"ImageObject","inLanguage":"pt-BR","@id":"https:\/\/www.gaveanews.com\/index.php\/2022\/05\/23\/especulado-no-flamengo-arturo-vidal-recusou-dois-clubes-da-europa\/#primaryimage","url":"https:\/\/www.gaveanews.com\/wp-content\/uploads\/Vidal-durante-treinamento-da-Internazionale.webp","contentUrl":"https:\/\/www.gaveanews.com\/wp-content\/uploads\/Vidal-durante-treinamento-da-Internazionale.webp","width":1296,"height":729,"caption":"Vidal durante treinamento da Internazionale (Foto: Reprodu\u00e7\u00e3o\/Internazionale)"},{"@type":"BreadcrumbList","@id":"https:\/\/www.gaveanews.com\/index.php\/2022\/05\/23\/especulado-no-flamengo-arturo-vidal-recusou-dois-clubes-da-europa\/#breadcrumb","itemListElement":[{"@type":"ListItem","position":1,"name":"Home","item":"https:\/\/www.gaveanews.com\/"},{"@type":"ListItem","position":2,"name":"Especulado no Flamengo, Arturo Vidal recusou dois clubes da Europa"}]},{"@type":"WebSite","@id":"https:\/\/www.gaveanews.com\/#website","url":"https:\/\/www.gaveanews.com\/","name":"G\u00e1vea News","description":"Veja todas as not\u00edcias sobre o Flamengo: Contrata\u00e7\u00f5es, categorias de base, resultados das partidas, tabela de classifica\u00e7\u00e3o, pr\u00f3ximos jogos!","potentialAction":[{"@type":"SearchAction","target":{"@type":"EntryPoint","urlTemplate":"https:\/\/www.gaveanews.com\/?s={search_term_string}"},"query-input":{"@type":"PropertyValueSpecification","valueRequired":true,"valueName":"search_term_string"}}],"inLanguage":"pt-BR"},{"@type":"Person","@id":"https:\/\/www.gaveanews.com\/#\/schema\/person\/2ec14f73fb96be2caf28f91afb14749d","name":"Equipe G\u00e1vea News","image":{"@type":"ImageObject","inLanguage":"pt-BR","@id":"https:\/\/www.gaveanews.com\/#\/schema\/person\/image\/","url":"https:\/\/secure.gravatar.com\/avatar\/1e1956f1facbffd3f8fa53a326721950116b3b9dc9bd44939c01180fd4a745a9?s=96&d=mm&r=g","contentUrl":"https:\/\/secure.gravatar.com\/avatar\/1e1956f1facbffd3f8fa53a326721950116b3b9dc9bd44939c01180fd4a745a9?s=96&d=mm&r=g","caption":"Equipe G\u00e1vea News"}}]}},"_links":{"self":[{"href":"https:\/\/www.gaveanews.com\/index.php\/wp-json\/wp\/v2\/posts\/82003","targetHints":{"allow":["GET"]}}],"collection":[{"href":"https:\/\/www.gaveanews.com\/index.php\/wp-json\/wp\/v2\/posts"}],"about":[{"href":"https:\/\/www.gaveanews.com\/index.php\/wp-json\/wp\/v2\/types\/post"}],"author":[{"embeddable":true,"href":"https:\/\/www.gaveanews.com\/index.php\/wp-json\/wp\/v2\/users\/1"}],"replies":[{"embeddable":true,"href":"https:\/\/www.gaveanews.com\/index.php\/wp-json\/wp\/v2\/comments?post=82003"}],"version-history":[{"count":0,"href":"https:\/\/www.gaveanews.com\/index.php\/wp-json\/wp\/v2\/posts\/82003\/revisions"}],"wp:featuredmedia":[{"embeddable":true,"href":"https:\/\/www.gaveanews.com\/index.php\/wp-json\/wp\/v2\/media\/56421"}],"wp:attachment":[{"href":"https:\/\/www.gaveanews.com\/index.php\/wp-json\/wp\/v2\/media?parent=82003"}],"wp:term":[{"taxonomy":"category","embeddable":true,"href":"https:\/\/www.gaveanews.com\/index.php\/wp-json\/wp\/v2\/categories?post=82003"},{"taxonomy":"post_tag","embeddable":true,"href":"https:\/\/www.gaveanews.com\/index.php\/wp-json\/wp\/v2\/tags?post=82003"}],"curies":[{"name":"wp","href":"https:\/\/api.w.org\/{rel}","templated":true}]}}