{"id":82017,"date":"2022-05-23T18:44:25","date_gmt":"2022-05-23T21:44:25","guid":{"rendered":"https:\/\/www.gaveanews.com\/?p=82017"},"modified":"2022-05-23T18:44:25","modified_gmt":"2022-05-23T21:44:25","slug":"arturo-vidal-fisicamente-bem-e-saudavel-a-nivel-brasil-tende-a-sobrar","status":"publish","type":"post","link":"https:\/\/www.gaveanews.com\/index.php\/2022\/05\/23\/arturo-vidal-fisicamente-bem-e-saudavel-a-nivel-brasil-tende-a-sobrar\/","title":{"rendered":"&#8220;Arturo Vidal fisicamente bem e saud\u00e1vel, \u00e0 n\u00edvel Brasil tende a sobrar&#8221;"},"content":{"rendered":"<p>Mesmo com a janela de transfer\u00eancias fechada at\u00e9 julho, a diretoria do Flamengo segue avaliando as oportunidades no mercado para buscar contrata\u00e7\u00f5es que cheguem para fortalecer e elevar o patamar do elenco rubro-negro.<\/p>\n<p>Nas \u00faltimas horas o jornalista italiano, Fabrizio Romano trouxe a informa\u00e7\u00e3o que Arturo Vidal e Flamengo tem conversas avan\u00e7adas para o jogador vestir o Manto Sagrado no meio do ano. Os dirigentes do Mais Querido negaram qualquer tipo de contato com o atleta.<\/p>\n<p>Durante o \u2018Sportcenter\u2019, Renato Rodrigues falou sobre a poss\u00edvel chegada do chileno ao Flamengo. O comentarista refor\u00e7ou que tecnicamente, Vidal sobraria no futebol brasileiro, mas \u00e9 necess\u00e1rio saber como o atleta vai chegar.<\/p>\n<p><em>\u2014 O primeiro ponto \u00e9 qual Vidal chega? Ele est\u00e1 afim? Ele quer jogar, conquistar t\u00edtulos e manter o alto n\u00edvel? A carreira dele diz que sim, \u00e9 um cara que sempre esteve no topo e jogando em alto n\u00edvel. Ou ser\u00e1 que ele quer ir para o Rio de Janeiro que \u00e9 um lugar incr\u00edvel apenas para curtir? Precisamos ver o que o jogador quer. Vidal fisicamente bem e saud\u00e1vel, a n\u00edvel Brasil tende a sobrar. \u00c9 um meia muito capaz de fazer a gest\u00e3o do ritmo do jogo, sabe muito bem o momento de acelerar e de pisar um pouco no freio, vai de \u00e1rea a \u00e1rea e teve temporadas com muitos gols na carreira. Acho interessante a sua contrata\u00e7\u00e3o, mas o Flamengo precisa pensar em tamb\u00e9m rejuvenescer o seu elenco<\/em>, disse Renato Rodrigues.<\/p>\n<p>Retirado de: Di\u00e1rio do Fla<\/p>\n","protected":false},"excerpt":{"rendered":"<p>Mesmo com a janela de transfer\u00eancias fechada at\u00e9 julho, a diretoria do Flamengo segue avaliando as oportunidades no mercado para buscar contrata\u00e7\u00f5es que cheguem para fortalecer e elevar o patamar do elenco rubro-negro. Nas \u00faltimas horas o jornalista italiano, Fabrizio Romano trouxe a informa\u00e7\u00e3o que Arturo Vidal e Flamengo tem conversas avan\u00e7adas para o jogador [&hellip;]<\/p>\n","protected":false},"author":1,"featured_media":57356,"comment_status":"open","ping_status":"closed","sticky":false,"template":"","format":"standard","meta":{"footnotes":""},"categories":[47],"tags":[],"class_list":["post-82017","post","type-post","status-publish","format-standard","has-post-thumbnail","hentry","category-destaques"],"yoast_head":"<!-- This site is optimized with the Yoast SEO Premium plugin v24.2 (Yoast SEO v26.9) - https:\/\/yoast.com\/product\/yoast-seo-premium-wordpress\/ -->\n<title>&quot;Arturo Vidal fisicamente bem e saud\u00e1vel, \u00e0 n\u00edvel Brasil tende a sobrar&quot;<\/title>\n<meta name=\"robots\" content=\"index, follow, max-snippet:-1, max-image-preview:large, max-video-preview:-1\" \/>\n<link rel=\"canonical\" href=\"https:\/\/www.gaveanews.com\/index.php\/2022\/05\/23\/arturo-vidal-fisicamente-bem-e-saudavel-a-nivel-brasil-tende-a-sobrar\/\" \/>\n<meta property=\"og:locale\" content=\"pt_BR\" \/>\n<meta property=\"og:type\" content=\"article\" \/>\n<meta property=\"og:title\" content=\"&quot;Arturo Vidal fisicamente bem e saud\u00e1vel, \u00e0 n\u00edvel Brasil tende a sobrar&quot;\" \/>\n<meta property=\"og:description\" content=\"Mesmo com a janela de transfer\u00eancias fechada at\u00e9 julho, a diretoria do Flamengo segue avaliando as oportunidades no mercado para buscar contrata\u00e7\u00f5es que cheguem para fortalecer e elevar o patamar do elenco rubro-negro. Nas \u00faltimas horas o jornalista italiano, Fabrizio Romano trouxe a informa\u00e7\u00e3o que Arturo Vidal e Flamengo tem conversas avan\u00e7adas para o jogador [&hellip;]\" \/>\n<meta property=\"og:url\" content=\"https:\/\/www.gaveanews.com\/index.php\/2022\/05\/23\/arturo-vidal-fisicamente-bem-e-saudavel-a-nivel-brasil-tende-a-sobrar\/\" \/>\n<meta property=\"og:site_name\" content=\"G\u00e1vea News\" \/>\n<meta property=\"article:publisher\" content=\"https:\/\/facebook.com\/gaveaNews\/\" \/>\n<meta property=\"article:published_time\" content=\"2022-05-23T21:44:25+00:00\" \/>\n<meta property=\"og:image\" content=\"https:\/\/www.gaveanews.com\/wp-content\/uploads\/Arturo-Vidal-em-acao-pelo-Inter-de-Milao.webp\" \/>\n\t<meta property=\"og:image:width\" content=\"640\" \/>\n\t<meta property=\"og:image:height\" content=\"400\" \/>\n\t<meta property=\"og:image:type\" content=\"image\/png\" \/>\n<meta name=\"author\" content=\"Equipe G\u00e1vea News\" \/>\n<meta name=\"twitter:card\" content=\"summary_large_image\" \/>\n<meta name=\"twitter:label1\" content=\"Escrito por\" \/>\n\t<meta name=\"twitter:data1\" content=\"Equipe G\u00e1vea News\" \/>\n\t<meta name=\"twitter:label2\" content=\"Est. tempo de leitura\" \/>\n\t<meta name=\"twitter:data2\" content=\"2 minutos\" \/>\n<script type=\"application\/ld+json\" class=\"yoast-schema-graph\">{\"@context\":\"https:\/\/schema.org\",\"@graph\":[{\"@type\":\"NewsArticle\",\"@id\":\"https:\/\/www.gaveanews.com\/index.php\/2022\/05\/23\/arturo-vidal-fisicamente-bem-e-saudavel-a-nivel-brasil-tende-a-sobrar\/#article\",\"isPartOf\":{\"@id\":\"https:\/\/www.gaveanews.com\/index.php\/2022\/05\/23\/arturo-vidal-fisicamente-bem-e-saudavel-a-nivel-brasil-tende-a-sobrar\/\"},\"author\":{\"name\":\"Equipe G\u00e1vea News\",\"@id\":\"https:\/\/www.gaveanews.com\/#\/schema\/person\/2ec14f73fb96be2caf28f91afb14749d\"},\"headline\":\"&#8220;Arturo Vidal fisicamente bem e saud\u00e1vel, \u00e0 n\u00edvel Brasil tende a sobrar&#8221;\",\"datePublished\":\"2022-05-23T21:44:25+00:00\",\"mainEntityOfPage\":{\"@id\":\"https:\/\/www.gaveanews.com\/index.php\/2022\/05\/23\/arturo-vidal-fisicamente-bem-e-saudavel-a-nivel-brasil-tende-a-sobrar\/\"},\"wordCount\":274,\"commentCount\":0,\"image\":{\"@id\":\"https:\/\/www.gaveanews.com\/index.php\/2022\/05\/23\/arturo-vidal-fisicamente-bem-e-saudavel-a-nivel-brasil-tende-a-sobrar\/#primaryimage\"},\"thumbnailUrl\":\"https:\/\/www.gaveanews.com\/wp-content\/uploads\/Arturo-Vidal-em-acao-pelo-Inter-de-Milao.webp\",\"articleSection\":[\"Destaques\"],\"inLanguage\":\"pt-BR\",\"potentialAction\":[{\"@type\":\"CommentAction\",\"name\":\"Comment\",\"target\":[\"https:\/\/www.gaveanews.com\/index.php\/2022\/05\/23\/arturo-vidal-fisicamente-bem-e-saudavel-a-nivel-brasil-tende-a-sobrar\/#respond\"]}],\"copyrightYear\":\"2022\",\"copyrightHolder\":{\"@id\":\"https:\/\/www.gaveanews.com\/#organization\"}},{\"@type\":\"WebPage\",\"@id\":\"https:\/\/www.gaveanews.com\/index.php\/2022\/05\/23\/arturo-vidal-fisicamente-bem-e-saudavel-a-nivel-brasil-tende-a-sobrar\/\",\"url\":\"https:\/\/www.gaveanews.com\/index.php\/2022\/05\/23\/arturo-vidal-fisicamente-bem-e-saudavel-a-nivel-brasil-tende-a-sobrar\/\",\"name\":\"\\\"Arturo Vidal fisicamente bem e saud\u00e1vel, \u00e0 n\u00edvel Brasil tende a sobrar\\\"\",\"isPartOf\":{\"@id\":\"https:\/\/www.gaveanews.com\/#website\"},\"primaryImageOfPage\":{\"@id\":\"https:\/\/www.gaveanews.com\/index.php\/2022\/05\/23\/arturo-vidal-fisicamente-bem-e-saudavel-a-nivel-brasil-tende-a-sobrar\/#primaryimage\"},\"image\":{\"@id\":\"https:\/\/www.gaveanews.com\/index.php\/2022\/05\/23\/arturo-vidal-fisicamente-bem-e-saudavel-a-nivel-brasil-tende-a-sobrar\/#primaryimage\"},\"thumbnailUrl\":\"https:\/\/www.gaveanews.com\/wp-content\/uploads\/Arturo-Vidal-em-acao-pelo-Inter-de-Milao.webp\",\"datePublished\":\"2022-05-23T21:44:25+00:00\",\"author\":{\"@id\":\"https:\/\/www.gaveanews.com\/#\/schema\/person\/2ec14f73fb96be2caf28f91afb14749d\"},\"breadcrumb\":{\"@id\":\"https:\/\/www.gaveanews.com\/index.php\/2022\/05\/23\/arturo-vidal-fisicamente-bem-e-saudavel-a-nivel-brasil-tende-a-sobrar\/#breadcrumb\"},\"inLanguage\":\"pt-BR\",\"potentialAction\":[{\"@type\":\"ReadAction\",\"target\":[\"https:\/\/www.gaveanews.com\/index.php\/2022\/05\/23\/arturo-vidal-fisicamente-bem-e-saudavel-a-nivel-brasil-tende-a-sobrar\/\"]}]},{\"@type\":\"ImageObject\",\"inLanguage\":\"pt-BR\",\"@id\":\"https:\/\/www.gaveanews.com\/index.php\/2022\/05\/23\/arturo-vidal-fisicamente-bem-e-saudavel-a-nivel-brasil-tende-a-sobrar\/#primaryimage\",\"url\":\"https:\/\/www.gaveanews.com\/wp-content\/uploads\/Arturo-Vidal-em-acao-pelo-Inter-de-Milao.webp\",\"contentUrl\":\"https:\/\/www.gaveanews.com\/wp-content\/uploads\/Arturo-Vidal-em-acao-pelo-Inter-de-Milao.webp\",\"width\":640,\"height\":400,\"caption\":\"Arturo Vidal em a\u00e7\u00e3o pelo Inter de Mil\u00e3o (Foto: Divulga\u00e7\u00e3o\/Internazionale)\"},{\"@type\":\"BreadcrumbList\",\"@id\":\"https:\/\/www.gaveanews.com\/index.php\/2022\/05\/23\/arturo-vidal-fisicamente-bem-e-saudavel-a-nivel-brasil-tende-a-sobrar\/#breadcrumb\",\"itemListElement\":[{\"@type\":\"ListItem\",\"position\":1,\"name\":\"Home\",\"item\":\"https:\/\/www.gaveanews.com\/\"},{\"@type\":\"ListItem\",\"position\":2,\"name\":\"&#8220;Arturo Vidal fisicamente bem e saud\u00e1vel, \u00e0 n\u00edvel Brasil tende a sobrar&#8221;\"}]},{\"@type\":\"WebSite\",\"@id\":\"https:\/\/www.gaveanews.com\/#website\",\"url\":\"https:\/\/www.gaveanews.com\/\",\"name\":\"G\u00e1vea News\",\"description\":\"Veja todas as not\u00edcias sobre o Flamengo: Contrata\u00e7\u00f5es, categorias de base, resultados das partidas, tabela de classifica\u00e7\u00e3o, pr\u00f3ximos jogos!\",\"potentialAction\":[{\"@type\":\"SearchAction\",\"target\":{\"@type\":\"EntryPoint\",\"urlTemplate\":\"https:\/\/www.gaveanews.com\/?s={search_term_string}\"},\"query-input\":{\"@type\":\"PropertyValueSpecification\",\"valueRequired\":true,\"valueName\":\"search_term_string\"}}],\"inLanguage\":\"pt-BR\"},{\"@type\":\"Person\",\"@id\":\"https:\/\/www.gaveanews.com\/#\/schema\/person\/2ec14f73fb96be2caf28f91afb14749d\",\"name\":\"Equipe G\u00e1vea News\",\"image\":{\"@type\":\"ImageObject\",\"inLanguage\":\"pt-BR\",\"@id\":\"https:\/\/www.gaveanews.com\/#\/schema\/person\/image\/\",\"url\":\"https:\/\/secure.gravatar.com\/avatar\/1e1956f1facbffd3f8fa53a326721950116b3b9dc9bd44939c01180fd4a745a9?s=96&d=mm&r=g\",\"contentUrl\":\"https:\/\/secure.gravatar.com\/avatar\/1e1956f1facbffd3f8fa53a326721950116b3b9dc9bd44939c01180fd4a745a9?s=96&d=mm&r=g\",\"caption\":\"Equipe G\u00e1vea News\"}}]}<\/script>\n<!-- \/ Yoast SEO Premium plugin. -->","yoast_head_json":{"title":"\"Arturo Vidal fisicamente bem e saud\u00e1vel, \u00e0 n\u00edvel Brasil tende a sobrar\"","robots":{"index":"index","follow":"follow","max-snippet":"max-snippet:-1","max-image-preview":"max-image-preview:large","max-video-preview":"max-video-preview:-1"},"canonical":"https:\/\/www.gaveanews.com\/index.php\/2022\/05\/23\/arturo-vidal-fisicamente-bem-e-saudavel-a-nivel-brasil-tende-a-sobrar\/","og_locale":"pt_BR","og_type":"article","og_title":"\"Arturo Vidal fisicamente bem e saud\u00e1vel, \u00e0 n\u00edvel Brasil tende a sobrar\"","og_description":"Mesmo com a janela de transfer\u00eancias fechada at\u00e9 julho, a diretoria do Flamengo segue avaliando as oportunidades no mercado para buscar contrata\u00e7\u00f5es que cheguem para fortalecer e elevar o patamar do elenco rubro-negro. Nas \u00faltimas horas o jornalista italiano, Fabrizio Romano trouxe a informa\u00e7\u00e3o que Arturo Vidal e Flamengo tem conversas avan\u00e7adas para o jogador [&hellip;]","og_url":"https:\/\/www.gaveanews.com\/index.php\/2022\/05\/23\/arturo-vidal-fisicamente-bem-e-saudavel-a-nivel-brasil-tende-a-sobrar\/","og_site_name":"G\u00e1vea News","article_publisher":"https:\/\/facebook.com\/gaveaNews\/","article_published_time":"2022-05-23T21:44:25+00:00","og_image":[{"width":640,"height":400,"url":"https:\/\/www.gaveanews.com\/wp-content\/uploads\/Arturo-Vidal-em-acao-pelo-Inter-de-Milao.webp","type":"image\/png"}],"author":"Equipe G\u00e1vea News","twitter_card":"summary_large_image","twitter_misc":{"Escrito por":"Equipe G\u00e1vea News","Est. tempo de leitura":"2 minutos"},"schema":{"@context":"https:\/\/schema.org","@graph":[{"@type":"NewsArticle","@id":"https:\/\/www.gaveanews.com\/index.php\/2022\/05\/23\/arturo-vidal-fisicamente-bem-e-saudavel-a-nivel-brasil-tende-a-sobrar\/#article","isPartOf":{"@id":"https:\/\/www.gaveanews.com\/index.php\/2022\/05\/23\/arturo-vidal-fisicamente-bem-e-saudavel-a-nivel-brasil-tende-a-sobrar\/"},"author":{"name":"Equipe G\u00e1vea News","@id":"https:\/\/www.gaveanews.com\/#\/schema\/person\/2ec14f73fb96be2caf28f91afb14749d"},"headline":"&#8220;Arturo Vidal fisicamente bem e saud\u00e1vel, \u00e0 n\u00edvel Brasil tende a sobrar&#8221;","datePublished":"2022-05-23T21:44:25+00:00","mainEntityOfPage":{"@id":"https:\/\/www.gaveanews.com\/index.php\/2022\/05\/23\/arturo-vidal-fisicamente-bem-e-saudavel-a-nivel-brasil-tende-a-sobrar\/"},"wordCount":274,"commentCount":0,"image":{"@id":"https:\/\/www.gaveanews.com\/index.php\/2022\/05\/23\/arturo-vidal-fisicamente-bem-e-saudavel-a-nivel-brasil-tende-a-sobrar\/#primaryimage"},"thumbnailUrl":"https:\/\/www.gaveanews.com\/wp-content\/uploads\/Arturo-Vidal-em-acao-pelo-Inter-de-Milao.webp","articleSection":["Destaques"],"inLanguage":"pt-BR","potentialAction":[{"@type":"CommentAction","name":"Comment","target":["https:\/\/www.gaveanews.com\/index.php\/2022\/05\/23\/arturo-vidal-fisicamente-bem-e-saudavel-a-nivel-brasil-tende-a-sobrar\/#respond"]}],"copyrightYear":"2022","copyrightHolder":{"@id":"https:\/\/www.gaveanews.com\/#organization"}},{"@type":"WebPage","@id":"https:\/\/www.gaveanews.com\/index.php\/2022\/05\/23\/arturo-vidal-fisicamente-bem-e-saudavel-a-nivel-brasil-tende-a-sobrar\/","url":"https:\/\/www.gaveanews.com\/index.php\/2022\/05\/23\/arturo-vidal-fisicamente-bem-e-saudavel-a-nivel-brasil-tende-a-sobrar\/","name":"\"Arturo Vidal fisicamente bem e saud\u00e1vel, \u00e0 n\u00edvel Brasil tende a sobrar\"","isPartOf":{"@id":"https:\/\/www.gaveanews.com\/#website"},"primaryImageOfPage":{"@id":"https:\/\/www.gaveanews.com\/index.php\/2022\/05\/23\/arturo-vidal-fisicamente-bem-e-saudavel-a-nivel-brasil-tende-a-sobrar\/#primaryimage"},"image":{"@id":"https:\/\/www.gaveanews.com\/index.php\/2022\/05\/23\/arturo-vidal-fisicamente-bem-e-saudavel-a-nivel-brasil-tende-a-sobrar\/#primaryimage"},"thumbnailUrl":"https:\/\/www.gaveanews.com\/wp-content\/uploads\/Arturo-Vidal-em-acao-pelo-Inter-de-Milao.webp","datePublished":"2022-05-23T21:44:25+00:00","author":{"@id":"https:\/\/www.gaveanews.com\/#\/schema\/person\/2ec14f73fb96be2caf28f91afb14749d"},"breadcrumb":{"@id":"https:\/\/www.gaveanews.com\/index.php\/2022\/05\/23\/arturo-vidal-fisicamente-bem-e-saudavel-a-nivel-brasil-tende-a-sobrar\/#breadcrumb"},"inLanguage":"pt-BR","potentialAction":[{"@type":"ReadAction","target":["https:\/\/www.gaveanews.com\/index.php\/2022\/05\/23\/arturo-vidal-fisicamente-bem-e-saudavel-a-nivel-brasil-tende-a-sobrar\/"]}]},{"@type":"ImageObject","inLanguage":"pt-BR","@id":"https:\/\/www.gaveanews.com\/index.php\/2022\/05\/23\/arturo-vidal-fisicamente-bem-e-saudavel-a-nivel-brasil-tende-a-sobrar\/#primaryimage","url":"https:\/\/www.gaveanews.com\/wp-content\/uploads\/Arturo-Vidal-em-acao-pelo-Inter-de-Milao.webp","contentUrl":"https:\/\/www.gaveanews.com\/wp-content\/uploads\/Arturo-Vidal-em-acao-pelo-Inter-de-Milao.webp","width":640,"height":400,"caption":"Arturo Vidal em a\u00e7\u00e3o pelo Inter de Mil\u00e3o (Foto: Divulga\u00e7\u00e3o\/Internazionale)"},{"@type":"BreadcrumbList","@id":"https:\/\/www.gaveanews.com\/index.php\/2022\/05\/23\/arturo-vidal-fisicamente-bem-e-saudavel-a-nivel-brasil-tende-a-sobrar\/#breadcrumb","itemListElement":[{"@type":"ListItem","position":1,"name":"Home","item":"https:\/\/www.gaveanews.com\/"},{"@type":"ListItem","position":2,"name":"&#8220;Arturo Vidal fisicamente bem e saud\u00e1vel, \u00e0 n\u00edvel Brasil tende a sobrar&#8221;"}]},{"@type":"WebSite","@id":"https:\/\/www.gaveanews.com\/#website","url":"https:\/\/www.gaveanews.com\/","name":"G\u00e1vea News","description":"Veja todas as not\u00edcias sobre o Flamengo: Contrata\u00e7\u00f5es, categorias de base, resultados das partidas, tabela de classifica\u00e7\u00e3o, pr\u00f3ximos jogos!","potentialAction":[{"@type":"SearchAction","target":{"@type":"EntryPoint","urlTemplate":"https:\/\/www.gaveanews.com\/?s={search_term_string}"},"query-input":{"@type":"PropertyValueSpecification","valueRequired":true,"valueName":"search_term_string"}}],"inLanguage":"pt-BR"},{"@type":"Person","@id":"https:\/\/www.gaveanews.com\/#\/schema\/person\/2ec14f73fb96be2caf28f91afb14749d","name":"Equipe G\u00e1vea News","image":{"@type":"ImageObject","inLanguage":"pt-BR","@id":"https:\/\/www.gaveanews.com\/#\/schema\/person\/image\/","url":"https:\/\/secure.gravatar.com\/avatar\/1e1956f1facbffd3f8fa53a326721950116b3b9dc9bd44939c01180fd4a745a9?s=96&d=mm&r=g","contentUrl":"https:\/\/secure.gravatar.com\/avatar\/1e1956f1facbffd3f8fa53a326721950116b3b9dc9bd44939c01180fd4a745a9?s=96&d=mm&r=g","caption":"Equipe G\u00e1vea News"}}]}},"_links":{"self":[{"href":"https:\/\/www.gaveanews.com\/index.php\/wp-json\/wp\/v2\/posts\/82017","targetHints":{"allow":["GET"]}}],"collection":[{"href":"https:\/\/www.gaveanews.com\/index.php\/wp-json\/wp\/v2\/posts"}],"about":[{"href":"https:\/\/www.gaveanews.com\/index.php\/wp-json\/wp\/v2\/types\/post"}],"author":[{"embeddable":true,"href":"https:\/\/www.gaveanews.com\/index.php\/wp-json\/wp\/v2\/users\/1"}],"replies":[{"embeddable":true,"href":"https:\/\/www.gaveanews.com\/index.php\/wp-json\/wp\/v2\/comments?post=82017"}],"version-history":[{"count":0,"href":"https:\/\/www.gaveanews.com\/index.php\/wp-json\/wp\/v2\/posts\/82017\/revisions"}],"wp:featuredmedia":[{"embeddable":true,"href":"https:\/\/www.gaveanews.com\/index.php\/wp-json\/wp\/v2\/media\/57356"}],"wp:attachment":[{"href":"https:\/\/www.gaveanews.com\/index.php\/wp-json\/wp\/v2\/media?parent=82017"}],"wp:term":[{"taxonomy":"category","embeddable":true,"href":"https:\/\/www.gaveanews.com\/index.php\/wp-json\/wp\/v2\/categories?post=82017"},{"taxonomy":"post_tag","embeddable":true,"href":"https:\/\/www.gaveanews.com\/index.php\/wp-json\/wp\/v2\/tags?post=82017"}],"curies":[{"name":"wp","href":"https:\/\/api.w.org\/{rel}","templated":true}]}}