{"id":82021,"date":"2022-05-23T19:21:36","date_gmt":"2022-05-23T22:21:36","guid":{"rendered":"https:\/\/www.gaveanews.com\/?p=82021"},"modified":"2022-05-23T19:21:36","modified_gmt":"2022-05-23T22:21:36","slug":"narrador-faz-comentarios-preconceituosos-para-a-torcida-do-flamengo-e-dirigente-cobra-emissora","status":"publish","type":"post","link":"https:\/\/www.gaveanews.com\/index.php\/2022\/05\/23\/narrador-faz-comentarios-preconceituosos-para-a-torcida-do-flamengo-e-dirigente-cobra-emissora\/","title":{"rendered":"Narrador faz coment\u00e1rios preconceituosos para a torcida do Flamengo e dirigente cobra emissora"},"content":{"rendered":"<p>O vice-presidente Geral e Jur\u00eddico do Flamengo, Rodrigo Dunshee usou suas redes sociais para cobrar um posicionamento da Band sobre coment\u00e1rios preconceituosos de um funcion\u00e1rio contra os torcedores do Flamengo na transmiss\u00e3o do GP da Espanha de F\u00f3rmula 1.<\/p>\n<p>Durante a transmiss\u00e3o dos treinos do GP da Espanha, o narrador S\u00e9rgio Maur\u00edcio viu nas imagens geradas pela FIA, uma bandeira do Botafogo no aut\u00f3dromo e como \u00e9 torcedor alvinegro comemorou, mas o seu \u00e1udio em off acabou vazando e revelando o momento preconceituoso com torcedores do Flamengo.<\/p>\n<p><em>\u2014 Espera a\u00ed! Para tudo, porque eu estou vendo uma bandeira do Botafogo ali, amigo! Para tudo, amigo! \u00c9 uma miragem ou eu vi mesmo? Pelo amor de Deus! A\u00ed meu cora\u00e7\u00e3o arrebenta! V\u00ea se tem flamenguista l\u00e1, tudo duro e favelado<\/em>, disse S\u00e9rgio Maur\u00edcio.<\/p>\n<p>As imagens viralizaram nas redes sociais rapidamente, foi ent\u00e3o que o VP jur\u00eddico do Flamengo Rodrigo Dunshee se manifestou. Ele cobrou um posicionamento da Band, antes de tomar qualquer medida na justi\u00e7a.<\/p>\n<p><em>\u2014 Inacredit\u00e1vel que um jornalista que vive do esporte trate a torcida do Flamengo de forma preconceituosa, deselegante e totalmente fora do padr\u00e3o t\u00e9cnico e social. Antes de cogitar qualquer atua\u00e7\u00e3o jur\u00eddica, temos que esperar uma atua\u00e7\u00e3o da Band<\/em>, escreveu Rodrigo Dunshee.<\/p>\n<p>Retirado de: Di\u00e1rio do Fla<\/p>\n","protected":false},"excerpt":{"rendered":"<p>O vice-presidente Geral e Jur\u00eddico do Flamengo, Rodrigo Dunshee usou suas redes sociais para cobrar um posicionamento da Band sobre coment\u00e1rios preconceituosos de um funcion\u00e1rio contra os torcedores do Flamengo na transmiss\u00e3o do GP da Espanha de F\u00f3rmula 1. Durante a transmiss\u00e3o dos treinos do GP da Espanha, o narrador S\u00e9rgio Maur\u00edcio viu nas imagens [&hellip;]<\/p>\n","protected":false},"author":1,"featured_media":76421,"comment_status":"open","ping_status":"closed","sticky":false,"template":"","format":"standard","meta":{"footnotes":""},"categories":[47],"tags":[],"class_list":["post-82021","post","type-post","status-publish","format-standard","has-post-thumbnail","hentry","category-destaques"],"yoast_head":"<!-- This site is optimized with the Yoast SEO Premium plugin v24.2 (Yoast SEO v26.9) - https:\/\/yoast.com\/product\/yoast-seo-premium-wordpress\/ -->\n<title>Narrador faz coment\u00e1rios preconceituosos para a torcida do Flamengo e dirigente cobra emissora<\/title>\n<meta name=\"robots\" content=\"index, follow, max-snippet:-1, max-image-preview:large, max-video-preview:-1\" \/>\n<link rel=\"canonical\" href=\"https:\/\/www.gaveanews.com\/index.php\/2022\/05\/23\/narrador-faz-comentarios-preconceituosos-para-a-torcida-do-flamengo-e-dirigente-cobra-emissora\/\" \/>\n<meta property=\"og:locale\" content=\"pt_BR\" \/>\n<meta property=\"og:type\" content=\"article\" \/>\n<meta property=\"og:title\" content=\"Narrador faz coment\u00e1rios preconceituosos para a torcida do Flamengo e dirigente cobra emissora\" \/>\n<meta property=\"og:description\" content=\"O vice-presidente Geral e Jur\u00eddico do Flamengo, Rodrigo Dunshee usou suas redes sociais para cobrar um posicionamento da Band sobre coment\u00e1rios preconceituosos de um funcion\u00e1rio contra os torcedores do Flamengo na transmiss\u00e3o do GP da Espanha de F\u00f3rmula 1. Durante a transmiss\u00e3o dos treinos do GP da Espanha, o narrador S\u00e9rgio Maur\u00edcio viu nas imagens [&hellip;]\" \/>\n<meta property=\"og:url\" content=\"https:\/\/www.gaveanews.com\/index.php\/2022\/05\/23\/narrador-faz-comentarios-preconceituosos-para-a-torcida-do-flamengo-e-dirigente-cobra-emissora\/\" \/>\n<meta property=\"og:site_name\" content=\"G\u00e1vea News\" \/>\n<meta property=\"article:publisher\" content=\"https:\/\/facebook.com\/gaveaNews\/\" \/>\n<meta property=\"article:published_time\" content=\"2022-05-23T22:21:36+00:00\" \/>\n<meta property=\"og:image\" content=\"https:\/\/www.gaveanews.com\/wp-content\/uploads\/Rodrigo-Dunshee-vice-presidente-geral-do-Flamengo.webp\" \/>\n\t<meta property=\"og:image:width\" content=\"800\" \/>\n\t<meta property=\"og:image:height\" content=\"533\" \/>\n\t<meta property=\"og:image:type\" content=\"image\/jpeg\" \/>\n<meta name=\"author\" content=\"Equipe G\u00e1vea News\" \/>\n<meta name=\"twitter:card\" content=\"summary_large_image\" \/>\n<meta name=\"twitter:label1\" content=\"Escrito por\" \/>\n\t<meta name=\"twitter:data1\" content=\"Equipe G\u00e1vea News\" \/>\n\t<meta name=\"twitter:label2\" content=\"Est. tempo de leitura\" \/>\n\t<meta name=\"twitter:data2\" content=\"2 minutos\" \/>\n<script type=\"application\/ld+json\" class=\"yoast-schema-graph\">{\"@context\":\"https:\/\/schema.org\",\"@graph\":[{\"@type\":\"NewsArticle\",\"@id\":\"https:\/\/www.gaveanews.com\/index.php\/2022\/05\/23\/narrador-faz-comentarios-preconceituosos-para-a-torcida-do-flamengo-e-dirigente-cobra-emissora\/#article\",\"isPartOf\":{\"@id\":\"https:\/\/www.gaveanews.com\/index.php\/2022\/05\/23\/narrador-faz-comentarios-preconceituosos-para-a-torcida-do-flamengo-e-dirigente-cobra-emissora\/\"},\"author\":{\"name\":\"Equipe G\u00e1vea News\",\"@id\":\"https:\/\/www.gaveanews.com\/#\/schema\/person\/2ec14f73fb96be2caf28f91afb14749d\"},\"headline\":\"Narrador faz coment\u00e1rios preconceituosos para a torcida do Flamengo e dirigente cobra emissora\",\"datePublished\":\"2022-05-23T22:21:36+00:00\",\"mainEntityOfPage\":{\"@id\":\"https:\/\/www.gaveanews.com\/index.php\/2022\/05\/23\/narrador-faz-comentarios-preconceituosos-para-a-torcida-do-flamengo-e-dirigente-cobra-emissora\/\"},\"wordCount\":242,\"commentCount\":0,\"image\":{\"@id\":\"https:\/\/www.gaveanews.com\/index.php\/2022\/05\/23\/narrador-faz-comentarios-preconceituosos-para-a-torcida-do-flamengo-e-dirigente-cobra-emissora\/#primaryimage\"},\"thumbnailUrl\":\"https:\/\/www.gaveanews.com\/wp-content\/uploads\/Rodrigo-Dunshee-vice-presidente-geral-do-Flamengo.webp\",\"articleSection\":[\"Destaques\"],\"inLanguage\":\"pt-BR\",\"potentialAction\":[{\"@type\":\"CommentAction\",\"name\":\"Comment\",\"target\":[\"https:\/\/www.gaveanews.com\/index.php\/2022\/05\/23\/narrador-faz-comentarios-preconceituosos-para-a-torcida-do-flamengo-e-dirigente-cobra-emissora\/#respond\"]}],\"copyrightYear\":\"2022\",\"copyrightHolder\":{\"@id\":\"https:\/\/www.gaveanews.com\/#organization\"}},{\"@type\":\"WebPage\",\"@id\":\"https:\/\/www.gaveanews.com\/index.php\/2022\/05\/23\/narrador-faz-comentarios-preconceituosos-para-a-torcida-do-flamengo-e-dirigente-cobra-emissora\/\",\"url\":\"https:\/\/www.gaveanews.com\/index.php\/2022\/05\/23\/narrador-faz-comentarios-preconceituosos-para-a-torcida-do-flamengo-e-dirigente-cobra-emissora\/\",\"name\":\"Narrador faz coment\u00e1rios preconceituosos para a torcida do Flamengo e dirigente cobra emissora\",\"isPartOf\":{\"@id\":\"https:\/\/www.gaveanews.com\/#website\"},\"primaryImageOfPage\":{\"@id\":\"https:\/\/www.gaveanews.com\/index.php\/2022\/05\/23\/narrador-faz-comentarios-preconceituosos-para-a-torcida-do-flamengo-e-dirigente-cobra-emissora\/#primaryimage\"},\"image\":{\"@id\":\"https:\/\/www.gaveanews.com\/index.php\/2022\/05\/23\/narrador-faz-comentarios-preconceituosos-para-a-torcida-do-flamengo-e-dirigente-cobra-emissora\/#primaryimage\"},\"thumbnailUrl\":\"https:\/\/www.gaveanews.com\/wp-content\/uploads\/Rodrigo-Dunshee-vice-presidente-geral-do-Flamengo.webp\",\"datePublished\":\"2022-05-23T22:21:36+00:00\",\"author\":{\"@id\":\"https:\/\/www.gaveanews.com\/#\/schema\/person\/2ec14f73fb96be2caf28f91afb14749d\"},\"breadcrumb\":{\"@id\":\"https:\/\/www.gaveanews.com\/index.php\/2022\/05\/23\/narrador-faz-comentarios-preconceituosos-para-a-torcida-do-flamengo-e-dirigente-cobra-emissora\/#breadcrumb\"},\"inLanguage\":\"pt-BR\",\"potentialAction\":[{\"@type\":\"ReadAction\",\"target\":[\"https:\/\/www.gaveanews.com\/index.php\/2022\/05\/23\/narrador-faz-comentarios-preconceituosos-para-a-torcida-do-flamengo-e-dirigente-cobra-emissora\/\"]}]},{\"@type\":\"ImageObject\",\"inLanguage\":\"pt-BR\",\"@id\":\"https:\/\/www.gaveanews.com\/index.php\/2022\/05\/23\/narrador-faz-comentarios-preconceituosos-para-a-torcida-do-flamengo-e-dirigente-cobra-emissora\/#primaryimage\",\"url\":\"https:\/\/www.gaveanews.com\/wp-content\/uploads\/Rodrigo-Dunshee-vice-presidente-geral-do-Flamengo.webp\",\"contentUrl\":\"https:\/\/www.gaveanews.com\/wp-content\/uploads\/Rodrigo-Dunshee-vice-presidente-geral-do-Flamengo.webp\",\"width\":800,\"height\":533,\"caption\":\"Rodrigo Dunshee, vice-presidente geral do Flamengo (Foto: Paula Reis\/Flamengo)\"},{\"@type\":\"BreadcrumbList\",\"@id\":\"https:\/\/www.gaveanews.com\/index.php\/2022\/05\/23\/narrador-faz-comentarios-preconceituosos-para-a-torcida-do-flamengo-e-dirigente-cobra-emissora\/#breadcrumb\",\"itemListElement\":[{\"@type\":\"ListItem\",\"position\":1,\"name\":\"Home\",\"item\":\"https:\/\/www.gaveanews.com\/\"},{\"@type\":\"ListItem\",\"position\":2,\"name\":\"Narrador faz coment\u00e1rios preconceituosos para a torcida do Flamengo e dirigente cobra emissora\"}]},{\"@type\":\"WebSite\",\"@id\":\"https:\/\/www.gaveanews.com\/#website\",\"url\":\"https:\/\/www.gaveanews.com\/\",\"name\":\"G\u00e1vea News\",\"description\":\"Veja todas as not\u00edcias sobre o Flamengo: Contrata\u00e7\u00f5es, categorias de base, resultados das partidas, tabela de classifica\u00e7\u00e3o, pr\u00f3ximos jogos!\",\"potentialAction\":[{\"@type\":\"SearchAction\",\"target\":{\"@type\":\"EntryPoint\",\"urlTemplate\":\"https:\/\/www.gaveanews.com\/?s={search_term_string}\"},\"query-input\":{\"@type\":\"PropertyValueSpecification\",\"valueRequired\":true,\"valueName\":\"search_term_string\"}}],\"inLanguage\":\"pt-BR\"},{\"@type\":\"Person\",\"@id\":\"https:\/\/www.gaveanews.com\/#\/schema\/person\/2ec14f73fb96be2caf28f91afb14749d\",\"name\":\"Equipe G\u00e1vea News\",\"image\":{\"@type\":\"ImageObject\",\"inLanguage\":\"pt-BR\",\"@id\":\"https:\/\/www.gaveanews.com\/#\/schema\/person\/image\/\",\"url\":\"https:\/\/secure.gravatar.com\/avatar\/1e1956f1facbffd3f8fa53a326721950116b3b9dc9bd44939c01180fd4a745a9?s=96&d=mm&r=g\",\"contentUrl\":\"https:\/\/secure.gravatar.com\/avatar\/1e1956f1facbffd3f8fa53a326721950116b3b9dc9bd44939c01180fd4a745a9?s=96&d=mm&r=g\",\"caption\":\"Equipe G\u00e1vea News\"}}]}<\/script>\n<!-- \/ Yoast SEO Premium plugin. -->","yoast_head_json":{"title":"Narrador faz coment\u00e1rios preconceituosos para a torcida do Flamengo e dirigente cobra emissora","robots":{"index":"index","follow":"follow","max-snippet":"max-snippet:-1","max-image-preview":"max-image-preview:large","max-video-preview":"max-video-preview:-1"},"canonical":"https:\/\/www.gaveanews.com\/index.php\/2022\/05\/23\/narrador-faz-comentarios-preconceituosos-para-a-torcida-do-flamengo-e-dirigente-cobra-emissora\/","og_locale":"pt_BR","og_type":"article","og_title":"Narrador faz coment\u00e1rios preconceituosos para a torcida do Flamengo e dirigente cobra emissora","og_description":"O vice-presidente Geral e Jur\u00eddico do Flamengo, Rodrigo Dunshee usou suas redes sociais para cobrar um posicionamento da Band sobre coment\u00e1rios preconceituosos de um funcion\u00e1rio contra os torcedores do Flamengo na transmiss\u00e3o do GP da Espanha de F\u00f3rmula 1. Durante a transmiss\u00e3o dos treinos do GP da Espanha, o narrador S\u00e9rgio Maur\u00edcio viu nas imagens [&hellip;]","og_url":"https:\/\/www.gaveanews.com\/index.php\/2022\/05\/23\/narrador-faz-comentarios-preconceituosos-para-a-torcida-do-flamengo-e-dirigente-cobra-emissora\/","og_site_name":"G\u00e1vea News","article_publisher":"https:\/\/facebook.com\/gaveaNews\/","article_published_time":"2022-05-23T22:21:36+00:00","og_image":[{"width":800,"height":533,"url":"https:\/\/www.gaveanews.com\/wp-content\/uploads\/Rodrigo-Dunshee-vice-presidente-geral-do-Flamengo.webp","type":"image\/jpeg"}],"author":"Equipe G\u00e1vea News","twitter_card":"summary_large_image","twitter_misc":{"Escrito por":"Equipe G\u00e1vea News","Est. tempo de leitura":"2 minutos"},"schema":{"@context":"https:\/\/schema.org","@graph":[{"@type":"NewsArticle","@id":"https:\/\/www.gaveanews.com\/index.php\/2022\/05\/23\/narrador-faz-comentarios-preconceituosos-para-a-torcida-do-flamengo-e-dirigente-cobra-emissora\/#article","isPartOf":{"@id":"https:\/\/www.gaveanews.com\/index.php\/2022\/05\/23\/narrador-faz-comentarios-preconceituosos-para-a-torcida-do-flamengo-e-dirigente-cobra-emissora\/"},"author":{"name":"Equipe G\u00e1vea News","@id":"https:\/\/www.gaveanews.com\/#\/schema\/person\/2ec14f73fb96be2caf28f91afb14749d"},"headline":"Narrador faz coment\u00e1rios preconceituosos para a torcida do Flamengo e dirigente cobra emissora","datePublished":"2022-05-23T22:21:36+00:00","mainEntityOfPage":{"@id":"https:\/\/www.gaveanews.com\/index.php\/2022\/05\/23\/narrador-faz-comentarios-preconceituosos-para-a-torcida-do-flamengo-e-dirigente-cobra-emissora\/"},"wordCount":242,"commentCount":0,"image":{"@id":"https:\/\/www.gaveanews.com\/index.php\/2022\/05\/23\/narrador-faz-comentarios-preconceituosos-para-a-torcida-do-flamengo-e-dirigente-cobra-emissora\/#primaryimage"},"thumbnailUrl":"https:\/\/www.gaveanews.com\/wp-content\/uploads\/Rodrigo-Dunshee-vice-presidente-geral-do-Flamengo.webp","articleSection":["Destaques"],"inLanguage":"pt-BR","potentialAction":[{"@type":"CommentAction","name":"Comment","target":["https:\/\/www.gaveanews.com\/index.php\/2022\/05\/23\/narrador-faz-comentarios-preconceituosos-para-a-torcida-do-flamengo-e-dirigente-cobra-emissora\/#respond"]}],"copyrightYear":"2022","copyrightHolder":{"@id":"https:\/\/www.gaveanews.com\/#organization"}},{"@type":"WebPage","@id":"https:\/\/www.gaveanews.com\/index.php\/2022\/05\/23\/narrador-faz-comentarios-preconceituosos-para-a-torcida-do-flamengo-e-dirigente-cobra-emissora\/","url":"https:\/\/www.gaveanews.com\/index.php\/2022\/05\/23\/narrador-faz-comentarios-preconceituosos-para-a-torcida-do-flamengo-e-dirigente-cobra-emissora\/","name":"Narrador faz coment\u00e1rios preconceituosos para a torcida do Flamengo e dirigente cobra emissora","isPartOf":{"@id":"https:\/\/www.gaveanews.com\/#website"},"primaryImageOfPage":{"@id":"https:\/\/www.gaveanews.com\/index.php\/2022\/05\/23\/narrador-faz-comentarios-preconceituosos-para-a-torcida-do-flamengo-e-dirigente-cobra-emissora\/#primaryimage"},"image":{"@id":"https:\/\/www.gaveanews.com\/index.php\/2022\/05\/23\/narrador-faz-comentarios-preconceituosos-para-a-torcida-do-flamengo-e-dirigente-cobra-emissora\/#primaryimage"},"thumbnailUrl":"https:\/\/www.gaveanews.com\/wp-content\/uploads\/Rodrigo-Dunshee-vice-presidente-geral-do-Flamengo.webp","datePublished":"2022-05-23T22:21:36+00:00","author":{"@id":"https:\/\/www.gaveanews.com\/#\/schema\/person\/2ec14f73fb96be2caf28f91afb14749d"},"breadcrumb":{"@id":"https:\/\/www.gaveanews.com\/index.php\/2022\/05\/23\/narrador-faz-comentarios-preconceituosos-para-a-torcida-do-flamengo-e-dirigente-cobra-emissora\/#breadcrumb"},"inLanguage":"pt-BR","potentialAction":[{"@type":"ReadAction","target":["https:\/\/www.gaveanews.com\/index.php\/2022\/05\/23\/narrador-faz-comentarios-preconceituosos-para-a-torcida-do-flamengo-e-dirigente-cobra-emissora\/"]}]},{"@type":"ImageObject","inLanguage":"pt-BR","@id":"https:\/\/www.gaveanews.com\/index.php\/2022\/05\/23\/narrador-faz-comentarios-preconceituosos-para-a-torcida-do-flamengo-e-dirigente-cobra-emissora\/#primaryimage","url":"https:\/\/www.gaveanews.com\/wp-content\/uploads\/Rodrigo-Dunshee-vice-presidente-geral-do-Flamengo.webp","contentUrl":"https:\/\/www.gaveanews.com\/wp-content\/uploads\/Rodrigo-Dunshee-vice-presidente-geral-do-Flamengo.webp","width":800,"height":533,"caption":"Rodrigo Dunshee, vice-presidente geral do Flamengo (Foto: Paula Reis\/Flamengo)"},{"@type":"BreadcrumbList","@id":"https:\/\/www.gaveanews.com\/index.php\/2022\/05\/23\/narrador-faz-comentarios-preconceituosos-para-a-torcida-do-flamengo-e-dirigente-cobra-emissora\/#breadcrumb","itemListElement":[{"@type":"ListItem","position":1,"name":"Home","item":"https:\/\/www.gaveanews.com\/"},{"@type":"ListItem","position":2,"name":"Narrador faz coment\u00e1rios preconceituosos para a torcida do Flamengo e dirigente cobra emissora"}]},{"@type":"WebSite","@id":"https:\/\/www.gaveanews.com\/#website","url":"https:\/\/www.gaveanews.com\/","name":"G\u00e1vea News","description":"Veja todas as not\u00edcias sobre o Flamengo: Contrata\u00e7\u00f5es, categorias de base, resultados das partidas, tabela de classifica\u00e7\u00e3o, pr\u00f3ximos jogos!","potentialAction":[{"@type":"SearchAction","target":{"@type":"EntryPoint","urlTemplate":"https:\/\/www.gaveanews.com\/?s={search_term_string}"},"query-input":{"@type":"PropertyValueSpecification","valueRequired":true,"valueName":"search_term_string"}}],"inLanguage":"pt-BR"},{"@type":"Person","@id":"https:\/\/www.gaveanews.com\/#\/schema\/person\/2ec14f73fb96be2caf28f91afb14749d","name":"Equipe G\u00e1vea News","image":{"@type":"ImageObject","inLanguage":"pt-BR","@id":"https:\/\/www.gaveanews.com\/#\/schema\/person\/image\/","url":"https:\/\/secure.gravatar.com\/avatar\/1e1956f1facbffd3f8fa53a326721950116b3b9dc9bd44939c01180fd4a745a9?s=96&d=mm&r=g","contentUrl":"https:\/\/secure.gravatar.com\/avatar\/1e1956f1facbffd3f8fa53a326721950116b3b9dc9bd44939c01180fd4a745a9?s=96&d=mm&r=g","caption":"Equipe G\u00e1vea News"}}]}},"_links":{"self":[{"href":"https:\/\/www.gaveanews.com\/index.php\/wp-json\/wp\/v2\/posts\/82021","targetHints":{"allow":["GET"]}}],"collection":[{"href":"https:\/\/www.gaveanews.com\/index.php\/wp-json\/wp\/v2\/posts"}],"about":[{"href":"https:\/\/www.gaveanews.com\/index.php\/wp-json\/wp\/v2\/types\/post"}],"author":[{"embeddable":true,"href":"https:\/\/www.gaveanews.com\/index.php\/wp-json\/wp\/v2\/users\/1"}],"replies":[{"embeddable":true,"href":"https:\/\/www.gaveanews.com\/index.php\/wp-json\/wp\/v2\/comments?post=82021"}],"version-history":[{"count":0,"href":"https:\/\/www.gaveanews.com\/index.php\/wp-json\/wp\/v2\/posts\/82021\/revisions"}],"wp:featuredmedia":[{"embeddable":true,"href":"https:\/\/www.gaveanews.com\/index.php\/wp-json\/wp\/v2\/media\/76421"}],"wp:attachment":[{"href":"https:\/\/www.gaveanews.com\/index.php\/wp-json\/wp\/v2\/media?parent=82021"}],"wp:term":[{"taxonomy":"category","embeddable":true,"href":"https:\/\/www.gaveanews.com\/index.php\/wp-json\/wp\/v2\/categories?post=82021"},{"taxonomy":"post_tag","embeddable":true,"href":"https:\/\/www.gaveanews.com\/index.php\/wp-json\/wp\/v2\/tags?post=82021"}],"curies":[{"name":"wp","href":"https:\/\/api.w.org\/{rel}","templated":true}]}}