{"id":82023,"date":"2022-05-23T21:55:07","date_gmt":"2022-05-24T00:55:07","guid":{"rendered":"https:\/\/www.gaveanews.com\/?p=82023"},"modified":"2022-05-23T21:58:22","modified_gmt":"2022-05-24T00:58:22","slug":"narrador-exclui-conta-nas-redes-apos-atacar-torcedores-do-flamengo","status":"publish","type":"post","link":"https:\/\/www.gaveanews.com\/index.php\/2022\/05\/23\/narrador-exclui-conta-nas-redes-apos-atacar-torcedores-do-flamengo\/","title":{"rendered":"Narrador exclui conta nas redes ap\u00f3s atacar torcedores do Flamengo"},"content":{"rendered":"<p>O narrador S\u00e9rgio Maur\u00edcio, da Band, causou pol\u00eamica ao criticar a torcida do Flamengo no \u00faltimo final de semana. Durante transmiss\u00e3o da F\u00f3rmula 1, o locutor chamou torcedores Rubro-Negros de &#8216;duros&#8217; e &#8216;favelados&#8217;. Ap\u00f3s o v\u00eddeo viralizar nas redes, o profissional excluiu perfil no <em>Twitter<\/em>.<\/p>\n<p><em>\u2014 Para tudo que eu estou vendo uma bandeira do Botafogo ali, amigo. Para tudo, amigo! \u00c9 miragem ou eu vi mesmo a bandeira do Botafogo. A\u00ed meu cora\u00e7\u00e3o arrebenta. V\u00e1 para o inferno. V\u00ea se tem Flamenguista l\u00e1? Tudo duro e favelado<\/em> &#8211; comentou S\u00e9rgio Maur\u00edcio.<\/p>\n<figure style=\"width: 846px\" class=\"wp-caption alignnone\"><img loading=\"lazy\" decoding=\"async\" class=\"size-full\" src=\"https:\/\/www.lance.com.br\/files\/article_main\/uploads\/2022\/02\/23\/621631e42d816.webp\" width=\"846\" height=\"474\" \/><figcaption class=\"wp-caption-text\">S\u00e9rgio Maur\u00edcio excluiu perfil no Twitter nesta segunda-feira (Reprodu\u00e7\u00e3o\/De Lavada Podcast)<\/figcaption><\/figure>\n<p>A repercuss\u00e3o do v\u00eddeo causou revolta dos torcedores do Flamengo nas redes sociais. Vice-presidente jur\u00eddico do Rubro-Negro, Rodrigo Dunshee cobrou posicionamento da Band. Em contato com o Lance, a assessoria disse que a Band ainda tinha posicionamento para o caso.<\/p>\n<p><em>\u2014 Inaceit\u00e1vel que um jornalista que vive do esporte trate a torcida do Flamengo de forma preconceituosa, deselegante e totalmente fora de padr\u00e3o t\u00e9cnico e social. Antes de cogitar qualquer atua\u00e7\u00e3o jur\u00eddica, temos que esperar uma atua\u00e7\u00e3o da Band<\/em> &#8211; escreveu Dunshee.<\/p>\n<p>Retirado de: Lance<\/p>\n","protected":false},"excerpt":{"rendered":"<p>O narrador S\u00e9rgio Maur\u00edcio, da Band, causou pol\u00eamica ao criticar a torcida do Flamengo no \u00faltimo final de semana. Durante transmiss\u00e3o da F\u00f3rmula 1, o locutor chamou torcedores Rubro-Negros de &#8216;duros&#8217; e &#8216;favelados&#8217;. Ap\u00f3s o v\u00eddeo viralizar nas redes, o profissional excluiu perfil no Twitter. \u2014 Para tudo que eu estou vendo uma bandeira do [&hellip;]<\/p>\n","protected":false},"author":1,"featured_media":78296,"comment_status":"open","ping_status":"closed","sticky":false,"template":"","format":"standard","meta":{"footnotes":""},"categories":[1],"tags":[],"class_list":["post-82023","post","type-post","status-publish","format-standard","has-post-thumbnail","hentry","category-flamengo"],"yoast_head":"<!-- This site is optimized with the Yoast SEO Premium plugin v24.2 (Yoast SEO v26.9) - https:\/\/yoast.com\/product\/yoast-seo-premium-wordpress\/ -->\n<title>Narrador exclui conta nas redes ap\u00f3s atacar torcedores do Flamengo<\/title>\n<meta name=\"robots\" content=\"index, follow, max-snippet:-1, max-image-preview:large, max-video-preview:-1\" \/>\n<link rel=\"canonical\" href=\"https:\/\/www.gaveanews.com\/index.php\/2022\/05\/23\/narrador-exclui-conta-nas-redes-apos-atacar-torcedores-do-flamengo\/\" \/>\n<meta property=\"og:locale\" content=\"pt_BR\" \/>\n<meta property=\"og:type\" content=\"article\" \/>\n<meta property=\"og:title\" content=\"Narrador exclui conta nas redes ap\u00f3s atacar torcedores do Flamengo\" \/>\n<meta property=\"og:description\" content=\"O narrador S\u00e9rgio Maur\u00edcio, da Band, causou pol\u00eamica ao criticar a torcida do Flamengo no \u00faltimo final de semana. Durante transmiss\u00e3o da F\u00f3rmula 1, o locutor chamou torcedores Rubro-Negros de &#8216;duros&#8217; e &#8216;favelados&#8217;. Ap\u00f3s o v\u00eddeo viralizar nas redes, o profissional excluiu perfil no Twitter. \u2014 Para tudo que eu estou vendo uma bandeira do [&hellip;]\" \/>\n<meta property=\"og:url\" content=\"https:\/\/www.gaveanews.com\/index.php\/2022\/05\/23\/narrador-exclui-conta-nas-redes-apos-atacar-torcedores-do-flamengo\/\" \/>\n<meta property=\"og:site_name\" content=\"G\u00e1vea News\" \/>\n<meta property=\"article:publisher\" content=\"https:\/\/facebook.com\/gaveaNews\/\" \/>\n<meta property=\"article:published_time\" content=\"2022-05-24T00:55:07+00:00\" \/>\n<meta property=\"article:modified_time\" content=\"2022-05-24T00:58:22+00:00\" \/>\n<meta property=\"og:image\" content=\"https:\/\/www.gaveanews.com\/wp-content\/uploads\/Torcida-do-Flamengo-faz-a-festa-no-Maracana.webp\" \/>\n\t<meta property=\"og:image:width\" content=\"800\" \/>\n\t<meta property=\"og:image:height\" content=\"533\" \/>\n\t<meta property=\"og:image:type\" content=\"image\/jpeg\" \/>\n<meta name=\"author\" content=\"Equipe G\u00e1vea News\" \/>\n<meta name=\"twitter:card\" content=\"summary_large_image\" \/>\n<meta name=\"twitter:label1\" content=\"Escrito por\" \/>\n\t<meta name=\"twitter:data1\" content=\"Equipe G\u00e1vea News\" \/>\n\t<meta name=\"twitter:label2\" content=\"Est. tempo de leitura\" \/>\n\t<meta name=\"twitter:data2\" content=\"2 minutos\" \/>\n<script type=\"application\/ld+json\" class=\"yoast-schema-graph\">{\"@context\":\"https:\/\/schema.org\",\"@graph\":[{\"@type\":\"NewsArticle\",\"@id\":\"https:\/\/www.gaveanews.com\/index.php\/2022\/05\/23\/narrador-exclui-conta-nas-redes-apos-atacar-torcedores-do-flamengo\/#article\",\"isPartOf\":{\"@id\":\"https:\/\/www.gaveanews.com\/index.php\/2022\/05\/23\/narrador-exclui-conta-nas-redes-apos-atacar-torcedores-do-flamengo\/\"},\"author\":{\"name\":\"Equipe G\u00e1vea News\",\"@id\":\"https:\/\/www.gaveanews.com\/#\/schema\/person\/2ec14f73fb96be2caf28f91afb14749d\"},\"headline\":\"Narrador exclui conta nas redes ap\u00f3s atacar torcedores do Flamengo\",\"datePublished\":\"2022-05-24T00:55:07+00:00\",\"dateModified\":\"2022-05-24T00:58:22+00:00\",\"mainEntityOfPage\":{\"@id\":\"https:\/\/www.gaveanews.com\/index.php\/2022\/05\/23\/narrador-exclui-conta-nas-redes-apos-atacar-torcedores-do-flamengo\/\"},\"wordCount\":224,\"commentCount\":0,\"image\":{\"@id\":\"https:\/\/www.gaveanews.com\/index.php\/2022\/05\/23\/narrador-exclui-conta-nas-redes-apos-atacar-torcedores-do-flamengo\/#primaryimage\"},\"thumbnailUrl\":\"https:\/\/www.gaveanews.com\/wp-content\/uploads\/Torcida-do-Flamengo-faz-a-festa-no-Maracana.webp\",\"articleSection\":[\"Flamengo\"],\"inLanguage\":\"pt-BR\",\"potentialAction\":[{\"@type\":\"CommentAction\",\"name\":\"Comment\",\"target\":[\"https:\/\/www.gaveanews.com\/index.php\/2022\/05\/23\/narrador-exclui-conta-nas-redes-apos-atacar-torcedores-do-flamengo\/#respond\"]}],\"copyrightYear\":\"2022\",\"copyrightHolder\":{\"@id\":\"https:\/\/www.gaveanews.com\/#organization\"}},{\"@type\":\"WebPage\",\"@id\":\"https:\/\/www.gaveanews.com\/index.php\/2022\/05\/23\/narrador-exclui-conta-nas-redes-apos-atacar-torcedores-do-flamengo\/\",\"url\":\"https:\/\/www.gaveanews.com\/index.php\/2022\/05\/23\/narrador-exclui-conta-nas-redes-apos-atacar-torcedores-do-flamengo\/\",\"name\":\"Narrador exclui conta nas redes ap\u00f3s atacar torcedores do Flamengo\",\"isPartOf\":{\"@id\":\"https:\/\/www.gaveanews.com\/#website\"},\"primaryImageOfPage\":{\"@id\":\"https:\/\/www.gaveanews.com\/index.php\/2022\/05\/23\/narrador-exclui-conta-nas-redes-apos-atacar-torcedores-do-flamengo\/#primaryimage\"},\"image\":{\"@id\":\"https:\/\/www.gaveanews.com\/index.php\/2022\/05\/23\/narrador-exclui-conta-nas-redes-apos-atacar-torcedores-do-flamengo\/#primaryimage\"},\"thumbnailUrl\":\"https:\/\/www.gaveanews.com\/wp-content\/uploads\/Torcida-do-Flamengo-faz-a-festa-no-Maracana.webp\",\"datePublished\":\"2022-05-24T00:55:07+00:00\",\"dateModified\":\"2022-05-24T00:58:22+00:00\",\"author\":{\"@id\":\"https:\/\/www.gaveanews.com\/#\/schema\/person\/2ec14f73fb96be2caf28f91afb14749d\"},\"breadcrumb\":{\"@id\":\"https:\/\/www.gaveanews.com\/index.php\/2022\/05\/23\/narrador-exclui-conta-nas-redes-apos-atacar-torcedores-do-flamengo\/#breadcrumb\"},\"inLanguage\":\"pt-BR\",\"potentialAction\":[{\"@type\":\"ReadAction\",\"target\":[\"https:\/\/www.gaveanews.com\/index.php\/2022\/05\/23\/narrador-exclui-conta-nas-redes-apos-atacar-torcedores-do-flamengo\/\"]}]},{\"@type\":\"ImageObject\",\"inLanguage\":\"pt-BR\",\"@id\":\"https:\/\/www.gaveanews.com\/index.php\/2022\/05\/23\/narrador-exclui-conta-nas-redes-apos-atacar-torcedores-do-flamengo\/#primaryimage\",\"url\":\"https:\/\/www.gaveanews.com\/wp-content\/uploads\/Torcida-do-Flamengo-faz-a-festa-no-Maracana.webp\",\"contentUrl\":\"https:\/\/www.gaveanews.com\/wp-content\/uploads\/Torcida-do-Flamengo-faz-a-festa-no-Maracana.webp\",\"width\":800,\"height\":533,\"caption\":\"Torcida do Flamengo faz a festa no Maracan\u00e3 (Foto: Paula Reis\/Flamengo)\"},{\"@type\":\"BreadcrumbList\",\"@id\":\"https:\/\/www.gaveanews.com\/index.php\/2022\/05\/23\/narrador-exclui-conta-nas-redes-apos-atacar-torcedores-do-flamengo\/#breadcrumb\",\"itemListElement\":[{\"@type\":\"ListItem\",\"position\":1,\"name\":\"Home\",\"item\":\"https:\/\/www.gaveanews.com\/\"},{\"@type\":\"ListItem\",\"position\":2,\"name\":\"Narrador exclui conta nas redes ap\u00f3s atacar torcedores do Flamengo\"}]},{\"@type\":\"WebSite\",\"@id\":\"https:\/\/www.gaveanews.com\/#website\",\"url\":\"https:\/\/www.gaveanews.com\/\",\"name\":\"G\u00e1vea News\",\"description\":\"Veja todas as not\u00edcias sobre o Flamengo: Contrata\u00e7\u00f5es, categorias de base, resultados das partidas, tabela de classifica\u00e7\u00e3o, pr\u00f3ximos jogos!\",\"potentialAction\":[{\"@type\":\"SearchAction\",\"target\":{\"@type\":\"EntryPoint\",\"urlTemplate\":\"https:\/\/www.gaveanews.com\/?s={search_term_string}\"},\"query-input\":{\"@type\":\"PropertyValueSpecification\",\"valueRequired\":true,\"valueName\":\"search_term_string\"}}],\"inLanguage\":\"pt-BR\"},{\"@type\":\"Person\",\"@id\":\"https:\/\/www.gaveanews.com\/#\/schema\/person\/2ec14f73fb96be2caf28f91afb14749d\",\"name\":\"Equipe G\u00e1vea News\",\"image\":{\"@type\":\"ImageObject\",\"inLanguage\":\"pt-BR\",\"@id\":\"https:\/\/www.gaveanews.com\/#\/schema\/person\/image\/\",\"url\":\"https:\/\/secure.gravatar.com\/avatar\/1e1956f1facbffd3f8fa53a326721950116b3b9dc9bd44939c01180fd4a745a9?s=96&d=mm&r=g\",\"contentUrl\":\"https:\/\/secure.gravatar.com\/avatar\/1e1956f1facbffd3f8fa53a326721950116b3b9dc9bd44939c01180fd4a745a9?s=96&d=mm&r=g\",\"caption\":\"Equipe G\u00e1vea News\"}}]}<\/script>\n<!-- \/ Yoast SEO Premium plugin. -->","yoast_head_json":{"title":"Narrador exclui conta nas redes ap\u00f3s atacar torcedores do Flamengo","robots":{"index":"index","follow":"follow","max-snippet":"max-snippet:-1","max-image-preview":"max-image-preview:large","max-video-preview":"max-video-preview:-1"},"canonical":"https:\/\/www.gaveanews.com\/index.php\/2022\/05\/23\/narrador-exclui-conta-nas-redes-apos-atacar-torcedores-do-flamengo\/","og_locale":"pt_BR","og_type":"article","og_title":"Narrador exclui conta nas redes ap\u00f3s atacar torcedores do Flamengo","og_description":"O narrador S\u00e9rgio Maur\u00edcio, da Band, causou pol\u00eamica ao criticar a torcida do Flamengo no \u00faltimo final de semana. Durante transmiss\u00e3o da F\u00f3rmula 1, o locutor chamou torcedores Rubro-Negros de &#8216;duros&#8217; e &#8216;favelados&#8217;. Ap\u00f3s o v\u00eddeo viralizar nas redes, o profissional excluiu perfil no Twitter. \u2014 Para tudo que eu estou vendo uma bandeira do [&hellip;]","og_url":"https:\/\/www.gaveanews.com\/index.php\/2022\/05\/23\/narrador-exclui-conta-nas-redes-apos-atacar-torcedores-do-flamengo\/","og_site_name":"G\u00e1vea News","article_publisher":"https:\/\/facebook.com\/gaveaNews\/","article_published_time":"2022-05-24T00:55:07+00:00","article_modified_time":"2022-05-24T00:58:22+00:00","og_image":[{"width":800,"height":533,"url":"https:\/\/www.gaveanews.com\/wp-content\/uploads\/Torcida-do-Flamengo-faz-a-festa-no-Maracana.webp","type":"image\/jpeg"}],"author":"Equipe G\u00e1vea News","twitter_card":"summary_large_image","twitter_misc":{"Escrito por":"Equipe G\u00e1vea News","Est. tempo de leitura":"2 minutos"},"schema":{"@context":"https:\/\/schema.org","@graph":[{"@type":"NewsArticle","@id":"https:\/\/www.gaveanews.com\/index.php\/2022\/05\/23\/narrador-exclui-conta-nas-redes-apos-atacar-torcedores-do-flamengo\/#article","isPartOf":{"@id":"https:\/\/www.gaveanews.com\/index.php\/2022\/05\/23\/narrador-exclui-conta-nas-redes-apos-atacar-torcedores-do-flamengo\/"},"author":{"name":"Equipe G\u00e1vea News","@id":"https:\/\/www.gaveanews.com\/#\/schema\/person\/2ec14f73fb96be2caf28f91afb14749d"},"headline":"Narrador exclui conta nas redes ap\u00f3s atacar torcedores do Flamengo","datePublished":"2022-05-24T00:55:07+00:00","dateModified":"2022-05-24T00:58:22+00:00","mainEntityOfPage":{"@id":"https:\/\/www.gaveanews.com\/index.php\/2022\/05\/23\/narrador-exclui-conta-nas-redes-apos-atacar-torcedores-do-flamengo\/"},"wordCount":224,"commentCount":0,"image":{"@id":"https:\/\/www.gaveanews.com\/index.php\/2022\/05\/23\/narrador-exclui-conta-nas-redes-apos-atacar-torcedores-do-flamengo\/#primaryimage"},"thumbnailUrl":"https:\/\/www.gaveanews.com\/wp-content\/uploads\/Torcida-do-Flamengo-faz-a-festa-no-Maracana.webp","articleSection":["Flamengo"],"inLanguage":"pt-BR","potentialAction":[{"@type":"CommentAction","name":"Comment","target":["https:\/\/www.gaveanews.com\/index.php\/2022\/05\/23\/narrador-exclui-conta-nas-redes-apos-atacar-torcedores-do-flamengo\/#respond"]}],"copyrightYear":"2022","copyrightHolder":{"@id":"https:\/\/www.gaveanews.com\/#organization"}},{"@type":"WebPage","@id":"https:\/\/www.gaveanews.com\/index.php\/2022\/05\/23\/narrador-exclui-conta-nas-redes-apos-atacar-torcedores-do-flamengo\/","url":"https:\/\/www.gaveanews.com\/index.php\/2022\/05\/23\/narrador-exclui-conta-nas-redes-apos-atacar-torcedores-do-flamengo\/","name":"Narrador exclui conta nas redes ap\u00f3s atacar torcedores do Flamengo","isPartOf":{"@id":"https:\/\/www.gaveanews.com\/#website"},"primaryImageOfPage":{"@id":"https:\/\/www.gaveanews.com\/index.php\/2022\/05\/23\/narrador-exclui-conta-nas-redes-apos-atacar-torcedores-do-flamengo\/#primaryimage"},"image":{"@id":"https:\/\/www.gaveanews.com\/index.php\/2022\/05\/23\/narrador-exclui-conta-nas-redes-apos-atacar-torcedores-do-flamengo\/#primaryimage"},"thumbnailUrl":"https:\/\/www.gaveanews.com\/wp-content\/uploads\/Torcida-do-Flamengo-faz-a-festa-no-Maracana.webp","datePublished":"2022-05-24T00:55:07+00:00","dateModified":"2022-05-24T00:58:22+00:00","author":{"@id":"https:\/\/www.gaveanews.com\/#\/schema\/person\/2ec14f73fb96be2caf28f91afb14749d"},"breadcrumb":{"@id":"https:\/\/www.gaveanews.com\/index.php\/2022\/05\/23\/narrador-exclui-conta-nas-redes-apos-atacar-torcedores-do-flamengo\/#breadcrumb"},"inLanguage":"pt-BR","potentialAction":[{"@type":"ReadAction","target":["https:\/\/www.gaveanews.com\/index.php\/2022\/05\/23\/narrador-exclui-conta-nas-redes-apos-atacar-torcedores-do-flamengo\/"]}]},{"@type":"ImageObject","inLanguage":"pt-BR","@id":"https:\/\/www.gaveanews.com\/index.php\/2022\/05\/23\/narrador-exclui-conta-nas-redes-apos-atacar-torcedores-do-flamengo\/#primaryimage","url":"https:\/\/www.gaveanews.com\/wp-content\/uploads\/Torcida-do-Flamengo-faz-a-festa-no-Maracana.webp","contentUrl":"https:\/\/www.gaveanews.com\/wp-content\/uploads\/Torcida-do-Flamengo-faz-a-festa-no-Maracana.webp","width":800,"height":533,"caption":"Torcida do Flamengo faz a festa no Maracan\u00e3 (Foto: Paula Reis\/Flamengo)"},{"@type":"BreadcrumbList","@id":"https:\/\/www.gaveanews.com\/index.php\/2022\/05\/23\/narrador-exclui-conta-nas-redes-apos-atacar-torcedores-do-flamengo\/#breadcrumb","itemListElement":[{"@type":"ListItem","position":1,"name":"Home","item":"https:\/\/www.gaveanews.com\/"},{"@type":"ListItem","position":2,"name":"Narrador exclui conta nas redes ap\u00f3s atacar torcedores do Flamengo"}]},{"@type":"WebSite","@id":"https:\/\/www.gaveanews.com\/#website","url":"https:\/\/www.gaveanews.com\/","name":"G\u00e1vea News","description":"Veja todas as not\u00edcias sobre o Flamengo: Contrata\u00e7\u00f5es, categorias de base, resultados das partidas, tabela de classifica\u00e7\u00e3o, pr\u00f3ximos jogos!","potentialAction":[{"@type":"SearchAction","target":{"@type":"EntryPoint","urlTemplate":"https:\/\/www.gaveanews.com\/?s={search_term_string}"},"query-input":{"@type":"PropertyValueSpecification","valueRequired":true,"valueName":"search_term_string"}}],"inLanguage":"pt-BR"},{"@type":"Person","@id":"https:\/\/www.gaveanews.com\/#\/schema\/person\/2ec14f73fb96be2caf28f91afb14749d","name":"Equipe G\u00e1vea News","image":{"@type":"ImageObject","inLanguage":"pt-BR","@id":"https:\/\/www.gaveanews.com\/#\/schema\/person\/image\/","url":"https:\/\/secure.gravatar.com\/avatar\/1e1956f1facbffd3f8fa53a326721950116b3b9dc9bd44939c01180fd4a745a9?s=96&d=mm&r=g","contentUrl":"https:\/\/secure.gravatar.com\/avatar\/1e1956f1facbffd3f8fa53a326721950116b3b9dc9bd44939c01180fd4a745a9?s=96&d=mm&r=g","caption":"Equipe G\u00e1vea News"}}]}},"_links":{"self":[{"href":"https:\/\/www.gaveanews.com\/index.php\/wp-json\/wp\/v2\/posts\/82023","targetHints":{"allow":["GET"]}}],"collection":[{"href":"https:\/\/www.gaveanews.com\/index.php\/wp-json\/wp\/v2\/posts"}],"about":[{"href":"https:\/\/www.gaveanews.com\/index.php\/wp-json\/wp\/v2\/types\/post"}],"author":[{"embeddable":true,"href":"https:\/\/www.gaveanews.com\/index.php\/wp-json\/wp\/v2\/users\/1"}],"replies":[{"embeddable":true,"href":"https:\/\/www.gaveanews.com\/index.php\/wp-json\/wp\/v2\/comments?post=82023"}],"version-history":[{"count":0,"href":"https:\/\/www.gaveanews.com\/index.php\/wp-json\/wp\/v2\/posts\/82023\/revisions"}],"wp:featuredmedia":[{"embeddable":true,"href":"https:\/\/www.gaveanews.com\/index.php\/wp-json\/wp\/v2\/media\/78296"}],"wp:attachment":[{"href":"https:\/\/www.gaveanews.com\/index.php\/wp-json\/wp\/v2\/media?parent=82023"}],"wp:term":[{"taxonomy":"category","embeddable":true,"href":"https:\/\/www.gaveanews.com\/index.php\/wp-json\/wp\/v2\/categories?post=82023"},{"taxonomy":"post_tag","embeddable":true,"href":"https:\/\/www.gaveanews.com\/index.php\/wp-json\/wp\/v2\/tags?post=82023"}],"curies":[{"name":"wp","href":"https:\/\/api.w.org\/{rel}","templated":true}]}}