{"id":82047,"date":"2022-05-24T17:08:30","date_gmt":"2022-05-24T20:08:30","guid":{"rendered":"https:\/\/www.gaveanews.com\/?p=82047"},"modified":"2022-05-24T17:08:30","modified_gmt":"2022-05-24T20:08:30","slug":"saiu-veja-a-escalacao-do-flamengo-para-o-jogo-contra-o-sporting-cristal-2","status":"publish","type":"post","link":"https:\/\/www.gaveanews.com\/index.php\/2022\/05\/24\/saiu-veja-a-escalacao-do-flamengo-para-o-jogo-contra-o-sporting-cristal-2\/","title":{"rendered":"Saiu! Veja a escala\u00e7\u00e3o do Flamengo para o jogo contra o Sporting Cristal"},"content":{"rendered":"<p>Daqui a pouco, o Flamengo vai a campo para receber o Sporting Cristal pela 6\u00aa rodada da fase de grupos da Copa Libertadores. O duelo ocorrer\u00e1 \u00e0s 21h30 (hor\u00e1rio de Bras\u00edlia), no Maracan\u00e3.<\/p>\n<p>Ainda sofrendo press\u00e3o da torcida, o Mais Querido busca aumentar a sequ\u00eancia de vit\u00f3rias ao mesmo tempo que tenta melhorar o desempenho do grupo na temporada. Poucos momentos antes de a bola rolar, o <a href=\"http:\/\/gaveanews.com\">GaveaNews.com<\/a> preparou um apanhado com as principais informa\u00e7\u00f5es do duelo.<\/p>\n<h2>Transmiss\u00e3o:<\/h2>\n<p>Na TV aberta, a cobertura do evento ser\u00e1 feita pelo SBT. J\u00e1 na TV a cabo, a transmiss\u00e3o ficar\u00e1 por conta da ESPN.<\/p>\n<h2>Retrospecto:<\/h2>\n<p>O confronto em quest\u00e3o come\u00e7ou os trabalhos desta etapa no grupo H. Naquela ocasi\u00e3o, o Flamengo foi a Lima e venceu o Sporting Cristal por 2 x 0, com gols de Matheuzinho e Bruno Henrique.<\/p>\n<h2>Desfalques:<\/h2>\n<ol>\n<li>Diego Alves (pubalgia);<\/li>\n<li>Santos (fisioterapia);<\/li>\n<li>Fabr\u00edcio Bruno (processo de cicatriza\u00e7\u00e3o de cirurgia no p\u00e9 esquerdo);<\/li>\n<li>Gustavo Henrique (transi\u00e7\u00e3o);<\/li>\n<li>Filipe Lu\u00eds (fisioterapia no campo);<\/li>\n<li>Willian Ar\u00e3o (suspenso);<\/li>\n<li>Arrascaeta (poupado);<\/li>\n<li>Matheus Fran\u00e7a (fisioterapia e academia);<\/li>\n<li>Vitinho (transi\u00e7\u00e3o).<\/li>\n<\/ol>\n<h2>Pendurados:<\/h2>\n<ol>\n<li>Matheuzinho;<\/li>\n<li>Andreas;<\/li>\n<li>Jo\u00e3o Gomes;<\/li>\n<li>Thiago Maia.<\/li>\n<\/ol>\n<h2>Escala\u00e7\u00e3o:<\/h2>\n<p>Hugo Souza; Mauricio Isla, David Luiz, Pablo e Ayrton Lucas; Jo\u00e3o Gomes e Thiago Maia; L\u00e1zaro, Marinho; Gabigol e Pedro.<\/p>\n<h2>Banco de reservas:<\/h2>\n<p><em>Em instantes.<\/em><\/p>\n<h2>Arbitragem:<\/h2>\n<ul class=\"content-unordered-list\">\n<li>\u00c1rbitro: Alexis Herrera (VEN)<\/li>\n<li>Assistente 1: Carlos Lopez (VEN)<\/li>\n<li>Assistente 2: Jackson Diaz (VEN)<\/li>\n<\/ul>\n<p><em>Obs.: Nesta etapa da competi\u00e7\u00e3o n\u00e3o h\u00e1 arbitragem de v\u00eddeo.<\/em><\/p>\n<h2>Pr\u00f3ximo compromisso:<\/h2>\n<p>O Flamengo volta a campo no domingo (29) para enfrentar o Fluminense pelo Campeonato Brasileiro. O cl\u00e1ssico ocorrer\u00e1 \u00e0s 18h (hor\u00e1rio de Bras\u00edlia), no Maracan\u00e3.<\/p>\n","protected":false},"excerpt":{"rendered":"<p>Daqui a pouco, o Flamengo vai a campo para receber o Sporting Cristal pela 6\u00aa rodada da fase de grupos da Copa Libertadores. O duelo ocorrer\u00e1 \u00e0s 21h30 (hor\u00e1rio de Bras\u00edlia), no Maracan\u00e3. Ainda sofrendo press\u00e3o da torcida, o Mais Querido busca aumentar a sequ\u00eancia de vit\u00f3rias ao mesmo tempo que tenta melhorar o desempenho [&hellip;]<\/p>\n","protected":false},"author":4,"featured_media":30000,"comment_status":"open","ping_status":"closed","sticky":false,"template":"","format":"standard","meta":{"footnotes":""},"categories":[1],"tags":[],"class_list":["post-82047","post","type-post","status-publish","format-standard","has-post-thumbnail","hentry","category-flamengo"],"yoast_head":"<!-- This site is optimized with the Yoast SEO Premium plugin v24.2 (Yoast SEO v26.9) - https:\/\/yoast.com\/product\/yoast-seo-premium-wordpress\/ -->\n<title>Saiu! Veja a escala\u00e7\u00e3o do Flamengo para o jogo contra o Sporting Cristal<\/title>\n<meta name=\"robots\" content=\"index, follow, max-snippet:-1, max-image-preview:large, max-video-preview:-1\" \/>\n<link rel=\"canonical\" href=\"https:\/\/www.gaveanews.com\/index.php\/2022\/05\/24\/saiu-veja-a-escalacao-do-flamengo-para-o-jogo-contra-o-sporting-cristal-2\/\" \/>\n<meta property=\"og:locale\" content=\"pt_BR\" \/>\n<meta property=\"og:type\" content=\"article\" \/>\n<meta property=\"og:title\" content=\"Saiu! Veja a escala\u00e7\u00e3o do Flamengo para o jogo contra o Sporting Cristal\" \/>\n<meta property=\"og:description\" content=\"Daqui a pouco, o Flamengo vai a campo para receber o Sporting Cristal pela 6\u00aa rodada da fase de grupos da Copa Libertadores. O duelo ocorrer\u00e1 \u00e0s 21h30 (hor\u00e1rio de Bras\u00edlia), no Maracan\u00e3. Ainda sofrendo press\u00e3o da torcida, o Mais Querido busca aumentar a sequ\u00eancia de vit\u00f3rias ao mesmo tempo que tenta melhorar o desempenho [&hellip;]\" \/>\n<meta property=\"og:url\" content=\"https:\/\/www.gaveanews.com\/index.php\/2022\/05\/24\/saiu-veja-a-escalacao-do-flamengo-para-o-jogo-contra-o-sporting-cristal-2\/\" \/>\n<meta property=\"og:site_name\" content=\"G\u00e1vea News\" \/>\n<meta property=\"article:publisher\" content=\"https:\/\/facebook.com\/gaveaNews\/\" \/>\n<meta property=\"article:published_time\" content=\"2022-05-24T20:08:30+00:00\" \/>\n<meta property=\"og:image\" content=\"https:\/\/www.gaveanews.com\/wp-content\/uploads\/Escalacao-oficial-do-Flamengo.webp\" \/>\n\t<meta property=\"og:image:width\" content=\"1\" \/>\n\t<meta property=\"og:image:height\" content=\"1\" \/>\n\t<meta property=\"og:image:type\" content=\"image\/jpeg\" \/>\n<meta name=\"author\" content=\"Let\u00edcia Gerheim\" \/>\n<meta name=\"twitter:card\" content=\"summary_large_image\" \/>\n<meta name=\"twitter:label1\" content=\"Escrito por\" \/>\n\t<meta name=\"twitter:data1\" content=\"Let\u00edcia Gerheim\" \/>\n\t<meta name=\"twitter:label2\" content=\"Est. tempo de leitura\" \/>\n\t<meta name=\"twitter:data2\" content=\"2 minutos\" \/>\n<script type=\"application\/ld+json\" class=\"yoast-schema-graph\">{\"@context\":\"https:\/\/schema.org\",\"@graph\":[{\"@type\":\"NewsArticle\",\"@id\":\"https:\/\/www.gaveanews.com\/index.php\/2022\/05\/24\/saiu-veja-a-escalacao-do-flamengo-para-o-jogo-contra-o-sporting-cristal-2\/#article\",\"isPartOf\":{\"@id\":\"https:\/\/www.gaveanews.com\/index.php\/2022\/05\/24\/saiu-veja-a-escalacao-do-flamengo-para-o-jogo-contra-o-sporting-cristal-2\/\"},\"author\":{\"name\":\"Let\u00edcia Gerheim\",\"@id\":\"https:\/\/www.gaveanews.com\/#\/schema\/person\/714c67050b836198af2450ba1c142a67\"},\"headline\":\"Saiu! Veja a escala\u00e7\u00e3o do Flamengo para o jogo contra o Sporting Cristal\",\"datePublished\":\"2022-05-24T20:08:30+00:00\",\"mainEntityOfPage\":{\"@id\":\"https:\/\/www.gaveanews.com\/index.php\/2022\/05\/24\/saiu-veja-a-escalacao-do-flamengo-para-o-jogo-contra-o-sporting-cristal-2\/\"},\"wordCount\":296,\"commentCount\":0,\"image\":{\"@id\":\"https:\/\/www.gaveanews.com\/index.php\/2022\/05\/24\/saiu-veja-a-escalacao-do-flamengo-para-o-jogo-contra-o-sporting-cristal-2\/#primaryimage\"},\"thumbnailUrl\":\"https:\/\/www.gaveanews.com\/wp-content\/uploads\/Escalacao-oficial-do-Flamengo.webp\",\"articleSection\":[\"Flamengo\"],\"inLanguage\":\"pt-BR\",\"potentialAction\":[{\"@type\":\"CommentAction\",\"name\":\"Comment\",\"target\":[\"https:\/\/www.gaveanews.com\/index.php\/2022\/05\/24\/saiu-veja-a-escalacao-do-flamengo-para-o-jogo-contra-o-sporting-cristal-2\/#respond\"]}],\"copyrightYear\":\"2022\",\"copyrightHolder\":{\"@id\":\"https:\/\/www.gaveanews.com\/#organization\"}},{\"@type\":\"WebPage\",\"@id\":\"https:\/\/www.gaveanews.com\/index.php\/2022\/05\/24\/saiu-veja-a-escalacao-do-flamengo-para-o-jogo-contra-o-sporting-cristal-2\/\",\"url\":\"https:\/\/www.gaveanews.com\/index.php\/2022\/05\/24\/saiu-veja-a-escalacao-do-flamengo-para-o-jogo-contra-o-sporting-cristal-2\/\",\"name\":\"Saiu! Veja a escala\u00e7\u00e3o do Flamengo para o jogo contra o Sporting Cristal\",\"isPartOf\":{\"@id\":\"https:\/\/www.gaveanews.com\/#website\"},\"primaryImageOfPage\":{\"@id\":\"https:\/\/www.gaveanews.com\/index.php\/2022\/05\/24\/saiu-veja-a-escalacao-do-flamengo-para-o-jogo-contra-o-sporting-cristal-2\/#primaryimage\"},\"image\":{\"@id\":\"https:\/\/www.gaveanews.com\/index.php\/2022\/05\/24\/saiu-veja-a-escalacao-do-flamengo-para-o-jogo-contra-o-sporting-cristal-2\/#primaryimage\"},\"thumbnailUrl\":\"https:\/\/www.gaveanews.com\/wp-content\/uploads\/Escalacao-oficial-do-Flamengo.webp\",\"datePublished\":\"2022-05-24T20:08:30+00:00\",\"author\":{\"@id\":\"https:\/\/www.gaveanews.com\/#\/schema\/person\/714c67050b836198af2450ba1c142a67\"},\"breadcrumb\":{\"@id\":\"https:\/\/www.gaveanews.com\/index.php\/2022\/05\/24\/saiu-veja-a-escalacao-do-flamengo-para-o-jogo-contra-o-sporting-cristal-2\/#breadcrumb\"},\"inLanguage\":\"pt-BR\",\"potentialAction\":[{\"@type\":\"ReadAction\",\"target\":[\"https:\/\/www.gaveanews.com\/index.php\/2022\/05\/24\/saiu-veja-a-escalacao-do-flamengo-para-o-jogo-contra-o-sporting-cristal-2\/\"]}]},{\"@type\":\"ImageObject\",\"inLanguage\":\"pt-BR\",\"@id\":\"https:\/\/www.gaveanews.com\/index.php\/2022\/05\/24\/saiu-veja-a-escalacao-do-flamengo-para-o-jogo-contra-o-sporting-cristal-2\/#primaryimage\",\"url\":\"https:\/\/www.gaveanews.com\/wp-content\/uploads\/Escalacao-oficial-do-Flamengo.webp\",\"contentUrl\":\"https:\/\/www.gaveanews.com\/wp-content\/uploads\/Escalacao-oficial-do-Flamengo.webp\",\"caption\":\"Confira a escala\u00e7\u00e3o oficial do Flamengo (Ilustra\u00e7\u00e3o: Editoria de Arte\/GaveaNews.com)\"},{\"@type\":\"BreadcrumbList\",\"@id\":\"https:\/\/www.gaveanews.com\/index.php\/2022\/05\/24\/saiu-veja-a-escalacao-do-flamengo-para-o-jogo-contra-o-sporting-cristal-2\/#breadcrumb\",\"itemListElement\":[{\"@type\":\"ListItem\",\"position\":1,\"name\":\"Home\",\"item\":\"https:\/\/www.gaveanews.com\/\"},{\"@type\":\"ListItem\",\"position\":2,\"name\":\"Saiu! Veja a escala\u00e7\u00e3o do Flamengo para o jogo contra o Sporting Cristal\"}]},{\"@type\":\"WebSite\",\"@id\":\"https:\/\/www.gaveanews.com\/#website\",\"url\":\"https:\/\/www.gaveanews.com\/\",\"name\":\"G\u00e1vea News\",\"description\":\"Veja todas as not\u00edcias sobre o Flamengo: Contrata\u00e7\u00f5es, categorias de base, resultados das partidas, tabela de classifica\u00e7\u00e3o, pr\u00f3ximos jogos!\",\"potentialAction\":[{\"@type\":\"SearchAction\",\"target\":{\"@type\":\"EntryPoint\",\"urlTemplate\":\"https:\/\/www.gaveanews.com\/?s={search_term_string}\"},\"query-input\":{\"@type\":\"PropertyValueSpecification\",\"valueRequired\":true,\"valueName\":\"search_term_string\"}}],\"inLanguage\":\"pt-BR\"},{\"@type\":\"Person\",\"@id\":\"https:\/\/www.gaveanews.com\/#\/schema\/person\/714c67050b836198af2450ba1c142a67\",\"name\":\"Let\u00edcia Gerheim\",\"image\":{\"@type\":\"ImageObject\",\"inLanguage\":\"pt-BR\",\"@id\":\"https:\/\/www.gaveanews.com\/#\/schema\/person\/image\/\",\"url\":\"https:\/\/secure.gravatar.com\/avatar\/60734739c50fcebfbac509e2a826ccd0ff405c019bc73aab9354f19ecad1dcb4?s=96&d=mm&r=g\",\"contentUrl\":\"https:\/\/secure.gravatar.com\/avatar\/60734739c50fcebfbac509e2a826ccd0ff405c019bc73aab9354f19ecad1dcb4?s=96&d=mm&r=g\",\"caption\":\"Let\u00edcia Gerheim\"}}]}<\/script>\n<!-- \/ Yoast SEO Premium plugin. -->","yoast_head_json":{"title":"Saiu! Veja a escala\u00e7\u00e3o do Flamengo para o jogo contra o Sporting Cristal","robots":{"index":"index","follow":"follow","max-snippet":"max-snippet:-1","max-image-preview":"max-image-preview:large","max-video-preview":"max-video-preview:-1"},"canonical":"https:\/\/www.gaveanews.com\/index.php\/2022\/05\/24\/saiu-veja-a-escalacao-do-flamengo-para-o-jogo-contra-o-sporting-cristal-2\/","og_locale":"pt_BR","og_type":"article","og_title":"Saiu! Veja a escala\u00e7\u00e3o do Flamengo para o jogo contra o Sporting Cristal","og_description":"Daqui a pouco, o Flamengo vai a campo para receber o Sporting Cristal pela 6\u00aa rodada da fase de grupos da Copa Libertadores. O duelo ocorrer\u00e1 \u00e0s 21h30 (hor\u00e1rio de Bras\u00edlia), no Maracan\u00e3. Ainda sofrendo press\u00e3o da torcida, o Mais Querido busca aumentar a sequ\u00eancia de vit\u00f3rias ao mesmo tempo que tenta melhorar o desempenho [&hellip;]","og_url":"https:\/\/www.gaveanews.com\/index.php\/2022\/05\/24\/saiu-veja-a-escalacao-do-flamengo-para-o-jogo-contra-o-sporting-cristal-2\/","og_site_name":"G\u00e1vea News","article_publisher":"https:\/\/facebook.com\/gaveaNews\/","article_published_time":"2022-05-24T20:08:30+00:00","og_image":[{"url":"https:\/\/www.gaveanews.com\/wp-content\/uploads\/Escalacao-oficial-do-Flamengo.webp","width":1,"height":1,"type":"image\/jpeg"}],"author":"Let\u00edcia Gerheim","twitter_card":"summary_large_image","twitter_misc":{"Escrito por":"Let\u00edcia Gerheim","Est. tempo de leitura":"2 minutos"},"schema":{"@context":"https:\/\/schema.org","@graph":[{"@type":"NewsArticle","@id":"https:\/\/www.gaveanews.com\/index.php\/2022\/05\/24\/saiu-veja-a-escalacao-do-flamengo-para-o-jogo-contra-o-sporting-cristal-2\/#article","isPartOf":{"@id":"https:\/\/www.gaveanews.com\/index.php\/2022\/05\/24\/saiu-veja-a-escalacao-do-flamengo-para-o-jogo-contra-o-sporting-cristal-2\/"},"author":{"name":"Let\u00edcia Gerheim","@id":"https:\/\/www.gaveanews.com\/#\/schema\/person\/714c67050b836198af2450ba1c142a67"},"headline":"Saiu! Veja a escala\u00e7\u00e3o do Flamengo para o jogo contra o Sporting Cristal","datePublished":"2022-05-24T20:08:30+00:00","mainEntityOfPage":{"@id":"https:\/\/www.gaveanews.com\/index.php\/2022\/05\/24\/saiu-veja-a-escalacao-do-flamengo-para-o-jogo-contra-o-sporting-cristal-2\/"},"wordCount":296,"commentCount":0,"image":{"@id":"https:\/\/www.gaveanews.com\/index.php\/2022\/05\/24\/saiu-veja-a-escalacao-do-flamengo-para-o-jogo-contra-o-sporting-cristal-2\/#primaryimage"},"thumbnailUrl":"https:\/\/www.gaveanews.com\/wp-content\/uploads\/Escalacao-oficial-do-Flamengo.webp","articleSection":["Flamengo"],"inLanguage":"pt-BR","potentialAction":[{"@type":"CommentAction","name":"Comment","target":["https:\/\/www.gaveanews.com\/index.php\/2022\/05\/24\/saiu-veja-a-escalacao-do-flamengo-para-o-jogo-contra-o-sporting-cristal-2\/#respond"]}],"copyrightYear":"2022","copyrightHolder":{"@id":"https:\/\/www.gaveanews.com\/#organization"}},{"@type":"WebPage","@id":"https:\/\/www.gaveanews.com\/index.php\/2022\/05\/24\/saiu-veja-a-escalacao-do-flamengo-para-o-jogo-contra-o-sporting-cristal-2\/","url":"https:\/\/www.gaveanews.com\/index.php\/2022\/05\/24\/saiu-veja-a-escalacao-do-flamengo-para-o-jogo-contra-o-sporting-cristal-2\/","name":"Saiu! Veja a escala\u00e7\u00e3o do Flamengo para o jogo contra o Sporting Cristal","isPartOf":{"@id":"https:\/\/www.gaveanews.com\/#website"},"primaryImageOfPage":{"@id":"https:\/\/www.gaveanews.com\/index.php\/2022\/05\/24\/saiu-veja-a-escalacao-do-flamengo-para-o-jogo-contra-o-sporting-cristal-2\/#primaryimage"},"image":{"@id":"https:\/\/www.gaveanews.com\/index.php\/2022\/05\/24\/saiu-veja-a-escalacao-do-flamengo-para-o-jogo-contra-o-sporting-cristal-2\/#primaryimage"},"thumbnailUrl":"https:\/\/www.gaveanews.com\/wp-content\/uploads\/Escalacao-oficial-do-Flamengo.webp","datePublished":"2022-05-24T20:08:30+00:00","author":{"@id":"https:\/\/www.gaveanews.com\/#\/schema\/person\/714c67050b836198af2450ba1c142a67"},"breadcrumb":{"@id":"https:\/\/www.gaveanews.com\/index.php\/2022\/05\/24\/saiu-veja-a-escalacao-do-flamengo-para-o-jogo-contra-o-sporting-cristal-2\/#breadcrumb"},"inLanguage":"pt-BR","potentialAction":[{"@type":"ReadAction","target":["https:\/\/www.gaveanews.com\/index.php\/2022\/05\/24\/saiu-veja-a-escalacao-do-flamengo-para-o-jogo-contra-o-sporting-cristal-2\/"]}]},{"@type":"ImageObject","inLanguage":"pt-BR","@id":"https:\/\/www.gaveanews.com\/index.php\/2022\/05\/24\/saiu-veja-a-escalacao-do-flamengo-para-o-jogo-contra-o-sporting-cristal-2\/#primaryimage","url":"https:\/\/www.gaveanews.com\/wp-content\/uploads\/Escalacao-oficial-do-Flamengo.webp","contentUrl":"https:\/\/www.gaveanews.com\/wp-content\/uploads\/Escalacao-oficial-do-Flamengo.webp","caption":"Confira a escala\u00e7\u00e3o oficial do Flamengo (Ilustra\u00e7\u00e3o: Editoria de Arte\/GaveaNews.com)"},{"@type":"BreadcrumbList","@id":"https:\/\/www.gaveanews.com\/index.php\/2022\/05\/24\/saiu-veja-a-escalacao-do-flamengo-para-o-jogo-contra-o-sporting-cristal-2\/#breadcrumb","itemListElement":[{"@type":"ListItem","position":1,"name":"Home","item":"https:\/\/www.gaveanews.com\/"},{"@type":"ListItem","position":2,"name":"Saiu! Veja a escala\u00e7\u00e3o do Flamengo para o jogo contra o Sporting Cristal"}]},{"@type":"WebSite","@id":"https:\/\/www.gaveanews.com\/#website","url":"https:\/\/www.gaveanews.com\/","name":"G\u00e1vea News","description":"Veja todas as not\u00edcias sobre o Flamengo: Contrata\u00e7\u00f5es, categorias de base, resultados das partidas, tabela de classifica\u00e7\u00e3o, pr\u00f3ximos jogos!","potentialAction":[{"@type":"SearchAction","target":{"@type":"EntryPoint","urlTemplate":"https:\/\/www.gaveanews.com\/?s={search_term_string}"},"query-input":{"@type":"PropertyValueSpecification","valueRequired":true,"valueName":"search_term_string"}}],"inLanguage":"pt-BR"},{"@type":"Person","@id":"https:\/\/www.gaveanews.com\/#\/schema\/person\/714c67050b836198af2450ba1c142a67","name":"Let\u00edcia Gerheim","image":{"@type":"ImageObject","inLanguage":"pt-BR","@id":"https:\/\/www.gaveanews.com\/#\/schema\/person\/image\/","url":"https:\/\/secure.gravatar.com\/avatar\/60734739c50fcebfbac509e2a826ccd0ff405c019bc73aab9354f19ecad1dcb4?s=96&d=mm&r=g","contentUrl":"https:\/\/secure.gravatar.com\/avatar\/60734739c50fcebfbac509e2a826ccd0ff405c019bc73aab9354f19ecad1dcb4?s=96&d=mm&r=g","caption":"Let\u00edcia Gerheim"}}]}},"_links":{"self":[{"href":"https:\/\/www.gaveanews.com\/index.php\/wp-json\/wp\/v2\/posts\/82047","targetHints":{"allow":["GET"]}}],"collection":[{"href":"https:\/\/www.gaveanews.com\/index.php\/wp-json\/wp\/v2\/posts"}],"about":[{"href":"https:\/\/www.gaveanews.com\/index.php\/wp-json\/wp\/v2\/types\/post"}],"author":[{"embeddable":true,"href":"https:\/\/www.gaveanews.com\/index.php\/wp-json\/wp\/v2\/users\/4"}],"replies":[{"embeddable":true,"href":"https:\/\/www.gaveanews.com\/index.php\/wp-json\/wp\/v2\/comments?post=82047"}],"version-history":[{"count":0,"href":"https:\/\/www.gaveanews.com\/index.php\/wp-json\/wp\/v2\/posts\/82047\/revisions"}],"wp:featuredmedia":[{"embeddable":true,"href":"https:\/\/www.gaveanews.com\/index.php\/wp-json\/wp\/v2\/media\/30000"}],"wp:attachment":[{"href":"https:\/\/www.gaveanews.com\/index.php\/wp-json\/wp\/v2\/media?parent=82047"}],"wp:term":[{"taxonomy":"category","embeddable":true,"href":"https:\/\/www.gaveanews.com\/index.php\/wp-json\/wp\/v2\/categories?post=82047"},{"taxonomy":"post_tag","embeddable":true,"href":"https:\/\/www.gaveanews.com\/index.php\/wp-json\/wp\/v2\/tags?post=82047"}],"curies":[{"name":"wp","href":"https:\/\/api.w.org\/{rel}","templated":true}]}}