{"id":82062,"date":"2022-05-24T22:10:11","date_gmt":"2022-05-25T01:10:11","guid":{"rendered":"https:\/\/www.gaveanews.com\/?p=82062"},"modified":"2022-05-24T22:10:11","modified_gmt":"2022-05-25T01:10:11","slug":"jogadores-do-flamengo-se-manifestam-antes-de-jogo-contra-o-sporting-cristal","status":"publish","type":"post","link":"https:\/\/www.gaveanews.com\/index.php\/2022\/05\/24\/jogadores-do-flamengo-se-manifestam-antes-de-jogo-contra-o-sporting-cristal\/","title":{"rendered":"Jogadores do Flamengo se manifestam antes de jogo contra o Sporting Cristal"},"content":{"rendered":"<p>\u00c0s 21h30 (hor\u00e1rio de Bras\u00edlia) desta ter\u00e7a-feira (24), o Flamengo receber\u00e1 o Sporting Cristal pela 6\u00aa rodada da fase de grupos da Libertadores. O duelo encerrar\u00e1 a participa\u00e7\u00e3o das equipes nesta etapa da competi\u00e7\u00e3o.<\/p>\n<p>Classificado para o mata-mata, o Mais Querido enfrentar\u00e1 o time peruano apenas para cumprir tabela. J\u00e1 na concentra\u00e7\u00e3o da equipe para o confronto, Rodrigo Caio e Gabigol se manifestaram nas redes sociais.<\/p>\n<p>Vale lembrar que o Rubro-Negro pode ir a campo com um time mais alternativo, visto que o resultado desta noite n\u00e3o alterar\u00e1 a classifica\u00e7\u00e3o final do grupo H. O advers\u00e1rio, ali\u00e1s, j\u00e1 est\u00e1 eliminado da competi\u00e7\u00e3o e joga pensando apenas na possibilidade de classificar para a Sul-Americana.<\/p>\n<h2>Confira as publica\u00e7\u00f5es:<\/h2>\n<blockquote class=\"twitter-tweet\" data-width=\"550\" data-dnt=\"true\">\n<p lang=\"pt\" dir=\"ltr\">Que seja feita a vontade de Deus! \ud83d\udcaa\ud83c\udffd\ud83d\udcaa\ud83c\udffd <a href=\"https:\/\/t.co\/i92JPQg73P\">pic.twitter.com\/i92JPQg73P<\/a><\/p>\n<p>&mdash; Gabriel Barbosa (@gabigol) <a href=\"https:\/\/twitter.com\/gabigol\/status\/1529221854585843712?ref_src=twsrc%5Etfw\">May 24, 2022<\/a><\/p><\/blockquote>\n<p><script async src=\"https:\/\/platform.twitter.com\/widgets.js\" charset=\"utf-8\"><\/script><\/p>\n<blockquote class=\"twitter-tweet\" data-width=\"550\" data-dnt=\"true\">\n<p lang=\"es\" dir=\"ltr\">Vamos <a href=\"https:\/\/twitter.com\/Flamengo?ref_src=twsrc%5Etfw\">@Flamengo<\/a> \ud83d\udc4a\ud83c\udffb\ud83d\ude4f\ud83c\udffb\u2764\ufe0f\ud83d\udda4 <a href=\"https:\/\/t.co\/pCEWcA2hb4\">pic.twitter.com\/pCEWcA2hb4<\/a><\/p>\n<p>&mdash; Rodrigo Caio (@RCaio03) <a href=\"https:\/\/twitter.com\/RCaio03\/status\/1529170227967172610?ref_src=twsrc%5Etfw\">May 24, 2022<\/a><\/p><\/blockquote>\n<p><script async src=\"https:\/\/platform.twitter.com\/widgets.js\" charset=\"utf-8\"><\/script><\/p>\n","protected":false},"excerpt":{"rendered":"<p>\u00c0s 21h30 (hor\u00e1rio de Bras\u00edlia) desta ter\u00e7a-feira (24), o Flamengo receber\u00e1 o Sporting Cristal pela 6\u00aa rodada da fase de grupos da Libertadores. O duelo encerrar\u00e1 a participa\u00e7\u00e3o das equipes nesta etapa da competi\u00e7\u00e3o. Classificado para o mata-mata, o Mais Querido enfrentar\u00e1 o time peruano apenas para cumprir tabela. J\u00e1 na concentra\u00e7\u00e3o da equipe para [&hellip;]<\/p>\n","protected":false},"author":4,"featured_media":81808,"comment_status":"open","ping_status":"closed","sticky":false,"template":"","format":"standard","meta":{"footnotes":""},"categories":[1],"tags":[],"class_list":["post-82062","post","type-post","status-publish","format-standard","has-post-thumbnail","hentry","category-flamengo"],"yoast_head":"<!-- This site is optimized with the Yoast SEO Premium plugin v24.2 (Yoast SEO v26.9) - https:\/\/yoast.com\/product\/yoast-seo-premium-wordpress\/ -->\n<title>Jogadores do Flamengo se manifestam antes de jogo contra o Sporting Cristal<\/title>\n<meta name=\"robots\" content=\"index, follow, max-snippet:-1, max-image-preview:large, max-video-preview:-1\" \/>\n<link rel=\"canonical\" href=\"https:\/\/www.gaveanews.com\/index.php\/2022\/05\/24\/jogadores-do-flamengo-se-manifestam-antes-de-jogo-contra-o-sporting-cristal\/\" \/>\n<meta property=\"og:locale\" content=\"pt_BR\" \/>\n<meta property=\"og:type\" content=\"article\" \/>\n<meta property=\"og:title\" content=\"Jogadores do Flamengo se manifestam antes de jogo contra o Sporting Cristal\" \/>\n<meta property=\"og:description\" content=\"\u00c0s 21h30 (hor\u00e1rio de Bras\u00edlia) desta ter\u00e7a-feira (24), o Flamengo receber\u00e1 o Sporting Cristal pela 6\u00aa rodada da fase de grupos da Libertadores. O duelo encerrar\u00e1 a participa\u00e7\u00e3o das equipes nesta etapa da competi\u00e7\u00e3o. Classificado para o mata-mata, o Mais Querido enfrentar\u00e1 o time peruano apenas para cumprir tabela. J\u00e1 na concentra\u00e7\u00e3o da equipe para [&hellip;]\" \/>\n<meta property=\"og:url\" content=\"https:\/\/www.gaveanews.com\/index.php\/2022\/05\/24\/jogadores-do-flamengo-se-manifestam-antes-de-jogo-contra-o-sporting-cristal\/\" \/>\n<meta property=\"og:site_name\" content=\"G\u00e1vea News\" \/>\n<meta property=\"article:publisher\" content=\"https:\/\/facebook.com\/gaveaNews\/\" \/>\n<meta property=\"article:published_time\" content=\"2022-05-25T01:10:11+00:00\" \/>\n<meta property=\"og:image\" content=\"https:\/\/www.gaveanews.com\/wp-content\/uploads\/Rodrigo-Caio-em-jogo-do-Flamengo-contra-a-Universidad-Catolica.webp\" \/>\n\t<meta property=\"og:image:width\" content=\"799\" \/>\n\t<meta property=\"og:image:height\" content=\"533\" \/>\n\t<meta property=\"og:image:type\" content=\"image\/jpeg\" \/>\n<meta name=\"author\" content=\"Let\u00edcia Gerheim\" \/>\n<meta name=\"twitter:card\" content=\"summary_large_image\" \/>\n<meta name=\"twitter:label1\" content=\"Escrito por\" \/>\n\t<meta name=\"twitter:data1\" content=\"Let\u00edcia Gerheim\" \/>\n\t<meta name=\"twitter:label2\" content=\"Est. tempo de leitura\" \/>\n\t<meta name=\"twitter:data2\" content=\"1 minuto\" \/>\n<script type=\"application\/ld+json\" class=\"yoast-schema-graph\">{\"@context\":\"https:\/\/schema.org\",\"@graph\":[{\"@type\":\"NewsArticle\",\"@id\":\"https:\/\/www.gaveanews.com\/index.php\/2022\/05\/24\/jogadores-do-flamengo-se-manifestam-antes-de-jogo-contra-o-sporting-cristal\/#article\",\"isPartOf\":{\"@id\":\"https:\/\/www.gaveanews.com\/index.php\/2022\/05\/24\/jogadores-do-flamengo-se-manifestam-antes-de-jogo-contra-o-sporting-cristal\/\"},\"author\":{\"name\":\"Let\u00edcia Gerheim\",\"@id\":\"https:\/\/www.gaveanews.com\/#\/schema\/person\/714c67050b836198af2450ba1c142a67\"},\"headline\":\"Jogadores do Flamengo se manifestam antes de jogo contra o Sporting Cristal\",\"datePublished\":\"2022-05-25T01:10:11+00:00\",\"mainEntityOfPage\":{\"@id\":\"https:\/\/www.gaveanews.com\/index.php\/2022\/05\/24\/jogadores-do-flamengo-se-manifestam-antes-de-jogo-contra-o-sporting-cristal\/\"},\"wordCount\":148,\"commentCount\":0,\"image\":{\"@id\":\"https:\/\/www.gaveanews.com\/index.php\/2022\/05\/24\/jogadores-do-flamengo-se-manifestam-antes-de-jogo-contra-o-sporting-cristal\/#primaryimage\"},\"thumbnailUrl\":\"https:\/\/www.gaveanews.com\/wp-content\/uploads\/Rodrigo-Caio-em-jogo-do-Flamengo-contra-a-Universidad-Catolica.webp\",\"articleSection\":[\"Flamengo\"],\"inLanguage\":\"pt-BR\",\"potentialAction\":[{\"@type\":\"CommentAction\",\"name\":\"Comment\",\"target\":[\"https:\/\/www.gaveanews.com\/index.php\/2022\/05\/24\/jogadores-do-flamengo-se-manifestam-antes-de-jogo-contra-o-sporting-cristal\/#respond\"]}],\"copyrightYear\":\"2022\",\"copyrightHolder\":{\"@id\":\"https:\/\/www.gaveanews.com\/#organization\"}},{\"@type\":\"WebPage\",\"@id\":\"https:\/\/www.gaveanews.com\/index.php\/2022\/05\/24\/jogadores-do-flamengo-se-manifestam-antes-de-jogo-contra-o-sporting-cristal\/\",\"url\":\"https:\/\/www.gaveanews.com\/index.php\/2022\/05\/24\/jogadores-do-flamengo-se-manifestam-antes-de-jogo-contra-o-sporting-cristal\/\",\"name\":\"Jogadores do Flamengo se manifestam antes de jogo contra o Sporting Cristal\",\"isPartOf\":{\"@id\":\"https:\/\/www.gaveanews.com\/#website\"},\"primaryImageOfPage\":{\"@id\":\"https:\/\/www.gaveanews.com\/index.php\/2022\/05\/24\/jogadores-do-flamengo-se-manifestam-antes-de-jogo-contra-o-sporting-cristal\/#primaryimage\"},\"image\":{\"@id\":\"https:\/\/www.gaveanews.com\/index.php\/2022\/05\/24\/jogadores-do-flamengo-se-manifestam-antes-de-jogo-contra-o-sporting-cristal\/#primaryimage\"},\"thumbnailUrl\":\"https:\/\/www.gaveanews.com\/wp-content\/uploads\/Rodrigo-Caio-em-jogo-do-Flamengo-contra-a-Universidad-Catolica.webp\",\"datePublished\":\"2022-05-25T01:10:11+00:00\",\"author\":{\"@id\":\"https:\/\/www.gaveanews.com\/#\/schema\/person\/714c67050b836198af2450ba1c142a67\"},\"breadcrumb\":{\"@id\":\"https:\/\/www.gaveanews.com\/index.php\/2022\/05\/24\/jogadores-do-flamengo-se-manifestam-antes-de-jogo-contra-o-sporting-cristal\/#breadcrumb\"},\"inLanguage\":\"pt-BR\",\"potentialAction\":[{\"@type\":\"ReadAction\",\"target\":[\"https:\/\/www.gaveanews.com\/index.php\/2022\/05\/24\/jogadores-do-flamengo-se-manifestam-antes-de-jogo-contra-o-sporting-cristal\/\"]}]},{\"@type\":\"ImageObject\",\"inLanguage\":\"pt-BR\",\"@id\":\"https:\/\/www.gaveanews.com\/index.php\/2022\/05\/24\/jogadores-do-flamengo-se-manifestam-antes-de-jogo-contra-o-sporting-cristal\/#primaryimage\",\"url\":\"https:\/\/www.gaveanews.com\/wp-content\/uploads\/Rodrigo-Caio-em-jogo-do-Flamengo-contra-a-Universidad-Catolica.webp\",\"contentUrl\":\"https:\/\/www.gaveanews.com\/wp-content\/uploads\/Rodrigo-Caio-em-jogo-do-Flamengo-contra-a-Universidad-Catolica.webp\",\"width\":799,\"height\":533,\"caption\":\"Rodrigo Caio em jogo do Flamengo contra a Universidad Cat\u00f3lica (Foto: Gilvan de Souza\/Flamengo)\"},{\"@type\":\"BreadcrumbList\",\"@id\":\"https:\/\/www.gaveanews.com\/index.php\/2022\/05\/24\/jogadores-do-flamengo-se-manifestam-antes-de-jogo-contra-o-sporting-cristal\/#breadcrumb\",\"itemListElement\":[{\"@type\":\"ListItem\",\"position\":1,\"name\":\"Home\",\"item\":\"https:\/\/www.gaveanews.com\/\"},{\"@type\":\"ListItem\",\"position\":2,\"name\":\"Jogadores do Flamengo se manifestam antes de jogo contra o Sporting Cristal\"}]},{\"@type\":\"WebSite\",\"@id\":\"https:\/\/www.gaveanews.com\/#website\",\"url\":\"https:\/\/www.gaveanews.com\/\",\"name\":\"G\u00e1vea News\",\"description\":\"Veja todas as not\u00edcias sobre o Flamengo: Contrata\u00e7\u00f5es, categorias de base, resultados das partidas, tabela de classifica\u00e7\u00e3o, pr\u00f3ximos jogos!\",\"potentialAction\":[{\"@type\":\"SearchAction\",\"target\":{\"@type\":\"EntryPoint\",\"urlTemplate\":\"https:\/\/www.gaveanews.com\/?s={search_term_string}\"},\"query-input\":{\"@type\":\"PropertyValueSpecification\",\"valueRequired\":true,\"valueName\":\"search_term_string\"}}],\"inLanguage\":\"pt-BR\"},{\"@type\":\"Person\",\"@id\":\"https:\/\/www.gaveanews.com\/#\/schema\/person\/714c67050b836198af2450ba1c142a67\",\"name\":\"Let\u00edcia Gerheim\",\"image\":{\"@type\":\"ImageObject\",\"inLanguage\":\"pt-BR\",\"@id\":\"https:\/\/www.gaveanews.com\/#\/schema\/person\/image\/\",\"url\":\"https:\/\/secure.gravatar.com\/avatar\/60734739c50fcebfbac509e2a826ccd0ff405c019bc73aab9354f19ecad1dcb4?s=96&d=mm&r=g\",\"contentUrl\":\"https:\/\/secure.gravatar.com\/avatar\/60734739c50fcebfbac509e2a826ccd0ff405c019bc73aab9354f19ecad1dcb4?s=96&d=mm&r=g\",\"caption\":\"Let\u00edcia Gerheim\"}}]}<\/script>\n<!-- \/ Yoast SEO Premium plugin. -->","yoast_head_json":{"title":"Jogadores do Flamengo se manifestam antes de jogo contra o Sporting Cristal","robots":{"index":"index","follow":"follow","max-snippet":"max-snippet:-1","max-image-preview":"max-image-preview:large","max-video-preview":"max-video-preview:-1"},"canonical":"https:\/\/www.gaveanews.com\/index.php\/2022\/05\/24\/jogadores-do-flamengo-se-manifestam-antes-de-jogo-contra-o-sporting-cristal\/","og_locale":"pt_BR","og_type":"article","og_title":"Jogadores do Flamengo se manifestam antes de jogo contra o Sporting Cristal","og_description":"\u00c0s 21h30 (hor\u00e1rio de Bras\u00edlia) desta ter\u00e7a-feira (24), o Flamengo receber\u00e1 o Sporting Cristal pela 6\u00aa rodada da fase de grupos da Libertadores. O duelo encerrar\u00e1 a participa\u00e7\u00e3o das equipes nesta etapa da competi\u00e7\u00e3o. Classificado para o mata-mata, o Mais Querido enfrentar\u00e1 o time peruano apenas para cumprir tabela. J\u00e1 na concentra\u00e7\u00e3o da equipe para [&hellip;]","og_url":"https:\/\/www.gaveanews.com\/index.php\/2022\/05\/24\/jogadores-do-flamengo-se-manifestam-antes-de-jogo-contra-o-sporting-cristal\/","og_site_name":"G\u00e1vea News","article_publisher":"https:\/\/facebook.com\/gaveaNews\/","article_published_time":"2022-05-25T01:10:11+00:00","og_image":[{"width":799,"height":533,"url":"https:\/\/www.gaveanews.com\/wp-content\/uploads\/Rodrigo-Caio-em-jogo-do-Flamengo-contra-a-Universidad-Catolica.webp","type":"image\/jpeg"}],"author":"Let\u00edcia Gerheim","twitter_card":"summary_large_image","twitter_misc":{"Escrito por":"Let\u00edcia Gerheim","Est. tempo de leitura":"1 minuto"},"schema":{"@context":"https:\/\/schema.org","@graph":[{"@type":"NewsArticle","@id":"https:\/\/www.gaveanews.com\/index.php\/2022\/05\/24\/jogadores-do-flamengo-se-manifestam-antes-de-jogo-contra-o-sporting-cristal\/#article","isPartOf":{"@id":"https:\/\/www.gaveanews.com\/index.php\/2022\/05\/24\/jogadores-do-flamengo-se-manifestam-antes-de-jogo-contra-o-sporting-cristal\/"},"author":{"name":"Let\u00edcia Gerheim","@id":"https:\/\/www.gaveanews.com\/#\/schema\/person\/714c67050b836198af2450ba1c142a67"},"headline":"Jogadores do Flamengo se manifestam antes de jogo contra o Sporting Cristal","datePublished":"2022-05-25T01:10:11+00:00","mainEntityOfPage":{"@id":"https:\/\/www.gaveanews.com\/index.php\/2022\/05\/24\/jogadores-do-flamengo-se-manifestam-antes-de-jogo-contra-o-sporting-cristal\/"},"wordCount":148,"commentCount":0,"image":{"@id":"https:\/\/www.gaveanews.com\/index.php\/2022\/05\/24\/jogadores-do-flamengo-se-manifestam-antes-de-jogo-contra-o-sporting-cristal\/#primaryimage"},"thumbnailUrl":"https:\/\/www.gaveanews.com\/wp-content\/uploads\/Rodrigo-Caio-em-jogo-do-Flamengo-contra-a-Universidad-Catolica.webp","articleSection":["Flamengo"],"inLanguage":"pt-BR","potentialAction":[{"@type":"CommentAction","name":"Comment","target":["https:\/\/www.gaveanews.com\/index.php\/2022\/05\/24\/jogadores-do-flamengo-se-manifestam-antes-de-jogo-contra-o-sporting-cristal\/#respond"]}],"copyrightYear":"2022","copyrightHolder":{"@id":"https:\/\/www.gaveanews.com\/#organization"}},{"@type":"WebPage","@id":"https:\/\/www.gaveanews.com\/index.php\/2022\/05\/24\/jogadores-do-flamengo-se-manifestam-antes-de-jogo-contra-o-sporting-cristal\/","url":"https:\/\/www.gaveanews.com\/index.php\/2022\/05\/24\/jogadores-do-flamengo-se-manifestam-antes-de-jogo-contra-o-sporting-cristal\/","name":"Jogadores do Flamengo se manifestam antes de jogo contra o Sporting Cristal","isPartOf":{"@id":"https:\/\/www.gaveanews.com\/#website"},"primaryImageOfPage":{"@id":"https:\/\/www.gaveanews.com\/index.php\/2022\/05\/24\/jogadores-do-flamengo-se-manifestam-antes-de-jogo-contra-o-sporting-cristal\/#primaryimage"},"image":{"@id":"https:\/\/www.gaveanews.com\/index.php\/2022\/05\/24\/jogadores-do-flamengo-se-manifestam-antes-de-jogo-contra-o-sporting-cristal\/#primaryimage"},"thumbnailUrl":"https:\/\/www.gaveanews.com\/wp-content\/uploads\/Rodrigo-Caio-em-jogo-do-Flamengo-contra-a-Universidad-Catolica.webp","datePublished":"2022-05-25T01:10:11+00:00","author":{"@id":"https:\/\/www.gaveanews.com\/#\/schema\/person\/714c67050b836198af2450ba1c142a67"},"breadcrumb":{"@id":"https:\/\/www.gaveanews.com\/index.php\/2022\/05\/24\/jogadores-do-flamengo-se-manifestam-antes-de-jogo-contra-o-sporting-cristal\/#breadcrumb"},"inLanguage":"pt-BR","potentialAction":[{"@type":"ReadAction","target":["https:\/\/www.gaveanews.com\/index.php\/2022\/05\/24\/jogadores-do-flamengo-se-manifestam-antes-de-jogo-contra-o-sporting-cristal\/"]}]},{"@type":"ImageObject","inLanguage":"pt-BR","@id":"https:\/\/www.gaveanews.com\/index.php\/2022\/05\/24\/jogadores-do-flamengo-se-manifestam-antes-de-jogo-contra-o-sporting-cristal\/#primaryimage","url":"https:\/\/www.gaveanews.com\/wp-content\/uploads\/Rodrigo-Caio-em-jogo-do-Flamengo-contra-a-Universidad-Catolica.webp","contentUrl":"https:\/\/www.gaveanews.com\/wp-content\/uploads\/Rodrigo-Caio-em-jogo-do-Flamengo-contra-a-Universidad-Catolica.webp","width":799,"height":533,"caption":"Rodrigo Caio em jogo do Flamengo contra a Universidad Cat\u00f3lica (Foto: Gilvan de Souza\/Flamengo)"},{"@type":"BreadcrumbList","@id":"https:\/\/www.gaveanews.com\/index.php\/2022\/05\/24\/jogadores-do-flamengo-se-manifestam-antes-de-jogo-contra-o-sporting-cristal\/#breadcrumb","itemListElement":[{"@type":"ListItem","position":1,"name":"Home","item":"https:\/\/www.gaveanews.com\/"},{"@type":"ListItem","position":2,"name":"Jogadores do Flamengo se manifestam antes de jogo contra o Sporting Cristal"}]},{"@type":"WebSite","@id":"https:\/\/www.gaveanews.com\/#website","url":"https:\/\/www.gaveanews.com\/","name":"G\u00e1vea News","description":"Veja todas as not\u00edcias sobre o Flamengo: Contrata\u00e7\u00f5es, categorias de base, resultados das partidas, tabela de classifica\u00e7\u00e3o, pr\u00f3ximos jogos!","potentialAction":[{"@type":"SearchAction","target":{"@type":"EntryPoint","urlTemplate":"https:\/\/www.gaveanews.com\/?s={search_term_string}"},"query-input":{"@type":"PropertyValueSpecification","valueRequired":true,"valueName":"search_term_string"}}],"inLanguage":"pt-BR"},{"@type":"Person","@id":"https:\/\/www.gaveanews.com\/#\/schema\/person\/714c67050b836198af2450ba1c142a67","name":"Let\u00edcia Gerheim","image":{"@type":"ImageObject","inLanguage":"pt-BR","@id":"https:\/\/www.gaveanews.com\/#\/schema\/person\/image\/","url":"https:\/\/secure.gravatar.com\/avatar\/60734739c50fcebfbac509e2a826ccd0ff405c019bc73aab9354f19ecad1dcb4?s=96&d=mm&r=g","contentUrl":"https:\/\/secure.gravatar.com\/avatar\/60734739c50fcebfbac509e2a826ccd0ff405c019bc73aab9354f19ecad1dcb4?s=96&d=mm&r=g","caption":"Let\u00edcia Gerheim"}}]}},"_links":{"self":[{"href":"https:\/\/www.gaveanews.com\/index.php\/wp-json\/wp\/v2\/posts\/82062","targetHints":{"allow":["GET"]}}],"collection":[{"href":"https:\/\/www.gaveanews.com\/index.php\/wp-json\/wp\/v2\/posts"}],"about":[{"href":"https:\/\/www.gaveanews.com\/index.php\/wp-json\/wp\/v2\/types\/post"}],"author":[{"embeddable":true,"href":"https:\/\/www.gaveanews.com\/index.php\/wp-json\/wp\/v2\/users\/4"}],"replies":[{"embeddable":true,"href":"https:\/\/www.gaveanews.com\/index.php\/wp-json\/wp\/v2\/comments?post=82062"}],"version-history":[{"count":0,"href":"https:\/\/www.gaveanews.com\/index.php\/wp-json\/wp\/v2\/posts\/82062\/revisions"}],"wp:featuredmedia":[{"embeddable":true,"href":"https:\/\/www.gaveanews.com\/index.php\/wp-json\/wp\/v2\/media\/81808"}],"wp:attachment":[{"href":"https:\/\/www.gaveanews.com\/index.php\/wp-json\/wp\/v2\/media?parent=82062"}],"wp:term":[{"taxonomy":"category","embeddable":true,"href":"https:\/\/www.gaveanews.com\/index.php\/wp-json\/wp\/v2\/categories?post=82062"},{"taxonomy":"post_tag","embeddable":true,"href":"https:\/\/www.gaveanews.com\/index.php\/wp-json\/wp\/v2\/tags?post=82062"}],"curies":[{"name":"wp","href":"https:\/\/api.w.org\/{rel}","templated":true}]}}