{"id":82068,"date":"2022-05-24T17:10:51","date_gmt":"2022-05-24T20:10:51","guid":{"rendered":"https:\/\/www.gaveanews.com\/?p=82068"},"modified":"2022-05-24T17:11:06","modified_gmt":"2022-05-24T20:11:06","slug":"flamengo-inaugura-gramado-hibrido-no-ninho-do-urubu-nesta-semana","status":"publish","type":"post","link":"https:\/\/www.gaveanews.com\/index.php\/2022\/05\/24\/flamengo-inaugura-gramado-hibrido-no-ninho-do-urubu-nesta-semana\/","title":{"rendered":"Flamengo inaugura gramado h\u00edbrido no Ninho do Urubu nesta semana"},"content":{"rendered":"<p>O Flamengo segue fazendo altos investimentos no Centro de Treinamento Ninho do Urubu. Uma das \u00faltimas mudan\u00e7as foi a implementa\u00e7\u00e3o do gramado h\u00edbrido, seguindo a tecnologia utilizada no Maracan\u00e3, que realizou a troca para a temporada 2022. Ap\u00f3s quase dois meses, o campo 2 ser\u00e1 inaugurado nesta semana.<\/p>\n<p>A partir de quarta-feira (25) o elenco do Flamengo est\u00e1 liberado para treinar no gramado h\u00edbrido. A ideia principal desta obra \u00e9 que os jogadores tenham um campo para treinar com as mesmas condi\u00e7\u00f5es ao campo de jogo. Assim como no Maracan\u00e3, a combina\u00e7\u00e3o da grama natural com as fibras sint\u00e9ticas foi feita da mesma forma \u2013 ou seja, estima-se que apenas 10% seja artificial.<\/p>\n<p>Com a libera\u00e7\u00e3o, a tend\u00eancia \u00e9 que pr\u00f3ximo treinamento do rubro-negro aconte\u00e7a j\u00e1 no campo 2. O Flamengo entra em campo nesta ter\u00e7a (24), contra o Sporting Cristal, pela Libertadores. H\u00e1 a possibilidade de folga na quarta (25) e, desta forma, a atividade de quinta (26) ser\u00e1 a primeira no gramado h\u00edbrido.<\/p>\n<div class=\"entry-content no-share\">\n<div class=\"content-inner \">\n<p>Cabe destacar que o campo 1 entrar\u00e1 em manuten\u00e7\u00e3o para a coloca\u00e7\u00e3o da grama de inverno. Logo, na sequ\u00eancia, o campo 3 passar\u00e1 pela mesma reforma. O planejamento foi feito para que o Flamengo tenha sempre dois campos \u00e0 disposi\u00e7\u00e3o para treinamento.<\/p>\n<div class=\"code-block code-block-12\">\n<div id=\"dmp-v-par-2\" class=\"plabel\">Este processo \u00e9 chamado de \u2018overseeding\u2019.\u00c9 feita a aplica\u00e7\u00e3o da semente de inverso para consorciamento com a bermuda, que nos meses de outobo\/inverno tem baixas de temperaturas e, consequentemente, a diminui\u00e7\u00e3o do crescimento e desenvolvimento. A empresa que comanda as reformas no CT \u00e9 a Greenleaf, a mesma que organizou a troca no Maracan\u00e3.<\/div>\n<\/div>\n<h2><strong>Planejamento para reforma no CT<\/strong><\/h2>\n<p>As conversas para a implementa\u00e7\u00e3o no Ninho do Urubu iniciaram quando o Maracan\u00e3 j\u00e1 estava em est\u00e1gio avan\u00e7ado da reforma para o uso da tecnologia. O est\u00e1dio iniciou o planejamento em dezembro e, desde ent\u00e3o, o Flamengo abriu uma negocia\u00e7\u00e3o com a Greenleaf para mudan\u00e7a no CT.<\/p>\n<p>Em fevereiro, as partes entraram em acordo e ficou decidido que com a finaliza\u00e7\u00e3o da obra no Maracan\u00e3, o maquin\u00e1rio seguiria direto para o Ninho do Urubu. Em mar\u00e7o, as m\u00e1quinas chegaram ao CT e, ap\u00f3s algumas semanas, a fibra sint\u00e9tica chegou e o processo foi iniciado. Ou seja, a reforma durou cerca de dois meses.<\/p>\n<p>A escolha pelo campo 2 aconteceu por conta da instala\u00e7\u00e3o de refletores no local, que permite os treinos noturnos. Com esta tecnologia, o Flamengo ser\u00e1 um dos primeiros clubes brasileiros a ter o gramado h\u00edbrido dentro do centro de treinamento.<\/p>\n<p>A reforma teve participa\u00e7\u00e3o direta de alguns profissionais. O processo inteiro foi coordenado pelo gerente do CT, Leandro Leme, com participa\u00e7\u00e3o do engenheiro agr\u00f4nomo do Maracan\u00e3, Gabriel Rodrigues. O gerente de futebol, Fabinho Soldado, e o supervisor de futebol, Gabriel Skinner, acompanharam a reforma de perto desde o in\u00edcio. Consultavam o Leandro diariamente e repassavam as informa\u00e7\u00f5es para o treinador Paulo Sousa e os atletas sobre o andamento da obra.<\/p>\n<p>Retirado de: UOL<\/p>\n<\/div>\n<\/div>\n<div class=\"jeg_share_bottom_container\">\n<div class=\"jeg_share_button share-bottom clearfix\">\n<div class=\"jeg_sharelist\"><\/div>\n<\/div>\n<\/div>\n","protected":false},"excerpt":{"rendered":"<p>O Flamengo segue fazendo altos investimentos no Centro de Treinamento Ninho do Urubu. Uma das \u00faltimas mudan\u00e7as foi a implementa\u00e7\u00e3o do gramado h\u00edbrido, seguindo a tecnologia utilizada no Maracan\u00e3, que realizou a troca para a temporada 2022. Ap\u00f3s quase dois meses, o campo 2 ser\u00e1 inaugurado nesta semana. A partir de quarta-feira (25) o elenco [&hellip;]<\/p>\n","protected":false},"author":1,"featured_media":76324,"comment_status":"open","ping_status":"closed","sticky":false,"template":"","format":"standard","meta":{"footnotes":""},"categories":[1],"tags":[],"class_list":["post-82068","post","type-post","status-publish","format-standard","has-post-thumbnail","hentry","category-flamengo"],"yoast_head":"<!-- This site is optimized with the Yoast SEO Premium plugin v24.2 (Yoast SEO v26.9) - https:\/\/yoast.com\/product\/yoast-seo-premium-wordpress\/ -->\n<title>Flamengo inaugura gramado h\u00edbrido no Ninho do Urubu nesta semana<\/title>\n<meta name=\"robots\" content=\"index, follow, max-snippet:-1, max-image-preview:large, max-video-preview:-1\" \/>\n<link rel=\"canonical\" href=\"https:\/\/www.gaveanews.com\/index.php\/2022\/05\/24\/flamengo-inaugura-gramado-hibrido-no-ninho-do-urubu-nesta-semana\/\" \/>\n<meta property=\"og:locale\" content=\"pt_BR\" \/>\n<meta property=\"og:type\" content=\"article\" \/>\n<meta property=\"og:title\" content=\"Flamengo inaugura gramado h\u00edbrido no Ninho do Urubu nesta semana\" \/>\n<meta property=\"og:description\" content=\"O Flamengo segue fazendo altos investimentos no Centro de Treinamento Ninho do Urubu. Uma das \u00faltimas mudan\u00e7as foi a implementa\u00e7\u00e3o do gramado h\u00edbrido, seguindo a tecnologia utilizada no Maracan\u00e3, que realizou a troca para a temporada 2022. Ap\u00f3s quase dois meses, o campo 2 ser\u00e1 inaugurado nesta semana. A partir de quarta-feira (25) o elenco [&hellip;]\" \/>\n<meta property=\"og:url\" content=\"https:\/\/www.gaveanews.com\/index.php\/2022\/05\/24\/flamengo-inaugura-gramado-hibrido-no-ninho-do-urubu-nesta-semana\/\" \/>\n<meta property=\"og:site_name\" content=\"G\u00e1vea News\" \/>\n<meta property=\"article:publisher\" content=\"https:\/\/facebook.com\/gaveaNews\/\" \/>\n<meta property=\"article:published_time\" content=\"2022-05-24T20:10:51+00:00\" \/>\n<meta property=\"article:modified_time\" content=\"2022-05-24T20:11:06+00:00\" \/>\n<meta property=\"og:image\" content=\"https:\/\/www.gaveanews.com\/wp-content\/uploads\/Ninho-do-Urubu.webp\" \/>\n\t<meta property=\"og:image:width\" content=\"846\" \/>\n\t<meta property=\"og:image:height\" content=\"563\" \/>\n\t<meta property=\"og:image:type\" content=\"image\/jpeg\" \/>\n<meta name=\"author\" content=\"Equipe G\u00e1vea News\" \/>\n<meta name=\"twitter:card\" content=\"summary_large_image\" \/>\n<meta name=\"twitter:label1\" content=\"Escrito por\" \/>\n\t<meta name=\"twitter:data1\" content=\"Equipe G\u00e1vea News\" \/>\n\t<meta name=\"twitter:label2\" content=\"Est. tempo de leitura\" \/>\n\t<meta name=\"twitter:data2\" content=\"3 minutos\" \/>\n<script type=\"application\/ld+json\" class=\"yoast-schema-graph\">{\"@context\":\"https:\/\/schema.org\",\"@graph\":[{\"@type\":\"NewsArticle\",\"@id\":\"https:\/\/www.gaveanews.com\/index.php\/2022\/05\/24\/flamengo-inaugura-gramado-hibrido-no-ninho-do-urubu-nesta-semana\/#article\",\"isPartOf\":{\"@id\":\"https:\/\/www.gaveanews.com\/index.php\/2022\/05\/24\/flamengo-inaugura-gramado-hibrido-no-ninho-do-urubu-nesta-semana\/\"},\"author\":{\"name\":\"Equipe G\u00e1vea News\",\"@id\":\"https:\/\/www.gaveanews.com\/#\/schema\/person\/2ec14f73fb96be2caf28f91afb14749d\"},\"headline\":\"Flamengo inaugura gramado h\u00edbrido no Ninho do Urubu nesta semana\",\"datePublished\":\"2022-05-24T20:10:51+00:00\",\"dateModified\":\"2022-05-24T20:11:06+00:00\",\"mainEntityOfPage\":{\"@id\":\"https:\/\/www.gaveanews.com\/index.php\/2022\/05\/24\/flamengo-inaugura-gramado-hibrido-no-ninho-do-urubu-nesta-semana\/\"},\"wordCount\":517,\"commentCount\":0,\"image\":{\"@id\":\"https:\/\/www.gaveanews.com\/index.php\/2022\/05\/24\/flamengo-inaugura-gramado-hibrido-no-ninho-do-urubu-nesta-semana\/#primaryimage\"},\"thumbnailUrl\":\"https:\/\/www.gaveanews.com\/wp-content\/uploads\/Ninho-do-Urubu.webp\",\"articleSection\":[\"Flamengo\"],\"inLanguage\":\"pt-BR\",\"potentialAction\":[{\"@type\":\"CommentAction\",\"name\":\"Comment\",\"target\":[\"https:\/\/www.gaveanews.com\/index.php\/2022\/05\/24\/flamengo-inaugura-gramado-hibrido-no-ninho-do-urubu-nesta-semana\/#respond\"]}],\"copyrightYear\":\"2022\",\"copyrightHolder\":{\"@id\":\"https:\/\/www.gaveanews.com\/#organization\"}},{\"@type\":\"WebPage\",\"@id\":\"https:\/\/www.gaveanews.com\/index.php\/2022\/05\/24\/flamengo-inaugura-gramado-hibrido-no-ninho-do-urubu-nesta-semana\/\",\"url\":\"https:\/\/www.gaveanews.com\/index.php\/2022\/05\/24\/flamengo-inaugura-gramado-hibrido-no-ninho-do-urubu-nesta-semana\/\",\"name\":\"Flamengo inaugura gramado h\u00edbrido no Ninho do Urubu nesta semana\",\"isPartOf\":{\"@id\":\"https:\/\/www.gaveanews.com\/#website\"},\"primaryImageOfPage\":{\"@id\":\"https:\/\/www.gaveanews.com\/index.php\/2022\/05\/24\/flamengo-inaugura-gramado-hibrido-no-ninho-do-urubu-nesta-semana\/#primaryimage\"},\"image\":{\"@id\":\"https:\/\/www.gaveanews.com\/index.php\/2022\/05\/24\/flamengo-inaugura-gramado-hibrido-no-ninho-do-urubu-nesta-semana\/#primaryimage\"},\"thumbnailUrl\":\"https:\/\/www.gaveanews.com\/wp-content\/uploads\/Ninho-do-Urubu.webp\",\"datePublished\":\"2022-05-24T20:10:51+00:00\",\"dateModified\":\"2022-05-24T20:11:06+00:00\",\"author\":{\"@id\":\"https:\/\/www.gaveanews.com\/#\/schema\/person\/2ec14f73fb96be2caf28f91afb14749d\"},\"breadcrumb\":{\"@id\":\"https:\/\/www.gaveanews.com\/index.php\/2022\/05\/24\/flamengo-inaugura-gramado-hibrido-no-ninho-do-urubu-nesta-semana\/#breadcrumb\"},\"inLanguage\":\"pt-BR\",\"potentialAction\":[{\"@type\":\"ReadAction\",\"target\":[\"https:\/\/www.gaveanews.com\/index.php\/2022\/05\/24\/flamengo-inaugura-gramado-hibrido-no-ninho-do-urubu-nesta-semana\/\"]}]},{\"@type\":\"ImageObject\",\"inLanguage\":\"pt-BR\",\"@id\":\"https:\/\/www.gaveanews.com\/index.php\/2022\/05\/24\/flamengo-inaugura-gramado-hibrido-no-ninho-do-urubu-nesta-semana\/#primaryimage\",\"url\":\"https:\/\/www.gaveanews.com\/wp-content\/uploads\/Ninho-do-Urubu.webp\",\"contentUrl\":\"https:\/\/www.gaveanews.com\/wp-content\/uploads\/Ninho-do-Urubu.webp\",\"width\":846,\"height\":563,\"caption\":\"Ninho do Urubu (Foto: Alexandre Vidal\/Flamengo)\"},{\"@type\":\"BreadcrumbList\",\"@id\":\"https:\/\/www.gaveanews.com\/index.php\/2022\/05\/24\/flamengo-inaugura-gramado-hibrido-no-ninho-do-urubu-nesta-semana\/#breadcrumb\",\"itemListElement\":[{\"@type\":\"ListItem\",\"position\":1,\"name\":\"Home\",\"item\":\"https:\/\/www.gaveanews.com\/\"},{\"@type\":\"ListItem\",\"position\":2,\"name\":\"Flamengo inaugura gramado h\u00edbrido no Ninho do Urubu nesta semana\"}]},{\"@type\":\"WebSite\",\"@id\":\"https:\/\/www.gaveanews.com\/#website\",\"url\":\"https:\/\/www.gaveanews.com\/\",\"name\":\"G\u00e1vea News\",\"description\":\"Veja todas as not\u00edcias sobre o Flamengo: Contrata\u00e7\u00f5es, categorias de base, resultados das partidas, tabela de classifica\u00e7\u00e3o, pr\u00f3ximos jogos!\",\"potentialAction\":[{\"@type\":\"SearchAction\",\"target\":{\"@type\":\"EntryPoint\",\"urlTemplate\":\"https:\/\/www.gaveanews.com\/?s={search_term_string}\"},\"query-input\":{\"@type\":\"PropertyValueSpecification\",\"valueRequired\":true,\"valueName\":\"search_term_string\"}}],\"inLanguage\":\"pt-BR\"},{\"@type\":\"Person\",\"@id\":\"https:\/\/www.gaveanews.com\/#\/schema\/person\/2ec14f73fb96be2caf28f91afb14749d\",\"name\":\"Equipe G\u00e1vea News\",\"image\":{\"@type\":\"ImageObject\",\"inLanguage\":\"pt-BR\",\"@id\":\"https:\/\/www.gaveanews.com\/#\/schema\/person\/image\/\",\"url\":\"https:\/\/secure.gravatar.com\/avatar\/1e1956f1facbffd3f8fa53a326721950116b3b9dc9bd44939c01180fd4a745a9?s=96&d=mm&r=g\",\"contentUrl\":\"https:\/\/secure.gravatar.com\/avatar\/1e1956f1facbffd3f8fa53a326721950116b3b9dc9bd44939c01180fd4a745a9?s=96&d=mm&r=g\",\"caption\":\"Equipe G\u00e1vea News\"}}]}<\/script>\n<!-- \/ Yoast SEO Premium plugin. -->","yoast_head_json":{"title":"Flamengo inaugura gramado h\u00edbrido no Ninho do Urubu nesta semana","robots":{"index":"index","follow":"follow","max-snippet":"max-snippet:-1","max-image-preview":"max-image-preview:large","max-video-preview":"max-video-preview:-1"},"canonical":"https:\/\/www.gaveanews.com\/index.php\/2022\/05\/24\/flamengo-inaugura-gramado-hibrido-no-ninho-do-urubu-nesta-semana\/","og_locale":"pt_BR","og_type":"article","og_title":"Flamengo inaugura gramado h\u00edbrido no Ninho do Urubu nesta semana","og_description":"O Flamengo segue fazendo altos investimentos no Centro de Treinamento Ninho do Urubu. Uma das \u00faltimas mudan\u00e7as foi a implementa\u00e7\u00e3o do gramado h\u00edbrido, seguindo a tecnologia utilizada no Maracan\u00e3, que realizou a troca para a temporada 2022. Ap\u00f3s quase dois meses, o campo 2 ser\u00e1 inaugurado nesta semana. A partir de quarta-feira (25) o elenco [&hellip;]","og_url":"https:\/\/www.gaveanews.com\/index.php\/2022\/05\/24\/flamengo-inaugura-gramado-hibrido-no-ninho-do-urubu-nesta-semana\/","og_site_name":"G\u00e1vea News","article_publisher":"https:\/\/facebook.com\/gaveaNews\/","article_published_time":"2022-05-24T20:10:51+00:00","article_modified_time":"2022-05-24T20:11:06+00:00","og_image":[{"width":846,"height":563,"url":"https:\/\/www.gaveanews.com\/wp-content\/uploads\/Ninho-do-Urubu.webp","type":"image\/jpeg"}],"author":"Equipe G\u00e1vea News","twitter_card":"summary_large_image","twitter_misc":{"Escrito por":"Equipe G\u00e1vea News","Est. tempo de leitura":"3 minutos"},"schema":{"@context":"https:\/\/schema.org","@graph":[{"@type":"NewsArticle","@id":"https:\/\/www.gaveanews.com\/index.php\/2022\/05\/24\/flamengo-inaugura-gramado-hibrido-no-ninho-do-urubu-nesta-semana\/#article","isPartOf":{"@id":"https:\/\/www.gaveanews.com\/index.php\/2022\/05\/24\/flamengo-inaugura-gramado-hibrido-no-ninho-do-urubu-nesta-semana\/"},"author":{"name":"Equipe G\u00e1vea News","@id":"https:\/\/www.gaveanews.com\/#\/schema\/person\/2ec14f73fb96be2caf28f91afb14749d"},"headline":"Flamengo inaugura gramado h\u00edbrido no Ninho do Urubu nesta semana","datePublished":"2022-05-24T20:10:51+00:00","dateModified":"2022-05-24T20:11:06+00:00","mainEntityOfPage":{"@id":"https:\/\/www.gaveanews.com\/index.php\/2022\/05\/24\/flamengo-inaugura-gramado-hibrido-no-ninho-do-urubu-nesta-semana\/"},"wordCount":517,"commentCount":0,"image":{"@id":"https:\/\/www.gaveanews.com\/index.php\/2022\/05\/24\/flamengo-inaugura-gramado-hibrido-no-ninho-do-urubu-nesta-semana\/#primaryimage"},"thumbnailUrl":"https:\/\/www.gaveanews.com\/wp-content\/uploads\/Ninho-do-Urubu.webp","articleSection":["Flamengo"],"inLanguage":"pt-BR","potentialAction":[{"@type":"CommentAction","name":"Comment","target":["https:\/\/www.gaveanews.com\/index.php\/2022\/05\/24\/flamengo-inaugura-gramado-hibrido-no-ninho-do-urubu-nesta-semana\/#respond"]}],"copyrightYear":"2022","copyrightHolder":{"@id":"https:\/\/www.gaveanews.com\/#organization"}},{"@type":"WebPage","@id":"https:\/\/www.gaveanews.com\/index.php\/2022\/05\/24\/flamengo-inaugura-gramado-hibrido-no-ninho-do-urubu-nesta-semana\/","url":"https:\/\/www.gaveanews.com\/index.php\/2022\/05\/24\/flamengo-inaugura-gramado-hibrido-no-ninho-do-urubu-nesta-semana\/","name":"Flamengo inaugura gramado h\u00edbrido no Ninho do Urubu nesta semana","isPartOf":{"@id":"https:\/\/www.gaveanews.com\/#website"},"primaryImageOfPage":{"@id":"https:\/\/www.gaveanews.com\/index.php\/2022\/05\/24\/flamengo-inaugura-gramado-hibrido-no-ninho-do-urubu-nesta-semana\/#primaryimage"},"image":{"@id":"https:\/\/www.gaveanews.com\/index.php\/2022\/05\/24\/flamengo-inaugura-gramado-hibrido-no-ninho-do-urubu-nesta-semana\/#primaryimage"},"thumbnailUrl":"https:\/\/www.gaveanews.com\/wp-content\/uploads\/Ninho-do-Urubu.webp","datePublished":"2022-05-24T20:10:51+00:00","dateModified":"2022-05-24T20:11:06+00:00","author":{"@id":"https:\/\/www.gaveanews.com\/#\/schema\/person\/2ec14f73fb96be2caf28f91afb14749d"},"breadcrumb":{"@id":"https:\/\/www.gaveanews.com\/index.php\/2022\/05\/24\/flamengo-inaugura-gramado-hibrido-no-ninho-do-urubu-nesta-semana\/#breadcrumb"},"inLanguage":"pt-BR","potentialAction":[{"@type":"ReadAction","target":["https:\/\/www.gaveanews.com\/index.php\/2022\/05\/24\/flamengo-inaugura-gramado-hibrido-no-ninho-do-urubu-nesta-semana\/"]}]},{"@type":"ImageObject","inLanguage":"pt-BR","@id":"https:\/\/www.gaveanews.com\/index.php\/2022\/05\/24\/flamengo-inaugura-gramado-hibrido-no-ninho-do-urubu-nesta-semana\/#primaryimage","url":"https:\/\/www.gaveanews.com\/wp-content\/uploads\/Ninho-do-Urubu.webp","contentUrl":"https:\/\/www.gaveanews.com\/wp-content\/uploads\/Ninho-do-Urubu.webp","width":846,"height":563,"caption":"Ninho do Urubu (Foto: Alexandre Vidal\/Flamengo)"},{"@type":"BreadcrumbList","@id":"https:\/\/www.gaveanews.com\/index.php\/2022\/05\/24\/flamengo-inaugura-gramado-hibrido-no-ninho-do-urubu-nesta-semana\/#breadcrumb","itemListElement":[{"@type":"ListItem","position":1,"name":"Home","item":"https:\/\/www.gaveanews.com\/"},{"@type":"ListItem","position":2,"name":"Flamengo inaugura gramado h\u00edbrido no Ninho do Urubu nesta semana"}]},{"@type":"WebSite","@id":"https:\/\/www.gaveanews.com\/#website","url":"https:\/\/www.gaveanews.com\/","name":"G\u00e1vea News","description":"Veja todas as not\u00edcias sobre o Flamengo: Contrata\u00e7\u00f5es, categorias de base, resultados das partidas, tabela de classifica\u00e7\u00e3o, pr\u00f3ximos jogos!","potentialAction":[{"@type":"SearchAction","target":{"@type":"EntryPoint","urlTemplate":"https:\/\/www.gaveanews.com\/?s={search_term_string}"},"query-input":{"@type":"PropertyValueSpecification","valueRequired":true,"valueName":"search_term_string"}}],"inLanguage":"pt-BR"},{"@type":"Person","@id":"https:\/\/www.gaveanews.com\/#\/schema\/person\/2ec14f73fb96be2caf28f91afb14749d","name":"Equipe G\u00e1vea News","image":{"@type":"ImageObject","inLanguage":"pt-BR","@id":"https:\/\/www.gaveanews.com\/#\/schema\/person\/image\/","url":"https:\/\/secure.gravatar.com\/avatar\/1e1956f1facbffd3f8fa53a326721950116b3b9dc9bd44939c01180fd4a745a9?s=96&d=mm&r=g","contentUrl":"https:\/\/secure.gravatar.com\/avatar\/1e1956f1facbffd3f8fa53a326721950116b3b9dc9bd44939c01180fd4a745a9?s=96&d=mm&r=g","caption":"Equipe G\u00e1vea News"}}]}},"_links":{"self":[{"href":"https:\/\/www.gaveanews.com\/index.php\/wp-json\/wp\/v2\/posts\/82068","targetHints":{"allow":["GET"]}}],"collection":[{"href":"https:\/\/www.gaveanews.com\/index.php\/wp-json\/wp\/v2\/posts"}],"about":[{"href":"https:\/\/www.gaveanews.com\/index.php\/wp-json\/wp\/v2\/types\/post"}],"author":[{"embeddable":true,"href":"https:\/\/www.gaveanews.com\/index.php\/wp-json\/wp\/v2\/users\/1"}],"replies":[{"embeddable":true,"href":"https:\/\/www.gaveanews.com\/index.php\/wp-json\/wp\/v2\/comments?post=82068"}],"version-history":[{"count":0,"href":"https:\/\/www.gaveanews.com\/index.php\/wp-json\/wp\/v2\/posts\/82068\/revisions"}],"wp:featuredmedia":[{"embeddable":true,"href":"https:\/\/www.gaveanews.com\/index.php\/wp-json\/wp\/v2\/media\/76324"}],"wp:attachment":[{"href":"https:\/\/www.gaveanews.com\/index.php\/wp-json\/wp\/v2\/media?parent=82068"}],"wp:term":[{"taxonomy":"category","embeddable":true,"href":"https:\/\/www.gaveanews.com\/index.php\/wp-json\/wp\/v2\/categories?post=82068"},{"taxonomy":"post_tag","embeddable":true,"href":"https:\/\/www.gaveanews.com\/index.php\/wp-json\/wp\/v2\/tags?post=82068"}],"curies":[{"name":"wp","href":"https:\/\/api.w.org\/{rel}","templated":true}]}}