{"id":82095,"date":"2022-05-25T12:42:06","date_gmt":"2022-05-25T15:42:06","guid":{"rendered":"https:\/\/www.gaveanews.com\/?p=82095"},"modified":"2022-05-25T12:42:09","modified_gmt":"2022-05-25T15:42:09","slug":"pedro-e-eleito-craque-da-torcida-e-homem-da-partida-na-libertadores","status":"publish","type":"post","link":"https:\/\/www.gaveanews.com\/index.php\/2022\/05\/25\/pedro-e-eleito-craque-da-torcida-e-homem-da-partida-na-libertadores\/","title":{"rendered":"Pedro \u00e9 eleito craque da torcida e &#8220;homem da partida&#8221; na Libertadores"},"content":{"rendered":"\n<p>Na \u00faltima ter\u00e7a-feira (24), o Flamengo venceu o Sporting Cristal e encerrou sua participa\u00e7\u00e3o na fase de grupos da Libertadores com 16 pontos. Com mais uma escala\u00e7\u00e3o alternativa, Paulo Sousa voltou a utilizar Gabigol e Pedro simultaneamente.<\/p>\n\n\n\n<p>E quem mais aproveitou da oportunidade foi o camisa 21, que marcou o segundo gol do Fla e garantiu a vit\u00f3ria sobre os peruanos. <a href=\"https:\/\/www.gaveanews.com\/index.php\/2022\/05\/25\/pedro-e-decisivo-novamente-no-flamengo-e-chega-a-5-gols-em-6-jogos\/\">Com boa atua\u00e7\u00e3o e em alta novamente<\/a>, o jogador foi eleito o melhor em campo, tanto pela torcida quanto pela pr\u00f3pria Libertadores.<\/p>\n\n\n\n<p>O jogador acertou 16 passes, acumulando 89% de aproveitamento. Isso, \u00e9 claro, al\u00e9m das quatro finaliza\u00e7\u00f5es, os tr\u00eas passes decisivos e o gola\u00e7o marcado. Ap\u00f3s a partida, o jogador recebeu a premia\u00e7\u00e3o e posou para a foto com o trof\u00e9u.<\/p>\n\n\n\n<h2 class=\"wp-block-heading\" id=\"h-confira-as-publicacoes\">Confira as publica\u00e7\u00f5es:<\/h2>\n\n\n\n<figure class=\"wp-block-embed is-type-rich is-provider-twitter wp-block-embed-twitter\"><div class=\"wp-block-embed__wrapper\">\n<blockquote class=\"twitter-tweet\" data-width=\"550\" data-dnt=\"true\"><p lang=\"pt\" dir=\"ltr\">MAN OF THE MATCH! <br><br>Rever\u00eancia, rever\u00eancia, rever\u00eancia! \ud83d\ude47\u200d\u2642\ufe0f <br><br>Parab\u00e9ns, <a href=\"https:\/\/twitter.com\/Pedro9oficial?ref_src=twsrc%5Etfw\">@Pedro9oficial<\/a>! \u2764\ufe0f<a href=\"https:\/\/twitter.com\/hashtag\/VamosFlamengo?src=hash&amp;ref_src=twsrc%5Etfw\">#VamosFlamengo<\/a> <a href=\"https:\/\/t.co\/WlH37vbR5s\">pic.twitter.com\/WlH37vbR5s<\/a><\/p>&mdash; Flamengo (@Flamengo) <a href=\"https:\/\/twitter.com\/Flamengo\/status\/1529293612361596929?ref_src=twsrc%5Etfw\">May 25, 2022<\/a><\/blockquote><script async src=\"https:\/\/platform.twitter.com\/widgets.js\" charset=\"utf-8\"><\/script>\n<\/div><\/figure>\n\n\n\n<figure class=\"wp-block-embed is-type-rich is-provider-twitter wp-block-embed-twitter\"><div class=\"wp-block-embed__wrapper\">\n<blockquote class=\"twitter-tweet\" data-width=\"550\" data-dnt=\"true\"><p lang=\"pt\" dir=\"ltr\"><a href=\"https:\/\/twitter.com\/hashtag\/CraqueDaTorcida?src=hash&amp;ref_src=twsrc%5Etfw\">#CraqueDaTorcida<\/a> pra ele: <a href=\"https:\/\/twitter.com\/Pedro9oficial?ref_src=twsrc%5Etfw\">@Pedro9oficial<\/a> <a href=\"https:\/\/twitter.com\/hashtag\/VamosFlamengo?src=hash&amp;ref_src=twsrc%5Etfw\">#VamosFlamengo<\/a> <a href=\"https:\/\/t.co\/AUb4oRuhKi\">pic.twitter.com\/AUb4oRuhKi<\/a><\/p>&mdash; Flamengo (@Flamengo) <a href=\"https:\/\/twitter.com\/Flamengo\/status\/1529305107577307136?ref_src=twsrc%5Etfw\">May 25, 2022<\/a><\/blockquote><script async src=\"https:\/\/platform.twitter.com\/widgets.js\" charset=\"utf-8\"><\/script>\n<\/div><\/figure>\n\n\n\n<p>Podendo aproveitar da boa fase, Pedro ter\u00e1 uma nova oportunidade de marcar neste final de semana. Tendo direito a marcar pela &#8220;Lei do Ex&#8221;, o jogador pode atuar contra o Fluminense no jogo do pr\u00f3ximo domingo (29), pelo Campeonato Brasileiro. O cl\u00e1ssico ocorrer\u00e1 \u00e0s 18h (de Bras\u00edllia), no Maracan\u00e3.<\/p>\n","protected":false},"excerpt":{"rendered":"<p>Na \u00faltima ter\u00e7a-feira (24), o Flamengo venceu o Sporting Cristal e encerrou sua participa\u00e7\u00e3o na fase de grupos da Libertadores com 16 pontos. Com mais uma escala\u00e7\u00e3o alternativa, Paulo Sousa voltou a utilizar Gabigol e Pedro simultaneamente. E quem mais aproveitou da oportunidade foi o camisa 21, que marcou o segundo gol do Fla e [&hellip;]<\/p>\n","protected":false},"author":4,"featured_media":82090,"comment_status":"open","ping_status":"closed","sticky":false,"template":"","format":"standard","meta":{"footnotes":""},"categories":[1],"tags":[],"class_list":["post-82095","post","type-post","status-publish","format-standard","has-post-thumbnail","hentry","category-flamengo"],"yoast_head":"<!-- This site is optimized with the Yoast SEO Premium plugin v24.2 (Yoast SEO v26.9) - https:\/\/yoast.com\/product\/yoast-seo-premium-wordpress\/ -->\n<title>Pedro \u00e9 eleito craque da torcida e &quot;homem da partida&quot; na Libertadores<\/title>\n<meta name=\"robots\" content=\"index, follow, max-snippet:-1, max-image-preview:large, max-video-preview:-1\" \/>\n<link rel=\"canonical\" href=\"https:\/\/www.gaveanews.com\/index.php\/2022\/05\/25\/pedro-e-eleito-craque-da-torcida-e-homem-da-partida-na-libertadores\/\" \/>\n<meta property=\"og:locale\" content=\"pt_BR\" \/>\n<meta property=\"og:type\" content=\"article\" \/>\n<meta property=\"og:title\" content=\"Pedro \u00e9 eleito craque da torcida e &quot;homem da partida&quot; na Libertadores\" \/>\n<meta property=\"og:description\" content=\"Na \u00faltima ter\u00e7a-feira (24), o Flamengo venceu o Sporting Cristal e encerrou sua participa\u00e7\u00e3o na fase de grupos da Libertadores com 16 pontos. Com mais uma escala\u00e7\u00e3o alternativa, Paulo Sousa voltou a utilizar Gabigol e Pedro simultaneamente. E quem mais aproveitou da oportunidade foi o camisa 21, que marcou o segundo gol do Fla e [&hellip;]\" \/>\n<meta property=\"og:url\" content=\"https:\/\/www.gaveanews.com\/index.php\/2022\/05\/25\/pedro-e-eleito-craque-da-torcida-e-homem-da-partida-na-libertadores\/\" \/>\n<meta property=\"og:site_name\" content=\"G\u00e1vea News\" \/>\n<meta property=\"article:publisher\" content=\"https:\/\/facebook.com\/gaveaNews\/\" \/>\n<meta property=\"article:published_time\" content=\"2022-05-25T15:42:06+00:00\" \/>\n<meta property=\"article:modified_time\" content=\"2022-05-25T15:42:09+00:00\" \/>\n<meta property=\"og:image\" content=\"https:\/\/www.gaveanews.com\/wp-content\/uploads\/Pedro-comemora-gol-marcado-pelo-Flamengo-contra-o-Sporting-Cristal.webp\" \/>\n\t<meta property=\"og:image:width\" content=\"799\" \/>\n\t<meta property=\"og:image:height\" content=\"533\" \/>\n\t<meta property=\"og:image:type\" content=\"image\/jpeg\" \/>\n<meta name=\"author\" content=\"Let\u00edcia Gerheim\" \/>\n<meta name=\"twitter:card\" content=\"summary_large_image\" \/>\n<meta name=\"twitter:label1\" content=\"Escrito por\" \/>\n\t<meta name=\"twitter:data1\" content=\"Let\u00edcia Gerheim\" \/>\n\t<meta name=\"twitter:label2\" content=\"Est. tempo de leitura\" \/>\n\t<meta name=\"twitter:data2\" content=\"1 minuto\" \/>\n<script type=\"application\/ld+json\" class=\"yoast-schema-graph\">{\"@context\":\"https:\/\/schema.org\",\"@graph\":[{\"@type\":\"NewsArticle\",\"@id\":\"https:\/\/www.gaveanews.com\/index.php\/2022\/05\/25\/pedro-e-eleito-craque-da-torcida-e-homem-da-partida-na-libertadores\/#article\",\"isPartOf\":{\"@id\":\"https:\/\/www.gaveanews.com\/index.php\/2022\/05\/25\/pedro-e-eleito-craque-da-torcida-e-homem-da-partida-na-libertadores\/\"},\"author\":{\"name\":\"Let\u00edcia Gerheim\",\"@id\":\"https:\/\/www.gaveanews.com\/#\/schema\/person\/714c67050b836198af2450ba1c142a67\"},\"headline\":\"Pedro \u00e9 eleito craque da torcida e &#8220;homem da partida&#8221; na Libertadores\",\"datePublished\":\"2022-05-25T15:42:06+00:00\",\"dateModified\":\"2022-05-25T15:42:09+00:00\",\"mainEntityOfPage\":{\"@id\":\"https:\/\/www.gaveanews.com\/index.php\/2022\/05\/25\/pedro-e-eleito-craque-da-torcida-e-homem-da-partida-na-libertadores\/\"},\"wordCount\":206,\"commentCount\":0,\"image\":{\"@id\":\"https:\/\/www.gaveanews.com\/index.php\/2022\/05\/25\/pedro-e-eleito-craque-da-torcida-e-homem-da-partida-na-libertadores\/#primaryimage\"},\"thumbnailUrl\":\"https:\/\/www.gaveanews.com\/wp-content\/uploads\/Pedro-comemora-gol-marcado-pelo-Flamengo-contra-o-Sporting-Cristal.webp\",\"articleSection\":[\"Flamengo\"],\"inLanguage\":\"pt-BR\",\"potentialAction\":[{\"@type\":\"CommentAction\",\"name\":\"Comment\",\"target\":[\"https:\/\/www.gaveanews.com\/index.php\/2022\/05\/25\/pedro-e-eleito-craque-da-torcida-e-homem-da-partida-na-libertadores\/#respond\"]}],\"copyrightYear\":\"2022\",\"copyrightHolder\":{\"@id\":\"https:\/\/www.gaveanews.com\/#organization\"}},{\"@type\":\"WebPage\",\"@id\":\"https:\/\/www.gaveanews.com\/index.php\/2022\/05\/25\/pedro-e-eleito-craque-da-torcida-e-homem-da-partida-na-libertadores\/\",\"url\":\"https:\/\/www.gaveanews.com\/index.php\/2022\/05\/25\/pedro-e-eleito-craque-da-torcida-e-homem-da-partida-na-libertadores\/\",\"name\":\"Pedro \u00e9 eleito craque da torcida e \\\"homem da partida\\\" na Libertadores\",\"isPartOf\":{\"@id\":\"https:\/\/www.gaveanews.com\/#website\"},\"primaryImageOfPage\":{\"@id\":\"https:\/\/www.gaveanews.com\/index.php\/2022\/05\/25\/pedro-e-eleito-craque-da-torcida-e-homem-da-partida-na-libertadores\/#primaryimage\"},\"image\":{\"@id\":\"https:\/\/www.gaveanews.com\/index.php\/2022\/05\/25\/pedro-e-eleito-craque-da-torcida-e-homem-da-partida-na-libertadores\/#primaryimage\"},\"thumbnailUrl\":\"https:\/\/www.gaveanews.com\/wp-content\/uploads\/Pedro-comemora-gol-marcado-pelo-Flamengo-contra-o-Sporting-Cristal.webp\",\"datePublished\":\"2022-05-25T15:42:06+00:00\",\"dateModified\":\"2022-05-25T15:42:09+00:00\",\"author\":{\"@id\":\"https:\/\/www.gaveanews.com\/#\/schema\/person\/714c67050b836198af2450ba1c142a67\"},\"breadcrumb\":{\"@id\":\"https:\/\/www.gaveanews.com\/index.php\/2022\/05\/25\/pedro-e-eleito-craque-da-torcida-e-homem-da-partida-na-libertadores\/#breadcrumb\"},\"inLanguage\":\"pt-BR\",\"potentialAction\":[{\"@type\":\"ReadAction\",\"target\":[\"https:\/\/www.gaveanews.com\/index.php\/2022\/05\/25\/pedro-e-eleito-craque-da-torcida-e-homem-da-partida-na-libertadores\/\"]}]},{\"@type\":\"ImageObject\",\"inLanguage\":\"pt-BR\",\"@id\":\"https:\/\/www.gaveanews.com\/index.php\/2022\/05\/25\/pedro-e-eleito-craque-da-torcida-e-homem-da-partida-na-libertadores\/#primaryimage\",\"url\":\"https:\/\/www.gaveanews.com\/wp-content\/uploads\/Pedro-comemora-gol-marcado-pelo-Flamengo-contra-o-Sporting-Cristal.webp\",\"contentUrl\":\"https:\/\/www.gaveanews.com\/wp-content\/uploads\/Pedro-comemora-gol-marcado-pelo-Flamengo-contra-o-Sporting-Cristal.webp\",\"width\":799,\"height\":533,\"caption\":\"Pedro comemora gol marcado pelo Flamengo contra o Sporting Cristal (Foto: Alexandre Vidal\/Flamengo)\"},{\"@type\":\"BreadcrumbList\",\"@id\":\"https:\/\/www.gaveanews.com\/index.php\/2022\/05\/25\/pedro-e-eleito-craque-da-torcida-e-homem-da-partida-na-libertadores\/#breadcrumb\",\"itemListElement\":[{\"@type\":\"ListItem\",\"position\":1,\"name\":\"Home\",\"item\":\"https:\/\/www.gaveanews.com\/\"},{\"@type\":\"ListItem\",\"position\":2,\"name\":\"Pedro \u00e9 eleito craque da torcida e &#8220;homem da partida&#8221; na Libertadores\"}]},{\"@type\":\"WebSite\",\"@id\":\"https:\/\/www.gaveanews.com\/#website\",\"url\":\"https:\/\/www.gaveanews.com\/\",\"name\":\"G\u00e1vea News\",\"description\":\"Veja todas as not\u00edcias sobre o Flamengo: Contrata\u00e7\u00f5es, categorias de base, resultados das partidas, tabela de classifica\u00e7\u00e3o, pr\u00f3ximos jogos!\",\"potentialAction\":[{\"@type\":\"SearchAction\",\"target\":{\"@type\":\"EntryPoint\",\"urlTemplate\":\"https:\/\/www.gaveanews.com\/?s={search_term_string}\"},\"query-input\":{\"@type\":\"PropertyValueSpecification\",\"valueRequired\":true,\"valueName\":\"search_term_string\"}}],\"inLanguage\":\"pt-BR\"},{\"@type\":\"Person\",\"@id\":\"https:\/\/www.gaveanews.com\/#\/schema\/person\/714c67050b836198af2450ba1c142a67\",\"name\":\"Let\u00edcia Gerheim\",\"image\":{\"@type\":\"ImageObject\",\"inLanguage\":\"pt-BR\",\"@id\":\"https:\/\/www.gaveanews.com\/#\/schema\/person\/image\/\",\"url\":\"https:\/\/secure.gravatar.com\/avatar\/60734739c50fcebfbac509e2a826ccd0ff405c019bc73aab9354f19ecad1dcb4?s=96&d=mm&r=g\",\"contentUrl\":\"https:\/\/secure.gravatar.com\/avatar\/60734739c50fcebfbac509e2a826ccd0ff405c019bc73aab9354f19ecad1dcb4?s=96&d=mm&r=g\",\"caption\":\"Let\u00edcia Gerheim\"}}]}<\/script>\n<!-- \/ Yoast SEO Premium plugin. -->","yoast_head_json":{"title":"Pedro \u00e9 eleito craque da torcida e \"homem da partida\" na Libertadores","robots":{"index":"index","follow":"follow","max-snippet":"max-snippet:-1","max-image-preview":"max-image-preview:large","max-video-preview":"max-video-preview:-1"},"canonical":"https:\/\/www.gaveanews.com\/index.php\/2022\/05\/25\/pedro-e-eleito-craque-da-torcida-e-homem-da-partida-na-libertadores\/","og_locale":"pt_BR","og_type":"article","og_title":"Pedro \u00e9 eleito craque da torcida e \"homem da partida\" na Libertadores","og_description":"Na \u00faltima ter\u00e7a-feira (24), o Flamengo venceu o Sporting Cristal e encerrou sua participa\u00e7\u00e3o na fase de grupos da Libertadores com 16 pontos. Com mais uma escala\u00e7\u00e3o alternativa, Paulo Sousa voltou a utilizar Gabigol e Pedro simultaneamente. E quem mais aproveitou da oportunidade foi o camisa 21, que marcou o segundo gol do Fla e [&hellip;]","og_url":"https:\/\/www.gaveanews.com\/index.php\/2022\/05\/25\/pedro-e-eleito-craque-da-torcida-e-homem-da-partida-na-libertadores\/","og_site_name":"G\u00e1vea News","article_publisher":"https:\/\/facebook.com\/gaveaNews\/","article_published_time":"2022-05-25T15:42:06+00:00","article_modified_time":"2022-05-25T15:42:09+00:00","og_image":[{"width":799,"height":533,"url":"https:\/\/www.gaveanews.com\/wp-content\/uploads\/Pedro-comemora-gol-marcado-pelo-Flamengo-contra-o-Sporting-Cristal.webp","type":"image\/jpeg"}],"author":"Let\u00edcia Gerheim","twitter_card":"summary_large_image","twitter_misc":{"Escrito por":"Let\u00edcia Gerheim","Est. tempo de leitura":"1 minuto"},"schema":{"@context":"https:\/\/schema.org","@graph":[{"@type":"NewsArticle","@id":"https:\/\/www.gaveanews.com\/index.php\/2022\/05\/25\/pedro-e-eleito-craque-da-torcida-e-homem-da-partida-na-libertadores\/#article","isPartOf":{"@id":"https:\/\/www.gaveanews.com\/index.php\/2022\/05\/25\/pedro-e-eleito-craque-da-torcida-e-homem-da-partida-na-libertadores\/"},"author":{"name":"Let\u00edcia Gerheim","@id":"https:\/\/www.gaveanews.com\/#\/schema\/person\/714c67050b836198af2450ba1c142a67"},"headline":"Pedro \u00e9 eleito craque da torcida e &#8220;homem da partida&#8221; na Libertadores","datePublished":"2022-05-25T15:42:06+00:00","dateModified":"2022-05-25T15:42:09+00:00","mainEntityOfPage":{"@id":"https:\/\/www.gaveanews.com\/index.php\/2022\/05\/25\/pedro-e-eleito-craque-da-torcida-e-homem-da-partida-na-libertadores\/"},"wordCount":206,"commentCount":0,"image":{"@id":"https:\/\/www.gaveanews.com\/index.php\/2022\/05\/25\/pedro-e-eleito-craque-da-torcida-e-homem-da-partida-na-libertadores\/#primaryimage"},"thumbnailUrl":"https:\/\/www.gaveanews.com\/wp-content\/uploads\/Pedro-comemora-gol-marcado-pelo-Flamengo-contra-o-Sporting-Cristal.webp","articleSection":["Flamengo"],"inLanguage":"pt-BR","potentialAction":[{"@type":"CommentAction","name":"Comment","target":["https:\/\/www.gaveanews.com\/index.php\/2022\/05\/25\/pedro-e-eleito-craque-da-torcida-e-homem-da-partida-na-libertadores\/#respond"]}],"copyrightYear":"2022","copyrightHolder":{"@id":"https:\/\/www.gaveanews.com\/#organization"}},{"@type":"WebPage","@id":"https:\/\/www.gaveanews.com\/index.php\/2022\/05\/25\/pedro-e-eleito-craque-da-torcida-e-homem-da-partida-na-libertadores\/","url":"https:\/\/www.gaveanews.com\/index.php\/2022\/05\/25\/pedro-e-eleito-craque-da-torcida-e-homem-da-partida-na-libertadores\/","name":"Pedro \u00e9 eleito craque da torcida e \"homem da partida\" na Libertadores","isPartOf":{"@id":"https:\/\/www.gaveanews.com\/#website"},"primaryImageOfPage":{"@id":"https:\/\/www.gaveanews.com\/index.php\/2022\/05\/25\/pedro-e-eleito-craque-da-torcida-e-homem-da-partida-na-libertadores\/#primaryimage"},"image":{"@id":"https:\/\/www.gaveanews.com\/index.php\/2022\/05\/25\/pedro-e-eleito-craque-da-torcida-e-homem-da-partida-na-libertadores\/#primaryimage"},"thumbnailUrl":"https:\/\/www.gaveanews.com\/wp-content\/uploads\/Pedro-comemora-gol-marcado-pelo-Flamengo-contra-o-Sporting-Cristal.webp","datePublished":"2022-05-25T15:42:06+00:00","dateModified":"2022-05-25T15:42:09+00:00","author":{"@id":"https:\/\/www.gaveanews.com\/#\/schema\/person\/714c67050b836198af2450ba1c142a67"},"breadcrumb":{"@id":"https:\/\/www.gaveanews.com\/index.php\/2022\/05\/25\/pedro-e-eleito-craque-da-torcida-e-homem-da-partida-na-libertadores\/#breadcrumb"},"inLanguage":"pt-BR","potentialAction":[{"@type":"ReadAction","target":["https:\/\/www.gaveanews.com\/index.php\/2022\/05\/25\/pedro-e-eleito-craque-da-torcida-e-homem-da-partida-na-libertadores\/"]}]},{"@type":"ImageObject","inLanguage":"pt-BR","@id":"https:\/\/www.gaveanews.com\/index.php\/2022\/05\/25\/pedro-e-eleito-craque-da-torcida-e-homem-da-partida-na-libertadores\/#primaryimage","url":"https:\/\/www.gaveanews.com\/wp-content\/uploads\/Pedro-comemora-gol-marcado-pelo-Flamengo-contra-o-Sporting-Cristal.webp","contentUrl":"https:\/\/www.gaveanews.com\/wp-content\/uploads\/Pedro-comemora-gol-marcado-pelo-Flamengo-contra-o-Sporting-Cristal.webp","width":799,"height":533,"caption":"Pedro comemora gol marcado pelo Flamengo contra o Sporting Cristal (Foto: Alexandre Vidal\/Flamengo)"},{"@type":"BreadcrumbList","@id":"https:\/\/www.gaveanews.com\/index.php\/2022\/05\/25\/pedro-e-eleito-craque-da-torcida-e-homem-da-partida-na-libertadores\/#breadcrumb","itemListElement":[{"@type":"ListItem","position":1,"name":"Home","item":"https:\/\/www.gaveanews.com\/"},{"@type":"ListItem","position":2,"name":"Pedro \u00e9 eleito craque da torcida e &#8220;homem da partida&#8221; na Libertadores"}]},{"@type":"WebSite","@id":"https:\/\/www.gaveanews.com\/#website","url":"https:\/\/www.gaveanews.com\/","name":"G\u00e1vea News","description":"Veja todas as not\u00edcias sobre o Flamengo: Contrata\u00e7\u00f5es, categorias de base, resultados das partidas, tabela de classifica\u00e7\u00e3o, pr\u00f3ximos jogos!","potentialAction":[{"@type":"SearchAction","target":{"@type":"EntryPoint","urlTemplate":"https:\/\/www.gaveanews.com\/?s={search_term_string}"},"query-input":{"@type":"PropertyValueSpecification","valueRequired":true,"valueName":"search_term_string"}}],"inLanguage":"pt-BR"},{"@type":"Person","@id":"https:\/\/www.gaveanews.com\/#\/schema\/person\/714c67050b836198af2450ba1c142a67","name":"Let\u00edcia Gerheim","image":{"@type":"ImageObject","inLanguage":"pt-BR","@id":"https:\/\/www.gaveanews.com\/#\/schema\/person\/image\/","url":"https:\/\/secure.gravatar.com\/avatar\/60734739c50fcebfbac509e2a826ccd0ff405c019bc73aab9354f19ecad1dcb4?s=96&d=mm&r=g","contentUrl":"https:\/\/secure.gravatar.com\/avatar\/60734739c50fcebfbac509e2a826ccd0ff405c019bc73aab9354f19ecad1dcb4?s=96&d=mm&r=g","caption":"Let\u00edcia Gerheim"}}]}},"_links":{"self":[{"href":"https:\/\/www.gaveanews.com\/index.php\/wp-json\/wp\/v2\/posts\/82095","targetHints":{"allow":["GET"]}}],"collection":[{"href":"https:\/\/www.gaveanews.com\/index.php\/wp-json\/wp\/v2\/posts"}],"about":[{"href":"https:\/\/www.gaveanews.com\/index.php\/wp-json\/wp\/v2\/types\/post"}],"author":[{"embeddable":true,"href":"https:\/\/www.gaveanews.com\/index.php\/wp-json\/wp\/v2\/users\/4"}],"replies":[{"embeddable":true,"href":"https:\/\/www.gaveanews.com\/index.php\/wp-json\/wp\/v2\/comments?post=82095"}],"version-history":[{"count":0,"href":"https:\/\/www.gaveanews.com\/index.php\/wp-json\/wp\/v2\/posts\/82095\/revisions"}],"wp:featuredmedia":[{"embeddable":true,"href":"https:\/\/www.gaveanews.com\/index.php\/wp-json\/wp\/v2\/media\/82090"}],"wp:attachment":[{"href":"https:\/\/www.gaveanews.com\/index.php\/wp-json\/wp\/v2\/media?parent=82095"}],"wp:term":[{"taxonomy":"category","embeddable":true,"href":"https:\/\/www.gaveanews.com\/index.php\/wp-json\/wp\/v2\/categories?post=82095"},{"taxonomy":"post_tag","embeddable":true,"href":"https:\/\/www.gaveanews.com\/index.php\/wp-json\/wp\/v2\/tags?post=82095"}],"curies":[{"name":"wp","href":"https:\/\/api.w.org\/{rel}","templated":true}]}}