{"id":82157,"date":"2022-05-26T12:47:47","date_gmt":"2022-05-26T15:47:47","guid":{"rendered":"https:\/\/www.gaveanews.com\/?p=82157"},"modified":"2022-05-26T12:47:50","modified_gmt":"2022-05-26T15:47:50","slug":"com-flamengo-pressionado-landim-e-dunshee-vao-a-franca-para-assistir-a-final-da-champions-league","status":"publish","type":"post","link":"https:\/\/www.gaveanews.com\/index.php\/2022\/05\/26\/com-flamengo-pressionado-landim-e-dunshee-vao-a-franca-para-assistir-a-final-da-champions-league\/","title":{"rendered":"Com Flamengo pressionado, Landim e Dunshee v\u00e3o \u00e0 Fran\u00e7a para assistir a final da Champions League"},"content":{"rendered":"\n<p>A rela\u00e7\u00e3o da torcida rubro-negra com o Flamengo tem sido cada vez mais \u00e1cida. Em meio ao complexo processo passado pelo elenco para compreender e implementar as ideias de Paulo Sousa, o clube finalmente conseguiu engatar em uma sequ\u00eancia de vit\u00f3rias.<\/p>\n\n\n\n<ul class=\"wp-block-list\"><li><a href=\"https:\/\/www.gaveanews.com\/index.php\/2022\/05\/25\/com-hugo-souza-em-baixa-veja-as-opcoes-do-flamengo\/\">Com Hugo em baixa, saiba quais s\u00e3o as op\u00e7\u00f5es do Flamengo para o gol;<\/a><\/li><li><a href=\"https:\/\/www.gaveanews.com\/index.php\/2022\/05\/25\/pablo-tem-otimo-comeco-com-o-manto-sagrado\/\">Pablo tem \u00f3timo come\u00e7o no Flamengo.<\/a><\/li><\/ul>\n\n\n\n<p>Contudo, ainda assim o desempenho do grupo n\u00e3o agrada. As falhas individuais s\u00e3o vaiadas e o pr\u00f3prio t\u00e9cnico tem sido um dos principais alvos de cr\u00edticas. Mas al\u00e9m das cobran\u00e7as feitas ao elenco, os dirigentes da G\u00e1vea tamb\u00e9m entraram na roda e se tornaram frequentes alvos de protestos nas arquibancadas.<\/p>\n\n\n\n<p>Frente a toda esta situa\u00e7\u00e3o, o Flamengo encontra o respons\u00e1vel pelos dois vices no estadual nesta temporada. O Mais Querido enfrenta o Fluminense no domingo (29) pelo Brasileir\u00e3o com a necessidade de pontuar para ganhar posi\u00e7\u00f5es na tabela de classifica\u00e7\u00e3o.<\/p>\n\n\n\n<p>Enquanto a equipe se prepara no Ninho do Urubu para o cl\u00e1ssico, o presidente Rodolfo Landim e seu vice Rodrigo Dunshee de Abranches viajaram a Paris para assistirem a final da Champions League entre Liverpool e Real Madrid no s\u00e1bado (28), \u00e0s 16h (hor\u00e1rio de Bras\u00edlia).<\/p>\n\n\n\n<p>O presidente acompanha a decis\u00e3o in loco anualmente desde que assumiu a presid\u00eancia do&nbsp;Flamengo, em 2019, sempre a convite. Na falta da dupla, Ant\u00f4nio Alcides, presidente do Conselho Deliberativo, fica como mandat\u00e1rio em exerc\u00edcio.<\/p>\n","protected":false},"excerpt":{"rendered":"<p>A rela\u00e7\u00e3o da torcida rubro-negra com o Flamengo tem sido cada vez mais \u00e1cida. Em meio ao complexo processo passado pelo elenco para compreender e implementar as ideias de Paulo Sousa, o clube finalmente conseguiu engatar em uma sequ\u00eancia de vit\u00f3rias. Com Hugo em baixa, saiba quais s\u00e3o as op\u00e7\u00f5es do Flamengo para o gol; [&hellip;]<\/p>\n","protected":false},"author":4,"featured_media":82158,"comment_status":"open","ping_status":"closed","sticky":false,"template":"","format":"standard","meta":{"footnotes":""},"categories":[1],"tags":[],"class_list":["post-82157","post","type-post","status-publish","format-standard","has-post-thumbnail","hentry","category-flamengo"],"yoast_head":"<!-- This site is optimized with the Yoast SEO Premium plugin v24.2 (Yoast SEO v26.9) - https:\/\/yoast.com\/product\/yoast-seo-premium-wordpress\/ -->\n<title>Com Flamengo pressionado, Landim e Dunshee v\u00e3o \u00e0 Fran\u00e7a para assistir a final da Champions League<\/title>\n<meta name=\"robots\" content=\"index, follow, max-snippet:-1, max-image-preview:large, max-video-preview:-1\" \/>\n<link rel=\"canonical\" href=\"https:\/\/www.gaveanews.com\/index.php\/2022\/05\/26\/com-flamengo-pressionado-landim-e-dunshee-vao-a-franca-para-assistir-a-final-da-champions-league\/\" \/>\n<meta property=\"og:locale\" content=\"pt_BR\" \/>\n<meta property=\"og:type\" content=\"article\" \/>\n<meta property=\"og:title\" content=\"Com Flamengo pressionado, Landim e Dunshee v\u00e3o \u00e0 Fran\u00e7a para assistir a final da Champions League\" \/>\n<meta property=\"og:description\" content=\"A rela\u00e7\u00e3o da torcida rubro-negra com o Flamengo tem sido cada vez mais \u00e1cida. Em meio ao complexo processo passado pelo elenco para compreender e implementar as ideias de Paulo Sousa, o clube finalmente conseguiu engatar em uma sequ\u00eancia de vit\u00f3rias. Com Hugo em baixa, saiba quais s\u00e3o as op\u00e7\u00f5es do Flamengo para o gol; [&hellip;]\" \/>\n<meta property=\"og:url\" content=\"https:\/\/www.gaveanews.com\/index.php\/2022\/05\/26\/com-flamengo-pressionado-landim-e-dunshee-vao-a-franca-para-assistir-a-final-da-champions-league\/\" \/>\n<meta property=\"og:site_name\" content=\"G\u00e1vea News\" \/>\n<meta property=\"article:publisher\" content=\"https:\/\/facebook.com\/gaveaNews\/\" \/>\n<meta property=\"article:published_time\" content=\"2022-05-26T15:47:47+00:00\" \/>\n<meta property=\"article:modified_time\" content=\"2022-05-26T15:47:50+00:00\" \/>\n<meta property=\"og:image\" content=\"https:\/\/www.gaveanews.com\/wp-content\/uploads\/Rodrigo-Dunshee-e-Rodolfo-Landim.webp\" \/>\n\t<meta property=\"og:image:width\" content=\"1000\" \/>\n\t<meta property=\"og:image:height\" content=\"665\" \/>\n\t<meta property=\"og:image:type\" content=\"image\/webp\" \/>\n<meta name=\"author\" content=\"Let\u00edcia Gerheim\" \/>\n<meta name=\"twitter:card\" content=\"summary_large_image\" \/>\n<meta name=\"twitter:label1\" content=\"Escrito por\" \/>\n\t<meta name=\"twitter:data1\" content=\"Let\u00edcia Gerheim\" \/>\n\t<meta name=\"twitter:label2\" content=\"Est. tempo de leitura\" \/>\n\t<meta name=\"twitter:data2\" content=\"2 minutos\" \/>\n<script type=\"application\/ld+json\" class=\"yoast-schema-graph\">{\"@context\":\"https:\/\/schema.org\",\"@graph\":[{\"@type\":\"NewsArticle\",\"@id\":\"https:\/\/www.gaveanews.com\/index.php\/2022\/05\/26\/com-flamengo-pressionado-landim-e-dunshee-vao-a-franca-para-assistir-a-final-da-champions-league\/#article\",\"isPartOf\":{\"@id\":\"https:\/\/www.gaveanews.com\/index.php\/2022\/05\/26\/com-flamengo-pressionado-landim-e-dunshee-vao-a-franca-para-assistir-a-final-da-champions-league\/\"},\"author\":{\"name\":\"Let\u00edcia Gerheim\",\"@id\":\"https:\/\/www.gaveanews.com\/#\/schema\/person\/714c67050b836198af2450ba1c142a67\"},\"headline\":\"Com Flamengo pressionado, Landim e Dunshee v\u00e3o \u00e0 Fran\u00e7a para assistir a final da Champions League\",\"datePublished\":\"2022-05-26T15:47:47+00:00\",\"dateModified\":\"2022-05-26T15:47:50+00:00\",\"mainEntityOfPage\":{\"@id\":\"https:\/\/www.gaveanews.com\/index.php\/2022\/05\/26\/com-flamengo-pressionado-landim-e-dunshee-vao-a-franca-para-assistir-a-final-da-champions-league\/\"},\"wordCount\":276,\"commentCount\":0,\"image\":{\"@id\":\"https:\/\/www.gaveanews.com\/index.php\/2022\/05\/26\/com-flamengo-pressionado-landim-e-dunshee-vao-a-franca-para-assistir-a-final-da-champions-league\/#primaryimage\"},\"thumbnailUrl\":\"https:\/\/www.gaveanews.com\/wp-content\/uploads\/Rodrigo-Dunshee-e-Rodolfo-Landim.webp\",\"articleSection\":[\"Flamengo\"],\"inLanguage\":\"pt-BR\",\"potentialAction\":[{\"@type\":\"CommentAction\",\"name\":\"Comment\",\"target\":[\"https:\/\/www.gaveanews.com\/index.php\/2022\/05\/26\/com-flamengo-pressionado-landim-e-dunshee-vao-a-franca-para-assistir-a-final-da-champions-league\/#respond\"]}],\"copyrightYear\":\"2022\",\"copyrightHolder\":{\"@id\":\"https:\/\/www.gaveanews.com\/#organization\"}},{\"@type\":\"WebPage\",\"@id\":\"https:\/\/www.gaveanews.com\/index.php\/2022\/05\/26\/com-flamengo-pressionado-landim-e-dunshee-vao-a-franca-para-assistir-a-final-da-champions-league\/\",\"url\":\"https:\/\/www.gaveanews.com\/index.php\/2022\/05\/26\/com-flamengo-pressionado-landim-e-dunshee-vao-a-franca-para-assistir-a-final-da-champions-league\/\",\"name\":\"Com Flamengo pressionado, Landim e Dunshee v\u00e3o \u00e0 Fran\u00e7a para assistir a final da Champions League\",\"isPartOf\":{\"@id\":\"https:\/\/www.gaveanews.com\/#website\"},\"primaryImageOfPage\":{\"@id\":\"https:\/\/www.gaveanews.com\/index.php\/2022\/05\/26\/com-flamengo-pressionado-landim-e-dunshee-vao-a-franca-para-assistir-a-final-da-champions-league\/#primaryimage\"},\"image\":{\"@id\":\"https:\/\/www.gaveanews.com\/index.php\/2022\/05\/26\/com-flamengo-pressionado-landim-e-dunshee-vao-a-franca-para-assistir-a-final-da-champions-league\/#primaryimage\"},\"thumbnailUrl\":\"https:\/\/www.gaveanews.com\/wp-content\/uploads\/Rodrigo-Dunshee-e-Rodolfo-Landim.webp\",\"datePublished\":\"2022-05-26T15:47:47+00:00\",\"dateModified\":\"2022-05-26T15:47:50+00:00\",\"author\":{\"@id\":\"https:\/\/www.gaveanews.com\/#\/schema\/person\/714c67050b836198af2450ba1c142a67\"},\"breadcrumb\":{\"@id\":\"https:\/\/www.gaveanews.com\/index.php\/2022\/05\/26\/com-flamengo-pressionado-landim-e-dunshee-vao-a-franca-para-assistir-a-final-da-champions-league\/#breadcrumb\"},\"inLanguage\":\"pt-BR\",\"potentialAction\":[{\"@type\":\"ReadAction\",\"target\":[\"https:\/\/www.gaveanews.com\/index.php\/2022\/05\/26\/com-flamengo-pressionado-landim-e-dunshee-vao-a-franca-para-assistir-a-final-da-champions-league\/\"]}]},{\"@type\":\"ImageObject\",\"inLanguage\":\"pt-BR\",\"@id\":\"https:\/\/www.gaveanews.com\/index.php\/2022\/05\/26\/com-flamengo-pressionado-landim-e-dunshee-vao-a-franca-para-assistir-a-final-da-champions-league\/#primaryimage\",\"url\":\"https:\/\/www.gaveanews.com\/wp-content\/uploads\/Rodrigo-Dunshee-e-Rodolfo-Landim.webp\",\"contentUrl\":\"https:\/\/www.gaveanews.com\/wp-content\/uploads\/Rodrigo-Dunshee-e-Rodolfo-Landim.webp\",\"width\":1000,\"height\":665,\"caption\":\"Rodrigo Dunshee e Rodolfo Landim (Foto: Ag\u00eancia Foto BR)\"},{\"@type\":\"BreadcrumbList\",\"@id\":\"https:\/\/www.gaveanews.com\/index.php\/2022\/05\/26\/com-flamengo-pressionado-landim-e-dunshee-vao-a-franca-para-assistir-a-final-da-champions-league\/#breadcrumb\",\"itemListElement\":[{\"@type\":\"ListItem\",\"position\":1,\"name\":\"Home\",\"item\":\"https:\/\/www.gaveanews.com\/\"},{\"@type\":\"ListItem\",\"position\":2,\"name\":\"Com Flamengo pressionado, Landim e Dunshee v\u00e3o \u00e0 Fran\u00e7a para assistir a final da Champions League\"}]},{\"@type\":\"WebSite\",\"@id\":\"https:\/\/www.gaveanews.com\/#website\",\"url\":\"https:\/\/www.gaveanews.com\/\",\"name\":\"G\u00e1vea News\",\"description\":\"Veja todas as not\u00edcias sobre o Flamengo: Contrata\u00e7\u00f5es, categorias de base, resultados das partidas, tabela de classifica\u00e7\u00e3o, pr\u00f3ximos jogos!\",\"potentialAction\":[{\"@type\":\"SearchAction\",\"target\":{\"@type\":\"EntryPoint\",\"urlTemplate\":\"https:\/\/www.gaveanews.com\/?s={search_term_string}\"},\"query-input\":{\"@type\":\"PropertyValueSpecification\",\"valueRequired\":true,\"valueName\":\"search_term_string\"}}],\"inLanguage\":\"pt-BR\"},{\"@type\":\"Person\",\"@id\":\"https:\/\/www.gaveanews.com\/#\/schema\/person\/714c67050b836198af2450ba1c142a67\",\"name\":\"Let\u00edcia Gerheim\",\"image\":{\"@type\":\"ImageObject\",\"inLanguage\":\"pt-BR\",\"@id\":\"https:\/\/www.gaveanews.com\/#\/schema\/person\/image\/\",\"url\":\"https:\/\/secure.gravatar.com\/avatar\/60734739c50fcebfbac509e2a826ccd0ff405c019bc73aab9354f19ecad1dcb4?s=96&d=mm&r=g\",\"contentUrl\":\"https:\/\/secure.gravatar.com\/avatar\/60734739c50fcebfbac509e2a826ccd0ff405c019bc73aab9354f19ecad1dcb4?s=96&d=mm&r=g\",\"caption\":\"Let\u00edcia Gerheim\"}}]}<\/script>\n<!-- \/ Yoast SEO Premium plugin. -->","yoast_head_json":{"title":"Com Flamengo pressionado, Landim e Dunshee v\u00e3o \u00e0 Fran\u00e7a para assistir a final da Champions League","robots":{"index":"index","follow":"follow","max-snippet":"max-snippet:-1","max-image-preview":"max-image-preview:large","max-video-preview":"max-video-preview:-1"},"canonical":"https:\/\/www.gaveanews.com\/index.php\/2022\/05\/26\/com-flamengo-pressionado-landim-e-dunshee-vao-a-franca-para-assistir-a-final-da-champions-league\/","og_locale":"pt_BR","og_type":"article","og_title":"Com Flamengo pressionado, Landim e Dunshee v\u00e3o \u00e0 Fran\u00e7a para assistir a final da Champions League","og_description":"A rela\u00e7\u00e3o da torcida rubro-negra com o Flamengo tem sido cada vez mais \u00e1cida. Em meio ao complexo processo passado pelo elenco para compreender e implementar as ideias de Paulo Sousa, o clube finalmente conseguiu engatar em uma sequ\u00eancia de vit\u00f3rias. Com Hugo em baixa, saiba quais s\u00e3o as op\u00e7\u00f5es do Flamengo para o gol; [&hellip;]","og_url":"https:\/\/www.gaveanews.com\/index.php\/2022\/05\/26\/com-flamengo-pressionado-landim-e-dunshee-vao-a-franca-para-assistir-a-final-da-champions-league\/","og_site_name":"G\u00e1vea News","article_publisher":"https:\/\/facebook.com\/gaveaNews\/","article_published_time":"2022-05-26T15:47:47+00:00","article_modified_time":"2022-05-26T15:47:50+00:00","og_image":[{"width":1000,"height":665,"url":"https:\/\/www.gaveanews.com\/wp-content\/uploads\/Rodrigo-Dunshee-e-Rodolfo-Landim.webp","type":"image\/webp"}],"author":"Let\u00edcia Gerheim","twitter_card":"summary_large_image","twitter_misc":{"Escrito por":"Let\u00edcia Gerheim","Est. tempo de leitura":"2 minutos"},"schema":{"@context":"https:\/\/schema.org","@graph":[{"@type":"NewsArticle","@id":"https:\/\/www.gaveanews.com\/index.php\/2022\/05\/26\/com-flamengo-pressionado-landim-e-dunshee-vao-a-franca-para-assistir-a-final-da-champions-league\/#article","isPartOf":{"@id":"https:\/\/www.gaveanews.com\/index.php\/2022\/05\/26\/com-flamengo-pressionado-landim-e-dunshee-vao-a-franca-para-assistir-a-final-da-champions-league\/"},"author":{"name":"Let\u00edcia Gerheim","@id":"https:\/\/www.gaveanews.com\/#\/schema\/person\/714c67050b836198af2450ba1c142a67"},"headline":"Com Flamengo pressionado, Landim e Dunshee v\u00e3o \u00e0 Fran\u00e7a para assistir a final da Champions League","datePublished":"2022-05-26T15:47:47+00:00","dateModified":"2022-05-26T15:47:50+00:00","mainEntityOfPage":{"@id":"https:\/\/www.gaveanews.com\/index.php\/2022\/05\/26\/com-flamengo-pressionado-landim-e-dunshee-vao-a-franca-para-assistir-a-final-da-champions-league\/"},"wordCount":276,"commentCount":0,"image":{"@id":"https:\/\/www.gaveanews.com\/index.php\/2022\/05\/26\/com-flamengo-pressionado-landim-e-dunshee-vao-a-franca-para-assistir-a-final-da-champions-league\/#primaryimage"},"thumbnailUrl":"https:\/\/www.gaveanews.com\/wp-content\/uploads\/Rodrigo-Dunshee-e-Rodolfo-Landim.webp","articleSection":["Flamengo"],"inLanguage":"pt-BR","potentialAction":[{"@type":"CommentAction","name":"Comment","target":["https:\/\/www.gaveanews.com\/index.php\/2022\/05\/26\/com-flamengo-pressionado-landim-e-dunshee-vao-a-franca-para-assistir-a-final-da-champions-league\/#respond"]}],"copyrightYear":"2022","copyrightHolder":{"@id":"https:\/\/www.gaveanews.com\/#organization"}},{"@type":"WebPage","@id":"https:\/\/www.gaveanews.com\/index.php\/2022\/05\/26\/com-flamengo-pressionado-landim-e-dunshee-vao-a-franca-para-assistir-a-final-da-champions-league\/","url":"https:\/\/www.gaveanews.com\/index.php\/2022\/05\/26\/com-flamengo-pressionado-landim-e-dunshee-vao-a-franca-para-assistir-a-final-da-champions-league\/","name":"Com Flamengo pressionado, Landim e Dunshee v\u00e3o \u00e0 Fran\u00e7a para assistir a final da Champions League","isPartOf":{"@id":"https:\/\/www.gaveanews.com\/#website"},"primaryImageOfPage":{"@id":"https:\/\/www.gaveanews.com\/index.php\/2022\/05\/26\/com-flamengo-pressionado-landim-e-dunshee-vao-a-franca-para-assistir-a-final-da-champions-league\/#primaryimage"},"image":{"@id":"https:\/\/www.gaveanews.com\/index.php\/2022\/05\/26\/com-flamengo-pressionado-landim-e-dunshee-vao-a-franca-para-assistir-a-final-da-champions-league\/#primaryimage"},"thumbnailUrl":"https:\/\/www.gaveanews.com\/wp-content\/uploads\/Rodrigo-Dunshee-e-Rodolfo-Landim.webp","datePublished":"2022-05-26T15:47:47+00:00","dateModified":"2022-05-26T15:47:50+00:00","author":{"@id":"https:\/\/www.gaveanews.com\/#\/schema\/person\/714c67050b836198af2450ba1c142a67"},"breadcrumb":{"@id":"https:\/\/www.gaveanews.com\/index.php\/2022\/05\/26\/com-flamengo-pressionado-landim-e-dunshee-vao-a-franca-para-assistir-a-final-da-champions-league\/#breadcrumb"},"inLanguage":"pt-BR","potentialAction":[{"@type":"ReadAction","target":["https:\/\/www.gaveanews.com\/index.php\/2022\/05\/26\/com-flamengo-pressionado-landim-e-dunshee-vao-a-franca-para-assistir-a-final-da-champions-league\/"]}]},{"@type":"ImageObject","inLanguage":"pt-BR","@id":"https:\/\/www.gaveanews.com\/index.php\/2022\/05\/26\/com-flamengo-pressionado-landim-e-dunshee-vao-a-franca-para-assistir-a-final-da-champions-league\/#primaryimage","url":"https:\/\/www.gaveanews.com\/wp-content\/uploads\/Rodrigo-Dunshee-e-Rodolfo-Landim.webp","contentUrl":"https:\/\/www.gaveanews.com\/wp-content\/uploads\/Rodrigo-Dunshee-e-Rodolfo-Landim.webp","width":1000,"height":665,"caption":"Rodrigo Dunshee e Rodolfo Landim (Foto: Ag\u00eancia Foto BR)"},{"@type":"BreadcrumbList","@id":"https:\/\/www.gaveanews.com\/index.php\/2022\/05\/26\/com-flamengo-pressionado-landim-e-dunshee-vao-a-franca-para-assistir-a-final-da-champions-league\/#breadcrumb","itemListElement":[{"@type":"ListItem","position":1,"name":"Home","item":"https:\/\/www.gaveanews.com\/"},{"@type":"ListItem","position":2,"name":"Com Flamengo pressionado, Landim e Dunshee v\u00e3o \u00e0 Fran\u00e7a para assistir a final da Champions League"}]},{"@type":"WebSite","@id":"https:\/\/www.gaveanews.com\/#website","url":"https:\/\/www.gaveanews.com\/","name":"G\u00e1vea News","description":"Veja todas as not\u00edcias sobre o Flamengo: Contrata\u00e7\u00f5es, categorias de base, resultados das partidas, tabela de classifica\u00e7\u00e3o, pr\u00f3ximos jogos!","potentialAction":[{"@type":"SearchAction","target":{"@type":"EntryPoint","urlTemplate":"https:\/\/www.gaveanews.com\/?s={search_term_string}"},"query-input":{"@type":"PropertyValueSpecification","valueRequired":true,"valueName":"search_term_string"}}],"inLanguage":"pt-BR"},{"@type":"Person","@id":"https:\/\/www.gaveanews.com\/#\/schema\/person\/714c67050b836198af2450ba1c142a67","name":"Let\u00edcia Gerheim","image":{"@type":"ImageObject","inLanguage":"pt-BR","@id":"https:\/\/www.gaveanews.com\/#\/schema\/person\/image\/","url":"https:\/\/secure.gravatar.com\/avatar\/60734739c50fcebfbac509e2a826ccd0ff405c019bc73aab9354f19ecad1dcb4?s=96&d=mm&r=g","contentUrl":"https:\/\/secure.gravatar.com\/avatar\/60734739c50fcebfbac509e2a826ccd0ff405c019bc73aab9354f19ecad1dcb4?s=96&d=mm&r=g","caption":"Let\u00edcia Gerheim"}}]}},"_links":{"self":[{"href":"https:\/\/www.gaveanews.com\/index.php\/wp-json\/wp\/v2\/posts\/82157","targetHints":{"allow":["GET"]}}],"collection":[{"href":"https:\/\/www.gaveanews.com\/index.php\/wp-json\/wp\/v2\/posts"}],"about":[{"href":"https:\/\/www.gaveanews.com\/index.php\/wp-json\/wp\/v2\/types\/post"}],"author":[{"embeddable":true,"href":"https:\/\/www.gaveanews.com\/index.php\/wp-json\/wp\/v2\/users\/4"}],"replies":[{"embeddable":true,"href":"https:\/\/www.gaveanews.com\/index.php\/wp-json\/wp\/v2\/comments?post=82157"}],"version-history":[{"count":0,"href":"https:\/\/www.gaveanews.com\/index.php\/wp-json\/wp\/v2\/posts\/82157\/revisions"}],"wp:featuredmedia":[{"embeddable":true,"href":"https:\/\/www.gaveanews.com\/index.php\/wp-json\/wp\/v2\/media\/82158"}],"wp:attachment":[{"href":"https:\/\/www.gaveanews.com\/index.php\/wp-json\/wp\/v2\/media?parent=82157"}],"wp:term":[{"taxonomy":"category","embeddable":true,"href":"https:\/\/www.gaveanews.com\/index.php\/wp-json\/wp\/v2\/categories?post=82157"},{"taxonomy":"post_tag","embeddable":true,"href":"https:\/\/www.gaveanews.com\/index.php\/wp-json\/wp\/v2\/tags?post=82157"}],"curies":[{"name":"wp","href":"https:\/\/api.w.org\/{rel}","templated":true}]}}