{"id":82181,"date":"2022-05-26T19:33:26","date_gmt":"2022-05-26T22:33:26","guid":{"rendered":"https:\/\/www.gaveanews.com\/?p=82181"},"modified":"2022-05-26T19:33:28","modified_gmt":"2022-05-26T22:33:28","slug":"conheca-os-motivos-que-prendem-paulo-sousa-ao-flamengo","status":"publish","type":"post","link":"https:\/\/www.gaveanews.com\/index.php\/2022\/05\/26\/conheca-os-motivos-que-prendem-paulo-sousa-ao-flamengo\/","title":{"rendered":"Conhe\u00e7a os motivos que \u2018prendem\u2019 Paulo Sousa ao Flamengo"},"content":{"rendered":"\n<p>Os n\u00fameros do Flamengo, que encerrou a fase de grupos da Libertadores com 88,9% de aproveitamento no grupo H e a segunda melhor campanha entre todos os times, n\u00e3o deixam Paulo Sousa confort\u00e1vel no cargo.<\/p>\n\n\n\n<p>Embora invicto, o clube carioca n\u00e3o conseguiu ser regular na primeira parte do torneio sul-americano, e a oscila\u00e7\u00e3o se transformou em resultados ruins no Brasileiro. Contra equipes da S\u00e9rie A, o aproveitamento despenca para 38%.<\/p>\n\n\n\n<p>O que segura, ent\u00e3o, o treinador portugu\u00eas no cargo ap\u00f3s cinco meses de trabalho sem um desempenho satisfat\u00f3rio e m\u00ednima regularidade? A reportagem lista abaixo os atenuantes para a perman\u00eancia de Paulo Sousa, e o que pode se agravar nas pr\u00f3ximas partidas para mudar o cen\u00e1rio.<\/p>\n\n\n\n<h2 class=\"wp-block-heading\" id=\"h-calendario\"><strong>Calend\u00e1rio<\/strong>: <\/h2>\n\n\n\n<p>O desgaste f\u00edsico do elenco do Flamengo a partir de maio, quando tr\u00eas competi\u00e7\u00f5es passaram a ser disputadas ao mesmo tempo, \u00e9 uma das raz\u00f5es para a queda de produ\u00e7\u00e3o da equipe nas partidas, e a decis\u00e3o da comiss\u00e3o t\u00e9cnica de rodar o grupo e escalar, a cada jogo, um onze inicial diferente. <\/p>\n\n\n\n<p>O fato \u00e9 visto internamente como necess\u00e1rio para evitar les\u00f5es mais graves que comprometam a reta final da temporada e a disputa por t\u00edtulos. Com isso, o Flamengo oscila, tanto f\u00edsica quanto tecnicamente, sobretudo de um tempo para o outro. N\u00e3o \u00e9 raro ver Paulo Sousa promover diversas substitui\u00e7\u00f5es a partir dos 30 minutos finais.<\/p>\n\n\n\n<h2 class=\"wp-block-heading\"><strong>Mata-mata da Libertadores<\/strong><\/h2>\n\n\n\n<p>A classifica\u00e7\u00e3o sem sustos na Libertadores, primeira competi\u00e7\u00e3o que define a sua fase mais aguda na temporada, \u00e9 um fator a favor de Paulo Sousa. Foram cinco vit\u00f3rias e um empate contra advers\u00e1rios fr\u00e1geis, com 16 gols marcados em seis jogos. Como as oitavas de final s\u00f3 acontecem no fim de junho, a diretoria deu mais tempo ao treinador para que o trabalho se consolidasse e a passagem de fase acontecesse, o que se confirmou.<\/p>\n\n\n\n<h2 class=\"wp-block-heading\"><strong>Recupera\u00e7\u00e3o no Brasileiro<\/strong><\/h2>\n\n\n\n<p>O come\u00e7o ruim do Flamengo no Brasileiro foi o que provocou desgaste no trabalho de Paulo Sousa. Mesmo que diante de equipes fortes como Palmeiras e S\u00e3o Paulo o time tenha respondido bem, em duelos diante de times moderados, n\u00e3o t\u00e3o favoritos, sofreu para vencer, e o pior, sofreu em sua defesa. A avalia\u00e7\u00e3o, por\u00e9m, \u00e9 que o torneio por pontos corridos ainda tem mais de 30 rodadas pela frente e a recupera\u00e7\u00e3o \u00e9 poss\u00edvel. Hoje, o Flamengo ocupa a 14 \u00b0 posi\u00e7\u00e3o ap\u00f3s sete jogos, e ter\u00e1 nova sequ\u00eancia para se provar, contra Fluminense e Fortaleza, nas pr\u00f3ximas duas rodadas.<\/p>\n\n\n\n<h2 class=\"wp-block-heading\">Multa e escolha de Paulo Sousa<\/h2>\n\n\n\n<p>O contrato de Paulo Sousa com o Flamengo vai at\u00e9 o fim de 2023, mas haver\u00e1 multa apenas se o profissional for desligado at\u00e9 o fim de 2022. Desta forma, a diretoria tenta se comprometer com o trabalho de reformula\u00e7\u00e3o para o qual contratou o treinador, e que esse processo dure ao menos uma temporada inteira. <\/p>\n\n\n\n<p>Caso o portugu\u00eas seja demitido agora, teria a receber os sal\u00e1rios at\u00e9 o fim do ano. Se ao fim deste per\u00edodo houver a avalia\u00e7\u00e3o de que a parceria n\u00e3o deu certo, ele sairia sem custos para no ano seguinte vir outro. O fato de a diretoria ter viajado a Portugal e escolhido Paulo Sousa a dedo tamb\u00e9m pesa para que n\u00e3o haja um atestado de incompet\u00eancia assinado pelo departamento de futebol.<\/p>\n\n\n\n<h2 class=\"wp-block-heading\"><strong>Efeito domin\u00f3<\/strong><\/h2>\n\n\n\n<p>As cr\u00edticas a Paulo Sousa s\u00f3 n\u00e3o tem sido maiores que os xingamentos aos dirigentes do Flamengo. Diferentemente de outras ocasi\u00f5es, o desempenho ruim cai mais no colo do vice de futebol Marcos Braz e do diretor Bruno Sp\u00edndel, que trouxeram o t\u00e9cnico. Tamb\u00e9m sobra para o presidente Rodolfo Landim, que \u00e9 quem hoje d\u00e1 a garantia final de perman\u00eancia do profissional, apesar de todas as cr\u00edticas e a crise pol\u00edtica que isso acarreta. <\/p>\n\n\n\n<p>Em caso de troca de comando t\u00e9cnico, Landim \u00e9 pressionado tamb\u00e9m a renovar os cargos de comando do futebol, o que naturalmente freia decis\u00f5es da pr\u00f3pria pasta neste sentido.<\/p>\n\n\n\n<h2 class=\"wp-block-heading\"><strong>Jorge Jesus<\/strong><\/h2>\n\n\n\n<p>O coro de &#8220;Mister, Mister&#8221; no Maracan\u00e3 n\u00e3o mobilizou a diretoria do Flamengo para a contrata\u00e7\u00e3o de Jorge Jesus. Mas a presen\u00e7a do t\u00e9cnico multicampe\u00e3o em 2019 livre no mercado \u00e9 um fantasma com o qual Paulo Sousa e os dirigentes precisam lidar. Uma eventual demiss\u00e3o de Paulo Sousa em um contexto em que Jesus ainda esteja livre e dispon\u00edvel para retornar, como agora, faria a press\u00e3o da torcida motivar o clube a repatriar o outro portugu\u00eas. <\/p>\n\n\n\n<p>O que hoje \u00e9 alvo de resist\u00eancia principalmente do presidente Landim. H\u00e1 um entendimento de que os processos perdidos de autoria da pr\u00f3pria comiss\u00e3o t\u00e9cnica do Flamengo precisam ser retomados e que Paulo Sousa \u00e9 o t\u00e9cnico ideal para isso. Trazer Jesus novamente significaria entregar as chaves do CT ao t\u00e9cnico e depender de suas decis\u00f5es para tudo no futebol.<\/p>\n\n\n\n<p>Retirado de: O Globo<\/p>\n","protected":false},"excerpt":{"rendered":"<p>Os n\u00fameros do Flamengo, que encerrou a fase de grupos da Libertadores com 88,9% de aproveitamento no grupo H e a segunda melhor campanha entre todos os times, n\u00e3o deixam Paulo Sousa confort\u00e1vel no cargo. Embora invicto, o clube carioca n\u00e3o conseguiu ser regular na primeira parte do torneio sul-americano, e a oscila\u00e7\u00e3o se transformou [&hellip;]<\/p>\n","protected":false},"author":1,"featured_media":80456,"comment_status":"open","ping_status":"closed","sticky":false,"template":"","format":"standard","meta":{"footnotes":""},"categories":[47],"tags":[],"class_list":["post-82181","post","type-post","status-publish","format-standard","has-post-thumbnail","hentry","category-destaques"],"yoast_head":"<!-- This site is optimized with the Yoast SEO Premium plugin v24.2 (Yoast SEO v26.9) - https:\/\/yoast.com\/product\/yoast-seo-premium-wordpress\/ -->\n<title>Conhe\u00e7a os motivos que \u2018prendem\u2019 Paulo Sousa ao Flamengo<\/title>\n<meta name=\"robots\" content=\"index, follow, max-snippet:-1, max-image-preview:large, max-video-preview:-1\" \/>\n<link rel=\"canonical\" href=\"https:\/\/www.gaveanews.com\/index.php\/2022\/05\/26\/conheca-os-motivos-que-prendem-paulo-sousa-ao-flamengo\/\" \/>\n<meta property=\"og:locale\" content=\"pt_BR\" \/>\n<meta property=\"og:type\" content=\"article\" \/>\n<meta property=\"og:title\" content=\"Conhe\u00e7a os motivos que \u2018prendem\u2019 Paulo Sousa ao Flamengo\" \/>\n<meta property=\"og:description\" content=\"Os n\u00fameros do Flamengo, que encerrou a fase de grupos da Libertadores com 88,9% de aproveitamento no grupo H e a segunda melhor campanha entre todos os times, n\u00e3o deixam Paulo Sousa confort\u00e1vel no cargo. Embora invicto, o clube carioca n\u00e3o conseguiu ser regular na primeira parte do torneio sul-americano, e a oscila\u00e7\u00e3o se transformou [&hellip;]\" \/>\n<meta property=\"og:url\" content=\"https:\/\/www.gaveanews.com\/index.php\/2022\/05\/26\/conheca-os-motivos-que-prendem-paulo-sousa-ao-flamengo\/\" \/>\n<meta property=\"og:site_name\" content=\"G\u00e1vea News\" \/>\n<meta property=\"article:publisher\" content=\"https:\/\/facebook.com\/gaveaNews\/\" \/>\n<meta property=\"article:published_time\" content=\"2022-05-26T22:33:26+00:00\" \/>\n<meta property=\"article:modified_time\" content=\"2022-05-26T22:33:28+00:00\" \/>\n<meta property=\"og:image\" content=\"https:\/\/www.gaveanews.com\/wp-content\/uploads\/Paulo-Sousa-comanda-o-time-do-Flamengo-contra-o-Palmeiras-em-jogo-do-Brasileirao.webp\" \/>\n\t<meta property=\"og:image:width\" content=\"800\" \/>\n\t<meta property=\"og:image:height\" content=\"532\" \/>\n\t<meta property=\"og:image:type\" content=\"image\/jpeg\" \/>\n<meta name=\"author\" content=\"Equipe G\u00e1vea News\" \/>\n<meta name=\"twitter:card\" content=\"summary_large_image\" \/>\n<meta name=\"twitter:label1\" content=\"Escrito por\" \/>\n\t<meta name=\"twitter:data1\" content=\"Equipe G\u00e1vea News\" \/>\n\t<meta name=\"twitter:label2\" content=\"Est. tempo de leitura\" \/>\n\t<meta name=\"twitter:data2\" content=\"5 minutos\" \/>\n<script type=\"application\/ld+json\" class=\"yoast-schema-graph\">{\"@context\":\"https:\/\/schema.org\",\"@graph\":[{\"@type\":\"NewsArticle\",\"@id\":\"https:\/\/www.gaveanews.com\/index.php\/2022\/05\/26\/conheca-os-motivos-que-prendem-paulo-sousa-ao-flamengo\/#article\",\"isPartOf\":{\"@id\":\"https:\/\/www.gaveanews.com\/index.php\/2022\/05\/26\/conheca-os-motivos-que-prendem-paulo-sousa-ao-flamengo\/\"},\"author\":{\"name\":\"Equipe G\u00e1vea News\",\"@id\":\"https:\/\/www.gaveanews.com\/#\/schema\/person\/2ec14f73fb96be2caf28f91afb14749d\"},\"headline\":\"Conhe\u00e7a os motivos que \u2018prendem\u2019 Paulo Sousa ao Flamengo\",\"datePublished\":\"2022-05-26T22:33:26+00:00\",\"dateModified\":\"2022-05-26T22:33:28+00:00\",\"mainEntityOfPage\":{\"@id\":\"https:\/\/www.gaveanews.com\/index.php\/2022\/05\/26\/conheca-os-motivos-que-prendem-paulo-sousa-ao-flamengo\/\"},\"wordCount\":862,\"commentCount\":0,\"image\":{\"@id\":\"https:\/\/www.gaveanews.com\/index.php\/2022\/05\/26\/conheca-os-motivos-que-prendem-paulo-sousa-ao-flamengo\/#primaryimage\"},\"thumbnailUrl\":\"https:\/\/www.gaveanews.com\/wp-content\/uploads\/Paulo-Sousa-comanda-o-time-do-Flamengo-contra-o-Palmeiras-em-jogo-do-Brasileirao.webp\",\"articleSection\":[\"Destaques\"],\"inLanguage\":\"pt-BR\",\"potentialAction\":[{\"@type\":\"CommentAction\",\"name\":\"Comment\",\"target\":[\"https:\/\/www.gaveanews.com\/index.php\/2022\/05\/26\/conheca-os-motivos-que-prendem-paulo-sousa-ao-flamengo\/#respond\"]}],\"copyrightYear\":\"2022\",\"copyrightHolder\":{\"@id\":\"https:\/\/www.gaveanews.com\/#organization\"}},{\"@type\":\"WebPage\",\"@id\":\"https:\/\/www.gaveanews.com\/index.php\/2022\/05\/26\/conheca-os-motivos-que-prendem-paulo-sousa-ao-flamengo\/\",\"url\":\"https:\/\/www.gaveanews.com\/index.php\/2022\/05\/26\/conheca-os-motivos-que-prendem-paulo-sousa-ao-flamengo\/\",\"name\":\"Conhe\u00e7a os motivos que \u2018prendem\u2019 Paulo Sousa ao Flamengo\",\"isPartOf\":{\"@id\":\"https:\/\/www.gaveanews.com\/#website\"},\"primaryImageOfPage\":{\"@id\":\"https:\/\/www.gaveanews.com\/index.php\/2022\/05\/26\/conheca-os-motivos-que-prendem-paulo-sousa-ao-flamengo\/#primaryimage\"},\"image\":{\"@id\":\"https:\/\/www.gaveanews.com\/index.php\/2022\/05\/26\/conheca-os-motivos-que-prendem-paulo-sousa-ao-flamengo\/#primaryimage\"},\"thumbnailUrl\":\"https:\/\/www.gaveanews.com\/wp-content\/uploads\/Paulo-Sousa-comanda-o-time-do-Flamengo-contra-o-Palmeiras-em-jogo-do-Brasileirao.webp\",\"datePublished\":\"2022-05-26T22:33:26+00:00\",\"dateModified\":\"2022-05-26T22:33:28+00:00\",\"author\":{\"@id\":\"https:\/\/www.gaveanews.com\/#\/schema\/person\/2ec14f73fb96be2caf28f91afb14749d\"},\"breadcrumb\":{\"@id\":\"https:\/\/www.gaveanews.com\/index.php\/2022\/05\/26\/conheca-os-motivos-que-prendem-paulo-sousa-ao-flamengo\/#breadcrumb\"},\"inLanguage\":\"pt-BR\",\"potentialAction\":[{\"@type\":\"ReadAction\",\"target\":[\"https:\/\/www.gaveanews.com\/index.php\/2022\/05\/26\/conheca-os-motivos-que-prendem-paulo-sousa-ao-flamengo\/\"]}]},{\"@type\":\"ImageObject\",\"inLanguage\":\"pt-BR\",\"@id\":\"https:\/\/www.gaveanews.com\/index.php\/2022\/05\/26\/conheca-os-motivos-que-prendem-paulo-sousa-ao-flamengo\/#primaryimage\",\"url\":\"https:\/\/www.gaveanews.com\/wp-content\/uploads\/Paulo-Sousa-comanda-o-time-do-Flamengo-contra-o-Palmeiras-em-jogo-do-Brasileirao.webp\",\"contentUrl\":\"https:\/\/www.gaveanews.com\/wp-content\/uploads\/Paulo-Sousa-comanda-o-time-do-Flamengo-contra-o-Palmeiras-em-jogo-do-Brasileirao.webp\",\"width\":800,\"height\":532,\"caption\":\"Paulo Sousa comanda o time do Flamengo contra o Palmeiras em jogo do Brasileir\u00e3o (Foto: Marcelo Cortes\/Flamengo)\"},{\"@type\":\"BreadcrumbList\",\"@id\":\"https:\/\/www.gaveanews.com\/index.php\/2022\/05\/26\/conheca-os-motivos-que-prendem-paulo-sousa-ao-flamengo\/#breadcrumb\",\"itemListElement\":[{\"@type\":\"ListItem\",\"position\":1,\"name\":\"Home\",\"item\":\"https:\/\/www.gaveanews.com\/\"},{\"@type\":\"ListItem\",\"position\":2,\"name\":\"Conhe\u00e7a os motivos que \u2018prendem\u2019 Paulo Sousa ao Flamengo\"}]},{\"@type\":\"WebSite\",\"@id\":\"https:\/\/www.gaveanews.com\/#website\",\"url\":\"https:\/\/www.gaveanews.com\/\",\"name\":\"G\u00e1vea News\",\"description\":\"Veja todas as not\u00edcias sobre o Flamengo: Contrata\u00e7\u00f5es, categorias de base, resultados das partidas, tabela de classifica\u00e7\u00e3o, pr\u00f3ximos jogos!\",\"potentialAction\":[{\"@type\":\"SearchAction\",\"target\":{\"@type\":\"EntryPoint\",\"urlTemplate\":\"https:\/\/www.gaveanews.com\/?s={search_term_string}\"},\"query-input\":{\"@type\":\"PropertyValueSpecification\",\"valueRequired\":true,\"valueName\":\"search_term_string\"}}],\"inLanguage\":\"pt-BR\"},{\"@type\":\"Person\",\"@id\":\"https:\/\/www.gaveanews.com\/#\/schema\/person\/2ec14f73fb96be2caf28f91afb14749d\",\"name\":\"Equipe G\u00e1vea News\",\"image\":{\"@type\":\"ImageObject\",\"inLanguage\":\"pt-BR\",\"@id\":\"https:\/\/www.gaveanews.com\/#\/schema\/person\/image\/\",\"url\":\"https:\/\/secure.gravatar.com\/avatar\/1e1956f1facbffd3f8fa53a326721950116b3b9dc9bd44939c01180fd4a745a9?s=96&d=mm&r=g\",\"contentUrl\":\"https:\/\/secure.gravatar.com\/avatar\/1e1956f1facbffd3f8fa53a326721950116b3b9dc9bd44939c01180fd4a745a9?s=96&d=mm&r=g\",\"caption\":\"Equipe G\u00e1vea News\"}}]}<\/script>\n<!-- \/ Yoast SEO Premium plugin. -->","yoast_head_json":{"title":"Conhe\u00e7a os motivos que \u2018prendem\u2019 Paulo Sousa ao Flamengo","robots":{"index":"index","follow":"follow","max-snippet":"max-snippet:-1","max-image-preview":"max-image-preview:large","max-video-preview":"max-video-preview:-1"},"canonical":"https:\/\/www.gaveanews.com\/index.php\/2022\/05\/26\/conheca-os-motivos-que-prendem-paulo-sousa-ao-flamengo\/","og_locale":"pt_BR","og_type":"article","og_title":"Conhe\u00e7a os motivos que \u2018prendem\u2019 Paulo Sousa ao Flamengo","og_description":"Os n\u00fameros do Flamengo, que encerrou a fase de grupos da Libertadores com 88,9% de aproveitamento no grupo H e a segunda melhor campanha entre todos os times, n\u00e3o deixam Paulo Sousa confort\u00e1vel no cargo. Embora invicto, o clube carioca n\u00e3o conseguiu ser regular na primeira parte do torneio sul-americano, e a oscila\u00e7\u00e3o se transformou [&hellip;]","og_url":"https:\/\/www.gaveanews.com\/index.php\/2022\/05\/26\/conheca-os-motivos-que-prendem-paulo-sousa-ao-flamengo\/","og_site_name":"G\u00e1vea News","article_publisher":"https:\/\/facebook.com\/gaveaNews\/","article_published_time":"2022-05-26T22:33:26+00:00","article_modified_time":"2022-05-26T22:33:28+00:00","og_image":[{"width":800,"height":532,"url":"https:\/\/www.gaveanews.com\/wp-content\/uploads\/Paulo-Sousa-comanda-o-time-do-Flamengo-contra-o-Palmeiras-em-jogo-do-Brasileirao.webp","type":"image\/jpeg"}],"author":"Equipe G\u00e1vea News","twitter_card":"summary_large_image","twitter_misc":{"Escrito por":"Equipe G\u00e1vea News","Est. tempo de leitura":"5 minutos"},"schema":{"@context":"https:\/\/schema.org","@graph":[{"@type":"NewsArticle","@id":"https:\/\/www.gaveanews.com\/index.php\/2022\/05\/26\/conheca-os-motivos-que-prendem-paulo-sousa-ao-flamengo\/#article","isPartOf":{"@id":"https:\/\/www.gaveanews.com\/index.php\/2022\/05\/26\/conheca-os-motivos-que-prendem-paulo-sousa-ao-flamengo\/"},"author":{"name":"Equipe G\u00e1vea News","@id":"https:\/\/www.gaveanews.com\/#\/schema\/person\/2ec14f73fb96be2caf28f91afb14749d"},"headline":"Conhe\u00e7a os motivos que \u2018prendem\u2019 Paulo Sousa ao Flamengo","datePublished":"2022-05-26T22:33:26+00:00","dateModified":"2022-05-26T22:33:28+00:00","mainEntityOfPage":{"@id":"https:\/\/www.gaveanews.com\/index.php\/2022\/05\/26\/conheca-os-motivos-que-prendem-paulo-sousa-ao-flamengo\/"},"wordCount":862,"commentCount":0,"image":{"@id":"https:\/\/www.gaveanews.com\/index.php\/2022\/05\/26\/conheca-os-motivos-que-prendem-paulo-sousa-ao-flamengo\/#primaryimage"},"thumbnailUrl":"https:\/\/www.gaveanews.com\/wp-content\/uploads\/Paulo-Sousa-comanda-o-time-do-Flamengo-contra-o-Palmeiras-em-jogo-do-Brasileirao.webp","articleSection":["Destaques"],"inLanguage":"pt-BR","potentialAction":[{"@type":"CommentAction","name":"Comment","target":["https:\/\/www.gaveanews.com\/index.php\/2022\/05\/26\/conheca-os-motivos-que-prendem-paulo-sousa-ao-flamengo\/#respond"]}],"copyrightYear":"2022","copyrightHolder":{"@id":"https:\/\/www.gaveanews.com\/#organization"}},{"@type":"WebPage","@id":"https:\/\/www.gaveanews.com\/index.php\/2022\/05\/26\/conheca-os-motivos-que-prendem-paulo-sousa-ao-flamengo\/","url":"https:\/\/www.gaveanews.com\/index.php\/2022\/05\/26\/conheca-os-motivos-que-prendem-paulo-sousa-ao-flamengo\/","name":"Conhe\u00e7a os motivos que \u2018prendem\u2019 Paulo Sousa ao Flamengo","isPartOf":{"@id":"https:\/\/www.gaveanews.com\/#website"},"primaryImageOfPage":{"@id":"https:\/\/www.gaveanews.com\/index.php\/2022\/05\/26\/conheca-os-motivos-que-prendem-paulo-sousa-ao-flamengo\/#primaryimage"},"image":{"@id":"https:\/\/www.gaveanews.com\/index.php\/2022\/05\/26\/conheca-os-motivos-que-prendem-paulo-sousa-ao-flamengo\/#primaryimage"},"thumbnailUrl":"https:\/\/www.gaveanews.com\/wp-content\/uploads\/Paulo-Sousa-comanda-o-time-do-Flamengo-contra-o-Palmeiras-em-jogo-do-Brasileirao.webp","datePublished":"2022-05-26T22:33:26+00:00","dateModified":"2022-05-26T22:33:28+00:00","author":{"@id":"https:\/\/www.gaveanews.com\/#\/schema\/person\/2ec14f73fb96be2caf28f91afb14749d"},"breadcrumb":{"@id":"https:\/\/www.gaveanews.com\/index.php\/2022\/05\/26\/conheca-os-motivos-que-prendem-paulo-sousa-ao-flamengo\/#breadcrumb"},"inLanguage":"pt-BR","potentialAction":[{"@type":"ReadAction","target":["https:\/\/www.gaveanews.com\/index.php\/2022\/05\/26\/conheca-os-motivos-que-prendem-paulo-sousa-ao-flamengo\/"]}]},{"@type":"ImageObject","inLanguage":"pt-BR","@id":"https:\/\/www.gaveanews.com\/index.php\/2022\/05\/26\/conheca-os-motivos-que-prendem-paulo-sousa-ao-flamengo\/#primaryimage","url":"https:\/\/www.gaveanews.com\/wp-content\/uploads\/Paulo-Sousa-comanda-o-time-do-Flamengo-contra-o-Palmeiras-em-jogo-do-Brasileirao.webp","contentUrl":"https:\/\/www.gaveanews.com\/wp-content\/uploads\/Paulo-Sousa-comanda-o-time-do-Flamengo-contra-o-Palmeiras-em-jogo-do-Brasileirao.webp","width":800,"height":532,"caption":"Paulo Sousa comanda o time do Flamengo contra o Palmeiras em jogo do Brasileir\u00e3o (Foto: Marcelo Cortes\/Flamengo)"},{"@type":"BreadcrumbList","@id":"https:\/\/www.gaveanews.com\/index.php\/2022\/05\/26\/conheca-os-motivos-que-prendem-paulo-sousa-ao-flamengo\/#breadcrumb","itemListElement":[{"@type":"ListItem","position":1,"name":"Home","item":"https:\/\/www.gaveanews.com\/"},{"@type":"ListItem","position":2,"name":"Conhe\u00e7a os motivos que \u2018prendem\u2019 Paulo Sousa ao Flamengo"}]},{"@type":"WebSite","@id":"https:\/\/www.gaveanews.com\/#website","url":"https:\/\/www.gaveanews.com\/","name":"G\u00e1vea News","description":"Veja todas as not\u00edcias sobre o Flamengo: Contrata\u00e7\u00f5es, categorias de base, resultados das partidas, tabela de classifica\u00e7\u00e3o, pr\u00f3ximos jogos!","potentialAction":[{"@type":"SearchAction","target":{"@type":"EntryPoint","urlTemplate":"https:\/\/www.gaveanews.com\/?s={search_term_string}"},"query-input":{"@type":"PropertyValueSpecification","valueRequired":true,"valueName":"search_term_string"}}],"inLanguage":"pt-BR"},{"@type":"Person","@id":"https:\/\/www.gaveanews.com\/#\/schema\/person\/2ec14f73fb96be2caf28f91afb14749d","name":"Equipe G\u00e1vea News","image":{"@type":"ImageObject","inLanguage":"pt-BR","@id":"https:\/\/www.gaveanews.com\/#\/schema\/person\/image\/","url":"https:\/\/secure.gravatar.com\/avatar\/1e1956f1facbffd3f8fa53a326721950116b3b9dc9bd44939c01180fd4a745a9?s=96&d=mm&r=g","contentUrl":"https:\/\/secure.gravatar.com\/avatar\/1e1956f1facbffd3f8fa53a326721950116b3b9dc9bd44939c01180fd4a745a9?s=96&d=mm&r=g","caption":"Equipe G\u00e1vea News"}}]}},"_links":{"self":[{"href":"https:\/\/www.gaveanews.com\/index.php\/wp-json\/wp\/v2\/posts\/82181","targetHints":{"allow":["GET"]}}],"collection":[{"href":"https:\/\/www.gaveanews.com\/index.php\/wp-json\/wp\/v2\/posts"}],"about":[{"href":"https:\/\/www.gaveanews.com\/index.php\/wp-json\/wp\/v2\/types\/post"}],"author":[{"embeddable":true,"href":"https:\/\/www.gaveanews.com\/index.php\/wp-json\/wp\/v2\/users\/1"}],"replies":[{"embeddable":true,"href":"https:\/\/www.gaveanews.com\/index.php\/wp-json\/wp\/v2\/comments?post=82181"}],"version-history":[{"count":0,"href":"https:\/\/www.gaveanews.com\/index.php\/wp-json\/wp\/v2\/posts\/82181\/revisions"}],"wp:featuredmedia":[{"embeddable":true,"href":"https:\/\/www.gaveanews.com\/index.php\/wp-json\/wp\/v2\/media\/80456"}],"wp:attachment":[{"href":"https:\/\/www.gaveanews.com\/index.php\/wp-json\/wp\/v2\/media?parent=82181"}],"wp:term":[{"taxonomy":"category","embeddable":true,"href":"https:\/\/www.gaveanews.com\/index.php\/wp-json\/wp\/v2\/categories?post=82181"},{"taxonomy":"post_tag","embeddable":true,"href":"https:\/\/www.gaveanews.com\/index.php\/wp-json\/wp\/v2\/tags?post=82181"}],"curies":[{"name":"wp","href":"https:\/\/api.w.org\/{rel}","templated":true}]}}