{"id":82189,"date":"2022-05-26T23:06:19","date_gmt":"2022-05-27T02:06:19","guid":{"rendered":"https:\/\/www.gaveanews.com\/?p=82189"},"modified":"2022-05-26T23:06:21","modified_gmt":"2022-05-27T02:06:21","slug":"potes-definidos-veja-quem-o-flamengo-podera-enfrentar-na-copa-libertadores","status":"publish","type":"post","link":"https:\/\/www.gaveanews.com\/index.php\/2022\/05\/26\/potes-definidos-veja-quem-o-flamengo-podera-enfrentar-na-copa-libertadores\/","title":{"rendered":"Potes definidos: Veja quem o Flamengo poder\u00e1 enfrentar na Copa Libertadores"},"content":{"rendered":"\n<p>A fase de grupos da Copa Libertadores acabou, e os clubes j\u00e1 est\u00e3o de olho nos poss\u00edveis advers\u00e1rios nas oitavas de final. E o primeiro mata-mata desta edi\u00e7\u00e3o da competi\u00e7\u00e3o continental pode contar com cl\u00e1ssicos, reencontros e at\u00e9 Brasil contra Argentina.<\/p>\n\n\n\n<p>Primeiros colocados de seus respectivos grupos, Palmeiras, Estudiantes (ARG), Atl\u00e9tico-MG, River Plate (ARG), Col\u00f3n (ARG) Flamengo, Libertad (PAR), Boca Juniors estar\u00e3o no pote 1. J\u00e1 Emelec (EQU), V\u00e9lez (ARG), Tolima (COL), Fortaleza, Cerro Porte\u00f1o (PAR), Talleres (ARG), Athletico-PR e Corinthians est\u00e3o no pote 2.<\/p>\n\n\n\n<p>Segundo regulamento da Conmebol, times de mesmo pa\u00eds ou grupo podem se encontrar j\u00e1 nas oitavas. Dessa forma, \u00e9 poss\u00edvel ter novo embate entre Fortaleza e River Plate, Corinthians e Boca Juniors, ou at\u00e9 um cl\u00e1ssico paulista entre Palmeiras e Corinthians.<\/p>\n\n\n\n<p>Enquanto o sorteio &#8211; marcado para amanh\u00e3, as 13h (de Bras\u00edlia) &#8211; n\u00e3o acontece, o UOL Esporte mostra os poss\u00edveis cen\u00e1rios das oitavas de final da Libertadores. Vale lembrar que o sorteio define o chaveamento de toda a sequ\u00eancia da competi\u00e7\u00e3o continental.<\/p>\n\n\n\n<h2 class=\"wp-block-heading\" id=\"h-duelo-brasileiro\">Duelo brasileiro<\/h2>\n\n\n\n<p>A presen\u00e7a de Fortaleza, Athletico e Corinthians no pote 2 levantam a possibilidade de um duelo verde-amarelo logo nas oitavas. Dessa forma, eles podem encarar Palmeiras, Atl\u00e9tico-MG ou Flamengo no primeiro mata-mata da competi\u00e7\u00e3o continental.<br><br>O Le\u00e3o do Pici foi o segundo colocado do Grupo F, liderado pelo River Plate. J\u00e1 o Corinthians ficou com a segunda vaga do Grupo E, com o Boca Juniors l\u00edder, e o Athletico foi o vice-l\u00edder do Grupo B, liderado pelo Libertad (PAR).<\/p>\n\n\n\n<h2 class=\"wp-block-heading\" id=\"h-brasil-x-argentina\">Brasil x Argentina<\/h2>\n\n\n\n<p>O alto n\u00famero de brasileiros e argentinos classificados torna prov\u00e1vel um embate nas oitavas de final.<\/p>\n\n\n\n<p>No pote 1, Palmeiras, Atl\u00e9tico-MG e Flamengo podem encarar V\u00e9lez, Talleres (Boca) logo no in\u00edcio do mata-mata. J\u00e1 Fortaleza, Athletico e Corinthians t\u00eam a chance de enfrentar River Plate, Estudiantes, Col\u00f3n.<\/p>\n\n\n\n<h2 class=\"wp-block-heading\" id=\"h-classico-paulista\">Cl\u00e1ssico Paulista<\/h2>\n\n\n\n<p>Rivais hist\u00f3ricos, Palmeiras e Corinthians podem se enfrentar precocemente na Libertadores. Dono da melhor campanha da primeira fase, o time de Abel Ferreira liderou o Grupo A. J\u00e1 a equipe de Vitor Pereira terminou na vice-lideran\u00e7a do Grupo E.<\/p>\n\n\n\n<p>Retirado de: UOL<\/p>\n","protected":false},"excerpt":{"rendered":"<p>A fase de grupos da Copa Libertadores acabou, e os clubes j\u00e1 est\u00e3o de olho nos poss\u00edveis advers\u00e1rios nas oitavas de final. E o primeiro mata-mata desta edi\u00e7\u00e3o da competi\u00e7\u00e3o continental pode contar com cl\u00e1ssicos, reencontros e at\u00e9 Brasil contra Argentina. Primeiros colocados de seus respectivos grupos, Palmeiras, Estudiantes (ARG), Atl\u00e9tico-MG, River Plate (ARG), Col\u00f3n [&hellip;]<\/p>\n","protected":false},"author":1,"featured_media":80042,"comment_status":"open","ping_status":"closed","sticky":false,"template":"","format":"standard","meta":{"footnotes":""},"categories":[47],"tags":[],"class_list":["post-82189","post","type-post","status-publish","format-standard","has-post-thumbnail","hentry","category-destaques"],"yoast_head":"<!-- This site is optimized with the Yoast SEO Premium plugin v24.2 (Yoast SEO v26.9) - https:\/\/yoast.com\/product\/yoast-seo-premium-wordpress\/ -->\n<title>Potes definidos: Veja quem o Flamengo poder\u00e1 enfrentar na Copa Libertadores<\/title>\n<meta name=\"robots\" content=\"index, follow, max-snippet:-1, max-image-preview:large, max-video-preview:-1\" \/>\n<link rel=\"canonical\" href=\"https:\/\/www.gaveanews.com\/index.php\/2022\/05\/26\/potes-definidos-veja-quem-o-flamengo-podera-enfrentar-na-copa-libertadores\/\" \/>\n<meta property=\"og:locale\" content=\"pt_BR\" \/>\n<meta property=\"og:type\" content=\"article\" \/>\n<meta property=\"og:title\" content=\"Potes definidos: Veja quem o Flamengo poder\u00e1 enfrentar na Copa Libertadores\" \/>\n<meta property=\"og:description\" content=\"A fase de grupos da Copa Libertadores acabou, e os clubes j\u00e1 est\u00e3o de olho nos poss\u00edveis advers\u00e1rios nas oitavas de final. E o primeiro mata-mata desta edi\u00e7\u00e3o da competi\u00e7\u00e3o continental pode contar com cl\u00e1ssicos, reencontros e at\u00e9 Brasil contra Argentina. Primeiros colocados de seus respectivos grupos, Palmeiras, Estudiantes (ARG), Atl\u00e9tico-MG, River Plate (ARG), Col\u00f3n [&hellip;]\" \/>\n<meta property=\"og:url\" content=\"https:\/\/www.gaveanews.com\/index.php\/2022\/05\/26\/potes-definidos-veja-quem-o-flamengo-podera-enfrentar-na-copa-libertadores\/\" \/>\n<meta property=\"og:site_name\" content=\"G\u00e1vea News\" \/>\n<meta property=\"article:publisher\" content=\"https:\/\/facebook.com\/gaveaNews\/\" \/>\n<meta property=\"article:published_time\" content=\"2022-05-27T02:06:19+00:00\" \/>\n<meta property=\"article:modified_time\" content=\"2022-05-27T02:06:21+00:00\" \/>\n<meta property=\"og:image\" content=\"https:\/\/www.gaveanews.com\/wp-content\/uploads\/Maracana-preparado-para-jogo-do-Flamengo-pela-Libertadores.webp\" \/>\n\t<meta property=\"og:image:width\" content=\"2048\" \/>\n\t<meta property=\"og:image:height\" content=\"1364\" \/>\n\t<meta property=\"og:image:type\" content=\"image\/jpeg\" \/>\n<meta name=\"author\" content=\"Equipe G\u00e1vea News\" \/>\n<meta name=\"twitter:card\" content=\"summary_large_image\" \/>\n<meta name=\"twitter:label1\" content=\"Escrito por\" \/>\n\t<meta name=\"twitter:data1\" content=\"Equipe G\u00e1vea News\" \/>\n\t<meta name=\"twitter:label2\" content=\"Est. tempo de leitura\" \/>\n\t<meta name=\"twitter:data2\" content=\"2 minutos\" \/>\n<script type=\"application\/ld+json\" class=\"yoast-schema-graph\">{\"@context\":\"https:\/\/schema.org\",\"@graph\":[{\"@type\":\"NewsArticle\",\"@id\":\"https:\/\/www.gaveanews.com\/index.php\/2022\/05\/26\/potes-definidos-veja-quem-o-flamengo-podera-enfrentar-na-copa-libertadores\/#article\",\"isPartOf\":{\"@id\":\"https:\/\/www.gaveanews.com\/index.php\/2022\/05\/26\/potes-definidos-veja-quem-o-flamengo-podera-enfrentar-na-copa-libertadores\/\"},\"author\":{\"name\":\"Equipe G\u00e1vea News\",\"@id\":\"https:\/\/www.gaveanews.com\/#\/schema\/person\/2ec14f73fb96be2caf28f91afb14749d\"},\"headline\":\"Potes definidos: Veja quem o Flamengo poder\u00e1 enfrentar na Copa Libertadores\",\"datePublished\":\"2022-05-27T02:06:19+00:00\",\"dateModified\":\"2022-05-27T02:06:21+00:00\",\"mainEntityOfPage\":{\"@id\":\"https:\/\/www.gaveanews.com\/index.php\/2022\/05\/26\/potes-definidos-veja-quem-o-flamengo-podera-enfrentar-na-copa-libertadores\/\"},\"wordCount\":386,\"commentCount\":0,\"image\":{\"@id\":\"https:\/\/www.gaveanews.com\/index.php\/2022\/05\/26\/potes-definidos-veja-quem-o-flamengo-podera-enfrentar-na-copa-libertadores\/#primaryimage\"},\"thumbnailUrl\":\"https:\/\/www.gaveanews.com\/wp-content\/uploads\/Maracana-preparado-para-jogo-do-Flamengo-pela-Libertadores.webp\",\"articleSection\":[\"Destaques\"],\"inLanguage\":\"pt-BR\",\"potentialAction\":[{\"@type\":\"CommentAction\",\"name\":\"Comment\",\"target\":[\"https:\/\/www.gaveanews.com\/index.php\/2022\/05\/26\/potes-definidos-veja-quem-o-flamengo-podera-enfrentar-na-copa-libertadores\/#respond\"]}],\"copyrightYear\":\"2022\",\"copyrightHolder\":{\"@id\":\"https:\/\/www.gaveanews.com\/#organization\"}},{\"@type\":\"WebPage\",\"@id\":\"https:\/\/www.gaveanews.com\/index.php\/2022\/05\/26\/potes-definidos-veja-quem-o-flamengo-podera-enfrentar-na-copa-libertadores\/\",\"url\":\"https:\/\/www.gaveanews.com\/index.php\/2022\/05\/26\/potes-definidos-veja-quem-o-flamengo-podera-enfrentar-na-copa-libertadores\/\",\"name\":\"Potes definidos: Veja quem o Flamengo poder\u00e1 enfrentar na Copa Libertadores\",\"isPartOf\":{\"@id\":\"https:\/\/www.gaveanews.com\/#website\"},\"primaryImageOfPage\":{\"@id\":\"https:\/\/www.gaveanews.com\/index.php\/2022\/05\/26\/potes-definidos-veja-quem-o-flamengo-podera-enfrentar-na-copa-libertadores\/#primaryimage\"},\"image\":{\"@id\":\"https:\/\/www.gaveanews.com\/index.php\/2022\/05\/26\/potes-definidos-veja-quem-o-flamengo-podera-enfrentar-na-copa-libertadores\/#primaryimage\"},\"thumbnailUrl\":\"https:\/\/www.gaveanews.com\/wp-content\/uploads\/Maracana-preparado-para-jogo-do-Flamengo-pela-Libertadores.webp\",\"datePublished\":\"2022-05-27T02:06:19+00:00\",\"dateModified\":\"2022-05-27T02:06:21+00:00\",\"author\":{\"@id\":\"https:\/\/www.gaveanews.com\/#\/schema\/person\/2ec14f73fb96be2caf28f91afb14749d\"},\"breadcrumb\":{\"@id\":\"https:\/\/www.gaveanews.com\/index.php\/2022\/05\/26\/potes-definidos-veja-quem-o-flamengo-podera-enfrentar-na-copa-libertadores\/#breadcrumb\"},\"inLanguage\":\"pt-BR\",\"potentialAction\":[{\"@type\":\"ReadAction\",\"target\":[\"https:\/\/www.gaveanews.com\/index.php\/2022\/05\/26\/potes-definidos-veja-quem-o-flamengo-podera-enfrentar-na-copa-libertadores\/\"]}]},{\"@type\":\"ImageObject\",\"inLanguage\":\"pt-BR\",\"@id\":\"https:\/\/www.gaveanews.com\/index.php\/2022\/05\/26\/potes-definidos-veja-quem-o-flamengo-podera-enfrentar-na-copa-libertadores\/#primaryimage\",\"url\":\"https:\/\/www.gaveanews.com\/wp-content\/uploads\/Maracana-preparado-para-jogo-do-Flamengo-pela-Libertadores.webp\",\"contentUrl\":\"https:\/\/www.gaveanews.com\/wp-content\/uploads\/Maracana-preparado-para-jogo-do-Flamengo-pela-Libertadores.webp\",\"width\":2048,\"height\":1364,\"caption\":\"Maracan\u00e3 preparado para jogo do Flamengo pela Libertadores (Foto: Marcelo Cortes\/Flamengo)\"},{\"@type\":\"BreadcrumbList\",\"@id\":\"https:\/\/www.gaveanews.com\/index.php\/2022\/05\/26\/potes-definidos-veja-quem-o-flamengo-podera-enfrentar-na-copa-libertadores\/#breadcrumb\",\"itemListElement\":[{\"@type\":\"ListItem\",\"position\":1,\"name\":\"Home\",\"item\":\"https:\/\/www.gaveanews.com\/\"},{\"@type\":\"ListItem\",\"position\":2,\"name\":\"Potes definidos: Veja quem o Flamengo poder\u00e1 enfrentar na Copa Libertadores\"}]},{\"@type\":\"WebSite\",\"@id\":\"https:\/\/www.gaveanews.com\/#website\",\"url\":\"https:\/\/www.gaveanews.com\/\",\"name\":\"G\u00e1vea News\",\"description\":\"Veja todas as not\u00edcias sobre o Flamengo: Contrata\u00e7\u00f5es, categorias de base, resultados das partidas, tabela de classifica\u00e7\u00e3o, pr\u00f3ximos jogos!\",\"potentialAction\":[{\"@type\":\"SearchAction\",\"target\":{\"@type\":\"EntryPoint\",\"urlTemplate\":\"https:\/\/www.gaveanews.com\/?s={search_term_string}\"},\"query-input\":{\"@type\":\"PropertyValueSpecification\",\"valueRequired\":true,\"valueName\":\"search_term_string\"}}],\"inLanguage\":\"pt-BR\"},{\"@type\":\"Person\",\"@id\":\"https:\/\/www.gaveanews.com\/#\/schema\/person\/2ec14f73fb96be2caf28f91afb14749d\",\"name\":\"Equipe G\u00e1vea News\",\"image\":{\"@type\":\"ImageObject\",\"inLanguage\":\"pt-BR\",\"@id\":\"https:\/\/www.gaveanews.com\/#\/schema\/person\/image\/\",\"url\":\"https:\/\/secure.gravatar.com\/avatar\/1e1956f1facbffd3f8fa53a326721950116b3b9dc9bd44939c01180fd4a745a9?s=96&d=mm&r=g\",\"contentUrl\":\"https:\/\/secure.gravatar.com\/avatar\/1e1956f1facbffd3f8fa53a326721950116b3b9dc9bd44939c01180fd4a745a9?s=96&d=mm&r=g\",\"caption\":\"Equipe G\u00e1vea News\"}}]}<\/script>\n<!-- \/ Yoast SEO Premium plugin. -->","yoast_head_json":{"title":"Potes definidos: Veja quem o Flamengo poder\u00e1 enfrentar na Copa Libertadores","robots":{"index":"index","follow":"follow","max-snippet":"max-snippet:-1","max-image-preview":"max-image-preview:large","max-video-preview":"max-video-preview:-1"},"canonical":"https:\/\/www.gaveanews.com\/index.php\/2022\/05\/26\/potes-definidos-veja-quem-o-flamengo-podera-enfrentar-na-copa-libertadores\/","og_locale":"pt_BR","og_type":"article","og_title":"Potes definidos: Veja quem o Flamengo poder\u00e1 enfrentar na Copa Libertadores","og_description":"A fase de grupos da Copa Libertadores acabou, e os clubes j\u00e1 est\u00e3o de olho nos poss\u00edveis advers\u00e1rios nas oitavas de final. E o primeiro mata-mata desta edi\u00e7\u00e3o da competi\u00e7\u00e3o continental pode contar com cl\u00e1ssicos, reencontros e at\u00e9 Brasil contra Argentina. Primeiros colocados de seus respectivos grupos, Palmeiras, Estudiantes (ARG), Atl\u00e9tico-MG, River Plate (ARG), Col\u00f3n [&hellip;]","og_url":"https:\/\/www.gaveanews.com\/index.php\/2022\/05\/26\/potes-definidos-veja-quem-o-flamengo-podera-enfrentar-na-copa-libertadores\/","og_site_name":"G\u00e1vea News","article_publisher":"https:\/\/facebook.com\/gaveaNews\/","article_published_time":"2022-05-27T02:06:19+00:00","article_modified_time":"2022-05-27T02:06:21+00:00","og_image":[{"width":2048,"height":1364,"url":"https:\/\/www.gaveanews.com\/wp-content\/uploads\/Maracana-preparado-para-jogo-do-Flamengo-pela-Libertadores.webp","type":"image\/jpeg"}],"author":"Equipe G\u00e1vea News","twitter_card":"summary_large_image","twitter_misc":{"Escrito por":"Equipe G\u00e1vea News","Est. tempo de leitura":"2 minutos"},"schema":{"@context":"https:\/\/schema.org","@graph":[{"@type":"NewsArticle","@id":"https:\/\/www.gaveanews.com\/index.php\/2022\/05\/26\/potes-definidos-veja-quem-o-flamengo-podera-enfrentar-na-copa-libertadores\/#article","isPartOf":{"@id":"https:\/\/www.gaveanews.com\/index.php\/2022\/05\/26\/potes-definidos-veja-quem-o-flamengo-podera-enfrentar-na-copa-libertadores\/"},"author":{"name":"Equipe G\u00e1vea News","@id":"https:\/\/www.gaveanews.com\/#\/schema\/person\/2ec14f73fb96be2caf28f91afb14749d"},"headline":"Potes definidos: Veja quem o Flamengo poder\u00e1 enfrentar na Copa Libertadores","datePublished":"2022-05-27T02:06:19+00:00","dateModified":"2022-05-27T02:06:21+00:00","mainEntityOfPage":{"@id":"https:\/\/www.gaveanews.com\/index.php\/2022\/05\/26\/potes-definidos-veja-quem-o-flamengo-podera-enfrentar-na-copa-libertadores\/"},"wordCount":386,"commentCount":0,"image":{"@id":"https:\/\/www.gaveanews.com\/index.php\/2022\/05\/26\/potes-definidos-veja-quem-o-flamengo-podera-enfrentar-na-copa-libertadores\/#primaryimage"},"thumbnailUrl":"https:\/\/www.gaveanews.com\/wp-content\/uploads\/Maracana-preparado-para-jogo-do-Flamengo-pela-Libertadores.webp","articleSection":["Destaques"],"inLanguage":"pt-BR","potentialAction":[{"@type":"CommentAction","name":"Comment","target":["https:\/\/www.gaveanews.com\/index.php\/2022\/05\/26\/potes-definidos-veja-quem-o-flamengo-podera-enfrentar-na-copa-libertadores\/#respond"]}],"copyrightYear":"2022","copyrightHolder":{"@id":"https:\/\/www.gaveanews.com\/#organization"}},{"@type":"WebPage","@id":"https:\/\/www.gaveanews.com\/index.php\/2022\/05\/26\/potes-definidos-veja-quem-o-flamengo-podera-enfrentar-na-copa-libertadores\/","url":"https:\/\/www.gaveanews.com\/index.php\/2022\/05\/26\/potes-definidos-veja-quem-o-flamengo-podera-enfrentar-na-copa-libertadores\/","name":"Potes definidos: Veja quem o Flamengo poder\u00e1 enfrentar na Copa Libertadores","isPartOf":{"@id":"https:\/\/www.gaveanews.com\/#website"},"primaryImageOfPage":{"@id":"https:\/\/www.gaveanews.com\/index.php\/2022\/05\/26\/potes-definidos-veja-quem-o-flamengo-podera-enfrentar-na-copa-libertadores\/#primaryimage"},"image":{"@id":"https:\/\/www.gaveanews.com\/index.php\/2022\/05\/26\/potes-definidos-veja-quem-o-flamengo-podera-enfrentar-na-copa-libertadores\/#primaryimage"},"thumbnailUrl":"https:\/\/www.gaveanews.com\/wp-content\/uploads\/Maracana-preparado-para-jogo-do-Flamengo-pela-Libertadores.webp","datePublished":"2022-05-27T02:06:19+00:00","dateModified":"2022-05-27T02:06:21+00:00","author":{"@id":"https:\/\/www.gaveanews.com\/#\/schema\/person\/2ec14f73fb96be2caf28f91afb14749d"},"breadcrumb":{"@id":"https:\/\/www.gaveanews.com\/index.php\/2022\/05\/26\/potes-definidos-veja-quem-o-flamengo-podera-enfrentar-na-copa-libertadores\/#breadcrumb"},"inLanguage":"pt-BR","potentialAction":[{"@type":"ReadAction","target":["https:\/\/www.gaveanews.com\/index.php\/2022\/05\/26\/potes-definidos-veja-quem-o-flamengo-podera-enfrentar-na-copa-libertadores\/"]}]},{"@type":"ImageObject","inLanguage":"pt-BR","@id":"https:\/\/www.gaveanews.com\/index.php\/2022\/05\/26\/potes-definidos-veja-quem-o-flamengo-podera-enfrentar-na-copa-libertadores\/#primaryimage","url":"https:\/\/www.gaveanews.com\/wp-content\/uploads\/Maracana-preparado-para-jogo-do-Flamengo-pela-Libertadores.webp","contentUrl":"https:\/\/www.gaveanews.com\/wp-content\/uploads\/Maracana-preparado-para-jogo-do-Flamengo-pela-Libertadores.webp","width":2048,"height":1364,"caption":"Maracan\u00e3 preparado para jogo do Flamengo pela Libertadores (Foto: Marcelo Cortes\/Flamengo)"},{"@type":"BreadcrumbList","@id":"https:\/\/www.gaveanews.com\/index.php\/2022\/05\/26\/potes-definidos-veja-quem-o-flamengo-podera-enfrentar-na-copa-libertadores\/#breadcrumb","itemListElement":[{"@type":"ListItem","position":1,"name":"Home","item":"https:\/\/www.gaveanews.com\/"},{"@type":"ListItem","position":2,"name":"Potes definidos: Veja quem o Flamengo poder\u00e1 enfrentar na Copa Libertadores"}]},{"@type":"WebSite","@id":"https:\/\/www.gaveanews.com\/#website","url":"https:\/\/www.gaveanews.com\/","name":"G\u00e1vea News","description":"Veja todas as not\u00edcias sobre o Flamengo: Contrata\u00e7\u00f5es, categorias de base, resultados das partidas, tabela de classifica\u00e7\u00e3o, pr\u00f3ximos jogos!","potentialAction":[{"@type":"SearchAction","target":{"@type":"EntryPoint","urlTemplate":"https:\/\/www.gaveanews.com\/?s={search_term_string}"},"query-input":{"@type":"PropertyValueSpecification","valueRequired":true,"valueName":"search_term_string"}}],"inLanguage":"pt-BR"},{"@type":"Person","@id":"https:\/\/www.gaveanews.com\/#\/schema\/person\/2ec14f73fb96be2caf28f91afb14749d","name":"Equipe G\u00e1vea News","image":{"@type":"ImageObject","inLanguage":"pt-BR","@id":"https:\/\/www.gaveanews.com\/#\/schema\/person\/image\/","url":"https:\/\/secure.gravatar.com\/avatar\/1e1956f1facbffd3f8fa53a326721950116b3b9dc9bd44939c01180fd4a745a9?s=96&d=mm&r=g","contentUrl":"https:\/\/secure.gravatar.com\/avatar\/1e1956f1facbffd3f8fa53a326721950116b3b9dc9bd44939c01180fd4a745a9?s=96&d=mm&r=g","caption":"Equipe G\u00e1vea News"}}]}},"_links":{"self":[{"href":"https:\/\/www.gaveanews.com\/index.php\/wp-json\/wp\/v2\/posts\/82189","targetHints":{"allow":["GET"]}}],"collection":[{"href":"https:\/\/www.gaveanews.com\/index.php\/wp-json\/wp\/v2\/posts"}],"about":[{"href":"https:\/\/www.gaveanews.com\/index.php\/wp-json\/wp\/v2\/types\/post"}],"author":[{"embeddable":true,"href":"https:\/\/www.gaveanews.com\/index.php\/wp-json\/wp\/v2\/users\/1"}],"replies":[{"embeddable":true,"href":"https:\/\/www.gaveanews.com\/index.php\/wp-json\/wp\/v2\/comments?post=82189"}],"version-history":[{"count":0,"href":"https:\/\/www.gaveanews.com\/index.php\/wp-json\/wp\/v2\/posts\/82189\/revisions"}],"wp:featuredmedia":[{"embeddable":true,"href":"https:\/\/www.gaveanews.com\/index.php\/wp-json\/wp\/v2\/media\/80042"}],"wp:attachment":[{"href":"https:\/\/www.gaveanews.com\/index.php\/wp-json\/wp\/v2\/media?parent=82189"}],"wp:term":[{"taxonomy":"category","embeddable":true,"href":"https:\/\/www.gaveanews.com\/index.php\/wp-json\/wp\/v2\/categories?post=82189"},{"taxonomy":"post_tag","embeddable":true,"href":"https:\/\/www.gaveanews.com\/index.php\/wp-json\/wp\/v2\/tags?post=82189"}],"curies":[{"name":"wp","href":"https:\/\/api.w.org\/{rel}","templated":true}]}}