{"id":82200,"date":"2022-05-27T14:55:41","date_gmt":"2022-05-27T17:55:41","guid":{"rendered":"https:\/\/www.gaveanews.com\/?p=82200"},"modified":"2022-05-27T15:59:08","modified_gmt":"2022-05-27T18:59:08","slug":"veja-quanto-o-flamengo-tera-que-pagar-a-conmebol-devido-aos-cartoes-na-fase-de-grupos","status":"publish","type":"post","link":"https:\/\/www.gaveanews.com\/index.php\/2022\/05\/27\/veja-quanto-o-flamengo-tera-que-pagar-a-conmebol-devido-aos-cartoes-na-fase-de-grupos\/","title":{"rendered":"Veja quanto o Flamengo ter\u00e1 que pagar a Conmebol devido aos cart\u00f5es na fase de grupos"},"content":{"rendered":"\n<p>A fase de grupos da Libertadores terminou na \u00faltima quinta-feira (27). O Flamengo passou ileso por esta etapa e fechou sua campanha com 16 pontos, vindos de 5 vit\u00f3rias e um \u00fanico empate contra o Talleres, que tamb\u00e9m se classificou para o mata-mata.<\/p>\n\n\n\n<p>Terminada a fase de grupos, a contagem de cart\u00f5es amarelos \u00e9 zerada e toda a equipe inicia as oitavas de final com as mesmas possibilidades. Isto, \u00e9 claro, sem contar com os atletas que receberam o terceiro cart\u00e3o na rodada final desta etapa.<\/p>\n\n\n\n<p>Este, ali\u00e1s, \u00e9 o caso de Jo\u00e3o Gomes, que estava pendurado e foi amarelado contra o Sporting Cristal, ficando de fora do jogo de ida das oitavas de final. Contando com a advert\u00eancia recebida pelo camisa 35, o elenco da G\u00e1vea chegou a 16 cart\u00f5es amarelos nesta edi\u00e7\u00e3o da Libertadores.<\/p>\n\n\n\n<p>De acordo com o regulamento da competi\u00e7\u00e3o, cada cart\u00e3o amarelo recebido gera uma d\u00edvida de US$ 400 (cerca de R$ 1.907 na cota\u00e7\u00e3o atual) ao clube. Sendo assim, no balan\u00e7o geral, o Flamengo teve o preju\u00edzo de US$ 6.400 (R$ 30.515,19) com as puni\u00e7\u00f5es.<\/p>\n\n\n\n<p>Neste caso, o Rubro-Negro n\u00e3o ter\u00e1 que se preocupar com o valor referente aos cart\u00f5es vermelhos. Mas a expuls\u00e3o sair\u00e1 por US$ 1.500 (R$ 7.152 na cota\u00e7\u00e3o atual) aos clubes que tiveram atletas penalizados desta forma.<\/p>\n\n\n\n<p>As oitavas de final da Libertadores j\u00e1 possuem um per\u00edodo estimado para serem disputadas. O jogo de ida acontecer\u00e1 na \u00faltima semana de junho, e a volta acontecer\u00e1 na semana seguinte, quando come\u00e7a o m\u00eas de julho.<\/p>\n","protected":false},"excerpt":{"rendered":"<p>A fase de grupos da Libertadores terminou na \u00faltima quinta-feira (27). O Flamengo passou ileso por esta etapa e fechou sua campanha com 16 pontos, vindos de 5 vit\u00f3rias e um \u00fanico empate contra o Talleres, que tamb\u00e9m se classificou para o mata-mata. Terminada a fase de grupos, a contagem de cart\u00f5es amarelos \u00e9 zerada [&hellip;]<\/p>\n","protected":false},"author":4,"featured_media":68615,"comment_status":"open","ping_status":"closed","sticky":false,"template":"","format":"standard","meta":{"footnotes":""},"categories":[1],"tags":[],"class_list":["post-82200","post","type-post","status-publish","format-standard","has-post-thumbnail","hentry","category-flamengo"],"yoast_head":"<!-- This site is optimized with the Yoast SEO Premium plugin v24.2 (Yoast SEO v26.9) - https:\/\/yoast.com\/product\/yoast-seo-premium-wordpress\/ -->\n<title>Veja quanto o Flamengo ter\u00e1 que pagar a Conmebol devido aos cart\u00f5es na fase de grupos<\/title>\n<meta name=\"robots\" content=\"index, follow, max-snippet:-1, max-image-preview:large, max-video-preview:-1\" \/>\n<link rel=\"canonical\" href=\"https:\/\/www.gaveanews.com\/index.php\/2022\/05\/27\/veja-quanto-o-flamengo-tera-que-pagar-a-conmebol-devido-aos-cartoes-na-fase-de-grupos\/\" \/>\n<meta property=\"og:locale\" content=\"pt_BR\" \/>\n<meta property=\"og:type\" content=\"article\" \/>\n<meta property=\"og:title\" content=\"Veja quanto o Flamengo ter\u00e1 que pagar a Conmebol devido aos cart\u00f5es na fase de grupos\" \/>\n<meta property=\"og:description\" content=\"A fase de grupos da Libertadores terminou na \u00faltima quinta-feira (27). O Flamengo passou ileso por esta etapa e fechou sua campanha com 16 pontos, vindos de 5 vit\u00f3rias e um \u00fanico empate contra o Talleres, que tamb\u00e9m se classificou para o mata-mata. Terminada a fase de grupos, a contagem de cart\u00f5es amarelos \u00e9 zerada [&hellip;]\" \/>\n<meta property=\"og:url\" content=\"https:\/\/www.gaveanews.com\/index.php\/2022\/05\/27\/veja-quanto-o-flamengo-tera-que-pagar-a-conmebol-devido-aos-cartoes-na-fase-de-grupos\/\" \/>\n<meta property=\"og:site_name\" content=\"G\u00e1vea News\" \/>\n<meta property=\"article:publisher\" content=\"https:\/\/facebook.com\/gaveaNews\/\" \/>\n<meta property=\"article:published_time\" content=\"2022-05-27T17:55:41+00:00\" \/>\n<meta property=\"article:modified_time\" content=\"2022-05-27T18:59:08+00:00\" \/>\n<meta property=\"og:image\" content=\"https:\/\/www.gaveanews.com\/wp-content\/uploads\/Taca-da-Libertadores-e-bandeira-do-Flamengo-no-estadio-do-Maracana.webp\" \/>\n\t<meta property=\"og:image:width\" content=\"900\" \/>\n\t<meta property=\"og:image:height\" content=\"1200\" \/>\n\t<meta property=\"og:image:type\" content=\"image\/jpeg\" \/>\n<meta name=\"author\" content=\"Let\u00edcia Gerheim\" \/>\n<meta name=\"twitter:card\" content=\"summary_large_image\" \/>\n<meta name=\"twitter:label1\" content=\"Escrito por\" \/>\n\t<meta name=\"twitter:data1\" content=\"Let\u00edcia Gerheim\" \/>\n\t<meta name=\"twitter:label2\" content=\"Est. tempo de leitura\" \/>\n\t<meta name=\"twitter:data2\" content=\"2 minutos\" \/>\n<script type=\"application\/ld+json\" class=\"yoast-schema-graph\">{\"@context\":\"https:\/\/schema.org\",\"@graph\":[{\"@type\":\"NewsArticle\",\"@id\":\"https:\/\/www.gaveanews.com\/index.php\/2022\/05\/27\/veja-quanto-o-flamengo-tera-que-pagar-a-conmebol-devido-aos-cartoes-na-fase-de-grupos\/#article\",\"isPartOf\":{\"@id\":\"https:\/\/www.gaveanews.com\/index.php\/2022\/05\/27\/veja-quanto-o-flamengo-tera-que-pagar-a-conmebol-devido-aos-cartoes-na-fase-de-grupos\/\"},\"author\":{\"name\":\"Let\u00edcia Gerheim\",\"@id\":\"https:\/\/www.gaveanews.com\/#\/schema\/person\/714c67050b836198af2450ba1c142a67\"},\"headline\":\"Veja quanto o Flamengo ter\u00e1 que pagar a Conmebol devido aos cart\u00f5es na fase de grupos\",\"datePublished\":\"2022-05-27T17:55:41+00:00\",\"dateModified\":\"2022-05-27T18:59:08+00:00\",\"mainEntityOfPage\":{\"@id\":\"https:\/\/www.gaveanews.com\/index.php\/2022\/05\/27\/veja-quanto-o-flamengo-tera-que-pagar-a-conmebol-devido-aos-cartoes-na-fase-de-grupos\/\"},\"wordCount\":280,\"commentCount\":0,\"image\":{\"@id\":\"https:\/\/www.gaveanews.com\/index.php\/2022\/05\/27\/veja-quanto-o-flamengo-tera-que-pagar-a-conmebol-devido-aos-cartoes-na-fase-de-grupos\/#primaryimage\"},\"thumbnailUrl\":\"https:\/\/www.gaveanews.com\/wp-content\/uploads\/Taca-da-Libertadores-e-bandeira-do-Flamengo-no-estadio-do-Maracana.webp\",\"articleSection\":[\"Flamengo\"],\"inLanguage\":\"pt-BR\",\"potentialAction\":[{\"@type\":\"CommentAction\",\"name\":\"Comment\",\"target\":[\"https:\/\/www.gaveanews.com\/index.php\/2022\/05\/27\/veja-quanto-o-flamengo-tera-que-pagar-a-conmebol-devido-aos-cartoes-na-fase-de-grupos\/#respond\"]}],\"copyrightYear\":\"2022\",\"copyrightHolder\":{\"@id\":\"https:\/\/www.gaveanews.com\/#organization\"}},{\"@type\":\"WebPage\",\"@id\":\"https:\/\/www.gaveanews.com\/index.php\/2022\/05\/27\/veja-quanto-o-flamengo-tera-que-pagar-a-conmebol-devido-aos-cartoes-na-fase-de-grupos\/\",\"url\":\"https:\/\/www.gaveanews.com\/index.php\/2022\/05\/27\/veja-quanto-o-flamengo-tera-que-pagar-a-conmebol-devido-aos-cartoes-na-fase-de-grupos\/\",\"name\":\"Veja quanto o Flamengo ter\u00e1 que pagar a Conmebol devido aos cart\u00f5es na fase de grupos\",\"isPartOf\":{\"@id\":\"https:\/\/www.gaveanews.com\/#website\"},\"primaryImageOfPage\":{\"@id\":\"https:\/\/www.gaveanews.com\/index.php\/2022\/05\/27\/veja-quanto-o-flamengo-tera-que-pagar-a-conmebol-devido-aos-cartoes-na-fase-de-grupos\/#primaryimage\"},\"image\":{\"@id\":\"https:\/\/www.gaveanews.com\/index.php\/2022\/05\/27\/veja-quanto-o-flamengo-tera-que-pagar-a-conmebol-devido-aos-cartoes-na-fase-de-grupos\/#primaryimage\"},\"thumbnailUrl\":\"https:\/\/www.gaveanews.com\/wp-content\/uploads\/Taca-da-Libertadores-e-bandeira-do-Flamengo-no-estadio-do-Maracana.webp\",\"datePublished\":\"2022-05-27T17:55:41+00:00\",\"dateModified\":\"2022-05-27T18:59:08+00:00\",\"author\":{\"@id\":\"https:\/\/www.gaveanews.com\/#\/schema\/person\/714c67050b836198af2450ba1c142a67\"},\"breadcrumb\":{\"@id\":\"https:\/\/www.gaveanews.com\/index.php\/2022\/05\/27\/veja-quanto-o-flamengo-tera-que-pagar-a-conmebol-devido-aos-cartoes-na-fase-de-grupos\/#breadcrumb\"},\"inLanguage\":\"pt-BR\",\"potentialAction\":[{\"@type\":\"ReadAction\",\"target\":[\"https:\/\/www.gaveanews.com\/index.php\/2022\/05\/27\/veja-quanto-o-flamengo-tera-que-pagar-a-conmebol-devido-aos-cartoes-na-fase-de-grupos\/\"]}]},{\"@type\":\"ImageObject\",\"inLanguage\":\"pt-BR\",\"@id\":\"https:\/\/www.gaveanews.com\/index.php\/2022\/05\/27\/veja-quanto-o-flamengo-tera-que-pagar-a-conmebol-devido-aos-cartoes-na-fase-de-grupos\/#primaryimage\",\"url\":\"https:\/\/www.gaveanews.com\/wp-content\/uploads\/Taca-da-Libertadores-e-bandeira-do-Flamengo-no-estadio-do-Maracana.webp\",\"contentUrl\":\"https:\/\/www.gaveanews.com\/wp-content\/uploads\/Taca-da-Libertadores-e-bandeira-do-Flamengo-no-estadio-do-Maracana.webp\",\"width\":900,\"height\":1200,\"caption\":\"Ta\u00e7a da Libertadores e bandeira do Flamengo no est\u00e1dio do Maracan\u00e3 (Foto: Reprodu\u00e7\u00e3o\/ Rodrigo Dunshee de Abranches\/Twitter)\"},{\"@type\":\"BreadcrumbList\",\"@id\":\"https:\/\/www.gaveanews.com\/index.php\/2022\/05\/27\/veja-quanto-o-flamengo-tera-que-pagar-a-conmebol-devido-aos-cartoes-na-fase-de-grupos\/#breadcrumb\",\"itemListElement\":[{\"@type\":\"ListItem\",\"position\":1,\"name\":\"Home\",\"item\":\"https:\/\/www.gaveanews.com\/\"},{\"@type\":\"ListItem\",\"position\":2,\"name\":\"Veja quanto o Flamengo ter\u00e1 que pagar a Conmebol devido aos cart\u00f5es na fase de grupos\"}]},{\"@type\":\"WebSite\",\"@id\":\"https:\/\/www.gaveanews.com\/#website\",\"url\":\"https:\/\/www.gaveanews.com\/\",\"name\":\"G\u00e1vea News\",\"description\":\"Veja todas as not\u00edcias sobre o Flamengo: Contrata\u00e7\u00f5es, categorias de base, resultados das partidas, tabela de classifica\u00e7\u00e3o, pr\u00f3ximos jogos!\",\"potentialAction\":[{\"@type\":\"SearchAction\",\"target\":{\"@type\":\"EntryPoint\",\"urlTemplate\":\"https:\/\/www.gaveanews.com\/?s={search_term_string}\"},\"query-input\":{\"@type\":\"PropertyValueSpecification\",\"valueRequired\":true,\"valueName\":\"search_term_string\"}}],\"inLanguage\":\"pt-BR\"},{\"@type\":\"Person\",\"@id\":\"https:\/\/www.gaveanews.com\/#\/schema\/person\/714c67050b836198af2450ba1c142a67\",\"name\":\"Let\u00edcia Gerheim\",\"image\":{\"@type\":\"ImageObject\",\"inLanguage\":\"pt-BR\",\"@id\":\"https:\/\/www.gaveanews.com\/#\/schema\/person\/image\/\",\"url\":\"https:\/\/secure.gravatar.com\/avatar\/60734739c50fcebfbac509e2a826ccd0ff405c019bc73aab9354f19ecad1dcb4?s=96&d=mm&r=g\",\"contentUrl\":\"https:\/\/secure.gravatar.com\/avatar\/60734739c50fcebfbac509e2a826ccd0ff405c019bc73aab9354f19ecad1dcb4?s=96&d=mm&r=g\",\"caption\":\"Let\u00edcia Gerheim\"}}]}<\/script>\n<!-- \/ Yoast SEO Premium plugin. -->","yoast_head_json":{"title":"Veja quanto o Flamengo ter\u00e1 que pagar a Conmebol devido aos cart\u00f5es na fase de grupos","robots":{"index":"index","follow":"follow","max-snippet":"max-snippet:-1","max-image-preview":"max-image-preview:large","max-video-preview":"max-video-preview:-1"},"canonical":"https:\/\/www.gaveanews.com\/index.php\/2022\/05\/27\/veja-quanto-o-flamengo-tera-que-pagar-a-conmebol-devido-aos-cartoes-na-fase-de-grupos\/","og_locale":"pt_BR","og_type":"article","og_title":"Veja quanto o Flamengo ter\u00e1 que pagar a Conmebol devido aos cart\u00f5es na fase de grupos","og_description":"A fase de grupos da Libertadores terminou na \u00faltima quinta-feira (27). O Flamengo passou ileso por esta etapa e fechou sua campanha com 16 pontos, vindos de 5 vit\u00f3rias e um \u00fanico empate contra o Talleres, que tamb\u00e9m se classificou para o mata-mata. Terminada a fase de grupos, a contagem de cart\u00f5es amarelos \u00e9 zerada [&hellip;]","og_url":"https:\/\/www.gaveanews.com\/index.php\/2022\/05\/27\/veja-quanto-o-flamengo-tera-que-pagar-a-conmebol-devido-aos-cartoes-na-fase-de-grupos\/","og_site_name":"G\u00e1vea News","article_publisher":"https:\/\/facebook.com\/gaveaNews\/","article_published_time":"2022-05-27T17:55:41+00:00","article_modified_time":"2022-05-27T18:59:08+00:00","og_image":[{"width":900,"height":1200,"url":"https:\/\/www.gaveanews.com\/wp-content\/uploads\/Taca-da-Libertadores-e-bandeira-do-Flamengo-no-estadio-do-Maracana.webp","type":"image\/jpeg"}],"author":"Let\u00edcia Gerheim","twitter_card":"summary_large_image","twitter_misc":{"Escrito por":"Let\u00edcia Gerheim","Est. tempo de leitura":"2 minutos"},"schema":{"@context":"https:\/\/schema.org","@graph":[{"@type":"NewsArticle","@id":"https:\/\/www.gaveanews.com\/index.php\/2022\/05\/27\/veja-quanto-o-flamengo-tera-que-pagar-a-conmebol-devido-aos-cartoes-na-fase-de-grupos\/#article","isPartOf":{"@id":"https:\/\/www.gaveanews.com\/index.php\/2022\/05\/27\/veja-quanto-o-flamengo-tera-que-pagar-a-conmebol-devido-aos-cartoes-na-fase-de-grupos\/"},"author":{"name":"Let\u00edcia Gerheim","@id":"https:\/\/www.gaveanews.com\/#\/schema\/person\/714c67050b836198af2450ba1c142a67"},"headline":"Veja quanto o Flamengo ter\u00e1 que pagar a Conmebol devido aos cart\u00f5es na fase de grupos","datePublished":"2022-05-27T17:55:41+00:00","dateModified":"2022-05-27T18:59:08+00:00","mainEntityOfPage":{"@id":"https:\/\/www.gaveanews.com\/index.php\/2022\/05\/27\/veja-quanto-o-flamengo-tera-que-pagar-a-conmebol-devido-aos-cartoes-na-fase-de-grupos\/"},"wordCount":280,"commentCount":0,"image":{"@id":"https:\/\/www.gaveanews.com\/index.php\/2022\/05\/27\/veja-quanto-o-flamengo-tera-que-pagar-a-conmebol-devido-aos-cartoes-na-fase-de-grupos\/#primaryimage"},"thumbnailUrl":"https:\/\/www.gaveanews.com\/wp-content\/uploads\/Taca-da-Libertadores-e-bandeira-do-Flamengo-no-estadio-do-Maracana.webp","articleSection":["Flamengo"],"inLanguage":"pt-BR","potentialAction":[{"@type":"CommentAction","name":"Comment","target":["https:\/\/www.gaveanews.com\/index.php\/2022\/05\/27\/veja-quanto-o-flamengo-tera-que-pagar-a-conmebol-devido-aos-cartoes-na-fase-de-grupos\/#respond"]}],"copyrightYear":"2022","copyrightHolder":{"@id":"https:\/\/www.gaveanews.com\/#organization"}},{"@type":"WebPage","@id":"https:\/\/www.gaveanews.com\/index.php\/2022\/05\/27\/veja-quanto-o-flamengo-tera-que-pagar-a-conmebol-devido-aos-cartoes-na-fase-de-grupos\/","url":"https:\/\/www.gaveanews.com\/index.php\/2022\/05\/27\/veja-quanto-o-flamengo-tera-que-pagar-a-conmebol-devido-aos-cartoes-na-fase-de-grupos\/","name":"Veja quanto o Flamengo ter\u00e1 que pagar a Conmebol devido aos cart\u00f5es na fase de grupos","isPartOf":{"@id":"https:\/\/www.gaveanews.com\/#website"},"primaryImageOfPage":{"@id":"https:\/\/www.gaveanews.com\/index.php\/2022\/05\/27\/veja-quanto-o-flamengo-tera-que-pagar-a-conmebol-devido-aos-cartoes-na-fase-de-grupos\/#primaryimage"},"image":{"@id":"https:\/\/www.gaveanews.com\/index.php\/2022\/05\/27\/veja-quanto-o-flamengo-tera-que-pagar-a-conmebol-devido-aos-cartoes-na-fase-de-grupos\/#primaryimage"},"thumbnailUrl":"https:\/\/www.gaveanews.com\/wp-content\/uploads\/Taca-da-Libertadores-e-bandeira-do-Flamengo-no-estadio-do-Maracana.webp","datePublished":"2022-05-27T17:55:41+00:00","dateModified":"2022-05-27T18:59:08+00:00","author":{"@id":"https:\/\/www.gaveanews.com\/#\/schema\/person\/714c67050b836198af2450ba1c142a67"},"breadcrumb":{"@id":"https:\/\/www.gaveanews.com\/index.php\/2022\/05\/27\/veja-quanto-o-flamengo-tera-que-pagar-a-conmebol-devido-aos-cartoes-na-fase-de-grupos\/#breadcrumb"},"inLanguage":"pt-BR","potentialAction":[{"@type":"ReadAction","target":["https:\/\/www.gaveanews.com\/index.php\/2022\/05\/27\/veja-quanto-o-flamengo-tera-que-pagar-a-conmebol-devido-aos-cartoes-na-fase-de-grupos\/"]}]},{"@type":"ImageObject","inLanguage":"pt-BR","@id":"https:\/\/www.gaveanews.com\/index.php\/2022\/05\/27\/veja-quanto-o-flamengo-tera-que-pagar-a-conmebol-devido-aos-cartoes-na-fase-de-grupos\/#primaryimage","url":"https:\/\/www.gaveanews.com\/wp-content\/uploads\/Taca-da-Libertadores-e-bandeira-do-Flamengo-no-estadio-do-Maracana.webp","contentUrl":"https:\/\/www.gaveanews.com\/wp-content\/uploads\/Taca-da-Libertadores-e-bandeira-do-Flamengo-no-estadio-do-Maracana.webp","width":900,"height":1200,"caption":"Ta\u00e7a da Libertadores e bandeira do Flamengo no est\u00e1dio do Maracan\u00e3 (Foto: Reprodu\u00e7\u00e3o\/ Rodrigo Dunshee de Abranches\/Twitter)"},{"@type":"BreadcrumbList","@id":"https:\/\/www.gaveanews.com\/index.php\/2022\/05\/27\/veja-quanto-o-flamengo-tera-que-pagar-a-conmebol-devido-aos-cartoes-na-fase-de-grupos\/#breadcrumb","itemListElement":[{"@type":"ListItem","position":1,"name":"Home","item":"https:\/\/www.gaveanews.com\/"},{"@type":"ListItem","position":2,"name":"Veja quanto o Flamengo ter\u00e1 que pagar a Conmebol devido aos cart\u00f5es na fase de grupos"}]},{"@type":"WebSite","@id":"https:\/\/www.gaveanews.com\/#website","url":"https:\/\/www.gaveanews.com\/","name":"G\u00e1vea News","description":"Veja todas as not\u00edcias sobre o Flamengo: Contrata\u00e7\u00f5es, categorias de base, resultados das partidas, tabela de classifica\u00e7\u00e3o, pr\u00f3ximos jogos!","potentialAction":[{"@type":"SearchAction","target":{"@type":"EntryPoint","urlTemplate":"https:\/\/www.gaveanews.com\/?s={search_term_string}"},"query-input":{"@type":"PropertyValueSpecification","valueRequired":true,"valueName":"search_term_string"}}],"inLanguage":"pt-BR"},{"@type":"Person","@id":"https:\/\/www.gaveanews.com\/#\/schema\/person\/714c67050b836198af2450ba1c142a67","name":"Let\u00edcia Gerheim","image":{"@type":"ImageObject","inLanguage":"pt-BR","@id":"https:\/\/www.gaveanews.com\/#\/schema\/person\/image\/","url":"https:\/\/secure.gravatar.com\/avatar\/60734739c50fcebfbac509e2a826ccd0ff405c019bc73aab9354f19ecad1dcb4?s=96&d=mm&r=g","contentUrl":"https:\/\/secure.gravatar.com\/avatar\/60734739c50fcebfbac509e2a826ccd0ff405c019bc73aab9354f19ecad1dcb4?s=96&d=mm&r=g","caption":"Let\u00edcia Gerheim"}}]}},"_links":{"self":[{"href":"https:\/\/www.gaveanews.com\/index.php\/wp-json\/wp\/v2\/posts\/82200","targetHints":{"allow":["GET"]}}],"collection":[{"href":"https:\/\/www.gaveanews.com\/index.php\/wp-json\/wp\/v2\/posts"}],"about":[{"href":"https:\/\/www.gaveanews.com\/index.php\/wp-json\/wp\/v2\/types\/post"}],"author":[{"embeddable":true,"href":"https:\/\/www.gaveanews.com\/index.php\/wp-json\/wp\/v2\/users\/4"}],"replies":[{"embeddable":true,"href":"https:\/\/www.gaveanews.com\/index.php\/wp-json\/wp\/v2\/comments?post=82200"}],"version-history":[{"count":0,"href":"https:\/\/www.gaveanews.com\/index.php\/wp-json\/wp\/v2\/posts\/82200\/revisions"}],"wp:featuredmedia":[{"embeddable":true,"href":"https:\/\/www.gaveanews.com\/index.php\/wp-json\/wp\/v2\/media\/68615"}],"wp:attachment":[{"href":"https:\/\/www.gaveanews.com\/index.php\/wp-json\/wp\/v2\/media?parent=82200"}],"wp:term":[{"taxonomy":"category","embeddable":true,"href":"https:\/\/www.gaveanews.com\/index.php\/wp-json\/wp\/v2\/categories?post=82200"},{"taxonomy":"post_tag","embeddable":true,"href":"https:\/\/www.gaveanews.com\/index.php\/wp-json\/wp\/v2\/tags?post=82200"}],"curies":[{"name":"wp","href":"https:\/\/api.w.org\/{rel}","templated":true}]}}