{"id":82232,"date":"2022-05-27T18:04:53","date_gmt":"2022-05-27T21:04:53","guid":{"rendered":"https:\/\/www.gaveanews.com\/?p=82232"},"modified":"2024-04-07T09:22:32","modified_gmt":"2024-04-07T12:22:32","slug":"presidente-do-flamengo-rodolfo-landim-e-questionado-sobre-demissao-de-paulo-souza-e-faz-comparacao-surpreendente-com-jorge-jesus","status":"publish","type":"post","link":"https:\/\/www.gaveanews.com\/index.php\/2022\/05\/27\/presidente-do-flamengo-rodolfo-landim-e-questionado-sobre-demissao-de-paulo-souza-e-faz-comparacao-surpreendente-com-jorge-jesus\/","title":{"rendered":"Presidente do Flamengo, Rodolfo Landim \u00e9 questionado sobre demiss\u00e3o de Paulo Souza e faz compara\u00e7\u00e3o surpreendente com Jorge Jesus"},"content":{"rendered":"\n<p>Mesmo com as cr\u00edticas pesadas da torcida, Rodolfo Landim, neste momento, descarta demitir Paulo Sousa. De acordo com o portal Goal, o presidente deposita uma grande esperan\u00e7a no trabalho do portugu\u00eas, motivo pelo qual recha\u00e7ou viabilizar o desligamento do t\u00e9cnico, ainda que uma ala pol\u00edtica defendesse a sa\u00edda do profissional.<\/p>\n\n\n\n<p>Neste cen\u00e1rio, \u00e9 relatado que Landim nutre uma grande expectativa de Paulo Sousa conseguir dar a volta por cima no Flamengo. Na vis\u00e3o do mandat\u00e1rio m\u00e1ximo, o atual treinador do clube apresenta mais conte\u00fado que Jorge Jesus, avalia\u00e7\u00e3o que foi feita levando em conta as atividades com o elenco no Ninho do Urubu. Mediante a forma que a comiss\u00e3o t\u00e9cnica repassa os m\u00e9todos ao elenco, o dirigente que controla o clube se encontra encantado com a filosofia de trabalho.<\/p>\n\n\n\n<p>Apesar do respaldo, Paulo Sousa est\u00e1 ciente que precisa de resultados no comando do Flamengo. No domingo (29), \u00e0s 18h, no Maracan\u00e3, o time ir\u00e1 reencontrar o Fluminense, algoz na final do Carioca. Mediante o \u00faltimo resultado do cl\u00e1ssico, a partida v\u00e1lida pelo Brasileir\u00e3o ganhou aspecto de decis\u00e3o para o Rubro-Negro.<\/p>\n\n\n\n<h2 class=\"wp-block-heading\" id=\"h-jorge-jesus\">Jorge Jesus<\/h2>\n\n\n\n<p>Em conversa com Renato Maur\u00edcio Prado, publicada no UOL Esporte, Jorge Jesus reprovou o desempenho do Flamengo contra o Talleres, na Argentina, pela Libertadores. Al\u00e9m de criticar a escala\u00e7\u00e3o de Ar\u00e3o como zagueiro, o \u2018Mister\u2019 acredita que o legado que deixou no time foi se perdendo com o tempo.<\/p>\n\n\n\n<p><em>\u2014 N\u00e3o \u00e9 a dele. S\u00f3 em situa\u00e7\u00f5es excepcionais, para substituir um zagueiro por um atacante, por exemplo, recuando-o no final de um jogo em que precis\u00e1ssemos desesperadamente fazer um gol. Esse era o ponto de partida da nossa estrat\u00e9gia. Marcar forte os zagueiros advers\u00e1rios e adiantar nosso time todo, colocando a linha de defesa no meio-campo. Sufocar e retomar o ataque j\u00e1 pr\u00f3ximo ao gol. Mas desde que sa\u00ed, isso foi se perdendo. Em determinadas situa\u00e7\u00f5es do jogo, \u00e9 aceit\u00e1vel e compreens\u00edvel marcar mais atr\u00e1s. Mas n\u00e3o dando muitos espa\u00e7os entre os setores, como est\u00e1 fazendo agora.<\/em><\/p>\n\n\n\n<p><em>\u2014 N\u00e3o gosto do jogo de posi\u00e7\u00f5es. N\u00e3o \u00e9 o meu estilo. Mas muitos treinadores de hoje em dia s\u00e3o adeptos dele. \u00c9 um sistema como tantos outros. Mas s\u00f3 d\u00e1 certo quando serve de ponto de partida e n\u00e3o como amarra. Se os jogadores ficam parados, esperando a bola e n\u00e3o se movimentam, vira jogo de matraquilhos (tot\u00f3 no portugu\u00eas de Portugal). J\u00e1 joguei com tr\u00eas zagueiros. Com dois ou tr\u00eas atacantes, com um ou dois volantes. O que n\u00e3o adianta \u00e9 for\u00e7ar jogadores a cumprir fun\u00e7\u00f5es para as quais, claramente, n\u00e3o tem as caracter\u00edsticas necess\u00e1rias<\/em>, analisou.<\/p>\n\n\n\n<p>Livre no mercado, Jorge Jesus vem optando pela cautela para definir seu pr\u00f3ximo trabalho. Recentemente, Rodolfo Landim n\u00e3o descartou a volta do treinador ao Flamengo, mas estabeleceu uma condi\u00e7\u00e3o espec\u00edfica para o cen\u00e1rio.<\/p>\n\n\n\n<p><em>\u2014 Provavelmente sim (recontrataria Jorge Jesus), mas somente se ele aceitasse ter uma multa contratual muit\u00edssimo alta por rompimento unilateral do contrato, algo que clube algum estaria disposto a bancar para t\u00ea-lo como t\u00e9cnico<\/em>, contou Landim ao jornalista Mauro Cezar Pereira.<\/p>\n\n\n\n<p>Retirado de: Torcedores<\/p>\n","protected":false},"excerpt":{"rendered":"<p>Mesmo com as cr\u00edticas pesadas da torcida, Rodolfo Landim, neste momento, descarta demitir Paulo Sousa. De acordo com o portal Goal, o presidente deposita uma grande esperan\u00e7a no trabalho do portugu\u00eas, motivo pelo qual recha\u00e7ou viabilizar o desligamento do t\u00e9cnico, ainda que uma ala pol\u00edtica defendesse a sa\u00edda do profissional. Neste cen\u00e1rio, \u00e9 relatado que [&hellip;]<\/p>\n","protected":false},"author":1,"featured_media":74141,"comment_status":"open","ping_status":"closed","sticky":false,"template":"","format":"standard","meta":{"footnotes":""},"categories":[47],"tags":[205],"class_list":["post-82232","post","type-post","status-publish","format-standard","has-post-thumbnail","hentry","category-destaques","tag-paulo-manuel-carvalho-sousa"],"yoast_head":"<!-- This site is optimized with the Yoast SEO Premium plugin v24.2 (Yoast SEO v26.9) - https:\/\/yoast.com\/product\/yoast-seo-premium-wordpress\/ -->\n<title>Presidente do Flamengo, Rodolfo Landim \u00e9 questionado sobre demiss\u00e3o de Paulo Souza e faz compara\u00e7\u00e3o surpreendente com Jorge Jesus<\/title>\n<meta name=\"robots\" content=\"index, follow, max-snippet:-1, max-image-preview:large, max-video-preview:-1\" \/>\n<link rel=\"canonical\" href=\"https:\/\/www.gaveanews.com\/index.php\/2022\/05\/27\/presidente-do-flamengo-rodolfo-landim-e-questionado-sobre-demissao-de-paulo-souza-e-faz-comparacao-surpreendente-com-jorge-jesus\/\" \/>\n<meta property=\"og:locale\" content=\"pt_BR\" \/>\n<meta property=\"og:type\" content=\"article\" \/>\n<meta property=\"og:title\" content=\"Presidente do Flamengo, Rodolfo Landim \u00e9 questionado sobre demiss\u00e3o de Paulo Souza e faz compara\u00e7\u00e3o surpreendente com Jorge Jesus\" \/>\n<meta property=\"og:description\" content=\"Mesmo com as cr\u00edticas pesadas da torcida, Rodolfo Landim, neste momento, descarta demitir Paulo Sousa. De acordo com o portal Goal, o presidente deposita uma grande esperan\u00e7a no trabalho do portugu\u00eas, motivo pelo qual recha\u00e7ou viabilizar o desligamento do t\u00e9cnico, ainda que uma ala pol\u00edtica defendesse a sa\u00edda do profissional. Neste cen\u00e1rio, \u00e9 relatado que [&hellip;]\" \/>\n<meta property=\"og:url\" content=\"https:\/\/www.gaveanews.com\/index.php\/2022\/05\/27\/presidente-do-flamengo-rodolfo-landim-e-questionado-sobre-demissao-de-paulo-souza-e-faz-comparacao-surpreendente-com-jorge-jesus\/\" \/>\n<meta property=\"og:site_name\" content=\"G\u00e1vea News\" \/>\n<meta property=\"article:publisher\" content=\"https:\/\/facebook.com\/gaveaNews\/\" \/>\n<meta property=\"article:published_time\" content=\"2022-05-27T21:04:53+00:00\" \/>\n<meta property=\"article:modified_time\" content=\"2024-04-07T12:22:32+00:00\" \/>\n<meta property=\"og:image\" content=\"https:\/\/www.gaveanews.com\/wp-content\/uploads\/Paulo-Sousa-junto-de-Marcos-Braz-Rodolfo-Landim-e-Bruno-Spindel-dirigentes-do-Flamengo.webp\" \/>\n\t<meta property=\"og:image:width\" content=\"1024\" \/>\n\t<meta property=\"og:image:height\" content=\"768\" \/>\n\t<meta property=\"og:image:type\" content=\"image\/jpeg\" \/>\n<meta name=\"author\" content=\"Equipe G\u00e1vea News\" \/>\n<meta name=\"twitter:card\" content=\"summary_large_image\" \/>\n<meta name=\"twitter:label1\" content=\"Escrito por\" \/>\n\t<meta name=\"twitter:data1\" content=\"Equipe G\u00e1vea News\" \/>\n\t<meta name=\"twitter:label2\" content=\"Est. tempo de leitura\" \/>\n\t<meta name=\"twitter:data2\" content=\"3 minutos\" \/>\n<script type=\"application\/ld+json\" class=\"yoast-schema-graph\">{\"@context\":\"https:\/\/schema.org\",\"@graph\":[{\"@type\":\"NewsArticle\",\"@id\":\"https:\/\/www.gaveanews.com\/index.php\/2022\/05\/27\/presidente-do-flamengo-rodolfo-landim-e-questionado-sobre-demissao-de-paulo-souza-e-faz-comparacao-surpreendente-com-jorge-jesus\/#article\",\"isPartOf\":{\"@id\":\"https:\/\/www.gaveanews.com\/index.php\/2022\/05\/27\/presidente-do-flamengo-rodolfo-landim-e-questionado-sobre-demissao-de-paulo-souza-e-faz-comparacao-surpreendente-com-jorge-jesus\/\"},\"author\":{\"name\":\"Equipe G\u00e1vea News\",\"@id\":\"https:\/\/www.gaveanews.com\/#\/schema\/person\/2ec14f73fb96be2caf28f91afb14749d\"},\"headline\":\"Presidente do Flamengo, Rodolfo Landim \u00e9 questionado sobre demiss\u00e3o de Paulo Souza e faz compara\u00e7\u00e3o surpreendente com Jorge Jesus\",\"datePublished\":\"2022-05-27T21:04:53+00:00\",\"dateModified\":\"2024-04-07T12:22:32+00:00\",\"mainEntityOfPage\":{\"@id\":\"https:\/\/www.gaveanews.com\/index.php\/2022\/05\/27\/presidente-do-flamengo-rodolfo-landim-e-questionado-sobre-demissao-de-paulo-souza-e-faz-comparacao-surpreendente-com-jorge-jesus\/\"},\"wordCount\":573,\"commentCount\":0,\"image\":{\"@id\":\"https:\/\/www.gaveanews.com\/index.php\/2022\/05\/27\/presidente-do-flamengo-rodolfo-landim-e-questionado-sobre-demissao-de-paulo-souza-e-faz-comparacao-surpreendente-com-jorge-jesus\/#primaryimage\"},\"thumbnailUrl\":\"https:\/\/www.gaveanews.com\/wp-content\/uploads\/Paulo-Sousa-junto-de-Marcos-Braz-Rodolfo-Landim-e-Bruno-Spindel-dirigentes-do-Flamengo.webp\",\"keywords\":[\"Paulo Manuel Carvalho Sousa\"],\"articleSection\":[\"Destaques\"],\"inLanguage\":\"pt-BR\",\"potentialAction\":[{\"@type\":\"CommentAction\",\"name\":\"Comment\",\"target\":[\"https:\/\/www.gaveanews.com\/index.php\/2022\/05\/27\/presidente-do-flamengo-rodolfo-landim-e-questionado-sobre-demissao-de-paulo-souza-e-faz-comparacao-surpreendente-com-jorge-jesus\/#respond\"]}],\"copyrightYear\":\"2022\",\"copyrightHolder\":{\"@id\":\"https:\/\/www.gaveanews.com\/#organization\"}},{\"@type\":\"WebPage\",\"@id\":\"https:\/\/www.gaveanews.com\/index.php\/2022\/05\/27\/presidente-do-flamengo-rodolfo-landim-e-questionado-sobre-demissao-de-paulo-souza-e-faz-comparacao-surpreendente-com-jorge-jesus\/\",\"url\":\"https:\/\/www.gaveanews.com\/index.php\/2022\/05\/27\/presidente-do-flamengo-rodolfo-landim-e-questionado-sobre-demissao-de-paulo-souza-e-faz-comparacao-surpreendente-com-jorge-jesus\/\",\"name\":\"Presidente do Flamengo, Rodolfo Landim \u00e9 questionado sobre demiss\u00e3o de Paulo Souza e faz compara\u00e7\u00e3o surpreendente com Jorge Jesus\",\"isPartOf\":{\"@id\":\"https:\/\/www.gaveanews.com\/#website\"},\"primaryImageOfPage\":{\"@id\":\"https:\/\/www.gaveanews.com\/index.php\/2022\/05\/27\/presidente-do-flamengo-rodolfo-landim-e-questionado-sobre-demissao-de-paulo-souza-e-faz-comparacao-surpreendente-com-jorge-jesus\/#primaryimage\"},\"image\":{\"@id\":\"https:\/\/www.gaveanews.com\/index.php\/2022\/05\/27\/presidente-do-flamengo-rodolfo-landim-e-questionado-sobre-demissao-de-paulo-souza-e-faz-comparacao-surpreendente-com-jorge-jesus\/#primaryimage\"},\"thumbnailUrl\":\"https:\/\/www.gaveanews.com\/wp-content\/uploads\/Paulo-Sousa-junto-de-Marcos-Braz-Rodolfo-Landim-e-Bruno-Spindel-dirigentes-do-Flamengo.webp\",\"datePublished\":\"2022-05-27T21:04:53+00:00\",\"dateModified\":\"2024-04-07T12:22:32+00:00\",\"author\":{\"@id\":\"https:\/\/www.gaveanews.com\/#\/schema\/person\/2ec14f73fb96be2caf28f91afb14749d\"},\"breadcrumb\":{\"@id\":\"https:\/\/www.gaveanews.com\/index.php\/2022\/05\/27\/presidente-do-flamengo-rodolfo-landim-e-questionado-sobre-demissao-de-paulo-souza-e-faz-comparacao-surpreendente-com-jorge-jesus\/#breadcrumb\"},\"inLanguage\":\"pt-BR\",\"potentialAction\":[{\"@type\":\"ReadAction\",\"target\":[\"https:\/\/www.gaveanews.com\/index.php\/2022\/05\/27\/presidente-do-flamengo-rodolfo-landim-e-questionado-sobre-demissao-de-paulo-souza-e-faz-comparacao-surpreendente-com-jorge-jesus\/\"]}]},{\"@type\":\"ImageObject\",\"inLanguage\":\"pt-BR\",\"@id\":\"https:\/\/www.gaveanews.com\/index.php\/2022\/05\/27\/presidente-do-flamengo-rodolfo-landim-e-questionado-sobre-demissao-de-paulo-souza-e-faz-comparacao-surpreendente-com-jorge-jesus\/#primaryimage\",\"url\":\"https:\/\/www.gaveanews.com\/wp-content\/uploads\/Paulo-Sousa-junto-de-Marcos-Braz-Rodolfo-Landim-e-Bruno-Spindel-dirigentes-do-Flamengo.webp\",\"contentUrl\":\"https:\/\/www.gaveanews.com\/wp-content\/uploads\/Paulo-Sousa-junto-de-Marcos-Braz-Rodolfo-Landim-e-Bruno-Spindel-dirigentes-do-Flamengo.webp\",\"width\":1024,\"height\":768,\"caption\":\"Paulo Sousa junto de Marcos Braz, Rodolfo Landim e Bruno Spindel, dirigentes do Flamengo (Foto: Divulga\u00e7\u00e3o\/Flamengo)\"},{\"@type\":\"BreadcrumbList\",\"@id\":\"https:\/\/www.gaveanews.com\/index.php\/2022\/05\/27\/presidente-do-flamengo-rodolfo-landim-e-questionado-sobre-demissao-de-paulo-souza-e-faz-comparacao-surpreendente-com-jorge-jesus\/#breadcrumb\",\"itemListElement\":[{\"@type\":\"ListItem\",\"position\":1,\"name\":\"Home\",\"item\":\"https:\/\/www.gaveanews.com\/\"},{\"@type\":\"ListItem\",\"position\":2,\"name\":\"Presidente do Flamengo, Rodolfo Landim \u00e9 questionado sobre demiss\u00e3o de Paulo Souza e faz compara\u00e7\u00e3o surpreendente com Jorge Jesus\"}]},{\"@type\":\"WebSite\",\"@id\":\"https:\/\/www.gaveanews.com\/#website\",\"url\":\"https:\/\/www.gaveanews.com\/\",\"name\":\"G\u00e1vea News\",\"description\":\"Veja todas as not\u00edcias sobre o Flamengo: Contrata\u00e7\u00f5es, categorias de base, resultados das partidas, tabela de classifica\u00e7\u00e3o, pr\u00f3ximos jogos!\",\"potentialAction\":[{\"@type\":\"SearchAction\",\"target\":{\"@type\":\"EntryPoint\",\"urlTemplate\":\"https:\/\/www.gaveanews.com\/?s={search_term_string}\"},\"query-input\":{\"@type\":\"PropertyValueSpecification\",\"valueRequired\":true,\"valueName\":\"search_term_string\"}}],\"inLanguage\":\"pt-BR\"},{\"@type\":\"Person\",\"@id\":\"https:\/\/www.gaveanews.com\/#\/schema\/person\/2ec14f73fb96be2caf28f91afb14749d\",\"name\":\"Equipe G\u00e1vea News\",\"image\":{\"@type\":\"ImageObject\",\"inLanguage\":\"pt-BR\",\"@id\":\"https:\/\/www.gaveanews.com\/#\/schema\/person\/image\/\",\"url\":\"https:\/\/secure.gravatar.com\/avatar\/1e1956f1facbffd3f8fa53a326721950116b3b9dc9bd44939c01180fd4a745a9?s=96&d=mm&r=g\",\"contentUrl\":\"https:\/\/secure.gravatar.com\/avatar\/1e1956f1facbffd3f8fa53a326721950116b3b9dc9bd44939c01180fd4a745a9?s=96&d=mm&r=g\",\"caption\":\"Equipe G\u00e1vea News\"}}]}<\/script>\n<!-- \/ Yoast SEO Premium plugin. -->","yoast_head_json":{"title":"Presidente do Flamengo, Rodolfo Landim \u00e9 questionado sobre demiss\u00e3o de Paulo Souza e faz compara\u00e7\u00e3o surpreendente com Jorge Jesus","robots":{"index":"index","follow":"follow","max-snippet":"max-snippet:-1","max-image-preview":"max-image-preview:large","max-video-preview":"max-video-preview:-1"},"canonical":"https:\/\/www.gaveanews.com\/index.php\/2022\/05\/27\/presidente-do-flamengo-rodolfo-landim-e-questionado-sobre-demissao-de-paulo-souza-e-faz-comparacao-surpreendente-com-jorge-jesus\/","og_locale":"pt_BR","og_type":"article","og_title":"Presidente do Flamengo, Rodolfo Landim \u00e9 questionado sobre demiss\u00e3o de Paulo Souza e faz compara\u00e7\u00e3o surpreendente com Jorge Jesus","og_description":"Mesmo com as cr\u00edticas pesadas da torcida, Rodolfo Landim, neste momento, descarta demitir Paulo Sousa. De acordo com o portal Goal, o presidente deposita uma grande esperan\u00e7a no trabalho do portugu\u00eas, motivo pelo qual recha\u00e7ou viabilizar o desligamento do t\u00e9cnico, ainda que uma ala pol\u00edtica defendesse a sa\u00edda do profissional. Neste cen\u00e1rio, \u00e9 relatado que [&hellip;]","og_url":"https:\/\/www.gaveanews.com\/index.php\/2022\/05\/27\/presidente-do-flamengo-rodolfo-landim-e-questionado-sobre-demissao-de-paulo-souza-e-faz-comparacao-surpreendente-com-jorge-jesus\/","og_site_name":"G\u00e1vea News","article_publisher":"https:\/\/facebook.com\/gaveaNews\/","article_published_time":"2022-05-27T21:04:53+00:00","article_modified_time":"2024-04-07T12:22:32+00:00","og_image":[{"width":1024,"height":768,"url":"https:\/\/www.gaveanews.com\/wp-content\/uploads\/Paulo-Sousa-junto-de-Marcos-Braz-Rodolfo-Landim-e-Bruno-Spindel-dirigentes-do-Flamengo.webp","type":"image\/jpeg"}],"author":"Equipe G\u00e1vea News","twitter_card":"summary_large_image","twitter_misc":{"Escrito por":"Equipe G\u00e1vea News","Est. tempo de leitura":"3 minutos"},"schema":{"@context":"https:\/\/schema.org","@graph":[{"@type":"NewsArticle","@id":"https:\/\/www.gaveanews.com\/index.php\/2022\/05\/27\/presidente-do-flamengo-rodolfo-landim-e-questionado-sobre-demissao-de-paulo-souza-e-faz-comparacao-surpreendente-com-jorge-jesus\/#article","isPartOf":{"@id":"https:\/\/www.gaveanews.com\/index.php\/2022\/05\/27\/presidente-do-flamengo-rodolfo-landim-e-questionado-sobre-demissao-de-paulo-souza-e-faz-comparacao-surpreendente-com-jorge-jesus\/"},"author":{"name":"Equipe G\u00e1vea News","@id":"https:\/\/www.gaveanews.com\/#\/schema\/person\/2ec14f73fb96be2caf28f91afb14749d"},"headline":"Presidente do Flamengo, Rodolfo Landim \u00e9 questionado sobre demiss\u00e3o de Paulo Souza e faz compara\u00e7\u00e3o surpreendente com Jorge Jesus","datePublished":"2022-05-27T21:04:53+00:00","dateModified":"2024-04-07T12:22:32+00:00","mainEntityOfPage":{"@id":"https:\/\/www.gaveanews.com\/index.php\/2022\/05\/27\/presidente-do-flamengo-rodolfo-landim-e-questionado-sobre-demissao-de-paulo-souza-e-faz-comparacao-surpreendente-com-jorge-jesus\/"},"wordCount":573,"commentCount":0,"image":{"@id":"https:\/\/www.gaveanews.com\/index.php\/2022\/05\/27\/presidente-do-flamengo-rodolfo-landim-e-questionado-sobre-demissao-de-paulo-souza-e-faz-comparacao-surpreendente-com-jorge-jesus\/#primaryimage"},"thumbnailUrl":"https:\/\/www.gaveanews.com\/wp-content\/uploads\/Paulo-Sousa-junto-de-Marcos-Braz-Rodolfo-Landim-e-Bruno-Spindel-dirigentes-do-Flamengo.webp","keywords":["Paulo Manuel Carvalho Sousa"],"articleSection":["Destaques"],"inLanguage":"pt-BR","potentialAction":[{"@type":"CommentAction","name":"Comment","target":["https:\/\/www.gaveanews.com\/index.php\/2022\/05\/27\/presidente-do-flamengo-rodolfo-landim-e-questionado-sobre-demissao-de-paulo-souza-e-faz-comparacao-surpreendente-com-jorge-jesus\/#respond"]}],"copyrightYear":"2022","copyrightHolder":{"@id":"https:\/\/www.gaveanews.com\/#organization"}},{"@type":"WebPage","@id":"https:\/\/www.gaveanews.com\/index.php\/2022\/05\/27\/presidente-do-flamengo-rodolfo-landim-e-questionado-sobre-demissao-de-paulo-souza-e-faz-comparacao-surpreendente-com-jorge-jesus\/","url":"https:\/\/www.gaveanews.com\/index.php\/2022\/05\/27\/presidente-do-flamengo-rodolfo-landim-e-questionado-sobre-demissao-de-paulo-souza-e-faz-comparacao-surpreendente-com-jorge-jesus\/","name":"Presidente do Flamengo, Rodolfo Landim \u00e9 questionado sobre demiss\u00e3o de Paulo Souza e faz compara\u00e7\u00e3o surpreendente com Jorge Jesus","isPartOf":{"@id":"https:\/\/www.gaveanews.com\/#website"},"primaryImageOfPage":{"@id":"https:\/\/www.gaveanews.com\/index.php\/2022\/05\/27\/presidente-do-flamengo-rodolfo-landim-e-questionado-sobre-demissao-de-paulo-souza-e-faz-comparacao-surpreendente-com-jorge-jesus\/#primaryimage"},"image":{"@id":"https:\/\/www.gaveanews.com\/index.php\/2022\/05\/27\/presidente-do-flamengo-rodolfo-landim-e-questionado-sobre-demissao-de-paulo-souza-e-faz-comparacao-surpreendente-com-jorge-jesus\/#primaryimage"},"thumbnailUrl":"https:\/\/www.gaveanews.com\/wp-content\/uploads\/Paulo-Sousa-junto-de-Marcos-Braz-Rodolfo-Landim-e-Bruno-Spindel-dirigentes-do-Flamengo.webp","datePublished":"2022-05-27T21:04:53+00:00","dateModified":"2024-04-07T12:22:32+00:00","author":{"@id":"https:\/\/www.gaveanews.com\/#\/schema\/person\/2ec14f73fb96be2caf28f91afb14749d"},"breadcrumb":{"@id":"https:\/\/www.gaveanews.com\/index.php\/2022\/05\/27\/presidente-do-flamengo-rodolfo-landim-e-questionado-sobre-demissao-de-paulo-souza-e-faz-comparacao-surpreendente-com-jorge-jesus\/#breadcrumb"},"inLanguage":"pt-BR","potentialAction":[{"@type":"ReadAction","target":["https:\/\/www.gaveanews.com\/index.php\/2022\/05\/27\/presidente-do-flamengo-rodolfo-landim-e-questionado-sobre-demissao-de-paulo-souza-e-faz-comparacao-surpreendente-com-jorge-jesus\/"]}]},{"@type":"ImageObject","inLanguage":"pt-BR","@id":"https:\/\/www.gaveanews.com\/index.php\/2022\/05\/27\/presidente-do-flamengo-rodolfo-landim-e-questionado-sobre-demissao-de-paulo-souza-e-faz-comparacao-surpreendente-com-jorge-jesus\/#primaryimage","url":"https:\/\/www.gaveanews.com\/wp-content\/uploads\/Paulo-Sousa-junto-de-Marcos-Braz-Rodolfo-Landim-e-Bruno-Spindel-dirigentes-do-Flamengo.webp","contentUrl":"https:\/\/www.gaveanews.com\/wp-content\/uploads\/Paulo-Sousa-junto-de-Marcos-Braz-Rodolfo-Landim-e-Bruno-Spindel-dirigentes-do-Flamengo.webp","width":1024,"height":768,"caption":"Paulo Sousa junto de Marcos Braz, Rodolfo Landim e Bruno Spindel, dirigentes do Flamengo (Foto: Divulga\u00e7\u00e3o\/Flamengo)"},{"@type":"BreadcrumbList","@id":"https:\/\/www.gaveanews.com\/index.php\/2022\/05\/27\/presidente-do-flamengo-rodolfo-landim-e-questionado-sobre-demissao-de-paulo-souza-e-faz-comparacao-surpreendente-com-jorge-jesus\/#breadcrumb","itemListElement":[{"@type":"ListItem","position":1,"name":"Home","item":"https:\/\/www.gaveanews.com\/"},{"@type":"ListItem","position":2,"name":"Presidente do Flamengo, Rodolfo Landim \u00e9 questionado sobre demiss\u00e3o de Paulo Souza e faz compara\u00e7\u00e3o surpreendente com Jorge Jesus"}]},{"@type":"WebSite","@id":"https:\/\/www.gaveanews.com\/#website","url":"https:\/\/www.gaveanews.com\/","name":"G\u00e1vea News","description":"Veja todas as not\u00edcias sobre o Flamengo: Contrata\u00e7\u00f5es, categorias de base, resultados das partidas, tabela de classifica\u00e7\u00e3o, pr\u00f3ximos jogos!","potentialAction":[{"@type":"SearchAction","target":{"@type":"EntryPoint","urlTemplate":"https:\/\/www.gaveanews.com\/?s={search_term_string}"},"query-input":{"@type":"PropertyValueSpecification","valueRequired":true,"valueName":"search_term_string"}}],"inLanguage":"pt-BR"},{"@type":"Person","@id":"https:\/\/www.gaveanews.com\/#\/schema\/person\/2ec14f73fb96be2caf28f91afb14749d","name":"Equipe G\u00e1vea News","image":{"@type":"ImageObject","inLanguage":"pt-BR","@id":"https:\/\/www.gaveanews.com\/#\/schema\/person\/image\/","url":"https:\/\/secure.gravatar.com\/avatar\/1e1956f1facbffd3f8fa53a326721950116b3b9dc9bd44939c01180fd4a745a9?s=96&d=mm&r=g","contentUrl":"https:\/\/secure.gravatar.com\/avatar\/1e1956f1facbffd3f8fa53a326721950116b3b9dc9bd44939c01180fd4a745a9?s=96&d=mm&r=g","caption":"Equipe G\u00e1vea News"}}]}},"_links":{"self":[{"href":"https:\/\/www.gaveanews.com\/index.php\/wp-json\/wp\/v2\/posts\/82232","targetHints":{"allow":["GET"]}}],"collection":[{"href":"https:\/\/www.gaveanews.com\/index.php\/wp-json\/wp\/v2\/posts"}],"about":[{"href":"https:\/\/www.gaveanews.com\/index.php\/wp-json\/wp\/v2\/types\/post"}],"author":[{"embeddable":true,"href":"https:\/\/www.gaveanews.com\/index.php\/wp-json\/wp\/v2\/users\/1"}],"replies":[{"embeddable":true,"href":"https:\/\/www.gaveanews.com\/index.php\/wp-json\/wp\/v2\/comments?post=82232"}],"version-history":[{"count":2,"href":"https:\/\/www.gaveanews.com\/index.php\/wp-json\/wp\/v2\/posts\/82232\/revisions"}],"predecessor-version":[{"id":136924,"href":"https:\/\/www.gaveanews.com\/index.php\/wp-json\/wp\/v2\/posts\/82232\/revisions\/136924"}],"wp:featuredmedia":[{"embeddable":true,"href":"https:\/\/www.gaveanews.com\/index.php\/wp-json\/wp\/v2\/media\/74141"}],"wp:attachment":[{"href":"https:\/\/www.gaveanews.com\/index.php\/wp-json\/wp\/v2\/media?parent=82232"}],"wp:term":[{"taxonomy":"category","embeddable":true,"href":"https:\/\/www.gaveanews.com\/index.php\/wp-json\/wp\/v2\/categories?post=82232"},{"taxonomy":"post_tag","embeddable":true,"href":"https:\/\/www.gaveanews.com\/index.php\/wp-json\/wp\/v2\/tags?post=82232"}],"curies":[{"name":"wp","href":"https:\/\/api.w.org\/{rel}","templated":true}]}}