{"id":82249,"date":"2022-05-28T19:11:06","date_gmt":"2022-05-28T22:11:06","guid":{"rendered":"https:\/\/www.gaveanews.com\/?p=82249"},"modified":"2022-05-28T19:13:13","modified_gmt":"2022-05-28T22:13:13","slug":"joao-gomes-pode-estar-de-saida-do-flamengo-para-a-europa","status":"publish","type":"post","link":"https:\/\/www.gaveanews.com\/index.php\/2022\/05\/28\/joao-gomes-pode-estar-de-saida-do-flamengo-para-a-europa\/","title":{"rendered":"Jo\u00e3o Gomes pode estar de sa\u00edda do Flamengo para a Europa"},"content":{"rendered":"\n<p>Jo\u00e3o Gomes, volante do Flamengo, est\u00e1 sendo sondado novamente pelo Atl\u00e9tico de Madrid. Isso tem a ver com o \u201cn\u00e3o\u201d de Boubacar Kamara, alvo dos \u2018Colchoneros\u2019, mas que optou por ir jogar na Premier League.<\/p>\n\n\n\n<p>O franc\u00eas ficaria livre na janela de transfer\u00eancias que se aproxima, sendo uma grande oportunidade de mercado para o Atl\u00e9tico de Madrid; no entanto, surgiu o interesse do Aston Villa, que apresentou mais dinheiro e acabou acertando com Kamara, que se transferiu para a Premire League.<\/p>\n\n\n\n<p>Portanto, os espanh\u00f3is voltam a olhar para o mercado brasileiro a procura de op\u00e7\u00e3o. J\u00e1 observado anteriormente, Jo\u00e3o Gomes, do Flamengo, volta a ser o alvo do Atl\u00e9tico.<\/p>\n\n\n\n<p>A equipe de Madri conta apenas com Kondogbia para o meio-campo. Portanto, a dire\u00e7\u00e3o do clube est\u00e1 atenta ao mercado na busca por refor\u00e7os pontuais para a posi\u00e7\u00e3o, visando a pr\u00f3xima temporada europeia que ter\u00e1 in\u00edcio no segundo semestre de 2022.<\/p>\n\n\n\n<p>Contudo, a diretoria do Atl\u00e9tico trabalha com v\u00e1rios nomes; no entanto, a joia do Meng\u00e3o \u00e9 vista como um refor\u00e7o do presente e do futuro, tendo em conta a sua pouca idade.<\/p>\n\n\n\n<h2 class=\"wp-block-heading\" id=\"h-joao-gomes-do-flamengo-a-caminho-da-europa\">Jo\u00e3o Gomes, do Flamengo, a caminho da Europa<\/h2>\n\n\n\n<p>A informa\u00e7\u00e3o de que o Atl\u00e9tico de Madrid voltou suas aten\u00e7\u00f5es para Jo\u00e3o Gomes, do Meng\u00e3o, mais uma vez, \u00e9 do jornal espanhol \u2018Mundo Deportivo\u2019.<\/p>\n\n\n\n<p><em>\u2014 S\u00e3o v\u00e1rios nomes que maneja a dire\u00e7\u00e3o esportiva da entidade colchonera. E um deles prov\u00e9m do Brasil. Concretamente do Rio de Janeiro. \u00c9 Jo\u00e3o Gomes. O meia do Flamengo, de 21 anos de idade, tem chamado a aten\u00e7\u00e3o do Atl\u00e9tico de Madrid, no que seria uma contrata\u00e7\u00e3o de presente mas tamb\u00e9m de futuro, dada a idade do futebolista e a proje\u00e7\u00e3o que tem<\/em> \u2013 avaliou o jornal da Catalunha.<\/p>\n\n\n\n<p><em>\u2014 Formado nas categorias de base do conjunto carioca, Jo\u00e3o Gomes \u00e9 um meio-campista defensivo que destaca por sua capacidade t\u00e1tica. Mant\u00e9m a posi\u00e7\u00e3o e tem uma boa distribui\u00e7\u00e3o de bola, as caracter\u00edsticas que busca o Atl\u00e9tico para refor\u00e7ar esta demarca\u00e7\u00e3o, na qual agora mesmo s\u00f3 conta com o Geoffrey Kondogbia<\/em> \u2013 disse o \u2018Mundo Deportivo\u2019 sobre o jogador do Flamengo.<\/p>\n\n\n\n<p>Vale destacar que, para a posi\u00e7\u00e3o de Jo\u00e3o Gomes na zona de meio-campo, o Flamengo tem estudado a possibilidade de mais refor\u00e7os. Nos \u00faltimos dias, nomes de volantes como o do Arturo Vidal, da Inter de Mil\u00e3o, e o do <a href=\"https:\/\/www.gaveanews.com\/index.php\/2022\/05\/27\/flamengo-prepara-oferta-pelo-meia-thiago-mendes-do-lyon-veja-valores\/\">Thiago Mendes, que est\u00e1 no futebol franc\u00eas, t\u00eam sido ligados ao Meng\u00e3o como poss\u00edveis contrata\u00e7\u00f5es na pr\u00f3xima janela<\/a>.<\/p>\n\n\n\n<p>Al\u00e9m disso, o primeiro nome citado, do meia chileno Vidal, j\u00e1 teria um <a href=\"https:\/\/www.gaveanews.com\/index.php\/2022\/05\/25\/flamengo-acerta-a-contratacao-de-arturo-vidal\/\">acerto com o Flamengo, pendente apenas de alguns detalhes contratuais, como informou a reportagem do site Torcedores<\/a>. O jogador assinar\u00e1 com o Rubro-Negro at\u00e9 dezembro de 2023, com m\u00e9dia salarial de R$ 1,2 e 1,3 milh\u00e3o.<\/p>\n\n\n\n<p>Neste domingo (29), Jo\u00e3o Gomes ter\u00e1 mais uma oportunidade de entrar em campo com a camisa do Flamengo. Os rubro-negros jogam pela oitava rodada do Brasileir\u00e3o \u00e0s 18h (de Bras\u00edlia), no Maracan\u00e3, diante do Fluminense.<\/p>\n\n\n\n<p>Retirado de: Torcedores<\/p>\n","protected":false},"excerpt":{"rendered":"<p>Jo\u00e3o Gomes, volante do Flamengo, est\u00e1 sendo sondado novamente pelo Atl\u00e9tico de Madrid. Isso tem a ver com o \u201cn\u00e3o\u201d de Boubacar Kamara, alvo dos \u2018Colchoneros\u2019, mas que optou por ir jogar na Premier League. O franc\u00eas ficaria livre na janela de transfer\u00eancias que se aproxima, sendo uma grande oportunidade de mercado para o Atl\u00e9tico [&hellip;]<\/p>\n","protected":false},"author":1,"featured_media":77434,"comment_status":"open","ping_status":"closed","sticky":false,"template":"","format":"standard","meta":{"footnotes":""},"categories":[48],"tags":[],"class_list":["post-82249","post","type-post","status-publish","format-standard","has-post-thumbnail","hentry","category-negociacoes"],"yoast_head":"<!-- This site is optimized with the Yoast SEO Premium plugin v24.2 (Yoast SEO v26.9) - https:\/\/yoast.com\/product\/yoast-seo-premium-wordpress\/ -->\n<title>Jo\u00e3o Gomes pode estar de sa\u00edda do Flamengo para a Europa<\/title>\n<meta name=\"description\" content=\"Neste domingo (29 de maio), contra o Fluminense, Jo\u00e3o Gomes ter\u00e1 mais uma oportunidade de entrar em campo com a camisa do Flamengo.\" \/>\n<meta name=\"robots\" content=\"index, follow, max-snippet:-1, max-image-preview:large, max-video-preview:-1\" \/>\n<link rel=\"canonical\" href=\"https:\/\/www.gaveanews.com\/index.php\/2022\/05\/28\/joao-gomes-pode-estar-de-saida-do-flamengo-para-a-europa\/\" \/>\n<meta property=\"og:locale\" content=\"pt_BR\" \/>\n<meta property=\"og:type\" content=\"article\" \/>\n<meta property=\"og:title\" content=\"Jo\u00e3o Gomes pode estar de sa\u00edda do Flamengo para a Europa\" \/>\n<meta property=\"og:description\" content=\"Neste domingo (29 de maio), contra o Fluminense, Jo\u00e3o Gomes ter\u00e1 mais uma oportunidade de entrar em campo com a camisa do Flamengo.\" \/>\n<meta property=\"og:url\" content=\"https:\/\/www.gaveanews.com\/index.php\/2022\/05\/28\/joao-gomes-pode-estar-de-saida-do-flamengo-para-a-europa\/\" \/>\n<meta property=\"og:site_name\" content=\"G\u00e1vea News\" \/>\n<meta property=\"article:publisher\" content=\"https:\/\/facebook.com\/gaveaNews\/\" \/>\n<meta property=\"article:published_time\" content=\"2022-05-28T22:11:06+00:00\" \/>\n<meta property=\"article:modified_time\" content=\"2022-05-28T22:13:13+00:00\" \/>\n<meta property=\"og:image\" content=\"https:\/\/www.gaveanews.com\/wp-content\/uploads\/Joao-Gomes-em-acao-pelo-Flamengo-contra-o-Botafogo-pelo-Campeonato-Carioca-2022.webp\" \/>\n\t<meta property=\"og:image:width\" content=\"799\" \/>\n\t<meta property=\"og:image:height\" content=\"533\" \/>\n\t<meta property=\"og:image:type\" content=\"image\/jpeg\" \/>\n<meta name=\"author\" content=\"Equipe G\u00e1vea News\" \/>\n<meta name=\"twitter:card\" content=\"summary_large_image\" \/>\n<meta name=\"twitter:label1\" content=\"Escrito por\" \/>\n\t<meta name=\"twitter:data1\" content=\"Equipe G\u00e1vea News\" \/>\n\t<meta name=\"twitter:label2\" content=\"Est. tempo de leitura\" \/>\n\t<meta name=\"twitter:data2\" content=\"3 minutos\" \/>\n<script type=\"application\/ld+json\" class=\"yoast-schema-graph\">{\"@context\":\"https:\/\/schema.org\",\"@graph\":[{\"@type\":\"NewsArticle\",\"@id\":\"https:\/\/www.gaveanews.com\/index.php\/2022\/05\/28\/joao-gomes-pode-estar-de-saida-do-flamengo-para-a-europa\/#article\",\"isPartOf\":{\"@id\":\"https:\/\/www.gaveanews.com\/index.php\/2022\/05\/28\/joao-gomes-pode-estar-de-saida-do-flamengo-para-a-europa\/\"},\"author\":{\"name\":\"Equipe G\u00e1vea News\",\"@id\":\"https:\/\/www.gaveanews.com\/#\/schema\/person\/2ec14f73fb96be2caf28f91afb14749d\"},\"headline\":\"Jo\u00e3o Gomes pode estar de sa\u00edda do Flamengo para a Europa\",\"datePublished\":\"2022-05-28T22:11:06+00:00\",\"dateModified\":\"2022-05-28T22:13:13+00:00\",\"mainEntityOfPage\":{\"@id\":\"https:\/\/www.gaveanews.com\/index.php\/2022\/05\/28\/joao-gomes-pode-estar-de-saida-do-flamengo-para-a-europa\/\"},\"wordCount\":550,\"commentCount\":0,\"image\":{\"@id\":\"https:\/\/www.gaveanews.com\/index.php\/2022\/05\/28\/joao-gomes-pode-estar-de-saida-do-flamengo-para-a-europa\/#primaryimage\"},\"thumbnailUrl\":\"https:\/\/www.gaveanews.com\/wp-content\/uploads\/Joao-Gomes-em-acao-pelo-Flamengo-contra-o-Botafogo-pelo-Campeonato-Carioca-2022.webp\",\"articleSection\":[\"Negocia\u00e7\u00f5es\"],\"inLanguage\":\"pt-BR\",\"potentialAction\":[{\"@type\":\"CommentAction\",\"name\":\"Comment\",\"target\":[\"https:\/\/www.gaveanews.com\/index.php\/2022\/05\/28\/joao-gomes-pode-estar-de-saida-do-flamengo-para-a-europa\/#respond\"]}],\"copyrightYear\":\"2022\",\"copyrightHolder\":{\"@id\":\"https:\/\/www.gaveanews.com\/#organization\"}},{\"@type\":\"WebPage\",\"@id\":\"https:\/\/www.gaveanews.com\/index.php\/2022\/05\/28\/joao-gomes-pode-estar-de-saida-do-flamengo-para-a-europa\/\",\"url\":\"https:\/\/www.gaveanews.com\/index.php\/2022\/05\/28\/joao-gomes-pode-estar-de-saida-do-flamengo-para-a-europa\/\",\"name\":\"Jo\u00e3o Gomes pode estar de sa\u00edda do Flamengo para a Europa\",\"isPartOf\":{\"@id\":\"https:\/\/www.gaveanews.com\/#website\"},\"primaryImageOfPage\":{\"@id\":\"https:\/\/www.gaveanews.com\/index.php\/2022\/05\/28\/joao-gomes-pode-estar-de-saida-do-flamengo-para-a-europa\/#primaryimage\"},\"image\":{\"@id\":\"https:\/\/www.gaveanews.com\/index.php\/2022\/05\/28\/joao-gomes-pode-estar-de-saida-do-flamengo-para-a-europa\/#primaryimage\"},\"thumbnailUrl\":\"https:\/\/www.gaveanews.com\/wp-content\/uploads\/Joao-Gomes-em-acao-pelo-Flamengo-contra-o-Botafogo-pelo-Campeonato-Carioca-2022.webp\",\"datePublished\":\"2022-05-28T22:11:06+00:00\",\"dateModified\":\"2022-05-28T22:13:13+00:00\",\"author\":{\"@id\":\"https:\/\/www.gaveanews.com\/#\/schema\/person\/2ec14f73fb96be2caf28f91afb14749d\"},\"description\":\"Neste domingo (29 de maio), contra o Fluminense, Jo\u00e3o Gomes ter\u00e1 mais uma oportunidade de entrar em campo com a camisa do Flamengo.\",\"breadcrumb\":{\"@id\":\"https:\/\/www.gaveanews.com\/index.php\/2022\/05\/28\/joao-gomes-pode-estar-de-saida-do-flamengo-para-a-europa\/#breadcrumb\"},\"inLanguage\":\"pt-BR\",\"potentialAction\":[{\"@type\":\"ReadAction\",\"target\":[\"https:\/\/www.gaveanews.com\/index.php\/2022\/05\/28\/joao-gomes-pode-estar-de-saida-do-flamengo-para-a-europa\/\"]}]},{\"@type\":\"ImageObject\",\"inLanguage\":\"pt-BR\",\"@id\":\"https:\/\/www.gaveanews.com\/index.php\/2022\/05\/28\/joao-gomes-pode-estar-de-saida-do-flamengo-para-a-europa\/#primaryimage\",\"url\":\"https:\/\/www.gaveanews.com\/wp-content\/uploads\/Joao-Gomes-em-acao-pelo-Flamengo-contra-o-Botafogo-pelo-Campeonato-Carioca-2022.webp\",\"contentUrl\":\"https:\/\/www.gaveanews.com\/wp-content\/uploads\/Joao-Gomes-em-acao-pelo-Flamengo-contra-o-Botafogo-pelo-Campeonato-Carioca-2022.webp\",\"width\":799,\"height\":533,\"caption\":\"Jo\u00e3o Gomes em a\u00e7\u00e3o pelo Flamengo contra o Botafogo pelo Campeonato Carioca 2022 (Foto: Gilvan de Souza\/Flamengo)\"},{\"@type\":\"BreadcrumbList\",\"@id\":\"https:\/\/www.gaveanews.com\/index.php\/2022\/05\/28\/joao-gomes-pode-estar-de-saida-do-flamengo-para-a-europa\/#breadcrumb\",\"itemListElement\":[{\"@type\":\"ListItem\",\"position\":1,\"name\":\"Home\",\"item\":\"https:\/\/www.gaveanews.com\/\"},{\"@type\":\"ListItem\",\"position\":2,\"name\":\"Jo\u00e3o Gomes pode estar de sa\u00edda do Flamengo para a Europa\"}]},{\"@type\":\"WebSite\",\"@id\":\"https:\/\/www.gaveanews.com\/#website\",\"url\":\"https:\/\/www.gaveanews.com\/\",\"name\":\"G\u00e1vea News\",\"description\":\"Veja todas as not\u00edcias sobre o Flamengo: Contrata\u00e7\u00f5es, categorias de base, resultados das partidas, tabela de classifica\u00e7\u00e3o, pr\u00f3ximos jogos!\",\"potentialAction\":[{\"@type\":\"SearchAction\",\"target\":{\"@type\":\"EntryPoint\",\"urlTemplate\":\"https:\/\/www.gaveanews.com\/?s={search_term_string}\"},\"query-input\":{\"@type\":\"PropertyValueSpecification\",\"valueRequired\":true,\"valueName\":\"search_term_string\"}}],\"inLanguage\":\"pt-BR\"},{\"@type\":\"Person\",\"@id\":\"https:\/\/www.gaveanews.com\/#\/schema\/person\/2ec14f73fb96be2caf28f91afb14749d\",\"name\":\"Equipe G\u00e1vea News\",\"image\":{\"@type\":\"ImageObject\",\"inLanguage\":\"pt-BR\",\"@id\":\"https:\/\/www.gaveanews.com\/#\/schema\/person\/image\/\",\"url\":\"https:\/\/secure.gravatar.com\/avatar\/1e1956f1facbffd3f8fa53a326721950116b3b9dc9bd44939c01180fd4a745a9?s=96&d=mm&r=g\",\"contentUrl\":\"https:\/\/secure.gravatar.com\/avatar\/1e1956f1facbffd3f8fa53a326721950116b3b9dc9bd44939c01180fd4a745a9?s=96&d=mm&r=g\",\"caption\":\"Equipe G\u00e1vea News\"}}]}<\/script>\n<!-- \/ Yoast SEO Premium plugin. -->","yoast_head_json":{"title":"Jo\u00e3o Gomes pode estar de sa\u00edda do Flamengo para a Europa","description":"Neste domingo (29 de maio), contra o Fluminense, Jo\u00e3o Gomes ter\u00e1 mais uma oportunidade de entrar em campo com a camisa do Flamengo.","robots":{"index":"index","follow":"follow","max-snippet":"max-snippet:-1","max-image-preview":"max-image-preview:large","max-video-preview":"max-video-preview:-1"},"canonical":"https:\/\/www.gaveanews.com\/index.php\/2022\/05\/28\/joao-gomes-pode-estar-de-saida-do-flamengo-para-a-europa\/","og_locale":"pt_BR","og_type":"article","og_title":"Jo\u00e3o Gomes pode estar de sa\u00edda do Flamengo para a Europa","og_description":"Neste domingo (29 de maio), contra o Fluminense, Jo\u00e3o Gomes ter\u00e1 mais uma oportunidade de entrar em campo com a camisa do Flamengo.","og_url":"https:\/\/www.gaveanews.com\/index.php\/2022\/05\/28\/joao-gomes-pode-estar-de-saida-do-flamengo-para-a-europa\/","og_site_name":"G\u00e1vea News","article_publisher":"https:\/\/facebook.com\/gaveaNews\/","article_published_time":"2022-05-28T22:11:06+00:00","article_modified_time":"2022-05-28T22:13:13+00:00","og_image":[{"width":799,"height":533,"url":"https:\/\/www.gaveanews.com\/wp-content\/uploads\/Joao-Gomes-em-acao-pelo-Flamengo-contra-o-Botafogo-pelo-Campeonato-Carioca-2022.webp","type":"image\/jpeg"}],"author":"Equipe G\u00e1vea News","twitter_card":"summary_large_image","twitter_misc":{"Escrito por":"Equipe G\u00e1vea News","Est. tempo de leitura":"3 minutos"},"schema":{"@context":"https:\/\/schema.org","@graph":[{"@type":"NewsArticle","@id":"https:\/\/www.gaveanews.com\/index.php\/2022\/05\/28\/joao-gomes-pode-estar-de-saida-do-flamengo-para-a-europa\/#article","isPartOf":{"@id":"https:\/\/www.gaveanews.com\/index.php\/2022\/05\/28\/joao-gomes-pode-estar-de-saida-do-flamengo-para-a-europa\/"},"author":{"name":"Equipe G\u00e1vea News","@id":"https:\/\/www.gaveanews.com\/#\/schema\/person\/2ec14f73fb96be2caf28f91afb14749d"},"headline":"Jo\u00e3o Gomes pode estar de sa\u00edda do Flamengo para a Europa","datePublished":"2022-05-28T22:11:06+00:00","dateModified":"2022-05-28T22:13:13+00:00","mainEntityOfPage":{"@id":"https:\/\/www.gaveanews.com\/index.php\/2022\/05\/28\/joao-gomes-pode-estar-de-saida-do-flamengo-para-a-europa\/"},"wordCount":550,"commentCount":0,"image":{"@id":"https:\/\/www.gaveanews.com\/index.php\/2022\/05\/28\/joao-gomes-pode-estar-de-saida-do-flamengo-para-a-europa\/#primaryimage"},"thumbnailUrl":"https:\/\/www.gaveanews.com\/wp-content\/uploads\/Joao-Gomes-em-acao-pelo-Flamengo-contra-o-Botafogo-pelo-Campeonato-Carioca-2022.webp","articleSection":["Negocia\u00e7\u00f5es"],"inLanguage":"pt-BR","potentialAction":[{"@type":"CommentAction","name":"Comment","target":["https:\/\/www.gaveanews.com\/index.php\/2022\/05\/28\/joao-gomes-pode-estar-de-saida-do-flamengo-para-a-europa\/#respond"]}],"copyrightYear":"2022","copyrightHolder":{"@id":"https:\/\/www.gaveanews.com\/#organization"}},{"@type":"WebPage","@id":"https:\/\/www.gaveanews.com\/index.php\/2022\/05\/28\/joao-gomes-pode-estar-de-saida-do-flamengo-para-a-europa\/","url":"https:\/\/www.gaveanews.com\/index.php\/2022\/05\/28\/joao-gomes-pode-estar-de-saida-do-flamengo-para-a-europa\/","name":"Jo\u00e3o Gomes pode estar de sa\u00edda do Flamengo para a Europa","isPartOf":{"@id":"https:\/\/www.gaveanews.com\/#website"},"primaryImageOfPage":{"@id":"https:\/\/www.gaveanews.com\/index.php\/2022\/05\/28\/joao-gomes-pode-estar-de-saida-do-flamengo-para-a-europa\/#primaryimage"},"image":{"@id":"https:\/\/www.gaveanews.com\/index.php\/2022\/05\/28\/joao-gomes-pode-estar-de-saida-do-flamengo-para-a-europa\/#primaryimage"},"thumbnailUrl":"https:\/\/www.gaveanews.com\/wp-content\/uploads\/Joao-Gomes-em-acao-pelo-Flamengo-contra-o-Botafogo-pelo-Campeonato-Carioca-2022.webp","datePublished":"2022-05-28T22:11:06+00:00","dateModified":"2022-05-28T22:13:13+00:00","author":{"@id":"https:\/\/www.gaveanews.com\/#\/schema\/person\/2ec14f73fb96be2caf28f91afb14749d"},"description":"Neste domingo (29 de maio), contra o Fluminense, Jo\u00e3o Gomes ter\u00e1 mais uma oportunidade de entrar em campo com a camisa do Flamengo.","breadcrumb":{"@id":"https:\/\/www.gaveanews.com\/index.php\/2022\/05\/28\/joao-gomes-pode-estar-de-saida-do-flamengo-para-a-europa\/#breadcrumb"},"inLanguage":"pt-BR","potentialAction":[{"@type":"ReadAction","target":["https:\/\/www.gaveanews.com\/index.php\/2022\/05\/28\/joao-gomes-pode-estar-de-saida-do-flamengo-para-a-europa\/"]}]},{"@type":"ImageObject","inLanguage":"pt-BR","@id":"https:\/\/www.gaveanews.com\/index.php\/2022\/05\/28\/joao-gomes-pode-estar-de-saida-do-flamengo-para-a-europa\/#primaryimage","url":"https:\/\/www.gaveanews.com\/wp-content\/uploads\/Joao-Gomes-em-acao-pelo-Flamengo-contra-o-Botafogo-pelo-Campeonato-Carioca-2022.webp","contentUrl":"https:\/\/www.gaveanews.com\/wp-content\/uploads\/Joao-Gomes-em-acao-pelo-Flamengo-contra-o-Botafogo-pelo-Campeonato-Carioca-2022.webp","width":799,"height":533,"caption":"Jo\u00e3o Gomes em a\u00e7\u00e3o pelo Flamengo contra o Botafogo pelo Campeonato Carioca 2022 (Foto: Gilvan de Souza\/Flamengo)"},{"@type":"BreadcrumbList","@id":"https:\/\/www.gaveanews.com\/index.php\/2022\/05\/28\/joao-gomes-pode-estar-de-saida-do-flamengo-para-a-europa\/#breadcrumb","itemListElement":[{"@type":"ListItem","position":1,"name":"Home","item":"https:\/\/www.gaveanews.com\/"},{"@type":"ListItem","position":2,"name":"Jo\u00e3o Gomes pode estar de sa\u00edda do Flamengo para a Europa"}]},{"@type":"WebSite","@id":"https:\/\/www.gaveanews.com\/#website","url":"https:\/\/www.gaveanews.com\/","name":"G\u00e1vea News","description":"Veja todas as not\u00edcias sobre o Flamengo: Contrata\u00e7\u00f5es, categorias de base, resultados das partidas, tabela de classifica\u00e7\u00e3o, pr\u00f3ximos jogos!","potentialAction":[{"@type":"SearchAction","target":{"@type":"EntryPoint","urlTemplate":"https:\/\/www.gaveanews.com\/?s={search_term_string}"},"query-input":{"@type":"PropertyValueSpecification","valueRequired":true,"valueName":"search_term_string"}}],"inLanguage":"pt-BR"},{"@type":"Person","@id":"https:\/\/www.gaveanews.com\/#\/schema\/person\/2ec14f73fb96be2caf28f91afb14749d","name":"Equipe G\u00e1vea News","image":{"@type":"ImageObject","inLanguage":"pt-BR","@id":"https:\/\/www.gaveanews.com\/#\/schema\/person\/image\/","url":"https:\/\/secure.gravatar.com\/avatar\/1e1956f1facbffd3f8fa53a326721950116b3b9dc9bd44939c01180fd4a745a9?s=96&d=mm&r=g","contentUrl":"https:\/\/secure.gravatar.com\/avatar\/1e1956f1facbffd3f8fa53a326721950116b3b9dc9bd44939c01180fd4a745a9?s=96&d=mm&r=g","caption":"Equipe G\u00e1vea News"}}]}},"_links":{"self":[{"href":"https:\/\/www.gaveanews.com\/index.php\/wp-json\/wp\/v2\/posts\/82249","targetHints":{"allow":["GET"]}}],"collection":[{"href":"https:\/\/www.gaveanews.com\/index.php\/wp-json\/wp\/v2\/posts"}],"about":[{"href":"https:\/\/www.gaveanews.com\/index.php\/wp-json\/wp\/v2\/types\/post"}],"author":[{"embeddable":true,"href":"https:\/\/www.gaveanews.com\/index.php\/wp-json\/wp\/v2\/users\/1"}],"replies":[{"embeddable":true,"href":"https:\/\/www.gaveanews.com\/index.php\/wp-json\/wp\/v2\/comments?post=82249"}],"version-history":[{"count":0,"href":"https:\/\/www.gaveanews.com\/index.php\/wp-json\/wp\/v2\/posts\/82249\/revisions"}],"wp:featuredmedia":[{"embeddable":true,"href":"https:\/\/www.gaveanews.com\/index.php\/wp-json\/wp\/v2\/media\/77434"}],"wp:attachment":[{"href":"https:\/\/www.gaveanews.com\/index.php\/wp-json\/wp\/v2\/media?parent=82249"}],"wp:term":[{"taxonomy":"category","embeddable":true,"href":"https:\/\/www.gaveanews.com\/index.php\/wp-json\/wp\/v2\/categories?post=82249"},{"taxonomy":"post_tag","embeddable":true,"href":"https:\/\/www.gaveanews.com\/index.php\/wp-json\/wp\/v2\/tags?post=82249"}],"curies":[{"name":"wp","href":"https:\/\/api.w.org\/{rel}","templated":true}]}}