{"id":82255,"date":"2022-05-28T22:20:38","date_gmt":"2022-05-29T01:20:38","guid":{"rendered":"https:\/\/www.gaveanews.com\/?p=82255"},"modified":"2022-06-02T16:08:17","modified_gmt":"2022-06-02T19:08:17","slug":"meia-do-fluminense-faz-publicacao-para-criticar-vinicius-junior-mas-se-arrepende-e-apaga-veja-print","status":"publish","type":"post","link":"https:\/\/www.gaveanews.com\/index.php\/2022\/05\/28\/meia-do-fluminense-faz-publicacao-para-criticar-vinicius-junior-mas-se-arrepende-e-apaga-veja-print\/","title":{"rendered":"Meia do Fluminense faz publica\u00e7\u00e3o para criticar Vinicius Junior mas se arrepende e apaga; veja print"},"content":{"rendered":"\n<p>Conforme j\u00e1 publicado anteriormente, Vinicius Junior foi campe\u00e3o da <em>Champions League<\/em> diante do Liverpool neste s\u00e1bado (28 de maio). A final\u00edssima foi disputada na comuna de Saint-Denis, mais precisamente no Stade de France. E o \u00fanico gol do jogo, foi marcado juntamente por Vinicius J\u00fanior. <\/p>\n\n\n\n<p>Por\u00e9m, o sucesso da revela\u00e7\u00e3o do Flamengo parece que n\u00e3o agradou a todos. Isso porque, o meia Alexsander Cristhian, do Fluminense, atrav\u00e9s de seu perfil oficial no <em>Twitter,<\/em> fez um publica\u00e7\u00e3o para criticar Vinicius. A publica\u00e7\u00e3o realizada por Alexsander deixa a entender que o Garoto do Ninho \u00e9 apenas sortudo e n\u00e3o \u00e9 bom um jogador.<\/p>\n\n\n\n<p>Todavia, tal situa\u00e7\u00e3o ficou ainda mais embara\u00e7osa, pois o pr\u00f3prio Alexsander optou por excluir a publica\u00e7\u00e3o. Mas, com exclusividade, o portal G\u00e1vea News obteve um <em>print<\/em>. <strong>Confira abaixo:<\/strong> <\/p>\n\n\n<div class=\"wp-block-image\">\n<figure class=\"aligncenter size-large\"><img decoding=\"async\" src=\"https:\/\/pbs.twimg.com\/media\/FT417N7XoAAi6Es?format=png\" alt=\"\"\/><\/figure>\n<\/div>\n\n\n<p>Leia tamb\u00e9m: <a href=\"https:\/\/www.gaveanews.com\/index.php\/2022\/05\/20\/vinicius-junior-recebera-salario-astronomico-no-real-madrid\/\">Vinicius J\u00fanior receber\u00e1 sal\u00e1rio astron\u00f4mico no Real Madrid<\/a><\/p>\n","protected":false},"excerpt":{"rendered":"<p>Conforme j\u00e1 publicado anteriormente, Vinicius Junior foi campe\u00e3o da Champions League diante do Liverpool neste s\u00e1bado (28 de maio). A final\u00edssima foi disputada na comuna de Saint-Denis, mais precisamente no Stade de France. E o \u00fanico gol do jogo, foi marcado juntamente por Vinicius J\u00fanior. Por\u00e9m, o sucesso da revela\u00e7\u00e3o do Flamengo parece que n\u00e3o [&hellip;]<\/p>\n","protected":false},"author":2,"featured_media":74986,"comment_status":"open","ping_status":"closed","sticky":false,"template":"","format":"standard","meta":{"footnotes":""},"categories":[47],"tags":[],"class_list":["post-82255","post","type-post","status-publish","format-standard","has-post-thumbnail","hentry","category-destaques"],"yoast_head":"<!-- This site is optimized with the Yoast SEO Premium plugin v24.2 (Yoast SEO v26.9) - https:\/\/yoast.com\/product\/yoast-seo-premium-wordpress\/ -->\n<title>Meia do Fluminense faz publica\u00e7\u00e3o para criticar Vinicius Junior mas se arrepende e apaga; veja print<\/title>\n<meta name=\"robots\" content=\"index, follow, max-snippet:-1, max-image-preview:large, max-video-preview:-1\" \/>\n<link rel=\"canonical\" href=\"https:\/\/www.gaveanews.com\/index.php\/2022\/05\/28\/meia-do-fluminense-faz-publicacao-para-criticar-vinicius-junior-mas-se-arrepende-e-apaga-veja-print\/\" \/>\n<meta property=\"og:locale\" content=\"pt_BR\" \/>\n<meta property=\"og:type\" content=\"article\" \/>\n<meta property=\"og:title\" content=\"Meia do Fluminense faz publica\u00e7\u00e3o para criticar Vinicius Junior mas se arrepende e apaga; veja print\" \/>\n<meta property=\"og:description\" content=\"Conforme j\u00e1 publicado anteriormente, Vinicius Junior foi campe\u00e3o da Champions League diante do Liverpool neste s\u00e1bado (28 de maio). A final\u00edssima foi disputada na comuna de Saint-Denis, mais precisamente no Stade de France. E o \u00fanico gol do jogo, foi marcado juntamente por Vinicius J\u00fanior. Por\u00e9m, o sucesso da revela\u00e7\u00e3o do Flamengo parece que n\u00e3o [&hellip;]\" \/>\n<meta property=\"og:url\" content=\"https:\/\/www.gaveanews.com\/index.php\/2022\/05\/28\/meia-do-fluminense-faz-publicacao-para-criticar-vinicius-junior-mas-se-arrepende-e-apaga-veja-print\/\" \/>\n<meta property=\"og:site_name\" content=\"G\u00e1vea News\" \/>\n<meta property=\"article:publisher\" content=\"https:\/\/facebook.com\/gaveaNews\/\" \/>\n<meta property=\"article:published_time\" content=\"2022-05-29T01:20:38+00:00\" \/>\n<meta property=\"article:modified_time\" content=\"2022-06-02T19:08:17+00:00\" \/>\n<meta property=\"og:image\" content=\"https:\/\/www.gaveanews.com\/wp-content\/uploads\/Vinicius-Junior-e-Benzema-em-acao-pelo-Real-Madrid.webp\" \/>\n\t<meta property=\"og:image:width\" content=\"846\" \/>\n\t<meta property=\"og:image:height\" content=\"564\" \/>\n\t<meta property=\"og:image:type\" content=\"image\/jpeg\" \/>\n<meta name=\"author\" content=\"Hugo Nogueira\" \/>\n<meta name=\"twitter:card\" content=\"summary_large_image\" \/>\n<meta name=\"twitter:label1\" content=\"Escrito por\" \/>\n\t<meta name=\"twitter:data1\" content=\"Hugo Nogueira\" \/>\n\t<meta name=\"twitter:label2\" content=\"Est. tempo de leitura\" \/>\n\t<meta name=\"twitter:data2\" content=\"1 minuto\" \/>\n<script type=\"application\/ld+json\" class=\"yoast-schema-graph\">{\"@context\":\"https:\/\/schema.org\",\"@graph\":[{\"@type\":\"NewsArticle\",\"@id\":\"https:\/\/www.gaveanews.com\/index.php\/2022\/05\/28\/meia-do-fluminense-faz-publicacao-para-criticar-vinicius-junior-mas-se-arrepende-e-apaga-veja-print\/#article\",\"isPartOf\":{\"@id\":\"https:\/\/www.gaveanews.com\/index.php\/2022\/05\/28\/meia-do-fluminense-faz-publicacao-para-criticar-vinicius-junior-mas-se-arrepende-e-apaga-veja-print\/\"},\"author\":{\"name\":\"Hugo Nogueira\",\"@id\":\"https:\/\/www.gaveanews.com\/#\/schema\/person\/3a0372021fabaeec4e7e4242cfa27841\"},\"headline\":\"Meia do Fluminense faz publica\u00e7\u00e3o para criticar Vinicius Junior mas se arrepende e apaga; veja print\",\"datePublished\":\"2022-05-29T01:20:38+00:00\",\"dateModified\":\"2022-06-02T19:08:17+00:00\",\"mainEntityOfPage\":{\"@id\":\"https:\/\/www.gaveanews.com\/index.php\/2022\/05\/28\/meia-do-fluminense-faz-publicacao-para-criticar-vinicius-junior-mas-se-arrepende-e-apaga-veja-print\/\"},\"wordCount\":173,\"commentCount\":0,\"image\":{\"@id\":\"https:\/\/www.gaveanews.com\/index.php\/2022\/05\/28\/meia-do-fluminense-faz-publicacao-para-criticar-vinicius-junior-mas-se-arrepende-e-apaga-veja-print\/#primaryimage\"},\"thumbnailUrl\":\"https:\/\/www.gaveanews.com\/wp-content\/uploads\/Vinicius-Junior-e-Benzema-em-acao-pelo-Real-Madrid.webp\",\"articleSection\":[\"Destaques\"],\"inLanguage\":\"pt-BR\",\"potentialAction\":[{\"@type\":\"CommentAction\",\"name\":\"Comment\",\"target\":[\"https:\/\/www.gaveanews.com\/index.php\/2022\/05\/28\/meia-do-fluminense-faz-publicacao-para-criticar-vinicius-junior-mas-se-arrepende-e-apaga-veja-print\/#respond\"]}],\"copyrightYear\":\"2022\",\"copyrightHolder\":{\"@id\":\"https:\/\/www.gaveanews.com\/#organization\"}},{\"@type\":\"WebPage\",\"@id\":\"https:\/\/www.gaveanews.com\/index.php\/2022\/05\/28\/meia-do-fluminense-faz-publicacao-para-criticar-vinicius-junior-mas-se-arrepende-e-apaga-veja-print\/\",\"url\":\"https:\/\/www.gaveanews.com\/index.php\/2022\/05\/28\/meia-do-fluminense-faz-publicacao-para-criticar-vinicius-junior-mas-se-arrepende-e-apaga-veja-print\/\",\"name\":\"Meia do Fluminense faz publica\u00e7\u00e3o para criticar Vinicius Junior mas se arrepende e apaga; veja print\",\"isPartOf\":{\"@id\":\"https:\/\/www.gaveanews.com\/#website\"},\"primaryImageOfPage\":{\"@id\":\"https:\/\/www.gaveanews.com\/index.php\/2022\/05\/28\/meia-do-fluminense-faz-publicacao-para-criticar-vinicius-junior-mas-se-arrepende-e-apaga-veja-print\/#primaryimage\"},\"image\":{\"@id\":\"https:\/\/www.gaveanews.com\/index.php\/2022\/05\/28\/meia-do-fluminense-faz-publicacao-para-criticar-vinicius-junior-mas-se-arrepende-e-apaga-veja-print\/#primaryimage\"},\"thumbnailUrl\":\"https:\/\/www.gaveanews.com\/wp-content\/uploads\/Vinicius-Junior-e-Benzema-em-acao-pelo-Real-Madrid.webp\",\"datePublished\":\"2022-05-29T01:20:38+00:00\",\"dateModified\":\"2022-06-02T19:08:17+00:00\",\"author\":{\"@id\":\"https:\/\/www.gaveanews.com\/#\/schema\/person\/3a0372021fabaeec4e7e4242cfa27841\"},\"breadcrumb\":{\"@id\":\"https:\/\/www.gaveanews.com\/index.php\/2022\/05\/28\/meia-do-fluminense-faz-publicacao-para-criticar-vinicius-junior-mas-se-arrepende-e-apaga-veja-print\/#breadcrumb\"},\"inLanguage\":\"pt-BR\",\"potentialAction\":[{\"@type\":\"ReadAction\",\"target\":[\"https:\/\/www.gaveanews.com\/index.php\/2022\/05\/28\/meia-do-fluminense-faz-publicacao-para-criticar-vinicius-junior-mas-se-arrepende-e-apaga-veja-print\/\"]}]},{\"@type\":\"ImageObject\",\"inLanguage\":\"pt-BR\",\"@id\":\"https:\/\/www.gaveanews.com\/index.php\/2022\/05\/28\/meia-do-fluminense-faz-publicacao-para-criticar-vinicius-junior-mas-se-arrepende-e-apaga-veja-print\/#primaryimage\",\"url\":\"https:\/\/www.gaveanews.com\/wp-content\/uploads\/Vinicius-Junior-e-Benzema-em-acao-pelo-Real-Madrid.webp\",\"contentUrl\":\"https:\/\/www.gaveanews.com\/wp-content\/uploads\/Vinicius-Junior-e-Benzema-em-acao-pelo-Real-Madrid.webp\",\"width\":846,\"height\":564,\"caption\":\"Vinicius Junior e Benzema em a\u00e7\u00e3o pelo Real Madrid (Foto: Pedro Castillo\/Real Madrid)\"},{\"@type\":\"BreadcrumbList\",\"@id\":\"https:\/\/www.gaveanews.com\/index.php\/2022\/05\/28\/meia-do-fluminense-faz-publicacao-para-criticar-vinicius-junior-mas-se-arrepende-e-apaga-veja-print\/#breadcrumb\",\"itemListElement\":[{\"@type\":\"ListItem\",\"position\":1,\"name\":\"Home\",\"item\":\"https:\/\/www.gaveanews.com\/\"},{\"@type\":\"ListItem\",\"position\":2,\"name\":\"Meia do Fluminense faz publica\u00e7\u00e3o para criticar Vinicius Junior mas se arrepende e apaga; veja print\"}]},{\"@type\":\"WebSite\",\"@id\":\"https:\/\/www.gaveanews.com\/#website\",\"url\":\"https:\/\/www.gaveanews.com\/\",\"name\":\"G\u00e1vea News\",\"description\":\"Veja todas as not\u00edcias sobre o Flamengo: Contrata\u00e7\u00f5es, categorias de base, resultados das partidas, tabela de classifica\u00e7\u00e3o, pr\u00f3ximos jogos!\",\"potentialAction\":[{\"@type\":\"SearchAction\",\"target\":{\"@type\":\"EntryPoint\",\"urlTemplate\":\"https:\/\/www.gaveanews.com\/?s={search_term_string}\"},\"query-input\":{\"@type\":\"PropertyValueSpecification\",\"valueRequired\":true,\"valueName\":\"search_term_string\"}}],\"inLanguage\":\"pt-BR\"},{\"@type\":\"Person\",\"@id\":\"https:\/\/www.gaveanews.com\/#\/schema\/person\/3a0372021fabaeec4e7e4242cfa27841\",\"name\":\"Hugo Nogueira\",\"image\":{\"@type\":\"ImageObject\",\"inLanguage\":\"pt-BR\",\"@id\":\"https:\/\/www.gaveanews.com\/#\/schema\/person\/image\/\",\"url\":\"https:\/\/secure.gravatar.com\/avatar\/0cdd89f3b47bb55926c08eee2db992845cfdd53f84c9fdd47a49d89b3cd40c0a?s=96&d=mm&r=g\",\"contentUrl\":\"https:\/\/secure.gravatar.com\/avatar\/0cdd89f3b47bb55926c08eee2db992845cfdd53f84c9fdd47a49d89b3cd40c0a?s=96&d=mm&r=g\",\"caption\":\"Hugo Nogueira\"}}]}<\/script>\n<!-- \/ Yoast SEO Premium plugin. -->","yoast_head_json":{"title":"Meia do Fluminense faz publica\u00e7\u00e3o para criticar Vinicius Junior mas se arrepende e apaga; veja print","robots":{"index":"index","follow":"follow","max-snippet":"max-snippet:-1","max-image-preview":"max-image-preview:large","max-video-preview":"max-video-preview:-1"},"canonical":"https:\/\/www.gaveanews.com\/index.php\/2022\/05\/28\/meia-do-fluminense-faz-publicacao-para-criticar-vinicius-junior-mas-se-arrepende-e-apaga-veja-print\/","og_locale":"pt_BR","og_type":"article","og_title":"Meia do Fluminense faz publica\u00e7\u00e3o para criticar Vinicius Junior mas se arrepende e apaga; veja print","og_description":"Conforme j\u00e1 publicado anteriormente, Vinicius Junior foi campe\u00e3o da Champions League diante do Liverpool neste s\u00e1bado (28 de maio). A final\u00edssima foi disputada na comuna de Saint-Denis, mais precisamente no Stade de France. E o \u00fanico gol do jogo, foi marcado juntamente por Vinicius J\u00fanior. Por\u00e9m, o sucesso da revela\u00e7\u00e3o do Flamengo parece que n\u00e3o [&hellip;]","og_url":"https:\/\/www.gaveanews.com\/index.php\/2022\/05\/28\/meia-do-fluminense-faz-publicacao-para-criticar-vinicius-junior-mas-se-arrepende-e-apaga-veja-print\/","og_site_name":"G\u00e1vea News","article_publisher":"https:\/\/facebook.com\/gaveaNews\/","article_published_time":"2022-05-29T01:20:38+00:00","article_modified_time":"2022-06-02T19:08:17+00:00","og_image":[{"width":846,"height":564,"url":"https:\/\/www.gaveanews.com\/wp-content\/uploads\/Vinicius-Junior-e-Benzema-em-acao-pelo-Real-Madrid.webp","type":"image\/jpeg"}],"author":"Hugo Nogueira","twitter_card":"summary_large_image","twitter_misc":{"Escrito por":"Hugo Nogueira","Est. tempo de leitura":"1 minuto"},"schema":{"@context":"https:\/\/schema.org","@graph":[{"@type":"NewsArticle","@id":"https:\/\/www.gaveanews.com\/index.php\/2022\/05\/28\/meia-do-fluminense-faz-publicacao-para-criticar-vinicius-junior-mas-se-arrepende-e-apaga-veja-print\/#article","isPartOf":{"@id":"https:\/\/www.gaveanews.com\/index.php\/2022\/05\/28\/meia-do-fluminense-faz-publicacao-para-criticar-vinicius-junior-mas-se-arrepende-e-apaga-veja-print\/"},"author":{"name":"Hugo Nogueira","@id":"https:\/\/www.gaveanews.com\/#\/schema\/person\/3a0372021fabaeec4e7e4242cfa27841"},"headline":"Meia do Fluminense faz publica\u00e7\u00e3o para criticar Vinicius Junior mas se arrepende e apaga; veja print","datePublished":"2022-05-29T01:20:38+00:00","dateModified":"2022-06-02T19:08:17+00:00","mainEntityOfPage":{"@id":"https:\/\/www.gaveanews.com\/index.php\/2022\/05\/28\/meia-do-fluminense-faz-publicacao-para-criticar-vinicius-junior-mas-se-arrepende-e-apaga-veja-print\/"},"wordCount":173,"commentCount":0,"image":{"@id":"https:\/\/www.gaveanews.com\/index.php\/2022\/05\/28\/meia-do-fluminense-faz-publicacao-para-criticar-vinicius-junior-mas-se-arrepende-e-apaga-veja-print\/#primaryimage"},"thumbnailUrl":"https:\/\/www.gaveanews.com\/wp-content\/uploads\/Vinicius-Junior-e-Benzema-em-acao-pelo-Real-Madrid.webp","articleSection":["Destaques"],"inLanguage":"pt-BR","potentialAction":[{"@type":"CommentAction","name":"Comment","target":["https:\/\/www.gaveanews.com\/index.php\/2022\/05\/28\/meia-do-fluminense-faz-publicacao-para-criticar-vinicius-junior-mas-se-arrepende-e-apaga-veja-print\/#respond"]}],"copyrightYear":"2022","copyrightHolder":{"@id":"https:\/\/www.gaveanews.com\/#organization"}},{"@type":"WebPage","@id":"https:\/\/www.gaveanews.com\/index.php\/2022\/05\/28\/meia-do-fluminense-faz-publicacao-para-criticar-vinicius-junior-mas-se-arrepende-e-apaga-veja-print\/","url":"https:\/\/www.gaveanews.com\/index.php\/2022\/05\/28\/meia-do-fluminense-faz-publicacao-para-criticar-vinicius-junior-mas-se-arrepende-e-apaga-veja-print\/","name":"Meia do Fluminense faz publica\u00e7\u00e3o para criticar Vinicius Junior mas se arrepende e apaga; veja print","isPartOf":{"@id":"https:\/\/www.gaveanews.com\/#website"},"primaryImageOfPage":{"@id":"https:\/\/www.gaveanews.com\/index.php\/2022\/05\/28\/meia-do-fluminense-faz-publicacao-para-criticar-vinicius-junior-mas-se-arrepende-e-apaga-veja-print\/#primaryimage"},"image":{"@id":"https:\/\/www.gaveanews.com\/index.php\/2022\/05\/28\/meia-do-fluminense-faz-publicacao-para-criticar-vinicius-junior-mas-se-arrepende-e-apaga-veja-print\/#primaryimage"},"thumbnailUrl":"https:\/\/www.gaveanews.com\/wp-content\/uploads\/Vinicius-Junior-e-Benzema-em-acao-pelo-Real-Madrid.webp","datePublished":"2022-05-29T01:20:38+00:00","dateModified":"2022-06-02T19:08:17+00:00","author":{"@id":"https:\/\/www.gaveanews.com\/#\/schema\/person\/3a0372021fabaeec4e7e4242cfa27841"},"breadcrumb":{"@id":"https:\/\/www.gaveanews.com\/index.php\/2022\/05\/28\/meia-do-fluminense-faz-publicacao-para-criticar-vinicius-junior-mas-se-arrepende-e-apaga-veja-print\/#breadcrumb"},"inLanguage":"pt-BR","potentialAction":[{"@type":"ReadAction","target":["https:\/\/www.gaveanews.com\/index.php\/2022\/05\/28\/meia-do-fluminense-faz-publicacao-para-criticar-vinicius-junior-mas-se-arrepende-e-apaga-veja-print\/"]}]},{"@type":"ImageObject","inLanguage":"pt-BR","@id":"https:\/\/www.gaveanews.com\/index.php\/2022\/05\/28\/meia-do-fluminense-faz-publicacao-para-criticar-vinicius-junior-mas-se-arrepende-e-apaga-veja-print\/#primaryimage","url":"https:\/\/www.gaveanews.com\/wp-content\/uploads\/Vinicius-Junior-e-Benzema-em-acao-pelo-Real-Madrid.webp","contentUrl":"https:\/\/www.gaveanews.com\/wp-content\/uploads\/Vinicius-Junior-e-Benzema-em-acao-pelo-Real-Madrid.webp","width":846,"height":564,"caption":"Vinicius Junior e Benzema em a\u00e7\u00e3o pelo Real Madrid (Foto: Pedro Castillo\/Real Madrid)"},{"@type":"BreadcrumbList","@id":"https:\/\/www.gaveanews.com\/index.php\/2022\/05\/28\/meia-do-fluminense-faz-publicacao-para-criticar-vinicius-junior-mas-se-arrepende-e-apaga-veja-print\/#breadcrumb","itemListElement":[{"@type":"ListItem","position":1,"name":"Home","item":"https:\/\/www.gaveanews.com\/"},{"@type":"ListItem","position":2,"name":"Meia do Fluminense faz publica\u00e7\u00e3o para criticar Vinicius Junior mas se arrepende e apaga; veja print"}]},{"@type":"WebSite","@id":"https:\/\/www.gaveanews.com\/#website","url":"https:\/\/www.gaveanews.com\/","name":"G\u00e1vea News","description":"Veja todas as not\u00edcias sobre o Flamengo: Contrata\u00e7\u00f5es, categorias de base, resultados das partidas, tabela de classifica\u00e7\u00e3o, pr\u00f3ximos jogos!","potentialAction":[{"@type":"SearchAction","target":{"@type":"EntryPoint","urlTemplate":"https:\/\/www.gaveanews.com\/?s={search_term_string}"},"query-input":{"@type":"PropertyValueSpecification","valueRequired":true,"valueName":"search_term_string"}}],"inLanguage":"pt-BR"},{"@type":"Person","@id":"https:\/\/www.gaveanews.com\/#\/schema\/person\/3a0372021fabaeec4e7e4242cfa27841","name":"Hugo Nogueira","image":{"@type":"ImageObject","inLanguage":"pt-BR","@id":"https:\/\/www.gaveanews.com\/#\/schema\/person\/image\/","url":"https:\/\/secure.gravatar.com\/avatar\/0cdd89f3b47bb55926c08eee2db992845cfdd53f84c9fdd47a49d89b3cd40c0a?s=96&d=mm&r=g","contentUrl":"https:\/\/secure.gravatar.com\/avatar\/0cdd89f3b47bb55926c08eee2db992845cfdd53f84c9fdd47a49d89b3cd40c0a?s=96&d=mm&r=g","caption":"Hugo Nogueira"}}]}},"_links":{"self":[{"href":"https:\/\/www.gaveanews.com\/index.php\/wp-json\/wp\/v2\/posts\/82255","targetHints":{"allow":["GET"]}}],"collection":[{"href":"https:\/\/www.gaveanews.com\/index.php\/wp-json\/wp\/v2\/posts"}],"about":[{"href":"https:\/\/www.gaveanews.com\/index.php\/wp-json\/wp\/v2\/types\/post"}],"author":[{"embeddable":true,"href":"https:\/\/www.gaveanews.com\/index.php\/wp-json\/wp\/v2\/users\/2"}],"replies":[{"embeddable":true,"href":"https:\/\/www.gaveanews.com\/index.php\/wp-json\/wp\/v2\/comments?post=82255"}],"version-history":[{"count":0,"href":"https:\/\/www.gaveanews.com\/index.php\/wp-json\/wp\/v2\/posts\/82255\/revisions"}],"wp:featuredmedia":[{"embeddable":true,"href":"https:\/\/www.gaveanews.com\/index.php\/wp-json\/wp\/v2\/media\/74986"}],"wp:attachment":[{"href":"https:\/\/www.gaveanews.com\/index.php\/wp-json\/wp\/v2\/media?parent=82255"}],"wp:term":[{"taxonomy":"category","embeddable":true,"href":"https:\/\/www.gaveanews.com\/index.php\/wp-json\/wp\/v2\/categories?post=82255"},{"taxonomy":"post_tag","embeddable":true,"href":"https:\/\/www.gaveanews.com\/index.php\/wp-json\/wp\/v2\/tags?post=82255"}],"curies":[{"name":"wp","href":"https:\/\/api.w.org\/{rel}","templated":true}]}}