{"id":82259,"date":"2022-05-28T23:08:47","date_gmt":"2022-05-29T02:08:47","guid":{"rendered":"https:\/\/www.gaveanews.com\/?p=82259"},"modified":"2022-05-28T23:08:49","modified_gmt":"2022-05-29T02:08:49","slug":"empresario-revela-como-apresentou-vinicius-junior-ao-real-madrid-e-o-tirou-do-barcelona","status":"publish","type":"post","link":"https:\/\/www.gaveanews.com\/index.php\/2022\/05\/28\/empresario-revela-como-apresentou-vinicius-junior-ao-real-madrid-e-o-tirou-do-barcelona\/","title":{"rendered":"Empres\u00e1rio revela como apresentou Vinicius J\u00fanior ao Real Madrid e o tirou do Barcelona"},"content":{"rendered":"\n<p>Em 2015, Wagner Ribeiro viajou ao Rio de Janeiro para participar da transfer\u00eancia de Samir, que estava saindo do Flamengo para a Udinese. Ap\u00f3s desembarcar no aeroporto, ele pegou carona com Lucas Mineiro, agente que cuida da carreira do defensor, para uma reuni\u00e3o com a diretoria do clube rubro-negro. E foi l\u00e1 que conheceu Vinicius Jr.<\/p>\n\n\n\n<p>O encontro com o ent\u00e3o promissor da base rubro-negra foi algo que segue vivo na mente do empres\u00e1rio at\u00e9 os dias de hoje. Muito pela simpatia que viu de imediato em Vinicius Jr.<\/p>\n\n\n\n<p>\u2014 <em>No meio do caminho, o Lucas foi buscar um menino que ele agenciava da base do Flamengo. O garoto estava de bermuda e chinelo de dedo e com um sorriso enorme. Eu o cumprimentei e falei: &#8216;Moleque, voc\u00ea vai virar!&#8217; Ele deu um sorris\u00e3o e respondeu: &#8216;Am\u00e9m&#8217;. Foi uma coisa de Deus, n\u00e3o sei por que falei aquilo. Era o Vinicius Jr.! (risos)<\/em>, contou Ribeiro ao site da ESPN.<\/p>\n\n\n\n<p>Segundo o agente, a despretensiosa frase de incentivo ao ent\u00e3o desconhecido atacante ficou na mem\u00f3ria. Ele mal poderia imaginar que em dois anos veria aquele menino brilhar pela sele\u00e7\u00e3o brasileira no Sul-Americano sub-17.<\/p>\n\n\n\n<figure class=\"wp-block-embed is-type-video is-provider-youtube wp-block-embed-youtube wp-embed-aspect-16-9 wp-has-aspect-ratio\"><div class=\"wp-block-embed__wrapper\">\n<iframe loading=\"lazy\" title=\"Vin\u00edcius J\u00fanior vs Paraguai HD 1080i (07\/03\/2017)\" width=\"640\" height=\"360\" src=\"https:\/\/www.youtube.com\/embed\/dH7PCpX-x9Q?start=8&#038;feature=oembed\" frameborder=\"0\" allow=\"accelerometer; autoplay; clipboard-write; encrypted-media; gyroscope; picture-in-picture; web-share\" referrerpolicy=\"strict-origin-when-cross-origin\" allowfullscreen><\/iframe>\n<\/div><\/figure>\n\n\n\n<p>Vinicius foi campe\u00e3o, artilheiro e eleito o melhor jogador daquele torneio. Ap\u00f3s conversar com os agentes Fred Pena e Lucas Mineiro, da empresa TFM (que cuida da carreira do jogador), Ribeiro resolveu indic\u00e1-lo para o presidente do Real Madrid.<\/p>\n\n\n\n<p><em>\u2014 Nisso, falei para o Florentino P\u00e9rez: \u2018Presi, tem um garoto que voc\u00ea vai adorar. Ele tem umas coisas do Robinho\u2019. Ele mandou eu falar com o Juni Calafat, um brasileiro que \u00e9 gerente do scout do Real Madrid. Eu disse: \u2018Juni, estou com um menino aqui que \u00e9 p***\u2019. Falei o nome do Vini e ele me disse: \u2018Estou acompanhando e ele \u00e9 bom mesmo\u2019<\/em>, afirmou.<\/p>\n\n\n\n<p><em>\u2014 Eu joguei um pouco de pimenta e falei: \u2018O Barcelona est\u00e1 querendo o menino. O pessoal da TFM est\u00e1 indo para l\u00e1 essa semana\u2019. O Juni pediu para que n\u00e3o fechasse nada. Eu disse que a prioridade era o Real por causa do Florentino.<\/em><\/p>\n\n\n\n<p>Os empres\u00e1rios foram para Barcelona, que demonstrou interesse em Vinicius. Nisso, Ribeiro ligou para os diretores do Real, que vieram ao Brasil para negociar a prioridade de compra. Os rivais passaram a disputar o atacante.<\/p>\n\n\n\n<p><em>\u2014 Quando o Vinicius come\u00e7ou a despontar, eu falei ao Juni para eles fecharem logo o neg\u00f3cio. Ele pediu para ligar para o Florentino. Eu disse: &#8216;O menino que te falei est\u00e1 indo bem e ainda n\u00e3o subiu ao profissional. Acho que \u00e9 hora de comprar porque se ele subir mais e for para a sele\u00e7\u00e3o principal o pre\u00e7o vai triplicar&#8217;<\/em>, contou.<\/p>\n\n\n\n<p><em>\u2014 Ele me disse: Vem para c\u00e1 e vamos fechar&#8217;. Eu peguei um avi\u00e3o no dia seguinte com Fred, Lucas Mineiro e Stefano Hawilla. Ficamos em um hotel em Madri ao lado do Bernab\u00e9u que foi reservado pelo Real. N\u00f3s nos reunimos com o Florentino na sala da presid\u00eancia. Ele disse: &#8216;Se o Wagner disse que o jogador \u00e9 tudo isso, eu confio. Vamos comprar&#8217;.<\/em><\/p>\n\n\n\n<p>Ap\u00f3s acertar os \u00faltimos detalhes da negocia\u00e7\u00e3o, Vinicius Jr., que ainda n\u00e3o havia completado 17 anos, foi comprado por 45 milh\u00f5es de euros. Antes de chegar \u00e0 Espanha, ele ficou mais um ano e dois meses jogando pelo clube da G\u00e1vea.<\/p>\n\n\n\n<p>Cinco anos depois, Florentino n\u00e3o se arrepende da aposta. <a href=\"https:\/\/www.gaveanews.com\/index.php\/2022\/05\/28\/real-madrid-e-campeao-da-champions-league-com-gol-de-vinicius-junior-e-torcida-do-flamengo-vai-a-loucura\/\">Vini virou um dos principais protagonistas do time merengue, que bateu o Liverpool, neste s\u00e1bado.<\/a><\/p>\n\n\n\n<p>Retirado de: ESPN<\/p>\n","protected":false},"excerpt":{"rendered":"<p>Em 2015, Wagner Ribeiro viajou ao Rio de Janeiro para participar da transfer\u00eancia de Samir, que estava saindo do Flamengo para a Udinese. Ap\u00f3s desembarcar no aeroporto, ele pegou carona com Lucas Mineiro, agente que cuida da carreira do defensor, para uma reuni\u00e3o com a diretoria do clube rubro-negro. E foi l\u00e1 que conheceu Vinicius [&hellip;]<\/p>\n","protected":false},"author":1,"featured_media":71860,"comment_status":"open","ping_status":"closed","sticky":false,"template":"","format":"standard","meta":{"footnotes":""},"categories":[47],"tags":[],"class_list":["post-82259","post","type-post","status-publish","format-standard","has-post-thumbnail","hentry","category-destaques"],"yoast_head":"<!-- This site is optimized with the Yoast SEO Premium plugin v24.2 (Yoast SEO v26.9) - https:\/\/yoast.com\/product\/yoast-seo-premium-wordpress\/ -->\n<title>Empres\u00e1rio revela como apresentou Vinicius J\u00fanior ao Real Madrid e o tirou do Barcelona<\/title>\n<meta name=\"robots\" content=\"index, follow, max-snippet:-1, max-image-preview:large, max-video-preview:-1\" \/>\n<link rel=\"canonical\" href=\"https:\/\/www.gaveanews.com\/index.php\/2022\/05\/28\/empresario-revela-como-apresentou-vinicius-junior-ao-real-madrid-e-o-tirou-do-barcelona\/\" \/>\n<meta property=\"og:locale\" content=\"pt_BR\" \/>\n<meta property=\"og:type\" content=\"article\" \/>\n<meta property=\"og:title\" content=\"Empres\u00e1rio revela como apresentou Vinicius J\u00fanior ao Real Madrid e o tirou do Barcelona\" \/>\n<meta property=\"og:description\" content=\"Em 2015, Wagner Ribeiro viajou ao Rio de Janeiro para participar da transfer\u00eancia de Samir, que estava saindo do Flamengo para a Udinese. Ap\u00f3s desembarcar no aeroporto, ele pegou carona com Lucas Mineiro, agente que cuida da carreira do defensor, para uma reuni\u00e3o com a diretoria do clube rubro-negro. E foi l\u00e1 que conheceu Vinicius [&hellip;]\" \/>\n<meta property=\"og:url\" content=\"https:\/\/www.gaveanews.com\/index.php\/2022\/05\/28\/empresario-revela-como-apresentou-vinicius-junior-ao-real-madrid-e-o-tirou-do-barcelona\/\" \/>\n<meta property=\"og:site_name\" content=\"G\u00e1vea News\" \/>\n<meta property=\"article:publisher\" content=\"https:\/\/facebook.com\/gaveaNews\/\" \/>\n<meta property=\"article:published_time\" content=\"2022-05-29T02:08:47+00:00\" \/>\n<meta property=\"article:modified_time\" content=\"2022-05-29T02:08:49+00:00\" \/>\n<meta property=\"og:image\" content=\"https:\/\/www.gaveanews.com\/wp-content\/uploads\/Vinicius-Junior-e-titular-pelo-Brasil-no-jogo-contra-a-Argentina-pelas-Eliminatorias-da-Copa-do-Mundo.webp\" \/>\n\t<meta property=\"og:image:width\" content=\"1008\" \/>\n\t<meta property=\"og:image:height\" content=\"675\" \/>\n\t<meta property=\"og:image:type\" content=\"image\/jpeg\" \/>\n<meta name=\"author\" content=\"Equipe G\u00e1vea News\" \/>\n<meta name=\"twitter:card\" content=\"summary_large_image\" \/>\n<meta name=\"twitter:label1\" content=\"Escrito por\" \/>\n\t<meta name=\"twitter:data1\" content=\"Equipe G\u00e1vea News\" \/>\n\t<meta name=\"twitter:label2\" content=\"Est. tempo de leitura\" \/>\n\t<meta name=\"twitter:data2\" content=\"4 minutos\" \/>\n<script type=\"application\/ld+json\" class=\"yoast-schema-graph\">{\"@context\":\"https:\/\/schema.org\",\"@graph\":[{\"@type\":\"NewsArticle\",\"@id\":\"https:\/\/www.gaveanews.com\/index.php\/2022\/05\/28\/empresario-revela-como-apresentou-vinicius-junior-ao-real-madrid-e-o-tirou-do-barcelona\/#article\",\"isPartOf\":{\"@id\":\"https:\/\/www.gaveanews.com\/index.php\/2022\/05\/28\/empresario-revela-como-apresentou-vinicius-junior-ao-real-madrid-e-o-tirou-do-barcelona\/\"},\"author\":{\"name\":\"Equipe G\u00e1vea News\",\"@id\":\"https:\/\/www.gaveanews.com\/#\/schema\/person\/2ec14f73fb96be2caf28f91afb14749d\"},\"headline\":\"Empres\u00e1rio revela como apresentou Vinicius J\u00fanior ao Real Madrid e o tirou do Barcelona\",\"datePublished\":\"2022-05-29T02:08:47+00:00\",\"dateModified\":\"2022-05-29T02:08:49+00:00\",\"mainEntityOfPage\":{\"@id\":\"https:\/\/www.gaveanews.com\/index.php\/2022\/05\/28\/empresario-revela-como-apresentou-vinicius-junior-ao-real-madrid-e-o-tirou-do-barcelona\/\"},\"wordCount\":615,\"commentCount\":0,\"image\":{\"@id\":\"https:\/\/www.gaveanews.com\/index.php\/2022\/05\/28\/empresario-revela-como-apresentou-vinicius-junior-ao-real-madrid-e-o-tirou-do-barcelona\/#primaryimage\"},\"thumbnailUrl\":\"https:\/\/www.gaveanews.com\/wp-content\/uploads\/Vinicius-Junior-e-titular-pelo-Brasil-no-jogo-contra-a-Argentina-pelas-Eliminatorias-da-Copa-do-Mundo.webp\",\"articleSection\":[\"Destaques\"],\"inLanguage\":\"pt-BR\",\"potentialAction\":[{\"@type\":\"CommentAction\",\"name\":\"Comment\",\"target\":[\"https:\/\/www.gaveanews.com\/index.php\/2022\/05\/28\/empresario-revela-como-apresentou-vinicius-junior-ao-real-madrid-e-o-tirou-do-barcelona\/#respond\"]}],\"copyrightYear\":\"2022\",\"copyrightHolder\":{\"@id\":\"https:\/\/www.gaveanews.com\/#organization\"}},{\"@type\":\"WebPage\",\"@id\":\"https:\/\/www.gaveanews.com\/index.php\/2022\/05\/28\/empresario-revela-como-apresentou-vinicius-junior-ao-real-madrid-e-o-tirou-do-barcelona\/\",\"url\":\"https:\/\/www.gaveanews.com\/index.php\/2022\/05\/28\/empresario-revela-como-apresentou-vinicius-junior-ao-real-madrid-e-o-tirou-do-barcelona\/\",\"name\":\"Empres\u00e1rio revela como apresentou Vinicius J\u00fanior ao Real Madrid e o tirou do Barcelona\",\"isPartOf\":{\"@id\":\"https:\/\/www.gaveanews.com\/#website\"},\"primaryImageOfPage\":{\"@id\":\"https:\/\/www.gaveanews.com\/index.php\/2022\/05\/28\/empresario-revela-como-apresentou-vinicius-junior-ao-real-madrid-e-o-tirou-do-barcelona\/#primaryimage\"},\"image\":{\"@id\":\"https:\/\/www.gaveanews.com\/index.php\/2022\/05\/28\/empresario-revela-como-apresentou-vinicius-junior-ao-real-madrid-e-o-tirou-do-barcelona\/#primaryimage\"},\"thumbnailUrl\":\"https:\/\/www.gaveanews.com\/wp-content\/uploads\/Vinicius-Junior-e-titular-pelo-Brasil-no-jogo-contra-a-Argentina-pelas-Eliminatorias-da-Copa-do-Mundo.webp\",\"datePublished\":\"2022-05-29T02:08:47+00:00\",\"dateModified\":\"2022-05-29T02:08:49+00:00\",\"author\":{\"@id\":\"https:\/\/www.gaveanews.com\/#\/schema\/person\/2ec14f73fb96be2caf28f91afb14749d\"},\"breadcrumb\":{\"@id\":\"https:\/\/www.gaveanews.com\/index.php\/2022\/05\/28\/empresario-revela-como-apresentou-vinicius-junior-ao-real-madrid-e-o-tirou-do-barcelona\/#breadcrumb\"},\"inLanguage\":\"pt-BR\",\"potentialAction\":[{\"@type\":\"ReadAction\",\"target\":[\"https:\/\/www.gaveanews.com\/index.php\/2022\/05\/28\/empresario-revela-como-apresentou-vinicius-junior-ao-real-madrid-e-o-tirou-do-barcelona\/\"]}]},{\"@type\":\"ImageObject\",\"inLanguage\":\"pt-BR\",\"@id\":\"https:\/\/www.gaveanews.com\/index.php\/2022\/05\/28\/empresario-revela-como-apresentou-vinicius-junior-ao-real-madrid-e-o-tirou-do-barcelona\/#primaryimage\",\"url\":\"https:\/\/www.gaveanews.com\/wp-content\/uploads\/Vinicius-Junior-e-titular-pelo-Brasil-no-jogo-contra-a-Argentina-pelas-Eliminatorias-da-Copa-do-Mundo.webp\",\"contentUrl\":\"https:\/\/www.gaveanews.com\/wp-content\/uploads\/Vinicius-Junior-e-titular-pelo-Brasil-no-jogo-contra-a-Argentina-pelas-Eliminatorias-da-Copa-do-Mundo.webp\",\"width\":1008,\"height\":675,\"caption\":\"Vin\u00edcius J\u00fanior \u00e9 titular pelo Brasil no jogo contra a Argentina pelas Eliminat\u00f3rias da Copa do Mundo ( Foto: Agustin Marcarian\/Reuters)\"},{\"@type\":\"BreadcrumbList\",\"@id\":\"https:\/\/www.gaveanews.com\/index.php\/2022\/05\/28\/empresario-revela-como-apresentou-vinicius-junior-ao-real-madrid-e-o-tirou-do-barcelona\/#breadcrumb\",\"itemListElement\":[{\"@type\":\"ListItem\",\"position\":1,\"name\":\"Home\",\"item\":\"https:\/\/www.gaveanews.com\/\"},{\"@type\":\"ListItem\",\"position\":2,\"name\":\"Empres\u00e1rio revela como apresentou Vinicius J\u00fanior ao Real Madrid e o tirou do Barcelona\"}]},{\"@type\":\"WebSite\",\"@id\":\"https:\/\/www.gaveanews.com\/#website\",\"url\":\"https:\/\/www.gaveanews.com\/\",\"name\":\"G\u00e1vea News\",\"description\":\"Veja todas as not\u00edcias sobre o Flamengo: Contrata\u00e7\u00f5es, categorias de base, resultados das partidas, tabela de classifica\u00e7\u00e3o, pr\u00f3ximos jogos!\",\"potentialAction\":[{\"@type\":\"SearchAction\",\"target\":{\"@type\":\"EntryPoint\",\"urlTemplate\":\"https:\/\/www.gaveanews.com\/?s={search_term_string}\"},\"query-input\":{\"@type\":\"PropertyValueSpecification\",\"valueRequired\":true,\"valueName\":\"search_term_string\"}}],\"inLanguage\":\"pt-BR\"},{\"@type\":\"Person\",\"@id\":\"https:\/\/www.gaveanews.com\/#\/schema\/person\/2ec14f73fb96be2caf28f91afb14749d\",\"name\":\"Equipe G\u00e1vea News\",\"image\":{\"@type\":\"ImageObject\",\"inLanguage\":\"pt-BR\",\"@id\":\"https:\/\/www.gaveanews.com\/#\/schema\/person\/image\/\",\"url\":\"https:\/\/secure.gravatar.com\/avatar\/1e1956f1facbffd3f8fa53a326721950116b3b9dc9bd44939c01180fd4a745a9?s=96&d=mm&r=g\",\"contentUrl\":\"https:\/\/secure.gravatar.com\/avatar\/1e1956f1facbffd3f8fa53a326721950116b3b9dc9bd44939c01180fd4a745a9?s=96&d=mm&r=g\",\"caption\":\"Equipe G\u00e1vea News\"}}]}<\/script>\n<!-- \/ Yoast SEO Premium plugin. -->","yoast_head_json":{"title":"Empres\u00e1rio revela como apresentou Vinicius J\u00fanior ao Real Madrid e o tirou do Barcelona","robots":{"index":"index","follow":"follow","max-snippet":"max-snippet:-1","max-image-preview":"max-image-preview:large","max-video-preview":"max-video-preview:-1"},"canonical":"https:\/\/www.gaveanews.com\/index.php\/2022\/05\/28\/empresario-revela-como-apresentou-vinicius-junior-ao-real-madrid-e-o-tirou-do-barcelona\/","og_locale":"pt_BR","og_type":"article","og_title":"Empres\u00e1rio revela como apresentou Vinicius J\u00fanior ao Real Madrid e o tirou do Barcelona","og_description":"Em 2015, Wagner Ribeiro viajou ao Rio de Janeiro para participar da transfer\u00eancia de Samir, que estava saindo do Flamengo para a Udinese. Ap\u00f3s desembarcar no aeroporto, ele pegou carona com Lucas Mineiro, agente que cuida da carreira do defensor, para uma reuni\u00e3o com a diretoria do clube rubro-negro. E foi l\u00e1 que conheceu Vinicius [&hellip;]","og_url":"https:\/\/www.gaveanews.com\/index.php\/2022\/05\/28\/empresario-revela-como-apresentou-vinicius-junior-ao-real-madrid-e-o-tirou-do-barcelona\/","og_site_name":"G\u00e1vea News","article_publisher":"https:\/\/facebook.com\/gaveaNews\/","article_published_time":"2022-05-29T02:08:47+00:00","article_modified_time":"2022-05-29T02:08:49+00:00","og_image":[{"width":1008,"height":675,"url":"https:\/\/www.gaveanews.com\/wp-content\/uploads\/Vinicius-Junior-e-titular-pelo-Brasil-no-jogo-contra-a-Argentina-pelas-Eliminatorias-da-Copa-do-Mundo.webp","type":"image\/jpeg"}],"author":"Equipe G\u00e1vea News","twitter_card":"summary_large_image","twitter_misc":{"Escrito por":"Equipe G\u00e1vea News","Est. tempo de leitura":"4 minutos"},"schema":{"@context":"https:\/\/schema.org","@graph":[{"@type":"NewsArticle","@id":"https:\/\/www.gaveanews.com\/index.php\/2022\/05\/28\/empresario-revela-como-apresentou-vinicius-junior-ao-real-madrid-e-o-tirou-do-barcelona\/#article","isPartOf":{"@id":"https:\/\/www.gaveanews.com\/index.php\/2022\/05\/28\/empresario-revela-como-apresentou-vinicius-junior-ao-real-madrid-e-o-tirou-do-barcelona\/"},"author":{"name":"Equipe G\u00e1vea News","@id":"https:\/\/www.gaveanews.com\/#\/schema\/person\/2ec14f73fb96be2caf28f91afb14749d"},"headline":"Empres\u00e1rio revela como apresentou Vinicius J\u00fanior ao Real Madrid e o tirou do Barcelona","datePublished":"2022-05-29T02:08:47+00:00","dateModified":"2022-05-29T02:08:49+00:00","mainEntityOfPage":{"@id":"https:\/\/www.gaveanews.com\/index.php\/2022\/05\/28\/empresario-revela-como-apresentou-vinicius-junior-ao-real-madrid-e-o-tirou-do-barcelona\/"},"wordCount":615,"commentCount":0,"image":{"@id":"https:\/\/www.gaveanews.com\/index.php\/2022\/05\/28\/empresario-revela-como-apresentou-vinicius-junior-ao-real-madrid-e-o-tirou-do-barcelona\/#primaryimage"},"thumbnailUrl":"https:\/\/www.gaveanews.com\/wp-content\/uploads\/Vinicius-Junior-e-titular-pelo-Brasil-no-jogo-contra-a-Argentina-pelas-Eliminatorias-da-Copa-do-Mundo.webp","articleSection":["Destaques"],"inLanguage":"pt-BR","potentialAction":[{"@type":"CommentAction","name":"Comment","target":["https:\/\/www.gaveanews.com\/index.php\/2022\/05\/28\/empresario-revela-como-apresentou-vinicius-junior-ao-real-madrid-e-o-tirou-do-barcelona\/#respond"]}],"copyrightYear":"2022","copyrightHolder":{"@id":"https:\/\/www.gaveanews.com\/#organization"}},{"@type":"WebPage","@id":"https:\/\/www.gaveanews.com\/index.php\/2022\/05\/28\/empresario-revela-como-apresentou-vinicius-junior-ao-real-madrid-e-o-tirou-do-barcelona\/","url":"https:\/\/www.gaveanews.com\/index.php\/2022\/05\/28\/empresario-revela-como-apresentou-vinicius-junior-ao-real-madrid-e-o-tirou-do-barcelona\/","name":"Empres\u00e1rio revela como apresentou Vinicius J\u00fanior ao Real Madrid e o tirou do Barcelona","isPartOf":{"@id":"https:\/\/www.gaveanews.com\/#website"},"primaryImageOfPage":{"@id":"https:\/\/www.gaveanews.com\/index.php\/2022\/05\/28\/empresario-revela-como-apresentou-vinicius-junior-ao-real-madrid-e-o-tirou-do-barcelona\/#primaryimage"},"image":{"@id":"https:\/\/www.gaveanews.com\/index.php\/2022\/05\/28\/empresario-revela-como-apresentou-vinicius-junior-ao-real-madrid-e-o-tirou-do-barcelona\/#primaryimage"},"thumbnailUrl":"https:\/\/www.gaveanews.com\/wp-content\/uploads\/Vinicius-Junior-e-titular-pelo-Brasil-no-jogo-contra-a-Argentina-pelas-Eliminatorias-da-Copa-do-Mundo.webp","datePublished":"2022-05-29T02:08:47+00:00","dateModified":"2022-05-29T02:08:49+00:00","author":{"@id":"https:\/\/www.gaveanews.com\/#\/schema\/person\/2ec14f73fb96be2caf28f91afb14749d"},"breadcrumb":{"@id":"https:\/\/www.gaveanews.com\/index.php\/2022\/05\/28\/empresario-revela-como-apresentou-vinicius-junior-ao-real-madrid-e-o-tirou-do-barcelona\/#breadcrumb"},"inLanguage":"pt-BR","potentialAction":[{"@type":"ReadAction","target":["https:\/\/www.gaveanews.com\/index.php\/2022\/05\/28\/empresario-revela-como-apresentou-vinicius-junior-ao-real-madrid-e-o-tirou-do-barcelona\/"]}]},{"@type":"ImageObject","inLanguage":"pt-BR","@id":"https:\/\/www.gaveanews.com\/index.php\/2022\/05\/28\/empresario-revela-como-apresentou-vinicius-junior-ao-real-madrid-e-o-tirou-do-barcelona\/#primaryimage","url":"https:\/\/www.gaveanews.com\/wp-content\/uploads\/Vinicius-Junior-e-titular-pelo-Brasil-no-jogo-contra-a-Argentina-pelas-Eliminatorias-da-Copa-do-Mundo.webp","contentUrl":"https:\/\/www.gaveanews.com\/wp-content\/uploads\/Vinicius-Junior-e-titular-pelo-Brasil-no-jogo-contra-a-Argentina-pelas-Eliminatorias-da-Copa-do-Mundo.webp","width":1008,"height":675,"caption":"Vin\u00edcius J\u00fanior \u00e9 titular pelo Brasil no jogo contra a Argentina pelas Eliminat\u00f3rias da Copa do Mundo ( Foto: Agustin Marcarian\/Reuters)"},{"@type":"BreadcrumbList","@id":"https:\/\/www.gaveanews.com\/index.php\/2022\/05\/28\/empresario-revela-como-apresentou-vinicius-junior-ao-real-madrid-e-o-tirou-do-barcelona\/#breadcrumb","itemListElement":[{"@type":"ListItem","position":1,"name":"Home","item":"https:\/\/www.gaveanews.com\/"},{"@type":"ListItem","position":2,"name":"Empres\u00e1rio revela como apresentou Vinicius J\u00fanior ao Real Madrid e o tirou do Barcelona"}]},{"@type":"WebSite","@id":"https:\/\/www.gaveanews.com\/#website","url":"https:\/\/www.gaveanews.com\/","name":"G\u00e1vea News","description":"Veja todas as not\u00edcias sobre o Flamengo: Contrata\u00e7\u00f5es, categorias de base, resultados das partidas, tabela de classifica\u00e7\u00e3o, pr\u00f3ximos jogos!","potentialAction":[{"@type":"SearchAction","target":{"@type":"EntryPoint","urlTemplate":"https:\/\/www.gaveanews.com\/?s={search_term_string}"},"query-input":{"@type":"PropertyValueSpecification","valueRequired":true,"valueName":"search_term_string"}}],"inLanguage":"pt-BR"},{"@type":"Person","@id":"https:\/\/www.gaveanews.com\/#\/schema\/person\/2ec14f73fb96be2caf28f91afb14749d","name":"Equipe G\u00e1vea News","image":{"@type":"ImageObject","inLanguage":"pt-BR","@id":"https:\/\/www.gaveanews.com\/#\/schema\/person\/image\/","url":"https:\/\/secure.gravatar.com\/avatar\/1e1956f1facbffd3f8fa53a326721950116b3b9dc9bd44939c01180fd4a745a9?s=96&d=mm&r=g","contentUrl":"https:\/\/secure.gravatar.com\/avatar\/1e1956f1facbffd3f8fa53a326721950116b3b9dc9bd44939c01180fd4a745a9?s=96&d=mm&r=g","caption":"Equipe G\u00e1vea News"}}]}},"_links":{"self":[{"href":"https:\/\/www.gaveanews.com\/index.php\/wp-json\/wp\/v2\/posts\/82259","targetHints":{"allow":["GET"]}}],"collection":[{"href":"https:\/\/www.gaveanews.com\/index.php\/wp-json\/wp\/v2\/posts"}],"about":[{"href":"https:\/\/www.gaveanews.com\/index.php\/wp-json\/wp\/v2\/types\/post"}],"author":[{"embeddable":true,"href":"https:\/\/www.gaveanews.com\/index.php\/wp-json\/wp\/v2\/users\/1"}],"replies":[{"embeddable":true,"href":"https:\/\/www.gaveanews.com\/index.php\/wp-json\/wp\/v2\/comments?post=82259"}],"version-history":[{"count":0,"href":"https:\/\/www.gaveanews.com\/index.php\/wp-json\/wp\/v2\/posts\/82259\/revisions"}],"wp:featuredmedia":[{"embeddable":true,"href":"https:\/\/www.gaveanews.com\/index.php\/wp-json\/wp\/v2\/media\/71860"}],"wp:attachment":[{"href":"https:\/\/www.gaveanews.com\/index.php\/wp-json\/wp\/v2\/media?parent=82259"}],"wp:term":[{"taxonomy":"category","embeddable":true,"href":"https:\/\/www.gaveanews.com\/index.php\/wp-json\/wp\/v2\/categories?post=82259"},{"taxonomy":"post_tag","embeddable":true,"href":"https:\/\/www.gaveanews.com\/index.php\/wp-json\/wp\/v2\/tags?post=82259"}],"curies":[{"name":"wp","href":"https:\/\/api.w.org\/{rel}","templated":true}]}}