{"id":82277,"date":"2022-05-29T20:23:30","date_gmt":"2022-05-29T23:23:30","guid":{"rendered":"https:\/\/www.gaveanews.com\/?p=82277"},"modified":"2022-05-29T20:23:33","modified_gmt":"2022-05-29T23:23:33","slug":"flamengo-quer-contratar-destaque-do-campeonato-brasileiro","status":"publish","type":"post","link":"https:\/\/www.gaveanews.com\/index.php\/2022\/05\/29\/flamengo-quer-contratar-destaque-do-campeonato-brasileiro\/","title":{"rendered":"Flamengo quer contratar destaque do Campeonato Brasileiro"},"content":{"rendered":"\n<p>Revelado nas categorias de base do Coritiba, Igor Paix\u00e3o se tornou refer\u00eancia no ataque alviverde desde o ano passado. Com apenas 21 anos, \u00e9 um dos principais destaques da equipe na temporada. \u00c9 o vice-artilheiro e gar\u00e7om da equipe, com dez gols e oito assist\u00eancias. N\u00fameros e atua\u00e7\u00f5es que chamaram a aten\u00e7\u00e3o do mercado nacional e internacional.<\/p>\n\n\n\n<p>Em entrevista exclusiva ao ge, o presidente Juarez Moraes e Silva e o vice Glenn Stenger descartaram uma negocia\u00e7\u00e3o para o mercado brasileiro, garantiram que a ideia \u00e9 mant\u00ea-lo at\u00e9 o final da temporada, mas admitiram um receio com a janela de transfer\u00eancias para o futebol europeu.<\/p>\n\n\n\n<p><em>\u2014 O Coritiba precisa vender jogadores, mas tamb\u00e9m precisamos competir. Essa equa\u00e7\u00e3o necessidade de fazer receita com vendas e competitividade tem que uma sobrepor a outra em algum momento. A gente n\u00e3o planeja o futuro. O Paix\u00e3o \u00e9 realmente um ativo, desde o ano passado vem se destacando, o Natanael tamb\u00e9m. Temos certeza que ambos um dia v\u00e3o jogar na Europa. <\/em>&#8211; disse o presidente antes de complementar:<\/p>\n\n\n\n<p><em>\u2014 N\u00e3o faz parte do nosso planejamento vender ningu\u00e9m at\u00e9 o final do ano, mas se surgir uma oportunidade espetacular que possa dizer que vai pegar o recurso, investir mais e deixar mais forte. N\u00f3s temos sondagens desde a final da S\u00e9rie B para os dois, que tem escalonamento progressivo, mas ainda est\u00e1 muito distante. O Coritiba quer ser competitivo, n\u00e3o vamos trocar por banana, queremos valorizar esses atletas. S\u00f3 saem por propostas imbat\u00edveis<\/em>.<\/p>\n\n\n\n<figure class=\"wp-block-embed is-type-video is-provider-youtube wp-block-embed-youtube wp-embed-aspect-16-9 wp-has-aspect-ratio\"><div class=\"wp-block-embed__wrapper\">\n<iframe loading=\"lazy\" title=\"Igor Paix\u00e3o - Atacante (Forward) - 2000 (2021)\" width=\"640\" height=\"360\" src=\"https:\/\/www.youtube.com\/embed\/fcBV8KswLnk?feature=oembed\" frameborder=\"0\" allow=\"accelerometer; autoplay; clipboard-write; encrypted-media; gyroscope; picture-in-picture; web-share\" referrerpolicy=\"strict-origin-when-cross-origin\" allowfullscreen><\/iframe>\n<\/div><\/figure>\n\n\n\n<p>Os dirigentes n\u00e3o quiseram abrir nomes dos clubes que sondaram o atacante, apenas confirmaram que o Flamengo fez uma consulta. Equipes do futebol ingl\u00eas tamb\u00e9m j\u00e1 procuraram os empres\u00e1rios do atacante. Clubes dispostos a investir cerca de 8 milh\u00f5es de euros j\u00e1 apareceram. O Coritiba evita falar na possibilidade de Igor Paix\u00e3o ser a maior venda da hist\u00f3ria do clube, mas internamente esse \u00e9 o sentimento.<\/p>\n\n\n\n<p><em>\u2014 Tem algo que eu particularmente n\u00e3o gosto, desse estereotipo de que vai ser a maior negocia\u00e7\u00e3o da hist\u00f3ria do Coritiba? N\u00e3o sei. Como o presidente disse se acontecer, e quando acontecer vai ser a melhor para o Coritiba. A inten\u00e7\u00e3o \u00e9 que o Paix\u00e3o fique conosco at\u00e9 o final do ano, desportivamente entregando. Se por acaso chegar uma proposta, tem janela, ningu\u00e9m pode impedir um clube europeu de vir atr\u00e1s ele. O mercado brasileiro n\u00e3o tem condi\u00e7\u00f5es de tirar o Igor, isso \u00e9 bem claro para gente. E todos tem que saber a diferen\u00e7a entre proposta e sondagem, <\/em>analisou Stenger<\/p>\n\n\n\n<p>\u2014 <em>Todo mundo quer saber as condi\u00e7\u00f5es do Igor Paix\u00e3o, no mercado brasileiro alguns times de ponta perguntaram, o Flamengo foi um deles. Anos luz de dist\u00e2ncia de ter feito proposta, isso n\u00e3o aconteceu. N\u00f3s somos muito pr\u00f3ximos aos empres\u00e1rios do Igor Paix\u00e3o para que tudo seja sempre bem alinhado e tratado. Tivemos clubes de ponta do mercado europeu que tivemos consultados que andaram, por exemplo, mas os valores n\u00e3o chegaram perto dos patamares para uma venda, <\/em>afirmou Stenger.<\/p>\n\n\n\n<p>Retirado de: Globo Esporte<\/p>\n","protected":false},"excerpt":{"rendered":"<p>Revelado nas categorias de base do Coritiba, Igor Paix\u00e3o se tornou refer\u00eancia no ataque alviverde desde o ano passado. Com apenas 21 anos, \u00e9 um dos principais destaques da equipe na temporada. \u00c9 o vice-artilheiro e gar\u00e7om da equipe, com dez gols e oito assist\u00eancias. N\u00fameros e atua\u00e7\u00f5es que chamaram a aten\u00e7\u00e3o do mercado nacional [&hellip;]<\/p>\n","protected":false},"author":1,"featured_media":66783,"comment_status":"open","ping_status":"closed","sticky":false,"template":"","format":"standard","meta":{"footnotes":""},"categories":[48],"tags":[],"class_list":["post-82277","post","type-post","status-publish","format-standard","has-post-thumbnail","hentry","category-negociacoes"],"yoast_head":"<!-- This site is optimized with the Yoast SEO Premium plugin v24.2 (Yoast SEO v26.9) - https:\/\/yoast.com\/product\/yoast-seo-premium-wordpress\/ -->\n<title>Flamengo quer contratar destaque do Campeonato Brasileiro<\/title>\n<meta name=\"description\" content=\"Os dirigentes n\u00e3o quiseram abrir nomes dos clubes que sondaram o atacante, apenas confirmaram que o Flamengo fez uma consulta.\" \/>\n<meta name=\"robots\" content=\"index, follow, max-snippet:-1, max-image-preview:large, max-video-preview:-1\" \/>\n<link rel=\"canonical\" href=\"https:\/\/www.gaveanews.com\/index.php\/2022\/05\/29\/flamengo-quer-contratar-destaque-do-campeonato-brasileiro\/\" \/>\n<meta property=\"og:locale\" content=\"pt_BR\" \/>\n<meta property=\"og:type\" content=\"article\" \/>\n<meta property=\"og:title\" content=\"Flamengo quer contratar destaque do Campeonato Brasileiro\" \/>\n<meta property=\"og:description\" content=\"Os dirigentes n\u00e3o quiseram abrir nomes dos clubes que sondaram o atacante, apenas confirmaram que o Flamengo fez uma consulta.\" \/>\n<meta property=\"og:url\" content=\"https:\/\/www.gaveanews.com\/index.php\/2022\/05\/29\/flamengo-quer-contratar-destaque-do-campeonato-brasileiro\/\" \/>\n<meta property=\"og:site_name\" content=\"G\u00e1vea News\" \/>\n<meta property=\"article:publisher\" content=\"https:\/\/facebook.com\/gaveaNews\/\" \/>\n<meta property=\"article:published_time\" content=\"2022-05-29T23:23:30+00:00\" \/>\n<meta property=\"article:modified_time\" content=\"2022-05-29T23:23:33+00:00\" \/>\n<meta property=\"og:image\" content=\"https:\/\/www.gaveanews.com\/wp-content\/uploads\/Marcos-Braz-em-entrevista-coletiva-no-Ninho-do-Urubu-1.webp\" \/>\n\t<meta property=\"og:image:width\" content=\"799\" \/>\n\t<meta property=\"og:image:height\" content=\"532\" \/>\n\t<meta property=\"og:image:type\" content=\"image\/jpeg\" \/>\n<meta name=\"author\" content=\"Equipe G\u00e1vea News\" \/>\n<meta name=\"twitter:card\" content=\"summary_large_image\" \/>\n<meta name=\"twitter:label1\" content=\"Escrito por\" \/>\n\t<meta name=\"twitter:data1\" content=\"Equipe G\u00e1vea News\" \/>\n\t<meta name=\"twitter:label2\" content=\"Est. tempo de leitura\" \/>\n\t<meta name=\"twitter:data2\" content=\"3 minutos\" \/>\n<script type=\"application\/ld+json\" class=\"yoast-schema-graph\">{\"@context\":\"https:\/\/schema.org\",\"@graph\":[{\"@type\":\"NewsArticle\",\"@id\":\"https:\/\/www.gaveanews.com\/index.php\/2022\/05\/29\/flamengo-quer-contratar-destaque-do-campeonato-brasileiro\/#article\",\"isPartOf\":{\"@id\":\"https:\/\/www.gaveanews.com\/index.php\/2022\/05\/29\/flamengo-quer-contratar-destaque-do-campeonato-brasileiro\/\"},\"author\":{\"name\":\"Equipe G\u00e1vea News\",\"@id\":\"https:\/\/www.gaveanews.com\/#\/schema\/person\/2ec14f73fb96be2caf28f91afb14749d\"},\"headline\":\"Flamengo quer contratar destaque do Campeonato Brasileiro\",\"datePublished\":\"2022-05-29T23:23:30+00:00\",\"dateModified\":\"2022-05-29T23:23:33+00:00\",\"mainEntityOfPage\":{\"@id\":\"https:\/\/www.gaveanews.com\/index.php\/2022\/05\/29\/flamengo-quer-contratar-destaque-do-campeonato-brasileiro\/\"},\"wordCount\":547,\"commentCount\":0,\"image\":{\"@id\":\"https:\/\/www.gaveanews.com\/index.php\/2022\/05\/29\/flamengo-quer-contratar-destaque-do-campeonato-brasileiro\/#primaryimage\"},\"thumbnailUrl\":\"https:\/\/www.gaveanews.com\/wp-content\/uploads\/Marcos-Braz-em-entrevista-coletiva-no-Ninho-do-Urubu-1.webp\",\"articleSection\":[\"Negocia\u00e7\u00f5es\"],\"inLanguage\":\"pt-BR\",\"potentialAction\":[{\"@type\":\"CommentAction\",\"name\":\"Comment\",\"target\":[\"https:\/\/www.gaveanews.com\/index.php\/2022\/05\/29\/flamengo-quer-contratar-destaque-do-campeonato-brasileiro\/#respond\"]}],\"copyrightYear\":\"2022\",\"copyrightHolder\":{\"@id\":\"https:\/\/www.gaveanews.com\/#organization\"}},{\"@type\":\"WebPage\",\"@id\":\"https:\/\/www.gaveanews.com\/index.php\/2022\/05\/29\/flamengo-quer-contratar-destaque-do-campeonato-brasileiro\/\",\"url\":\"https:\/\/www.gaveanews.com\/index.php\/2022\/05\/29\/flamengo-quer-contratar-destaque-do-campeonato-brasileiro\/\",\"name\":\"Flamengo quer contratar destaque do Campeonato Brasileiro\",\"isPartOf\":{\"@id\":\"https:\/\/www.gaveanews.com\/#website\"},\"primaryImageOfPage\":{\"@id\":\"https:\/\/www.gaveanews.com\/index.php\/2022\/05\/29\/flamengo-quer-contratar-destaque-do-campeonato-brasileiro\/#primaryimage\"},\"image\":{\"@id\":\"https:\/\/www.gaveanews.com\/index.php\/2022\/05\/29\/flamengo-quer-contratar-destaque-do-campeonato-brasileiro\/#primaryimage\"},\"thumbnailUrl\":\"https:\/\/www.gaveanews.com\/wp-content\/uploads\/Marcos-Braz-em-entrevista-coletiva-no-Ninho-do-Urubu-1.webp\",\"datePublished\":\"2022-05-29T23:23:30+00:00\",\"dateModified\":\"2022-05-29T23:23:33+00:00\",\"author\":{\"@id\":\"https:\/\/www.gaveanews.com\/#\/schema\/person\/2ec14f73fb96be2caf28f91afb14749d\"},\"description\":\"Os dirigentes n\u00e3o quiseram abrir nomes dos clubes que sondaram o atacante, apenas confirmaram que o Flamengo fez uma consulta.\",\"breadcrumb\":{\"@id\":\"https:\/\/www.gaveanews.com\/index.php\/2022\/05\/29\/flamengo-quer-contratar-destaque-do-campeonato-brasileiro\/#breadcrumb\"},\"inLanguage\":\"pt-BR\",\"potentialAction\":[{\"@type\":\"ReadAction\",\"target\":[\"https:\/\/www.gaveanews.com\/index.php\/2022\/05\/29\/flamengo-quer-contratar-destaque-do-campeonato-brasileiro\/\"]}]},{\"@type\":\"ImageObject\",\"inLanguage\":\"pt-BR\",\"@id\":\"https:\/\/www.gaveanews.com\/index.php\/2022\/05\/29\/flamengo-quer-contratar-destaque-do-campeonato-brasileiro\/#primaryimage\",\"url\":\"https:\/\/www.gaveanews.com\/wp-content\/uploads\/Marcos-Braz-em-entrevista-coletiva-no-Ninho-do-Urubu-1.webp\",\"contentUrl\":\"https:\/\/www.gaveanews.com\/wp-content\/uploads\/Marcos-Braz-em-entrevista-coletiva-no-Ninho-do-Urubu-1.webp\",\"width\":799,\"height\":532,\"caption\":\"Marcos Braz em entrevista coletiva no Ninho do Urubu (Foto: Alexandre Vidal\/Flamengo)\"},{\"@type\":\"BreadcrumbList\",\"@id\":\"https:\/\/www.gaveanews.com\/index.php\/2022\/05\/29\/flamengo-quer-contratar-destaque-do-campeonato-brasileiro\/#breadcrumb\",\"itemListElement\":[{\"@type\":\"ListItem\",\"position\":1,\"name\":\"Home\",\"item\":\"https:\/\/www.gaveanews.com\/\"},{\"@type\":\"ListItem\",\"position\":2,\"name\":\"Flamengo quer contratar destaque do Campeonato Brasileiro\"}]},{\"@type\":\"WebSite\",\"@id\":\"https:\/\/www.gaveanews.com\/#website\",\"url\":\"https:\/\/www.gaveanews.com\/\",\"name\":\"G\u00e1vea News\",\"description\":\"Veja todas as not\u00edcias sobre o Flamengo: Contrata\u00e7\u00f5es, categorias de base, resultados das partidas, tabela de classifica\u00e7\u00e3o, pr\u00f3ximos jogos!\",\"potentialAction\":[{\"@type\":\"SearchAction\",\"target\":{\"@type\":\"EntryPoint\",\"urlTemplate\":\"https:\/\/www.gaveanews.com\/?s={search_term_string}\"},\"query-input\":{\"@type\":\"PropertyValueSpecification\",\"valueRequired\":true,\"valueName\":\"search_term_string\"}}],\"inLanguage\":\"pt-BR\"},{\"@type\":\"Person\",\"@id\":\"https:\/\/www.gaveanews.com\/#\/schema\/person\/2ec14f73fb96be2caf28f91afb14749d\",\"name\":\"Equipe G\u00e1vea News\",\"image\":{\"@type\":\"ImageObject\",\"inLanguage\":\"pt-BR\",\"@id\":\"https:\/\/www.gaveanews.com\/#\/schema\/person\/image\/\",\"url\":\"https:\/\/secure.gravatar.com\/avatar\/1e1956f1facbffd3f8fa53a326721950116b3b9dc9bd44939c01180fd4a745a9?s=96&d=mm&r=g\",\"contentUrl\":\"https:\/\/secure.gravatar.com\/avatar\/1e1956f1facbffd3f8fa53a326721950116b3b9dc9bd44939c01180fd4a745a9?s=96&d=mm&r=g\",\"caption\":\"Equipe G\u00e1vea News\"}}]}<\/script>\n<!-- \/ Yoast SEO Premium plugin. -->","yoast_head_json":{"title":"Flamengo quer contratar destaque do Campeonato Brasileiro","description":"Os dirigentes n\u00e3o quiseram abrir nomes dos clubes que sondaram o atacante, apenas confirmaram que o Flamengo fez uma consulta.","robots":{"index":"index","follow":"follow","max-snippet":"max-snippet:-1","max-image-preview":"max-image-preview:large","max-video-preview":"max-video-preview:-1"},"canonical":"https:\/\/www.gaveanews.com\/index.php\/2022\/05\/29\/flamengo-quer-contratar-destaque-do-campeonato-brasileiro\/","og_locale":"pt_BR","og_type":"article","og_title":"Flamengo quer contratar destaque do Campeonato Brasileiro","og_description":"Os dirigentes n\u00e3o quiseram abrir nomes dos clubes que sondaram o atacante, apenas confirmaram que o Flamengo fez uma consulta.","og_url":"https:\/\/www.gaveanews.com\/index.php\/2022\/05\/29\/flamengo-quer-contratar-destaque-do-campeonato-brasileiro\/","og_site_name":"G\u00e1vea News","article_publisher":"https:\/\/facebook.com\/gaveaNews\/","article_published_time":"2022-05-29T23:23:30+00:00","article_modified_time":"2022-05-29T23:23:33+00:00","og_image":[{"width":799,"height":532,"url":"https:\/\/www.gaveanews.com\/wp-content\/uploads\/Marcos-Braz-em-entrevista-coletiva-no-Ninho-do-Urubu-1.webp","type":"image\/jpeg"}],"author":"Equipe G\u00e1vea News","twitter_card":"summary_large_image","twitter_misc":{"Escrito por":"Equipe G\u00e1vea News","Est. tempo de leitura":"3 minutos"},"schema":{"@context":"https:\/\/schema.org","@graph":[{"@type":"NewsArticle","@id":"https:\/\/www.gaveanews.com\/index.php\/2022\/05\/29\/flamengo-quer-contratar-destaque-do-campeonato-brasileiro\/#article","isPartOf":{"@id":"https:\/\/www.gaveanews.com\/index.php\/2022\/05\/29\/flamengo-quer-contratar-destaque-do-campeonato-brasileiro\/"},"author":{"name":"Equipe G\u00e1vea News","@id":"https:\/\/www.gaveanews.com\/#\/schema\/person\/2ec14f73fb96be2caf28f91afb14749d"},"headline":"Flamengo quer contratar destaque do Campeonato Brasileiro","datePublished":"2022-05-29T23:23:30+00:00","dateModified":"2022-05-29T23:23:33+00:00","mainEntityOfPage":{"@id":"https:\/\/www.gaveanews.com\/index.php\/2022\/05\/29\/flamengo-quer-contratar-destaque-do-campeonato-brasileiro\/"},"wordCount":547,"commentCount":0,"image":{"@id":"https:\/\/www.gaveanews.com\/index.php\/2022\/05\/29\/flamengo-quer-contratar-destaque-do-campeonato-brasileiro\/#primaryimage"},"thumbnailUrl":"https:\/\/www.gaveanews.com\/wp-content\/uploads\/Marcos-Braz-em-entrevista-coletiva-no-Ninho-do-Urubu-1.webp","articleSection":["Negocia\u00e7\u00f5es"],"inLanguage":"pt-BR","potentialAction":[{"@type":"CommentAction","name":"Comment","target":["https:\/\/www.gaveanews.com\/index.php\/2022\/05\/29\/flamengo-quer-contratar-destaque-do-campeonato-brasileiro\/#respond"]}],"copyrightYear":"2022","copyrightHolder":{"@id":"https:\/\/www.gaveanews.com\/#organization"}},{"@type":"WebPage","@id":"https:\/\/www.gaveanews.com\/index.php\/2022\/05\/29\/flamengo-quer-contratar-destaque-do-campeonato-brasileiro\/","url":"https:\/\/www.gaveanews.com\/index.php\/2022\/05\/29\/flamengo-quer-contratar-destaque-do-campeonato-brasileiro\/","name":"Flamengo quer contratar destaque do Campeonato Brasileiro","isPartOf":{"@id":"https:\/\/www.gaveanews.com\/#website"},"primaryImageOfPage":{"@id":"https:\/\/www.gaveanews.com\/index.php\/2022\/05\/29\/flamengo-quer-contratar-destaque-do-campeonato-brasileiro\/#primaryimage"},"image":{"@id":"https:\/\/www.gaveanews.com\/index.php\/2022\/05\/29\/flamengo-quer-contratar-destaque-do-campeonato-brasileiro\/#primaryimage"},"thumbnailUrl":"https:\/\/www.gaveanews.com\/wp-content\/uploads\/Marcos-Braz-em-entrevista-coletiva-no-Ninho-do-Urubu-1.webp","datePublished":"2022-05-29T23:23:30+00:00","dateModified":"2022-05-29T23:23:33+00:00","author":{"@id":"https:\/\/www.gaveanews.com\/#\/schema\/person\/2ec14f73fb96be2caf28f91afb14749d"},"description":"Os dirigentes n\u00e3o quiseram abrir nomes dos clubes que sondaram o atacante, apenas confirmaram que o Flamengo fez uma consulta.","breadcrumb":{"@id":"https:\/\/www.gaveanews.com\/index.php\/2022\/05\/29\/flamengo-quer-contratar-destaque-do-campeonato-brasileiro\/#breadcrumb"},"inLanguage":"pt-BR","potentialAction":[{"@type":"ReadAction","target":["https:\/\/www.gaveanews.com\/index.php\/2022\/05\/29\/flamengo-quer-contratar-destaque-do-campeonato-brasileiro\/"]}]},{"@type":"ImageObject","inLanguage":"pt-BR","@id":"https:\/\/www.gaveanews.com\/index.php\/2022\/05\/29\/flamengo-quer-contratar-destaque-do-campeonato-brasileiro\/#primaryimage","url":"https:\/\/www.gaveanews.com\/wp-content\/uploads\/Marcos-Braz-em-entrevista-coletiva-no-Ninho-do-Urubu-1.webp","contentUrl":"https:\/\/www.gaveanews.com\/wp-content\/uploads\/Marcos-Braz-em-entrevista-coletiva-no-Ninho-do-Urubu-1.webp","width":799,"height":532,"caption":"Marcos Braz em entrevista coletiva no Ninho do Urubu (Foto: Alexandre Vidal\/Flamengo)"},{"@type":"BreadcrumbList","@id":"https:\/\/www.gaveanews.com\/index.php\/2022\/05\/29\/flamengo-quer-contratar-destaque-do-campeonato-brasileiro\/#breadcrumb","itemListElement":[{"@type":"ListItem","position":1,"name":"Home","item":"https:\/\/www.gaveanews.com\/"},{"@type":"ListItem","position":2,"name":"Flamengo quer contratar destaque do Campeonato Brasileiro"}]},{"@type":"WebSite","@id":"https:\/\/www.gaveanews.com\/#website","url":"https:\/\/www.gaveanews.com\/","name":"G\u00e1vea News","description":"Veja todas as not\u00edcias sobre o Flamengo: Contrata\u00e7\u00f5es, categorias de base, resultados das partidas, tabela de classifica\u00e7\u00e3o, pr\u00f3ximos jogos!","potentialAction":[{"@type":"SearchAction","target":{"@type":"EntryPoint","urlTemplate":"https:\/\/www.gaveanews.com\/?s={search_term_string}"},"query-input":{"@type":"PropertyValueSpecification","valueRequired":true,"valueName":"search_term_string"}}],"inLanguage":"pt-BR"},{"@type":"Person","@id":"https:\/\/www.gaveanews.com\/#\/schema\/person\/2ec14f73fb96be2caf28f91afb14749d","name":"Equipe G\u00e1vea News","image":{"@type":"ImageObject","inLanguage":"pt-BR","@id":"https:\/\/www.gaveanews.com\/#\/schema\/person\/image\/","url":"https:\/\/secure.gravatar.com\/avatar\/1e1956f1facbffd3f8fa53a326721950116b3b9dc9bd44939c01180fd4a745a9?s=96&d=mm&r=g","contentUrl":"https:\/\/secure.gravatar.com\/avatar\/1e1956f1facbffd3f8fa53a326721950116b3b9dc9bd44939c01180fd4a745a9?s=96&d=mm&r=g","caption":"Equipe G\u00e1vea News"}}]}},"_links":{"self":[{"href":"https:\/\/www.gaveanews.com\/index.php\/wp-json\/wp\/v2\/posts\/82277","targetHints":{"allow":["GET"]}}],"collection":[{"href":"https:\/\/www.gaveanews.com\/index.php\/wp-json\/wp\/v2\/posts"}],"about":[{"href":"https:\/\/www.gaveanews.com\/index.php\/wp-json\/wp\/v2\/types\/post"}],"author":[{"embeddable":true,"href":"https:\/\/www.gaveanews.com\/index.php\/wp-json\/wp\/v2\/users\/1"}],"replies":[{"embeddable":true,"href":"https:\/\/www.gaveanews.com\/index.php\/wp-json\/wp\/v2\/comments?post=82277"}],"version-history":[{"count":0,"href":"https:\/\/www.gaveanews.com\/index.php\/wp-json\/wp\/v2\/posts\/82277\/revisions"}],"wp:featuredmedia":[{"embeddable":true,"href":"https:\/\/www.gaveanews.com\/index.php\/wp-json\/wp\/v2\/media\/66783"}],"wp:attachment":[{"href":"https:\/\/www.gaveanews.com\/index.php\/wp-json\/wp\/v2\/media?parent=82277"}],"wp:term":[{"taxonomy":"category","embeddable":true,"href":"https:\/\/www.gaveanews.com\/index.php\/wp-json\/wp\/v2\/categories?post=82277"},{"taxonomy":"post_tag","embeddable":true,"href":"https:\/\/www.gaveanews.com\/index.php\/wp-json\/wp\/v2\/tags?post=82277"}],"curies":[{"name":"wp","href":"https:\/\/api.w.org\/{rel}","templated":true}]}}