{"id":82285,"date":"2022-05-29T23:28:17","date_gmt":"2022-05-30T02:28:17","guid":{"rendered":"https:\/\/www.gaveanews.com\/?p=82285"},"modified":"2022-05-29T23:29:55","modified_gmt":"2022-05-30T02:29:55","slug":"vinicius-junior-manda-forte-recado-apos-ser-heroi-do-real-madrid-na-champions","status":"publish","type":"post","link":"https:\/\/www.gaveanews.com\/index.php\/2022\/05\/29\/vinicius-junior-manda-forte-recado-apos-ser-heroi-do-real-madrid-na-champions\/","title":{"rendered":"Vinicius J\u00fanior manda forte recado ap\u00f3s ser her\u00f3i do Real Madrid na Champions"},"content":{"rendered":"\n<p>O Real Madrid conquistou a UEFA Champions League com gol brasileiro no \u00faltimo s\u00e1bado (28), na decis\u00e3o contra o Liverpool, na Fran\u00e7a. O atacante Vinicius J\u00fanior entrou para a hist\u00f3ria do clube espanhol e mandou recado ap\u00f3s levar o primeiro t\u00edtulo da competi\u00e7\u00e3o. Criticado desde a sua contrata\u00e7\u00e3o, em 2017, o jogador ex-Flamengo valorizou a caminhada at\u00e9 a final.<\/p>\n\n\n\n<p><em>\u2014 Que [as crian\u00e7as] n\u00e3o desacreditem dos sonhos deles. Eu batalhei bastante, sai cedo de S\u00e3o Gon\u00e7alo para jogar no Flamengo e depois fui vendido. Vivi momentos especiais com jogador. Agrade\u00e7o ao Casemiro, ao Marcelo, que me ajudaram quando cheguei aqui com 18 anos. Eles est\u00e3o ganhando a quinta e me passaram a experi\u00eancia de como \u00e9 vencer<\/em>, disse, \u00e0 TNT Sports.<\/p>\n\n\n\n<p><em>\u2014 Esse t\u00edtulo \u00e9 o reflexo de uma temporada muito bonita e especial. Eu e todo o elenco trabalhamos bastante. Aprendemos que sofrer \u00e9 bom, \u00e9 especial. O bonito pode demorar, mas chega. Jogar com essa camisa n\u00e3o tem pre\u00e7o. Todo jogador sonha em estar aqui e eu realizei esse sonho<\/em>, valorizou Vinicius J\u00fanior, vencedor da Champions League aos 21 anos de idade.<\/p>\n\n\n\n<p>O jogador da sele\u00e7\u00e3o brasileira afirmou que \u00e9 a \u201cpessoa mais feliz do mundo\u201d e ressaltou que agora o foco \u00e9 na disputa da Copa do Mundo, no final do ano. \u201cDesfrutar um pouco desse momento. Agora \u00e9 pensar no Mundial no final do ano\u201d, ressaltou.<\/p>\n\n\n\n<p><em>\u2014 N\u00e3o tenho no\u00e7\u00e3o do que estou vivendo, do gol que fiz hoje no maior clube do mundo, na maior competi\u00e7\u00e3o do mundo, e sendo t\u00e3o jovem. N\u00e3o quero parar por aqui, quero seguir trabalhando muito, como eu trabalhei at\u00e9 aqui, para ganhar tantas Champions League quanto esses jogadores que est\u00e3o aqui, que ganharam at\u00e9 a quinta. Nasceram para vencer, e com a felicidade da minha fam\u00edlia, com o orgulho de todos, eu pude estar aqui para vencer. Quero seguir dando felicidade para a minha fam\u00edlia<\/em>, declarou Vinicius J\u00fanior.<\/p>\n\n\n\n<figure class=\"wp-block-embed is-type-video is-provider-youtube wp-block-embed-youtube wp-embed-aspect-16-9 wp-has-aspect-ratio\"><div class=\"wp-block-embed__wrapper\">\n<iframe loading=\"lazy\" title=\"REAL MADRID CAMPE\u00c3O! VINI JR FAZ O GOL DO T\u00cdTULO DA CHAMPIONS LEAGUE | LIVERPOOL 0X1 REAL MADRID\" width=\"640\" height=\"360\" src=\"https:\/\/www.youtube.com\/embed\/8l-SASZkqAg?feature=oembed\" frameborder=\"0\" allow=\"accelerometer; autoplay; clipboard-write; encrypted-media; gyroscope; picture-in-picture; web-share\" referrerpolicy=\"strict-origin-when-cross-origin\" allowfullscreen><\/iframe>\n<\/div><\/figure>\n\n\n\n<h2 class=\"wp-block-heading\" id=\"h-caminho-do-real-madrid\">Caminho do Real Madrid<\/h2>\n\n\n\n<p>A equipe comandada por Carlo Ancelotti teve grandes advers\u00e1rios durante a competi\u00e7\u00e3o at\u00e9 a decis\u00e3o contra o Liverpool. O Real Madrid enfrentou a Inter de Mil\u00e3o na fase de grupos e logo depois encontrou uma fase eliminat\u00f3ria repleta de duros obst\u00e1culos.<\/p>\n\n\n\n<p>Nas oitavas de final, o Real Madrid eliminou o poderoso Paris Saint-Germain de Mbapp\u00e9, Neymar e Messi. Derrotado no jogo na Fran\u00e7a, o time merengue come\u00e7ou perdendo em Madri, mas precisou apenas de 17 minutos para Karim Benzema marcar tr\u00eas vezes e garantir a classifica\u00e7\u00e3o.<\/p>\n\n\n\n<p>Nas quartas, Carlo Ancelotti reencontrou o Chelsea, onde trabalhou no in\u00edcio da d\u00e9cada e que era o atual vencedor da Champions League. Com uma vit\u00f3ria por 3 a 1 na partida de ida, o time espanhol sofreu tr\u00eas gols no primeiro tempo em Madri, mas, com brilho de Rodrygo, conseguiu diminuir no fim do tempo regulamentar e garantir a classifica\u00e7\u00e3o na prorroga\u00e7\u00e3o do confronto.<\/p>\n\n\n\n<p>Ap\u00f3s tantas surpresas, o Real Madrid enfrentou o Manchester City e novamente fez hist\u00f3ria. A equipe de Vinicius Junior, Benzema e Rodrygo novamente saiu atr\u00e1s no placar, estava perto da elimina\u00e7\u00e3o, mas contou com tr\u00eas gols rel\u00e2mpagos para conseguir garantir a vaga na final da Champions League.<\/p>\n\n\n\n<p>Retirado de: Torcedores<\/p>\n","protected":false},"excerpt":{"rendered":"<p>O Real Madrid conquistou a UEFA Champions League com gol brasileiro no \u00faltimo s\u00e1bado (28), na decis\u00e3o contra o Liverpool, na Fran\u00e7a. O atacante Vinicius J\u00fanior entrou para a hist\u00f3ria do clube espanhol e mandou recado ap\u00f3s levar o primeiro t\u00edtulo da competi\u00e7\u00e3o. Criticado desde a sua contrata\u00e7\u00e3o, em 2017, o jogador ex-Flamengo valorizou a [&hellip;]<\/p>\n","protected":false},"author":1,"featured_media":78076,"comment_status":"open","ping_status":"closed","sticky":false,"template":"","format":"standard","meta":{"footnotes":""},"categories":[1],"tags":[],"class_list":["post-82285","post","type-post","status-publish","format-standard","has-post-thumbnail","hentry","category-flamengo"],"yoast_head":"<!-- This site is optimized with the Yoast SEO Premium plugin v24.2 (Yoast SEO v26.9) - https:\/\/yoast.com\/product\/yoast-seo-premium-wordpress\/ -->\n<title>Vinicius J\u00fanior manda forte recado ap\u00f3s ser her\u00f3i do Real Madrid na Champions<\/title>\n<meta name=\"robots\" content=\"index, follow, max-snippet:-1, max-image-preview:large, max-video-preview:-1\" \/>\n<link rel=\"canonical\" href=\"https:\/\/www.gaveanews.com\/index.php\/2022\/05\/29\/vinicius-junior-manda-forte-recado-apos-ser-heroi-do-real-madrid-na-champions\/\" \/>\n<meta property=\"og:locale\" content=\"pt_BR\" \/>\n<meta property=\"og:type\" content=\"article\" \/>\n<meta property=\"og:title\" content=\"Vinicius J\u00fanior manda forte recado ap\u00f3s ser her\u00f3i do Real Madrid na Champions\" \/>\n<meta property=\"og:description\" content=\"O Real Madrid conquistou a UEFA Champions League com gol brasileiro no \u00faltimo s\u00e1bado (28), na decis\u00e3o contra o Liverpool, na Fran\u00e7a. O atacante Vinicius J\u00fanior entrou para a hist\u00f3ria do clube espanhol e mandou recado ap\u00f3s levar o primeiro t\u00edtulo da competi\u00e7\u00e3o. Criticado desde a sua contrata\u00e7\u00e3o, em 2017, o jogador ex-Flamengo valorizou a [&hellip;]\" \/>\n<meta property=\"og:url\" content=\"https:\/\/www.gaveanews.com\/index.php\/2022\/05\/29\/vinicius-junior-manda-forte-recado-apos-ser-heroi-do-real-madrid-na-champions\/\" \/>\n<meta property=\"og:site_name\" content=\"G\u00e1vea News\" \/>\n<meta property=\"article:publisher\" content=\"https:\/\/facebook.com\/gaveaNews\/\" \/>\n<meta property=\"article:published_time\" content=\"2022-05-30T02:28:17+00:00\" \/>\n<meta property=\"article:modified_time\" content=\"2022-05-30T02:29:55+00:00\" \/>\n<meta property=\"og:image\" content=\"https:\/\/www.gaveanews.com\/wp-content\/uploads\/Vinicius-Junior-comemora-vitoria-do-Real-Madrid-sobre-o-PSG-pelas-oitavas-de-final-da-Champions-League.webp\" \/>\n\t<meta property=\"og:image:width\" content=\"640\" \/>\n\t<meta property=\"og:image:height\" content=\"360\" \/>\n\t<meta property=\"og:image:type\" content=\"image\/jpeg\" \/>\n<meta name=\"author\" content=\"Equipe G\u00e1vea News\" \/>\n<meta name=\"twitter:card\" content=\"summary_large_image\" \/>\n<meta name=\"twitter:label1\" content=\"Escrito por\" \/>\n\t<meta name=\"twitter:data1\" content=\"Equipe G\u00e1vea News\" \/>\n\t<meta name=\"twitter:label2\" content=\"Est. tempo de leitura\" \/>\n\t<meta name=\"twitter:data2\" content=\"3 minutos\" \/>\n<script type=\"application\/ld+json\" class=\"yoast-schema-graph\">{\"@context\":\"https:\/\/schema.org\",\"@graph\":[{\"@type\":\"NewsArticle\",\"@id\":\"https:\/\/www.gaveanews.com\/index.php\/2022\/05\/29\/vinicius-junior-manda-forte-recado-apos-ser-heroi-do-real-madrid-na-champions\/#article\",\"isPartOf\":{\"@id\":\"https:\/\/www.gaveanews.com\/index.php\/2022\/05\/29\/vinicius-junior-manda-forte-recado-apos-ser-heroi-do-real-madrid-na-champions\/\"},\"author\":{\"name\":\"Equipe G\u00e1vea News\",\"@id\":\"https:\/\/www.gaveanews.com\/#\/schema\/person\/2ec14f73fb96be2caf28f91afb14749d\"},\"headline\":\"Vinicius J\u00fanior manda forte recado ap\u00f3s ser her\u00f3i do Real Madrid na Champions\",\"datePublished\":\"2022-05-30T02:28:17+00:00\",\"dateModified\":\"2022-05-30T02:29:55+00:00\",\"mainEntityOfPage\":{\"@id\":\"https:\/\/www.gaveanews.com\/index.php\/2022\/05\/29\/vinicius-junior-manda-forte-recado-apos-ser-heroi-do-real-madrid-na-champions\/\"},\"wordCount\":580,\"commentCount\":0,\"image\":{\"@id\":\"https:\/\/www.gaveanews.com\/index.php\/2022\/05\/29\/vinicius-junior-manda-forte-recado-apos-ser-heroi-do-real-madrid-na-champions\/#primaryimage\"},\"thumbnailUrl\":\"https:\/\/www.gaveanews.com\/wp-content\/uploads\/Vinicius-Junior-comemora-vitoria-do-Real-Madrid-sobre-o-PSG-pelas-oitavas-de-final-da-Champions-League.webp\",\"articleSection\":[\"Flamengo\"],\"inLanguage\":\"pt-BR\",\"potentialAction\":[{\"@type\":\"CommentAction\",\"name\":\"Comment\",\"target\":[\"https:\/\/www.gaveanews.com\/index.php\/2022\/05\/29\/vinicius-junior-manda-forte-recado-apos-ser-heroi-do-real-madrid-na-champions\/#respond\"]}],\"copyrightYear\":\"2022\",\"copyrightHolder\":{\"@id\":\"https:\/\/www.gaveanews.com\/#organization\"}},{\"@type\":\"WebPage\",\"@id\":\"https:\/\/www.gaveanews.com\/index.php\/2022\/05\/29\/vinicius-junior-manda-forte-recado-apos-ser-heroi-do-real-madrid-na-champions\/\",\"url\":\"https:\/\/www.gaveanews.com\/index.php\/2022\/05\/29\/vinicius-junior-manda-forte-recado-apos-ser-heroi-do-real-madrid-na-champions\/\",\"name\":\"Vinicius J\u00fanior manda forte recado ap\u00f3s ser her\u00f3i do Real Madrid na Champions\",\"isPartOf\":{\"@id\":\"https:\/\/www.gaveanews.com\/#website\"},\"primaryImageOfPage\":{\"@id\":\"https:\/\/www.gaveanews.com\/index.php\/2022\/05\/29\/vinicius-junior-manda-forte-recado-apos-ser-heroi-do-real-madrid-na-champions\/#primaryimage\"},\"image\":{\"@id\":\"https:\/\/www.gaveanews.com\/index.php\/2022\/05\/29\/vinicius-junior-manda-forte-recado-apos-ser-heroi-do-real-madrid-na-champions\/#primaryimage\"},\"thumbnailUrl\":\"https:\/\/www.gaveanews.com\/wp-content\/uploads\/Vinicius-Junior-comemora-vitoria-do-Real-Madrid-sobre-o-PSG-pelas-oitavas-de-final-da-Champions-League.webp\",\"datePublished\":\"2022-05-30T02:28:17+00:00\",\"dateModified\":\"2022-05-30T02:29:55+00:00\",\"author\":{\"@id\":\"https:\/\/www.gaveanews.com\/#\/schema\/person\/2ec14f73fb96be2caf28f91afb14749d\"},\"breadcrumb\":{\"@id\":\"https:\/\/www.gaveanews.com\/index.php\/2022\/05\/29\/vinicius-junior-manda-forte-recado-apos-ser-heroi-do-real-madrid-na-champions\/#breadcrumb\"},\"inLanguage\":\"pt-BR\",\"potentialAction\":[{\"@type\":\"ReadAction\",\"target\":[\"https:\/\/www.gaveanews.com\/index.php\/2022\/05\/29\/vinicius-junior-manda-forte-recado-apos-ser-heroi-do-real-madrid-na-champions\/\"]}]},{\"@type\":\"ImageObject\",\"inLanguage\":\"pt-BR\",\"@id\":\"https:\/\/www.gaveanews.com\/index.php\/2022\/05\/29\/vinicius-junior-manda-forte-recado-apos-ser-heroi-do-real-madrid-na-champions\/#primaryimage\",\"url\":\"https:\/\/www.gaveanews.com\/wp-content\/uploads\/Vinicius-Junior-comemora-vitoria-do-Real-Madrid-sobre-o-PSG-pelas-oitavas-de-final-da-Champions-League.webp\",\"contentUrl\":\"https:\/\/www.gaveanews.com\/wp-content\/uploads\/Vinicius-Junior-comemora-vitoria-do-Real-Madrid-sobre-o-PSG-pelas-oitavas-de-final-da-Champions-League.webp\",\"width\":640,\"height\":360,\"caption\":\"Vinicius Junior comemora vit\u00f3ria do Real Madrid sobre o PSG pelas oitavas de final da Champions League (Foto: Susana Vera\/Reuters)\"},{\"@type\":\"BreadcrumbList\",\"@id\":\"https:\/\/www.gaveanews.com\/index.php\/2022\/05\/29\/vinicius-junior-manda-forte-recado-apos-ser-heroi-do-real-madrid-na-champions\/#breadcrumb\",\"itemListElement\":[{\"@type\":\"ListItem\",\"position\":1,\"name\":\"Home\",\"item\":\"https:\/\/www.gaveanews.com\/\"},{\"@type\":\"ListItem\",\"position\":2,\"name\":\"Vinicius J\u00fanior manda forte recado ap\u00f3s ser her\u00f3i do Real Madrid na Champions\"}]},{\"@type\":\"WebSite\",\"@id\":\"https:\/\/www.gaveanews.com\/#website\",\"url\":\"https:\/\/www.gaveanews.com\/\",\"name\":\"G\u00e1vea News\",\"description\":\"Veja todas as not\u00edcias sobre o Flamengo: Contrata\u00e7\u00f5es, categorias de base, resultados das partidas, tabela de classifica\u00e7\u00e3o, pr\u00f3ximos jogos!\",\"potentialAction\":[{\"@type\":\"SearchAction\",\"target\":{\"@type\":\"EntryPoint\",\"urlTemplate\":\"https:\/\/www.gaveanews.com\/?s={search_term_string}\"},\"query-input\":{\"@type\":\"PropertyValueSpecification\",\"valueRequired\":true,\"valueName\":\"search_term_string\"}}],\"inLanguage\":\"pt-BR\"},{\"@type\":\"Person\",\"@id\":\"https:\/\/www.gaveanews.com\/#\/schema\/person\/2ec14f73fb96be2caf28f91afb14749d\",\"name\":\"Equipe G\u00e1vea News\",\"image\":{\"@type\":\"ImageObject\",\"inLanguage\":\"pt-BR\",\"@id\":\"https:\/\/www.gaveanews.com\/#\/schema\/person\/image\/\",\"url\":\"https:\/\/secure.gravatar.com\/avatar\/1e1956f1facbffd3f8fa53a326721950116b3b9dc9bd44939c01180fd4a745a9?s=96&d=mm&r=g\",\"contentUrl\":\"https:\/\/secure.gravatar.com\/avatar\/1e1956f1facbffd3f8fa53a326721950116b3b9dc9bd44939c01180fd4a745a9?s=96&d=mm&r=g\",\"caption\":\"Equipe G\u00e1vea News\"}}]}<\/script>\n<!-- \/ Yoast SEO Premium plugin. -->","yoast_head_json":{"title":"Vinicius J\u00fanior manda forte recado ap\u00f3s ser her\u00f3i do Real Madrid na Champions","robots":{"index":"index","follow":"follow","max-snippet":"max-snippet:-1","max-image-preview":"max-image-preview:large","max-video-preview":"max-video-preview:-1"},"canonical":"https:\/\/www.gaveanews.com\/index.php\/2022\/05\/29\/vinicius-junior-manda-forte-recado-apos-ser-heroi-do-real-madrid-na-champions\/","og_locale":"pt_BR","og_type":"article","og_title":"Vinicius J\u00fanior manda forte recado ap\u00f3s ser her\u00f3i do Real Madrid na Champions","og_description":"O Real Madrid conquistou a UEFA Champions League com gol brasileiro no \u00faltimo s\u00e1bado (28), na decis\u00e3o contra o Liverpool, na Fran\u00e7a. O atacante Vinicius J\u00fanior entrou para a hist\u00f3ria do clube espanhol e mandou recado ap\u00f3s levar o primeiro t\u00edtulo da competi\u00e7\u00e3o. Criticado desde a sua contrata\u00e7\u00e3o, em 2017, o jogador ex-Flamengo valorizou a [&hellip;]","og_url":"https:\/\/www.gaveanews.com\/index.php\/2022\/05\/29\/vinicius-junior-manda-forte-recado-apos-ser-heroi-do-real-madrid-na-champions\/","og_site_name":"G\u00e1vea News","article_publisher":"https:\/\/facebook.com\/gaveaNews\/","article_published_time":"2022-05-30T02:28:17+00:00","article_modified_time":"2022-05-30T02:29:55+00:00","og_image":[{"width":640,"height":360,"url":"https:\/\/www.gaveanews.com\/wp-content\/uploads\/Vinicius-Junior-comemora-vitoria-do-Real-Madrid-sobre-o-PSG-pelas-oitavas-de-final-da-Champions-League.webp","type":"image\/jpeg"}],"author":"Equipe G\u00e1vea News","twitter_card":"summary_large_image","twitter_misc":{"Escrito por":"Equipe G\u00e1vea News","Est. tempo de leitura":"3 minutos"},"schema":{"@context":"https:\/\/schema.org","@graph":[{"@type":"NewsArticle","@id":"https:\/\/www.gaveanews.com\/index.php\/2022\/05\/29\/vinicius-junior-manda-forte-recado-apos-ser-heroi-do-real-madrid-na-champions\/#article","isPartOf":{"@id":"https:\/\/www.gaveanews.com\/index.php\/2022\/05\/29\/vinicius-junior-manda-forte-recado-apos-ser-heroi-do-real-madrid-na-champions\/"},"author":{"name":"Equipe G\u00e1vea News","@id":"https:\/\/www.gaveanews.com\/#\/schema\/person\/2ec14f73fb96be2caf28f91afb14749d"},"headline":"Vinicius J\u00fanior manda forte recado ap\u00f3s ser her\u00f3i do Real Madrid na Champions","datePublished":"2022-05-30T02:28:17+00:00","dateModified":"2022-05-30T02:29:55+00:00","mainEntityOfPage":{"@id":"https:\/\/www.gaveanews.com\/index.php\/2022\/05\/29\/vinicius-junior-manda-forte-recado-apos-ser-heroi-do-real-madrid-na-champions\/"},"wordCount":580,"commentCount":0,"image":{"@id":"https:\/\/www.gaveanews.com\/index.php\/2022\/05\/29\/vinicius-junior-manda-forte-recado-apos-ser-heroi-do-real-madrid-na-champions\/#primaryimage"},"thumbnailUrl":"https:\/\/www.gaveanews.com\/wp-content\/uploads\/Vinicius-Junior-comemora-vitoria-do-Real-Madrid-sobre-o-PSG-pelas-oitavas-de-final-da-Champions-League.webp","articleSection":["Flamengo"],"inLanguage":"pt-BR","potentialAction":[{"@type":"CommentAction","name":"Comment","target":["https:\/\/www.gaveanews.com\/index.php\/2022\/05\/29\/vinicius-junior-manda-forte-recado-apos-ser-heroi-do-real-madrid-na-champions\/#respond"]}],"copyrightYear":"2022","copyrightHolder":{"@id":"https:\/\/www.gaveanews.com\/#organization"}},{"@type":"WebPage","@id":"https:\/\/www.gaveanews.com\/index.php\/2022\/05\/29\/vinicius-junior-manda-forte-recado-apos-ser-heroi-do-real-madrid-na-champions\/","url":"https:\/\/www.gaveanews.com\/index.php\/2022\/05\/29\/vinicius-junior-manda-forte-recado-apos-ser-heroi-do-real-madrid-na-champions\/","name":"Vinicius J\u00fanior manda forte recado ap\u00f3s ser her\u00f3i do Real Madrid na Champions","isPartOf":{"@id":"https:\/\/www.gaveanews.com\/#website"},"primaryImageOfPage":{"@id":"https:\/\/www.gaveanews.com\/index.php\/2022\/05\/29\/vinicius-junior-manda-forte-recado-apos-ser-heroi-do-real-madrid-na-champions\/#primaryimage"},"image":{"@id":"https:\/\/www.gaveanews.com\/index.php\/2022\/05\/29\/vinicius-junior-manda-forte-recado-apos-ser-heroi-do-real-madrid-na-champions\/#primaryimage"},"thumbnailUrl":"https:\/\/www.gaveanews.com\/wp-content\/uploads\/Vinicius-Junior-comemora-vitoria-do-Real-Madrid-sobre-o-PSG-pelas-oitavas-de-final-da-Champions-League.webp","datePublished":"2022-05-30T02:28:17+00:00","dateModified":"2022-05-30T02:29:55+00:00","author":{"@id":"https:\/\/www.gaveanews.com\/#\/schema\/person\/2ec14f73fb96be2caf28f91afb14749d"},"breadcrumb":{"@id":"https:\/\/www.gaveanews.com\/index.php\/2022\/05\/29\/vinicius-junior-manda-forte-recado-apos-ser-heroi-do-real-madrid-na-champions\/#breadcrumb"},"inLanguage":"pt-BR","potentialAction":[{"@type":"ReadAction","target":["https:\/\/www.gaveanews.com\/index.php\/2022\/05\/29\/vinicius-junior-manda-forte-recado-apos-ser-heroi-do-real-madrid-na-champions\/"]}]},{"@type":"ImageObject","inLanguage":"pt-BR","@id":"https:\/\/www.gaveanews.com\/index.php\/2022\/05\/29\/vinicius-junior-manda-forte-recado-apos-ser-heroi-do-real-madrid-na-champions\/#primaryimage","url":"https:\/\/www.gaveanews.com\/wp-content\/uploads\/Vinicius-Junior-comemora-vitoria-do-Real-Madrid-sobre-o-PSG-pelas-oitavas-de-final-da-Champions-League.webp","contentUrl":"https:\/\/www.gaveanews.com\/wp-content\/uploads\/Vinicius-Junior-comemora-vitoria-do-Real-Madrid-sobre-o-PSG-pelas-oitavas-de-final-da-Champions-League.webp","width":640,"height":360,"caption":"Vinicius Junior comemora vit\u00f3ria do Real Madrid sobre o PSG pelas oitavas de final da Champions League (Foto: Susana Vera\/Reuters)"},{"@type":"BreadcrumbList","@id":"https:\/\/www.gaveanews.com\/index.php\/2022\/05\/29\/vinicius-junior-manda-forte-recado-apos-ser-heroi-do-real-madrid-na-champions\/#breadcrumb","itemListElement":[{"@type":"ListItem","position":1,"name":"Home","item":"https:\/\/www.gaveanews.com\/"},{"@type":"ListItem","position":2,"name":"Vinicius J\u00fanior manda forte recado ap\u00f3s ser her\u00f3i do Real Madrid na Champions"}]},{"@type":"WebSite","@id":"https:\/\/www.gaveanews.com\/#website","url":"https:\/\/www.gaveanews.com\/","name":"G\u00e1vea News","description":"Veja todas as not\u00edcias sobre o Flamengo: Contrata\u00e7\u00f5es, categorias de base, resultados das partidas, tabela de classifica\u00e7\u00e3o, pr\u00f3ximos jogos!","potentialAction":[{"@type":"SearchAction","target":{"@type":"EntryPoint","urlTemplate":"https:\/\/www.gaveanews.com\/?s={search_term_string}"},"query-input":{"@type":"PropertyValueSpecification","valueRequired":true,"valueName":"search_term_string"}}],"inLanguage":"pt-BR"},{"@type":"Person","@id":"https:\/\/www.gaveanews.com\/#\/schema\/person\/2ec14f73fb96be2caf28f91afb14749d","name":"Equipe G\u00e1vea News","image":{"@type":"ImageObject","inLanguage":"pt-BR","@id":"https:\/\/www.gaveanews.com\/#\/schema\/person\/image\/","url":"https:\/\/secure.gravatar.com\/avatar\/1e1956f1facbffd3f8fa53a326721950116b3b9dc9bd44939c01180fd4a745a9?s=96&d=mm&r=g","contentUrl":"https:\/\/secure.gravatar.com\/avatar\/1e1956f1facbffd3f8fa53a326721950116b3b9dc9bd44939c01180fd4a745a9?s=96&d=mm&r=g","caption":"Equipe G\u00e1vea News"}}]}},"_links":{"self":[{"href":"https:\/\/www.gaveanews.com\/index.php\/wp-json\/wp\/v2\/posts\/82285","targetHints":{"allow":["GET"]}}],"collection":[{"href":"https:\/\/www.gaveanews.com\/index.php\/wp-json\/wp\/v2\/posts"}],"about":[{"href":"https:\/\/www.gaveanews.com\/index.php\/wp-json\/wp\/v2\/types\/post"}],"author":[{"embeddable":true,"href":"https:\/\/www.gaveanews.com\/index.php\/wp-json\/wp\/v2\/users\/1"}],"replies":[{"embeddable":true,"href":"https:\/\/www.gaveanews.com\/index.php\/wp-json\/wp\/v2\/comments?post=82285"}],"version-history":[{"count":0,"href":"https:\/\/www.gaveanews.com\/index.php\/wp-json\/wp\/v2\/posts\/82285\/revisions"}],"wp:featuredmedia":[{"embeddable":true,"href":"https:\/\/www.gaveanews.com\/index.php\/wp-json\/wp\/v2\/media\/78076"}],"wp:attachment":[{"href":"https:\/\/www.gaveanews.com\/index.php\/wp-json\/wp\/v2\/media?parent=82285"}],"wp:term":[{"taxonomy":"category","embeddable":true,"href":"https:\/\/www.gaveanews.com\/index.php\/wp-json\/wp\/v2\/categories?post=82285"},{"taxonomy":"post_tag","embeddable":true,"href":"https:\/\/www.gaveanews.com\/index.php\/wp-json\/wp\/v2\/tags?post=82285"}],"curies":[{"name":"wp","href":"https:\/\/api.w.org\/{rel}","templated":true}]}}