{"id":82311,"date":"2022-05-30T15:02:44","date_gmt":"2022-05-30T18:02:44","guid":{"rendered":"https:\/\/www.gaveanews.com\/?p=82311"},"modified":"2022-05-30T15:02:46","modified_gmt":"2022-05-30T18:02:46","slug":"elenco-do-flamengo-se-manifesta-a-favor-da-compra-de-andreas-pereira","status":"publish","type":"post","link":"https:\/\/www.gaveanews.com\/index.php\/2022\/05\/30\/elenco-do-flamengo-se-manifesta-a-favor-da-compra-de-andreas-pereira\/","title":{"rendered":"Elenco do Flamengo se manifesta a favor da compra de Andreas Pereira"},"content":{"rendered":"\n<p>Embora n\u00e3o tenha sido muito expressiva e ainda tenha mostrado as falhas que precisam ser corrigidas, a vit\u00f3ria do Flamengo sobre o Fluminense amenizou a rela\u00e7\u00e3o da torcida com o elenco. Dentre os que tiveram atua\u00e7\u00f5es mais positivas no grupo, Andreas certamente conseguiu um grande papel de destaque.<\/p>\n\n\n\n<p>O jogador vinha sendo duramente criticado ap\u00f3s sua falha na final da Libertadores do ano passado. Ap\u00f3s aquele erro, o volante n\u00e3o tinha conseguido ter grandes atua\u00e7\u00f5es e era uma das pautas de protestos de torcedores com a diretoria.<\/p>\n\n\n\n<p>Agora, faltando pouco para o final de seu empr\u00e9stimo, o atleta voltou a se destacar positivamente e teve noite redentora no cl\u00e1ssico contra o Fluminense. Autor de um gol e uma assist\u00eancia, Andreas teve a maior nota em desempenho da equipe na partida.<\/p>\n\n\n\n<p>Frente ao atual cen\u00e1rio, a compra do camisa 18 junto ao Manchester United voltou a ser debatida, e n\u00e3o s\u00f3 pelos torcedores. Internamente, os jogadores da equipe j\u00e1 se manifestaram a favor da perman\u00eancia do jogador no Rubro-Negro.<\/p>\n\n\n\n<p>Para o elenco, Andreas \u00e9 pe\u00e7a importante no grupo e ainda pode crescer no time. O atleta, ali\u00e1s, \u00e9 muito querido pelos companheiros de equipe e pela comiss\u00e3o t\u00e9cnica. O fato foi refor\u00e7ado na declara\u00e7\u00e3o de Paulo Sousa sobre o jovem ap\u00f3s o cl\u00e1ssico contra o Fluminense.<\/p>\n\n\n\n<p><em>\u2014 Eu gostaria de ter a continuidade. J\u00e1 expressei ao Bruno (Spindel), j\u00e1 falamos sobre isso. Claro que n\u00e3o depende s\u00f3 de n\u00f3s. Depende do jogador e do seu clube (Manchester United).<\/em><\/p>\n\n\n\n<p>O empr\u00e9stimo de Andreas no Flamengo vai at\u00e9 o fim de junho. At\u00e9 o momento, o Rubro-Negro n\u00e3o se manifestou para os agentes do atleta ou para o Manchester United sobre a compra do jogador.<\/p>\n","protected":false},"excerpt":{"rendered":"<p>Embora n\u00e3o tenha sido muito expressiva e ainda tenha mostrado as falhas que precisam ser corrigidas, a vit\u00f3ria do Flamengo sobre o Fluminense amenizou a rela\u00e7\u00e3o da torcida com o elenco. Dentre os que tiveram atua\u00e7\u00f5es mais positivas no grupo, Andreas certamente conseguiu um grande papel de destaque. O jogador vinha sendo duramente criticado ap\u00f3s [&hellip;]<\/p>\n","protected":false},"author":4,"featured_media":82299,"comment_status":"open","ping_status":"closed","sticky":false,"template":"","format":"standard","meta":{"footnotes":""},"categories":[1],"tags":[],"class_list":["post-82311","post","type-post","status-publish","format-standard","has-post-thumbnail","hentry","category-flamengo"],"yoast_head":"<!-- This site is optimized with the Yoast SEO Premium plugin v24.2 (Yoast SEO v26.9) - https:\/\/yoast.com\/product\/yoast-seo-premium-wordpress\/ -->\n<title>Elenco do Flamengo se manifesta a favor da compra de Andreas Pereira<\/title>\n<meta name=\"robots\" content=\"index, follow, max-snippet:-1, max-image-preview:large, max-video-preview:-1\" \/>\n<link rel=\"canonical\" href=\"https:\/\/www.gaveanews.com\/index.php\/2022\/05\/30\/elenco-do-flamengo-se-manifesta-a-favor-da-compra-de-andreas-pereira\/\" \/>\n<meta property=\"og:locale\" content=\"pt_BR\" \/>\n<meta property=\"og:type\" content=\"article\" \/>\n<meta property=\"og:title\" content=\"Elenco do Flamengo se manifesta a favor da compra de Andreas Pereira\" \/>\n<meta property=\"og:description\" content=\"Embora n\u00e3o tenha sido muito expressiva e ainda tenha mostrado as falhas que precisam ser corrigidas, a vit\u00f3ria do Flamengo sobre o Fluminense amenizou a rela\u00e7\u00e3o da torcida com o elenco. Dentre os que tiveram atua\u00e7\u00f5es mais positivas no grupo, Andreas certamente conseguiu um grande papel de destaque. O jogador vinha sendo duramente criticado ap\u00f3s [&hellip;]\" \/>\n<meta property=\"og:url\" content=\"https:\/\/www.gaveanews.com\/index.php\/2022\/05\/30\/elenco-do-flamengo-se-manifesta-a-favor-da-compra-de-andreas-pereira\/\" \/>\n<meta property=\"og:site_name\" content=\"G\u00e1vea News\" \/>\n<meta property=\"article:publisher\" content=\"https:\/\/facebook.com\/gaveaNews\/\" \/>\n<meta property=\"article:published_time\" content=\"2022-05-30T18:02:44+00:00\" \/>\n<meta property=\"article:modified_time\" content=\"2022-05-30T18:02:46+00:00\" \/>\n<meta property=\"og:image\" content=\"https:\/\/www.gaveanews.com\/wp-content\/uploads\/Jogadores-do-Flamengo-comemoram-gol-marcado-por-Andreas-no-classico-contra-o-Fluminense.webp\" \/>\n\t<meta property=\"og:image:width\" content=\"800\" \/>\n\t<meta property=\"og:image:height\" content=\"533\" \/>\n\t<meta property=\"og:image:type\" content=\"image\/jpeg\" \/>\n<meta name=\"author\" content=\"Let\u00edcia Gerheim\" \/>\n<meta name=\"twitter:card\" content=\"summary_large_image\" \/>\n<meta name=\"twitter:label1\" content=\"Escrito por\" \/>\n\t<meta name=\"twitter:data1\" content=\"Let\u00edcia Gerheim\" \/>\n\t<meta name=\"twitter:label2\" content=\"Est. tempo de leitura\" \/>\n\t<meta name=\"twitter:data2\" content=\"2 minutos\" \/>\n<script type=\"application\/ld+json\" class=\"yoast-schema-graph\">{\"@context\":\"https:\/\/schema.org\",\"@graph\":[{\"@type\":\"NewsArticle\",\"@id\":\"https:\/\/www.gaveanews.com\/index.php\/2022\/05\/30\/elenco-do-flamengo-se-manifesta-a-favor-da-compra-de-andreas-pereira\/#article\",\"isPartOf\":{\"@id\":\"https:\/\/www.gaveanews.com\/index.php\/2022\/05\/30\/elenco-do-flamengo-se-manifesta-a-favor-da-compra-de-andreas-pereira\/\"},\"author\":{\"name\":\"Let\u00edcia Gerheim\",\"@id\":\"https:\/\/www.gaveanews.com\/#\/schema\/person\/714c67050b836198af2450ba1c142a67\"},\"headline\":\"Elenco do Flamengo se manifesta a favor da compra de Andreas Pereira\",\"datePublished\":\"2022-05-30T18:02:44+00:00\",\"dateModified\":\"2022-05-30T18:02:46+00:00\",\"mainEntityOfPage\":{\"@id\":\"https:\/\/www.gaveanews.com\/index.php\/2022\/05\/30\/elenco-do-flamengo-se-manifesta-a-favor-da-compra-de-andreas-pereira\/\"},\"wordCount\":316,\"commentCount\":0,\"image\":{\"@id\":\"https:\/\/www.gaveanews.com\/index.php\/2022\/05\/30\/elenco-do-flamengo-se-manifesta-a-favor-da-compra-de-andreas-pereira\/#primaryimage\"},\"thumbnailUrl\":\"https:\/\/www.gaveanews.com\/wp-content\/uploads\/Jogadores-do-Flamengo-comemoram-gol-marcado-por-Andreas-no-classico-contra-o-Fluminense.webp\",\"articleSection\":[\"Flamengo\"],\"inLanguage\":\"pt-BR\",\"potentialAction\":[{\"@type\":\"CommentAction\",\"name\":\"Comment\",\"target\":[\"https:\/\/www.gaveanews.com\/index.php\/2022\/05\/30\/elenco-do-flamengo-se-manifesta-a-favor-da-compra-de-andreas-pereira\/#respond\"]}],\"copyrightYear\":\"2022\",\"copyrightHolder\":{\"@id\":\"https:\/\/www.gaveanews.com\/#organization\"}},{\"@type\":\"WebPage\",\"@id\":\"https:\/\/www.gaveanews.com\/index.php\/2022\/05\/30\/elenco-do-flamengo-se-manifesta-a-favor-da-compra-de-andreas-pereira\/\",\"url\":\"https:\/\/www.gaveanews.com\/index.php\/2022\/05\/30\/elenco-do-flamengo-se-manifesta-a-favor-da-compra-de-andreas-pereira\/\",\"name\":\"Elenco do Flamengo se manifesta a favor da compra de Andreas Pereira\",\"isPartOf\":{\"@id\":\"https:\/\/www.gaveanews.com\/#website\"},\"primaryImageOfPage\":{\"@id\":\"https:\/\/www.gaveanews.com\/index.php\/2022\/05\/30\/elenco-do-flamengo-se-manifesta-a-favor-da-compra-de-andreas-pereira\/#primaryimage\"},\"image\":{\"@id\":\"https:\/\/www.gaveanews.com\/index.php\/2022\/05\/30\/elenco-do-flamengo-se-manifesta-a-favor-da-compra-de-andreas-pereira\/#primaryimage\"},\"thumbnailUrl\":\"https:\/\/www.gaveanews.com\/wp-content\/uploads\/Jogadores-do-Flamengo-comemoram-gol-marcado-por-Andreas-no-classico-contra-o-Fluminense.webp\",\"datePublished\":\"2022-05-30T18:02:44+00:00\",\"dateModified\":\"2022-05-30T18:02:46+00:00\",\"author\":{\"@id\":\"https:\/\/www.gaveanews.com\/#\/schema\/person\/714c67050b836198af2450ba1c142a67\"},\"breadcrumb\":{\"@id\":\"https:\/\/www.gaveanews.com\/index.php\/2022\/05\/30\/elenco-do-flamengo-se-manifesta-a-favor-da-compra-de-andreas-pereira\/#breadcrumb\"},\"inLanguage\":\"pt-BR\",\"potentialAction\":[{\"@type\":\"ReadAction\",\"target\":[\"https:\/\/www.gaveanews.com\/index.php\/2022\/05\/30\/elenco-do-flamengo-se-manifesta-a-favor-da-compra-de-andreas-pereira\/\"]}]},{\"@type\":\"ImageObject\",\"inLanguage\":\"pt-BR\",\"@id\":\"https:\/\/www.gaveanews.com\/index.php\/2022\/05\/30\/elenco-do-flamengo-se-manifesta-a-favor-da-compra-de-andreas-pereira\/#primaryimage\",\"url\":\"https:\/\/www.gaveanews.com\/wp-content\/uploads\/Jogadores-do-Flamengo-comemoram-gol-marcado-por-Andreas-no-classico-contra-o-Fluminense.webp\",\"contentUrl\":\"https:\/\/www.gaveanews.com\/wp-content\/uploads\/Jogadores-do-Flamengo-comemoram-gol-marcado-por-Andreas-no-classico-contra-o-Fluminense.webp\",\"width\":800,\"height\":533,\"caption\":\"Jogadores do Flamengo comemoram gol marcado por Andreas no cl\u00e1ssico contra o Fluminense (Foto: Alexandre Vidal\/Flamengo)\"},{\"@type\":\"BreadcrumbList\",\"@id\":\"https:\/\/www.gaveanews.com\/index.php\/2022\/05\/30\/elenco-do-flamengo-se-manifesta-a-favor-da-compra-de-andreas-pereira\/#breadcrumb\",\"itemListElement\":[{\"@type\":\"ListItem\",\"position\":1,\"name\":\"Home\",\"item\":\"https:\/\/www.gaveanews.com\/\"},{\"@type\":\"ListItem\",\"position\":2,\"name\":\"Elenco do Flamengo se manifesta a favor da compra de Andreas Pereira\"}]},{\"@type\":\"WebSite\",\"@id\":\"https:\/\/www.gaveanews.com\/#website\",\"url\":\"https:\/\/www.gaveanews.com\/\",\"name\":\"G\u00e1vea News\",\"description\":\"Veja todas as not\u00edcias sobre o Flamengo: Contrata\u00e7\u00f5es, categorias de base, resultados das partidas, tabela de classifica\u00e7\u00e3o, pr\u00f3ximos jogos!\",\"potentialAction\":[{\"@type\":\"SearchAction\",\"target\":{\"@type\":\"EntryPoint\",\"urlTemplate\":\"https:\/\/www.gaveanews.com\/?s={search_term_string}\"},\"query-input\":{\"@type\":\"PropertyValueSpecification\",\"valueRequired\":true,\"valueName\":\"search_term_string\"}}],\"inLanguage\":\"pt-BR\"},{\"@type\":\"Person\",\"@id\":\"https:\/\/www.gaveanews.com\/#\/schema\/person\/714c67050b836198af2450ba1c142a67\",\"name\":\"Let\u00edcia Gerheim\",\"image\":{\"@type\":\"ImageObject\",\"inLanguage\":\"pt-BR\",\"@id\":\"https:\/\/www.gaveanews.com\/#\/schema\/person\/image\/\",\"url\":\"https:\/\/secure.gravatar.com\/avatar\/60734739c50fcebfbac509e2a826ccd0ff405c019bc73aab9354f19ecad1dcb4?s=96&d=mm&r=g\",\"contentUrl\":\"https:\/\/secure.gravatar.com\/avatar\/60734739c50fcebfbac509e2a826ccd0ff405c019bc73aab9354f19ecad1dcb4?s=96&d=mm&r=g\",\"caption\":\"Let\u00edcia Gerheim\"}}]}<\/script>\n<!-- \/ Yoast SEO Premium plugin. -->","yoast_head_json":{"title":"Elenco do Flamengo se manifesta a favor da compra de Andreas Pereira","robots":{"index":"index","follow":"follow","max-snippet":"max-snippet:-1","max-image-preview":"max-image-preview:large","max-video-preview":"max-video-preview:-1"},"canonical":"https:\/\/www.gaveanews.com\/index.php\/2022\/05\/30\/elenco-do-flamengo-se-manifesta-a-favor-da-compra-de-andreas-pereira\/","og_locale":"pt_BR","og_type":"article","og_title":"Elenco do Flamengo se manifesta a favor da compra de Andreas Pereira","og_description":"Embora n\u00e3o tenha sido muito expressiva e ainda tenha mostrado as falhas que precisam ser corrigidas, a vit\u00f3ria do Flamengo sobre o Fluminense amenizou a rela\u00e7\u00e3o da torcida com o elenco. Dentre os que tiveram atua\u00e7\u00f5es mais positivas no grupo, Andreas certamente conseguiu um grande papel de destaque. O jogador vinha sendo duramente criticado ap\u00f3s [&hellip;]","og_url":"https:\/\/www.gaveanews.com\/index.php\/2022\/05\/30\/elenco-do-flamengo-se-manifesta-a-favor-da-compra-de-andreas-pereira\/","og_site_name":"G\u00e1vea News","article_publisher":"https:\/\/facebook.com\/gaveaNews\/","article_published_time":"2022-05-30T18:02:44+00:00","article_modified_time":"2022-05-30T18:02:46+00:00","og_image":[{"width":800,"height":533,"url":"https:\/\/www.gaveanews.com\/wp-content\/uploads\/Jogadores-do-Flamengo-comemoram-gol-marcado-por-Andreas-no-classico-contra-o-Fluminense.webp","type":"image\/jpeg"}],"author":"Let\u00edcia Gerheim","twitter_card":"summary_large_image","twitter_misc":{"Escrito por":"Let\u00edcia Gerheim","Est. tempo de leitura":"2 minutos"},"schema":{"@context":"https:\/\/schema.org","@graph":[{"@type":"NewsArticle","@id":"https:\/\/www.gaveanews.com\/index.php\/2022\/05\/30\/elenco-do-flamengo-se-manifesta-a-favor-da-compra-de-andreas-pereira\/#article","isPartOf":{"@id":"https:\/\/www.gaveanews.com\/index.php\/2022\/05\/30\/elenco-do-flamengo-se-manifesta-a-favor-da-compra-de-andreas-pereira\/"},"author":{"name":"Let\u00edcia Gerheim","@id":"https:\/\/www.gaveanews.com\/#\/schema\/person\/714c67050b836198af2450ba1c142a67"},"headline":"Elenco do Flamengo se manifesta a favor da compra de Andreas Pereira","datePublished":"2022-05-30T18:02:44+00:00","dateModified":"2022-05-30T18:02:46+00:00","mainEntityOfPage":{"@id":"https:\/\/www.gaveanews.com\/index.php\/2022\/05\/30\/elenco-do-flamengo-se-manifesta-a-favor-da-compra-de-andreas-pereira\/"},"wordCount":316,"commentCount":0,"image":{"@id":"https:\/\/www.gaveanews.com\/index.php\/2022\/05\/30\/elenco-do-flamengo-se-manifesta-a-favor-da-compra-de-andreas-pereira\/#primaryimage"},"thumbnailUrl":"https:\/\/www.gaveanews.com\/wp-content\/uploads\/Jogadores-do-Flamengo-comemoram-gol-marcado-por-Andreas-no-classico-contra-o-Fluminense.webp","articleSection":["Flamengo"],"inLanguage":"pt-BR","potentialAction":[{"@type":"CommentAction","name":"Comment","target":["https:\/\/www.gaveanews.com\/index.php\/2022\/05\/30\/elenco-do-flamengo-se-manifesta-a-favor-da-compra-de-andreas-pereira\/#respond"]}],"copyrightYear":"2022","copyrightHolder":{"@id":"https:\/\/www.gaveanews.com\/#organization"}},{"@type":"WebPage","@id":"https:\/\/www.gaveanews.com\/index.php\/2022\/05\/30\/elenco-do-flamengo-se-manifesta-a-favor-da-compra-de-andreas-pereira\/","url":"https:\/\/www.gaveanews.com\/index.php\/2022\/05\/30\/elenco-do-flamengo-se-manifesta-a-favor-da-compra-de-andreas-pereira\/","name":"Elenco do Flamengo se manifesta a favor da compra de Andreas Pereira","isPartOf":{"@id":"https:\/\/www.gaveanews.com\/#website"},"primaryImageOfPage":{"@id":"https:\/\/www.gaveanews.com\/index.php\/2022\/05\/30\/elenco-do-flamengo-se-manifesta-a-favor-da-compra-de-andreas-pereira\/#primaryimage"},"image":{"@id":"https:\/\/www.gaveanews.com\/index.php\/2022\/05\/30\/elenco-do-flamengo-se-manifesta-a-favor-da-compra-de-andreas-pereira\/#primaryimage"},"thumbnailUrl":"https:\/\/www.gaveanews.com\/wp-content\/uploads\/Jogadores-do-Flamengo-comemoram-gol-marcado-por-Andreas-no-classico-contra-o-Fluminense.webp","datePublished":"2022-05-30T18:02:44+00:00","dateModified":"2022-05-30T18:02:46+00:00","author":{"@id":"https:\/\/www.gaveanews.com\/#\/schema\/person\/714c67050b836198af2450ba1c142a67"},"breadcrumb":{"@id":"https:\/\/www.gaveanews.com\/index.php\/2022\/05\/30\/elenco-do-flamengo-se-manifesta-a-favor-da-compra-de-andreas-pereira\/#breadcrumb"},"inLanguage":"pt-BR","potentialAction":[{"@type":"ReadAction","target":["https:\/\/www.gaveanews.com\/index.php\/2022\/05\/30\/elenco-do-flamengo-se-manifesta-a-favor-da-compra-de-andreas-pereira\/"]}]},{"@type":"ImageObject","inLanguage":"pt-BR","@id":"https:\/\/www.gaveanews.com\/index.php\/2022\/05\/30\/elenco-do-flamengo-se-manifesta-a-favor-da-compra-de-andreas-pereira\/#primaryimage","url":"https:\/\/www.gaveanews.com\/wp-content\/uploads\/Jogadores-do-Flamengo-comemoram-gol-marcado-por-Andreas-no-classico-contra-o-Fluminense.webp","contentUrl":"https:\/\/www.gaveanews.com\/wp-content\/uploads\/Jogadores-do-Flamengo-comemoram-gol-marcado-por-Andreas-no-classico-contra-o-Fluminense.webp","width":800,"height":533,"caption":"Jogadores do Flamengo comemoram gol marcado por Andreas no cl\u00e1ssico contra o Fluminense (Foto: Alexandre Vidal\/Flamengo)"},{"@type":"BreadcrumbList","@id":"https:\/\/www.gaveanews.com\/index.php\/2022\/05\/30\/elenco-do-flamengo-se-manifesta-a-favor-da-compra-de-andreas-pereira\/#breadcrumb","itemListElement":[{"@type":"ListItem","position":1,"name":"Home","item":"https:\/\/www.gaveanews.com\/"},{"@type":"ListItem","position":2,"name":"Elenco do Flamengo se manifesta a favor da compra de Andreas Pereira"}]},{"@type":"WebSite","@id":"https:\/\/www.gaveanews.com\/#website","url":"https:\/\/www.gaveanews.com\/","name":"G\u00e1vea News","description":"Veja todas as not\u00edcias sobre o Flamengo: Contrata\u00e7\u00f5es, categorias de base, resultados das partidas, tabela de classifica\u00e7\u00e3o, pr\u00f3ximos jogos!","potentialAction":[{"@type":"SearchAction","target":{"@type":"EntryPoint","urlTemplate":"https:\/\/www.gaveanews.com\/?s={search_term_string}"},"query-input":{"@type":"PropertyValueSpecification","valueRequired":true,"valueName":"search_term_string"}}],"inLanguage":"pt-BR"},{"@type":"Person","@id":"https:\/\/www.gaveanews.com\/#\/schema\/person\/714c67050b836198af2450ba1c142a67","name":"Let\u00edcia Gerheim","image":{"@type":"ImageObject","inLanguage":"pt-BR","@id":"https:\/\/www.gaveanews.com\/#\/schema\/person\/image\/","url":"https:\/\/secure.gravatar.com\/avatar\/60734739c50fcebfbac509e2a826ccd0ff405c019bc73aab9354f19ecad1dcb4?s=96&d=mm&r=g","contentUrl":"https:\/\/secure.gravatar.com\/avatar\/60734739c50fcebfbac509e2a826ccd0ff405c019bc73aab9354f19ecad1dcb4?s=96&d=mm&r=g","caption":"Let\u00edcia Gerheim"}}]}},"_links":{"self":[{"href":"https:\/\/www.gaveanews.com\/index.php\/wp-json\/wp\/v2\/posts\/82311","targetHints":{"allow":["GET"]}}],"collection":[{"href":"https:\/\/www.gaveanews.com\/index.php\/wp-json\/wp\/v2\/posts"}],"about":[{"href":"https:\/\/www.gaveanews.com\/index.php\/wp-json\/wp\/v2\/types\/post"}],"author":[{"embeddable":true,"href":"https:\/\/www.gaveanews.com\/index.php\/wp-json\/wp\/v2\/users\/4"}],"replies":[{"embeddable":true,"href":"https:\/\/www.gaveanews.com\/index.php\/wp-json\/wp\/v2\/comments?post=82311"}],"version-history":[{"count":0,"href":"https:\/\/www.gaveanews.com\/index.php\/wp-json\/wp\/v2\/posts\/82311\/revisions"}],"wp:featuredmedia":[{"embeddable":true,"href":"https:\/\/www.gaveanews.com\/index.php\/wp-json\/wp\/v2\/media\/82299"}],"wp:attachment":[{"href":"https:\/\/www.gaveanews.com\/index.php\/wp-json\/wp\/v2\/media?parent=82311"}],"wp:term":[{"taxonomy":"category","embeddable":true,"href":"https:\/\/www.gaveanews.com\/index.php\/wp-json\/wp\/v2\/categories?post=82311"},{"taxonomy":"post_tag","embeddable":true,"href":"https:\/\/www.gaveanews.com\/index.php\/wp-json\/wp\/v2\/tags?post=82311"}],"curies":[{"name":"wp","href":"https:\/\/api.w.org\/{rel}","templated":true}]}}