{"id":82316,"date":"2022-05-30T18:01:08","date_gmt":"2022-05-30T21:01:08","guid":{"rendered":"https:\/\/www.gaveanews.com\/?p=82316"},"modified":"2022-05-30T18:01:11","modified_gmt":"2022-05-30T21:01:11","slug":"reviravolta-desejado-pelo-flamengo-arturo-vidal-recebera-proposta-com-salario-astronomico","status":"publish","type":"post","link":"https:\/\/www.gaveanews.com\/index.php\/2022\/05\/30\/reviravolta-desejado-pelo-flamengo-arturo-vidal-recebera-proposta-com-salario-astronomico\/","title":{"rendered":"Reviravolta? Desejado pelo Flamengo, Arturo Vidal receber\u00e1 proposta com sal\u00e1rio astron\u00f4mico"},"content":{"rendered":"\n<p>O futebol se aproxima de mais uma janela de transfer\u00eancias. O Flamengo, ap\u00f3s n\u00e3o ser muito expressivo em contrata\u00e7\u00f5es no mercado anteriormente, se prepara para realizar novas contrata\u00e7\u00f5es.<\/p>\n\n\n\n<p>Um dos nomes especulados no clube \u00e9 Arturo Vidal. O volante de 35 anos j\u00e1 demonstrou exaustivamente seu desejo em um dia atuar pelo Flamengo. Apesar disso, ainda n\u00e3o h\u00e1 conversas encaminhadas entre o Rubro-Negro e o atleta pela contrata\u00e7\u00e3o.<\/p>\n\n\n\n<p>Avaliando positivamente o jogador, o Al Rayyan pode surgir como interessado no chileno. Segundo o jornal <em>&#8220;La Tercera&#8221;<\/em>, o time de James Rodr\u00edguez est\u00e1 \u00e0 procura de mais uma estrela para seu elenco.<\/p>\n\n\n\n<p>Para contratar Vidal, o clube do Catar estaria disposto a gastar uma grana. A proje\u00e7\u00e3o para o investimento desejado pelo Al Rayyan \u00e9 de cerca de&nbsp;6 milh\u00f5es de d\u00f3lares (R$ 28.2 milh\u00f5es) por ano com o refor\u00e7o contratado.<\/p>\n\n\n\n<p>\u201c<em>Nos \u00faltimos dias, a&nbsp;op\u00e7\u00e3o de ver Vidal no Catar ganhou mais for\u00e7a.&nbsp;O Al Rayyan, um dos times mais populares no local da Copa do Mundo, tem o meio-campista chileno na mira para refor\u00e7ar seu elenco milion\u00e1rio\u201d<\/em>, afirmou o di\u00e1rio.<\/p>\n\n\n\n<p>Ainda sem futuro definido, Vidal segue flertando com o Flamengo. Atualmente, o jogador curte f\u00e9rias com sua fam\u00edlia na Espanha. O jogador terminou a temporada 2021\/2022 europeia como vice-campe\u00e3o italiano com a Inter de Mil\u00e3o.<\/p>\n","protected":false},"excerpt":{"rendered":"<p>O futebol se aproxima de mais uma janela de transfer\u00eancias. O Flamengo, ap\u00f3s n\u00e3o ser muito expressivo em contrata\u00e7\u00f5es no mercado anteriormente, se prepara para realizar novas contrata\u00e7\u00f5es. Um dos nomes especulados no clube \u00e9 Arturo Vidal. O volante de 35 anos j\u00e1 demonstrou exaustivamente seu desejo em um dia atuar pelo Flamengo. Apesar disso, [&hellip;]<\/p>\n","protected":false},"author":4,"featured_media":72334,"comment_status":"open","ping_status":"closed","sticky":false,"template":"","format":"standard","meta":{"footnotes":""},"categories":[48],"tags":[],"class_list":["post-82316","post","type-post","status-publish","format-standard","has-post-thumbnail","hentry","category-negociacoes"],"yoast_head":"<!-- This site is optimized with the Yoast SEO Premium plugin v24.2 (Yoast SEO v26.9) - https:\/\/yoast.com\/product\/yoast-seo-premium-wordpress\/ -->\n<title>Reviravolta? Desejado pelo Flamengo, Arturo Vidal receber\u00e1 proposta com sal\u00e1rio astron\u00f4mico<\/title>\n<meta name=\"robots\" content=\"index, follow, max-snippet:-1, max-image-preview:large, max-video-preview:-1\" \/>\n<link rel=\"canonical\" href=\"https:\/\/www.gaveanews.com\/index.php\/2022\/05\/30\/reviravolta-desejado-pelo-flamengo-arturo-vidal-recebera-proposta-com-salario-astronomico\/\" \/>\n<meta property=\"og:locale\" content=\"pt_BR\" \/>\n<meta property=\"og:type\" content=\"article\" \/>\n<meta property=\"og:title\" content=\"Reviravolta? Desejado pelo Flamengo, Arturo Vidal receber\u00e1 proposta com sal\u00e1rio astron\u00f4mico\" \/>\n<meta property=\"og:description\" content=\"O futebol se aproxima de mais uma janela de transfer\u00eancias. O Flamengo, ap\u00f3s n\u00e3o ser muito expressivo em contrata\u00e7\u00f5es no mercado anteriormente, se prepara para realizar novas contrata\u00e7\u00f5es. Um dos nomes especulados no clube \u00e9 Arturo Vidal. O volante de 35 anos j\u00e1 demonstrou exaustivamente seu desejo em um dia atuar pelo Flamengo. Apesar disso, [&hellip;]\" \/>\n<meta property=\"og:url\" content=\"https:\/\/www.gaveanews.com\/index.php\/2022\/05\/30\/reviravolta-desejado-pelo-flamengo-arturo-vidal-recebera-proposta-com-salario-astronomico\/\" \/>\n<meta property=\"og:site_name\" content=\"G\u00e1vea News\" \/>\n<meta property=\"article:publisher\" content=\"https:\/\/facebook.com\/gaveaNews\/\" \/>\n<meta property=\"article:published_time\" content=\"2022-05-30T21:01:08+00:00\" \/>\n<meta property=\"article:modified_time\" content=\"2022-05-30T21:01:11+00:00\" \/>\n<meta property=\"og:image\" content=\"https:\/\/www.gaveanews.com\/wp-content\/uploads\/Arturo-Vidal-em-acao-pela-Inter-de-Milao.webp\" \/>\n\t<meta property=\"og:image:width\" content=\"504\" \/>\n\t<meta property=\"og:image:height\" content=\"334\" \/>\n\t<meta property=\"og:image:type\" content=\"image\/jpeg\" \/>\n<meta name=\"author\" content=\"Let\u00edcia Gerheim\" \/>\n<meta name=\"twitter:card\" content=\"summary_large_image\" \/>\n<meta name=\"twitter:label1\" content=\"Escrito por\" \/>\n\t<meta name=\"twitter:data1\" content=\"Let\u00edcia Gerheim\" \/>\n\t<meta name=\"twitter:label2\" content=\"Est. tempo de leitura\" \/>\n\t<meta name=\"twitter:data2\" content=\"2 minutos\" \/>\n<script type=\"application\/ld+json\" class=\"yoast-schema-graph\">{\"@context\":\"https:\/\/schema.org\",\"@graph\":[{\"@type\":\"NewsArticle\",\"@id\":\"https:\/\/www.gaveanews.com\/index.php\/2022\/05\/30\/reviravolta-desejado-pelo-flamengo-arturo-vidal-recebera-proposta-com-salario-astronomico\/#article\",\"isPartOf\":{\"@id\":\"https:\/\/www.gaveanews.com\/index.php\/2022\/05\/30\/reviravolta-desejado-pelo-flamengo-arturo-vidal-recebera-proposta-com-salario-astronomico\/\"},\"author\":{\"name\":\"Let\u00edcia Gerheim\",\"@id\":\"https:\/\/www.gaveanews.com\/#\/schema\/person\/714c67050b836198af2450ba1c142a67\"},\"headline\":\"Reviravolta? Desejado pelo Flamengo, Arturo Vidal receber\u00e1 proposta com sal\u00e1rio astron\u00f4mico\",\"datePublished\":\"2022-05-30T21:01:08+00:00\",\"dateModified\":\"2022-05-30T21:01:11+00:00\",\"mainEntityOfPage\":{\"@id\":\"https:\/\/www.gaveanews.com\/index.php\/2022\/05\/30\/reviravolta-desejado-pelo-flamengo-arturo-vidal-recebera-proposta-com-salario-astronomico\/\"},\"wordCount\":247,\"commentCount\":0,\"image\":{\"@id\":\"https:\/\/www.gaveanews.com\/index.php\/2022\/05\/30\/reviravolta-desejado-pelo-flamengo-arturo-vidal-recebera-proposta-com-salario-astronomico\/#primaryimage\"},\"thumbnailUrl\":\"https:\/\/www.gaveanews.com\/wp-content\/uploads\/Arturo-Vidal-em-acao-pela-Inter-de-Milao.webp\",\"articleSection\":[\"Negocia\u00e7\u00f5es\"],\"inLanguage\":\"pt-BR\",\"potentialAction\":[{\"@type\":\"CommentAction\",\"name\":\"Comment\",\"target\":[\"https:\/\/www.gaveanews.com\/index.php\/2022\/05\/30\/reviravolta-desejado-pelo-flamengo-arturo-vidal-recebera-proposta-com-salario-astronomico\/#respond\"]}],\"copyrightYear\":\"2022\",\"copyrightHolder\":{\"@id\":\"https:\/\/www.gaveanews.com\/#organization\"}},{\"@type\":\"WebPage\",\"@id\":\"https:\/\/www.gaveanews.com\/index.php\/2022\/05\/30\/reviravolta-desejado-pelo-flamengo-arturo-vidal-recebera-proposta-com-salario-astronomico\/\",\"url\":\"https:\/\/www.gaveanews.com\/index.php\/2022\/05\/30\/reviravolta-desejado-pelo-flamengo-arturo-vidal-recebera-proposta-com-salario-astronomico\/\",\"name\":\"Reviravolta? Desejado pelo Flamengo, Arturo Vidal receber\u00e1 proposta com sal\u00e1rio astron\u00f4mico\",\"isPartOf\":{\"@id\":\"https:\/\/www.gaveanews.com\/#website\"},\"primaryImageOfPage\":{\"@id\":\"https:\/\/www.gaveanews.com\/index.php\/2022\/05\/30\/reviravolta-desejado-pelo-flamengo-arturo-vidal-recebera-proposta-com-salario-astronomico\/#primaryimage\"},\"image\":{\"@id\":\"https:\/\/www.gaveanews.com\/index.php\/2022\/05\/30\/reviravolta-desejado-pelo-flamengo-arturo-vidal-recebera-proposta-com-salario-astronomico\/#primaryimage\"},\"thumbnailUrl\":\"https:\/\/www.gaveanews.com\/wp-content\/uploads\/Arturo-Vidal-em-acao-pela-Inter-de-Milao.webp\",\"datePublished\":\"2022-05-30T21:01:08+00:00\",\"dateModified\":\"2022-05-30T21:01:11+00:00\",\"author\":{\"@id\":\"https:\/\/www.gaveanews.com\/#\/schema\/person\/714c67050b836198af2450ba1c142a67\"},\"breadcrumb\":{\"@id\":\"https:\/\/www.gaveanews.com\/index.php\/2022\/05\/30\/reviravolta-desejado-pelo-flamengo-arturo-vidal-recebera-proposta-com-salario-astronomico\/#breadcrumb\"},\"inLanguage\":\"pt-BR\",\"potentialAction\":[{\"@type\":\"ReadAction\",\"target\":[\"https:\/\/www.gaveanews.com\/index.php\/2022\/05\/30\/reviravolta-desejado-pelo-flamengo-arturo-vidal-recebera-proposta-com-salario-astronomico\/\"]}]},{\"@type\":\"ImageObject\",\"inLanguage\":\"pt-BR\",\"@id\":\"https:\/\/www.gaveanews.com\/index.php\/2022\/05\/30\/reviravolta-desejado-pelo-flamengo-arturo-vidal-recebera-proposta-com-salario-astronomico\/#primaryimage\",\"url\":\"https:\/\/www.gaveanews.com\/wp-content\/uploads\/Arturo-Vidal-em-acao-pela-Inter-de-Milao.webp\",\"contentUrl\":\"https:\/\/www.gaveanews.com\/wp-content\/uploads\/Arturo-Vidal-em-acao-pela-Inter-de-Milao.webp\",\"width\":504,\"height\":334,\"caption\":\"Arturo Vidal em a\u00e7\u00e3o pela Inter de Mil\u00e3o (Foto: Reprodu\u00e7\u00e3o\/Instagram\/@ArturoVidal)\"},{\"@type\":\"BreadcrumbList\",\"@id\":\"https:\/\/www.gaveanews.com\/index.php\/2022\/05\/30\/reviravolta-desejado-pelo-flamengo-arturo-vidal-recebera-proposta-com-salario-astronomico\/#breadcrumb\",\"itemListElement\":[{\"@type\":\"ListItem\",\"position\":1,\"name\":\"Home\",\"item\":\"https:\/\/www.gaveanews.com\/\"},{\"@type\":\"ListItem\",\"position\":2,\"name\":\"Reviravolta? Desejado pelo Flamengo, Arturo Vidal receber\u00e1 proposta com sal\u00e1rio astron\u00f4mico\"}]},{\"@type\":\"WebSite\",\"@id\":\"https:\/\/www.gaveanews.com\/#website\",\"url\":\"https:\/\/www.gaveanews.com\/\",\"name\":\"G\u00e1vea News\",\"description\":\"Veja todas as not\u00edcias sobre o Flamengo: Contrata\u00e7\u00f5es, categorias de base, resultados das partidas, tabela de classifica\u00e7\u00e3o, pr\u00f3ximos jogos!\",\"potentialAction\":[{\"@type\":\"SearchAction\",\"target\":{\"@type\":\"EntryPoint\",\"urlTemplate\":\"https:\/\/www.gaveanews.com\/?s={search_term_string}\"},\"query-input\":{\"@type\":\"PropertyValueSpecification\",\"valueRequired\":true,\"valueName\":\"search_term_string\"}}],\"inLanguage\":\"pt-BR\"},{\"@type\":\"Person\",\"@id\":\"https:\/\/www.gaveanews.com\/#\/schema\/person\/714c67050b836198af2450ba1c142a67\",\"name\":\"Let\u00edcia Gerheim\",\"image\":{\"@type\":\"ImageObject\",\"inLanguage\":\"pt-BR\",\"@id\":\"https:\/\/www.gaveanews.com\/#\/schema\/person\/image\/\",\"url\":\"https:\/\/secure.gravatar.com\/avatar\/60734739c50fcebfbac509e2a826ccd0ff405c019bc73aab9354f19ecad1dcb4?s=96&d=mm&r=g\",\"contentUrl\":\"https:\/\/secure.gravatar.com\/avatar\/60734739c50fcebfbac509e2a826ccd0ff405c019bc73aab9354f19ecad1dcb4?s=96&d=mm&r=g\",\"caption\":\"Let\u00edcia Gerheim\"}}]}<\/script>\n<!-- \/ Yoast SEO Premium plugin. -->","yoast_head_json":{"title":"Reviravolta? Desejado pelo Flamengo, Arturo Vidal receber\u00e1 proposta com sal\u00e1rio astron\u00f4mico","robots":{"index":"index","follow":"follow","max-snippet":"max-snippet:-1","max-image-preview":"max-image-preview:large","max-video-preview":"max-video-preview:-1"},"canonical":"https:\/\/www.gaveanews.com\/index.php\/2022\/05\/30\/reviravolta-desejado-pelo-flamengo-arturo-vidal-recebera-proposta-com-salario-astronomico\/","og_locale":"pt_BR","og_type":"article","og_title":"Reviravolta? Desejado pelo Flamengo, Arturo Vidal receber\u00e1 proposta com sal\u00e1rio astron\u00f4mico","og_description":"O futebol se aproxima de mais uma janela de transfer\u00eancias. O Flamengo, ap\u00f3s n\u00e3o ser muito expressivo em contrata\u00e7\u00f5es no mercado anteriormente, se prepara para realizar novas contrata\u00e7\u00f5es. Um dos nomes especulados no clube \u00e9 Arturo Vidal. O volante de 35 anos j\u00e1 demonstrou exaustivamente seu desejo em um dia atuar pelo Flamengo. Apesar disso, [&hellip;]","og_url":"https:\/\/www.gaveanews.com\/index.php\/2022\/05\/30\/reviravolta-desejado-pelo-flamengo-arturo-vidal-recebera-proposta-com-salario-astronomico\/","og_site_name":"G\u00e1vea News","article_publisher":"https:\/\/facebook.com\/gaveaNews\/","article_published_time":"2022-05-30T21:01:08+00:00","article_modified_time":"2022-05-30T21:01:11+00:00","og_image":[{"width":504,"height":334,"url":"https:\/\/www.gaveanews.com\/wp-content\/uploads\/Arturo-Vidal-em-acao-pela-Inter-de-Milao.webp","type":"image\/jpeg"}],"author":"Let\u00edcia Gerheim","twitter_card":"summary_large_image","twitter_misc":{"Escrito por":"Let\u00edcia Gerheim","Est. tempo de leitura":"2 minutos"},"schema":{"@context":"https:\/\/schema.org","@graph":[{"@type":"NewsArticle","@id":"https:\/\/www.gaveanews.com\/index.php\/2022\/05\/30\/reviravolta-desejado-pelo-flamengo-arturo-vidal-recebera-proposta-com-salario-astronomico\/#article","isPartOf":{"@id":"https:\/\/www.gaveanews.com\/index.php\/2022\/05\/30\/reviravolta-desejado-pelo-flamengo-arturo-vidal-recebera-proposta-com-salario-astronomico\/"},"author":{"name":"Let\u00edcia Gerheim","@id":"https:\/\/www.gaveanews.com\/#\/schema\/person\/714c67050b836198af2450ba1c142a67"},"headline":"Reviravolta? Desejado pelo Flamengo, Arturo Vidal receber\u00e1 proposta com sal\u00e1rio astron\u00f4mico","datePublished":"2022-05-30T21:01:08+00:00","dateModified":"2022-05-30T21:01:11+00:00","mainEntityOfPage":{"@id":"https:\/\/www.gaveanews.com\/index.php\/2022\/05\/30\/reviravolta-desejado-pelo-flamengo-arturo-vidal-recebera-proposta-com-salario-astronomico\/"},"wordCount":247,"commentCount":0,"image":{"@id":"https:\/\/www.gaveanews.com\/index.php\/2022\/05\/30\/reviravolta-desejado-pelo-flamengo-arturo-vidal-recebera-proposta-com-salario-astronomico\/#primaryimage"},"thumbnailUrl":"https:\/\/www.gaveanews.com\/wp-content\/uploads\/Arturo-Vidal-em-acao-pela-Inter-de-Milao.webp","articleSection":["Negocia\u00e7\u00f5es"],"inLanguage":"pt-BR","potentialAction":[{"@type":"CommentAction","name":"Comment","target":["https:\/\/www.gaveanews.com\/index.php\/2022\/05\/30\/reviravolta-desejado-pelo-flamengo-arturo-vidal-recebera-proposta-com-salario-astronomico\/#respond"]}],"copyrightYear":"2022","copyrightHolder":{"@id":"https:\/\/www.gaveanews.com\/#organization"}},{"@type":"WebPage","@id":"https:\/\/www.gaveanews.com\/index.php\/2022\/05\/30\/reviravolta-desejado-pelo-flamengo-arturo-vidal-recebera-proposta-com-salario-astronomico\/","url":"https:\/\/www.gaveanews.com\/index.php\/2022\/05\/30\/reviravolta-desejado-pelo-flamengo-arturo-vidal-recebera-proposta-com-salario-astronomico\/","name":"Reviravolta? Desejado pelo Flamengo, Arturo Vidal receber\u00e1 proposta com sal\u00e1rio astron\u00f4mico","isPartOf":{"@id":"https:\/\/www.gaveanews.com\/#website"},"primaryImageOfPage":{"@id":"https:\/\/www.gaveanews.com\/index.php\/2022\/05\/30\/reviravolta-desejado-pelo-flamengo-arturo-vidal-recebera-proposta-com-salario-astronomico\/#primaryimage"},"image":{"@id":"https:\/\/www.gaveanews.com\/index.php\/2022\/05\/30\/reviravolta-desejado-pelo-flamengo-arturo-vidal-recebera-proposta-com-salario-astronomico\/#primaryimage"},"thumbnailUrl":"https:\/\/www.gaveanews.com\/wp-content\/uploads\/Arturo-Vidal-em-acao-pela-Inter-de-Milao.webp","datePublished":"2022-05-30T21:01:08+00:00","dateModified":"2022-05-30T21:01:11+00:00","author":{"@id":"https:\/\/www.gaveanews.com\/#\/schema\/person\/714c67050b836198af2450ba1c142a67"},"breadcrumb":{"@id":"https:\/\/www.gaveanews.com\/index.php\/2022\/05\/30\/reviravolta-desejado-pelo-flamengo-arturo-vidal-recebera-proposta-com-salario-astronomico\/#breadcrumb"},"inLanguage":"pt-BR","potentialAction":[{"@type":"ReadAction","target":["https:\/\/www.gaveanews.com\/index.php\/2022\/05\/30\/reviravolta-desejado-pelo-flamengo-arturo-vidal-recebera-proposta-com-salario-astronomico\/"]}]},{"@type":"ImageObject","inLanguage":"pt-BR","@id":"https:\/\/www.gaveanews.com\/index.php\/2022\/05\/30\/reviravolta-desejado-pelo-flamengo-arturo-vidal-recebera-proposta-com-salario-astronomico\/#primaryimage","url":"https:\/\/www.gaveanews.com\/wp-content\/uploads\/Arturo-Vidal-em-acao-pela-Inter-de-Milao.webp","contentUrl":"https:\/\/www.gaveanews.com\/wp-content\/uploads\/Arturo-Vidal-em-acao-pela-Inter-de-Milao.webp","width":504,"height":334,"caption":"Arturo Vidal em a\u00e7\u00e3o pela Inter de Mil\u00e3o (Foto: Reprodu\u00e7\u00e3o\/Instagram\/@ArturoVidal)"},{"@type":"BreadcrumbList","@id":"https:\/\/www.gaveanews.com\/index.php\/2022\/05\/30\/reviravolta-desejado-pelo-flamengo-arturo-vidal-recebera-proposta-com-salario-astronomico\/#breadcrumb","itemListElement":[{"@type":"ListItem","position":1,"name":"Home","item":"https:\/\/www.gaveanews.com\/"},{"@type":"ListItem","position":2,"name":"Reviravolta? Desejado pelo Flamengo, Arturo Vidal receber\u00e1 proposta com sal\u00e1rio astron\u00f4mico"}]},{"@type":"WebSite","@id":"https:\/\/www.gaveanews.com\/#website","url":"https:\/\/www.gaveanews.com\/","name":"G\u00e1vea News","description":"Veja todas as not\u00edcias sobre o Flamengo: Contrata\u00e7\u00f5es, categorias de base, resultados das partidas, tabela de classifica\u00e7\u00e3o, pr\u00f3ximos jogos!","potentialAction":[{"@type":"SearchAction","target":{"@type":"EntryPoint","urlTemplate":"https:\/\/www.gaveanews.com\/?s={search_term_string}"},"query-input":{"@type":"PropertyValueSpecification","valueRequired":true,"valueName":"search_term_string"}}],"inLanguage":"pt-BR"},{"@type":"Person","@id":"https:\/\/www.gaveanews.com\/#\/schema\/person\/714c67050b836198af2450ba1c142a67","name":"Let\u00edcia Gerheim","image":{"@type":"ImageObject","inLanguage":"pt-BR","@id":"https:\/\/www.gaveanews.com\/#\/schema\/person\/image\/","url":"https:\/\/secure.gravatar.com\/avatar\/60734739c50fcebfbac509e2a826ccd0ff405c019bc73aab9354f19ecad1dcb4?s=96&d=mm&r=g","contentUrl":"https:\/\/secure.gravatar.com\/avatar\/60734739c50fcebfbac509e2a826ccd0ff405c019bc73aab9354f19ecad1dcb4?s=96&d=mm&r=g","caption":"Let\u00edcia Gerheim"}}]}},"_links":{"self":[{"href":"https:\/\/www.gaveanews.com\/index.php\/wp-json\/wp\/v2\/posts\/82316","targetHints":{"allow":["GET"]}}],"collection":[{"href":"https:\/\/www.gaveanews.com\/index.php\/wp-json\/wp\/v2\/posts"}],"about":[{"href":"https:\/\/www.gaveanews.com\/index.php\/wp-json\/wp\/v2\/types\/post"}],"author":[{"embeddable":true,"href":"https:\/\/www.gaveanews.com\/index.php\/wp-json\/wp\/v2\/users\/4"}],"replies":[{"embeddable":true,"href":"https:\/\/www.gaveanews.com\/index.php\/wp-json\/wp\/v2\/comments?post=82316"}],"version-history":[{"count":0,"href":"https:\/\/www.gaveanews.com\/index.php\/wp-json\/wp\/v2\/posts\/82316\/revisions"}],"wp:featuredmedia":[{"embeddable":true,"href":"https:\/\/www.gaveanews.com\/index.php\/wp-json\/wp\/v2\/media\/72334"}],"wp:attachment":[{"href":"https:\/\/www.gaveanews.com\/index.php\/wp-json\/wp\/v2\/media?parent=82316"}],"wp:term":[{"taxonomy":"category","embeddable":true,"href":"https:\/\/www.gaveanews.com\/index.php\/wp-json\/wp\/v2\/categories?post=82316"},{"taxonomy":"post_tag","embeddable":true,"href":"https:\/\/www.gaveanews.com\/index.php\/wp-json\/wp\/v2\/tags?post=82316"}],"curies":[{"name":"wp","href":"https:\/\/api.w.org\/{rel}","templated":true}]}}