{"id":82347,"date":"2022-05-30T21:19:49","date_gmt":"2022-05-31T00:19:49","guid":{"rendered":"https:\/\/www.gaveanews.com\/?p=82347"},"modified":"2022-05-30T21:19:51","modified_gmt":"2022-05-31T00:19:51","slug":"emprestado-pelo-manchester-ao-flamengo-empresario-de-andreas-pereira-crava-futuro-do-meia","status":"publish","type":"post","link":"https:\/\/www.gaveanews.com\/index.php\/2022\/05\/30\/emprestado-pelo-manchester-ao-flamengo-empresario-de-andreas-pereira-crava-futuro-do-meia\/","title":{"rendered":"Emprestado pelo Manchester ao Flamengo, empres\u00e1rio de Andreas Pereira crava futuro do meia"},"content":{"rendered":"\n<p>Perseguido pela falha na Libertadores, Andreas Pereira, que j\u00e1 falhou em 2022, foi escalado em um duelo extremamente importante para o Flamengo. Apesar disso, o camisa 18 ignorou a press\u00e3o e brilhou na vit\u00f3ria por 2 a 1 sobre o Fluminense, pelo Brasileir\u00e3o, deixando sua marca e fornecendo assist\u00eancia para Gabigol balan\u00e7ar as redes. Sendo assim, em coletiva, Paulo Sousa pediu que o meia fosse comprado pela diretoria.<\/p>\n\n\n\n<p><em>\u2014 De todos aqueles que n\u00f3s temos, gostaria que tivesse essa continuidade que j\u00e1 deixei expressa (renova\u00e7\u00e3o de contrato). Claro que n\u00e3o depende s\u00f3 de n\u00f3s, depende do jogador, do clube. No jogo contra a Cat\u00f3lica, o Andreas faz um jogo extraordin\u00e1rio e hoje foi determinante como o Hugo. O que tamb\u00e9m vem sendo determinante \u00e9 a capacidade da equipe procurar ser feliz. Temos trabalhado por isso e com a sinergia de hoje conseguimos ser felizes. Se conseguirmos manter, vamos estar muito mais pr\u00f3ximos de ganhar t\u00edtulos importantes<\/em>, afirmou o t\u00e9cnico.<\/p>\n\n\n\n<p>Apesar do desejo de Paulo Sousa, a perman\u00eancia de Andreas Pereira no Flamengo n\u00e3o deve acontecer. Em contato com o jornalista Ven\u00ea Casagrande, Giuliano Bertolucci, empres\u00e1rio do atleta, cravou que o destino, na segunda metade do ano, ser\u00e1 o futebol europeu, j\u00e1 que o belga tem v\u00ednculo com o Manchester United.<\/p>\n\n\n\n<p>\u2014 <em>J\u00e1 era. Vai para Europa<\/em>, afirmou o agente.<\/p>\n\n\n\n<p>Al\u00e9m disso, o jornalista ouviu a vers\u00e3o do Flamengo. Consultando um dirigente que teve o nome mantido em sigilo, a avalia\u00e7\u00e3o do clube carioca \u00e9 que a compra, estabelecida em 10.5 milh\u00f5es de euros, n\u00e3o ser\u00e1 exercida pelo Flamengo.<\/p>\n\n\n\n<p><em>\u2014 Deve voltar sim. Dificilmente v\u00e3o emprestar por estar perto do fim do contrato, e a compra \u00e9 bastante improv\u00e1vel<\/em>, confidenciou o dirigente.<\/p>\n\n\n\n<h2 class=\"wp-block-heading\" id=\"h-valor-de-andreas-pereira\">Valor de Andreas Pereira<\/h2>\n\n\n\n<p>Em sua primeira entrevista ap\u00f3s a falha na final da Libertadores, Andreas Pereira manifestou o desejo de ficar no Flamengo. Neste contexto, ele respondeu se o pre\u00e7o acertado entre o Rubro-Negro e o Manchester United era caro.<\/p>\n\n\n\n<p><em>\u2014 Tenho contrato at\u00e9 junho e sempre vou fazer o meu melhor para o Flamengo. Estou focado e positivo para o que vier. S\u00f3 quero agradecer a torcida, os companheiros, e tudo que est\u00e3o fazendo por mim e fizeram. Realmente, foi dif\u00edcil, muito dif\u00edcil depois da final, mas \u00e9 algo que eu dentro de mim j\u00e1 superei. J\u00e1 coloquei para tr\u00e1s e estou olhando para frente mais tranquilo. Tenho certeza que tenho qualidade suficiente para reverter essa situa\u00e7\u00e3o.. N\u00e3o fico prestando muita aten\u00e7\u00e3o nessas coisas, mas todo mundo sabe que eu priorizei o Flamengo. Todos no clube sabem disso. \u00c9 dif\u00edcil eu falar sobre meu pr\u00f3prio valor, mas um jogador do Manchester United por 10 milh\u00f5es de euros\u2026 \u00c9 para ficar mais barato? Estou fazendo o meu esfor\u00e7o, mas n\u00e3o posso opinar se \u00e9 muito caro ou barato. \u00c0s vezes, o jogador quando \u00e9 muito barato eles pensam: \u201cHum, alguma coisa n\u00e3o est\u00e1 certa\u201d. Ent\u00e3o, jogador caro \u00e9 bom<\/em>, relatou ao GE.<\/p>\n\n\n\n<p>Retirado de: Torcedores<\/p>\n","protected":false},"excerpt":{"rendered":"<p>Perseguido pela falha na Libertadores, Andreas Pereira, que j\u00e1 falhou em 2022, foi escalado em um duelo extremamente importante para o Flamengo. Apesar disso, o camisa 18 ignorou a press\u00e3o e brilhou na vit\u00f3ria por 2 a 1 sobre o Fluminense, pelo Brasileir\u00e3o, deixando sua marca e fornecendo assist\u00eancia para Gabigol balan\u00e7ar as redes. Sendo [&hellip;]<\/p>\n","protected":false},"author":1,"featured_media":82324,"comment_status":"open","ping_status":"closed","sticky":false,"template":"","format":"standard","meta":{"footnotes":""},"categories":[48],"tags":[],"class_list":["post-82347","post","type-post","status-publish","format-standard","has-post-thumbnail","hentry","category-negociacoes"],"yoast_head":"<!-- This site is optimized with the Yoast SEO Premium plugin v24.2 (Yoast SEO v26.9) - https:\/\/yoast.com\/product\/yoast-seo-premium-wordpress\/ -->\n<title>Emprestado pelo Manchester ao Flamengo, empres\u00e1rio de Andreas Pereira crava futuro do meia<\/title>\n<meta name=\"robots\" content=\"index, follow, max-snippet:-1, max-image-preview:large, max-video-preview:-1\" \/>\n<link rel=\"canonical\" href=\"https:\/\/www.gaveanews.com\/index.php\/2022\/05\/30\/emprestado-pelo-manchester-ao-flamengo-empresario-de-andreas-pereira-crava-futuro-do-meia\/\" \/>\n<meta property=\"og:locale\" content=\"pt_BR\" \/>\n<meta property=\"og:type\" content=\"article\" \/>\n<meta property=\"og:title\" content=\"Emprestado pelo Manchester ao Flamengo, empres\u00e1rio de Andreas Pereira crava futuro do meia\" \/>\n<meta property=\"og:description\" content=\"Perseguido pela falha na Libertadores, Andreas Pereira, que j\u00e1 falhou em 2022, foi escalado em um duelo extremamente importante para o Flamengo. Apesar disso, o camisa 18 ignorou a press\u00e3o e brilhou na vit\u00f3ria por 2 a 1 sobre o Fluminense, pelo Brasileir\u00e3o, deixando sua marca e fornecendo assist\u00eancia para Gabigol balan\u00e7ar as redes. Sendo [&hellip;]\" \/>\n<meta property=\"og:url\" content=\"https:\/\/www.gaveanews.com\/index.php\/2022\/05\/30\/emprestado-pelo-manchester-ao-flamengo-empresario-de-andreas-pereira-crava-futuro-do-meia\/\" \/>\n<meta property=\"og:site_name\" content=\"G\u00e1vea News\" \/>\n<meta property=\"article:publisher\" content=\"https:\/\/facebook.com\/gaveaNews\/\" \/>\n<meta property=\"article:published_time\" content=\"2022-05-31T00:19:49+00:00\" \/>\n<meta property=\"article:modified_time\" content=\"2022-05-31T00:19:51+00:00\" \/>\n<meta property=\"og:image\" content=\"https:\/\/www.gaveanews.com\/wp-content\/uploads\/Andreas-em-jogo-do-Flamengo-contra-o-Fluminense-pelo-Campeonato-Brasileiro.webp\" \/>\n\t<meta property=\"og:image:width\" content=\"799\" \/>\n\t<meta property=\"og:image:height\" content=\"533\" \/>\n\t<meta property=\"og:image:type\" content=\"image\/jpeg\" \/>\n<meta name=\"author\" content=\"Equipe G\u00e1vea News\" \/>\n<meta name=\"twitter:card\" content=\"summary_large_image\" \/>\n<meta name=\"twitter:label1\" content=\"Escrito por\" \/>\n\t<meta name=\"twitter:data1\" content=\"Equipe G\u00e1vea News\" \/>\n\t<meta name=\"twitter:label2\" content=\"Est. tempo de leitura\" \/>\n\t<meta name=\"twitter:data2\" content=\"3 minutos\" \/>\n<script type=\"application\/ld+json\" class=\"yoast-schema-graph\">{\"@context\":\"https:\/\/schema.org\",\"@graph\":[{\"@type\":\"NewsArticle\",\"@id\":\"https:\/\/www.gaveanews.com\/index.php\/2022\/05\/30\/emprestado-pelo-manchester-ao-flamengo-empresario-de-andreas-pereira-crava-futuro-do-meia\/#article\",\"isPartOf\":{\"@id\":\"https:\/\/www.gaveanews.com\/index.php\/2022\/05\/30\/emprestado-pelo-manchester-ao-flamengo-empresario-de-andreas-pereira-crava-futuro-do-meia\/\"},\"author\":{\"name\":\"Equipe G\u00e1vea News\",\"@id\":\"https:\/\/www.gaveanews.com\/#\/schema\/person\/2ec14f73fb96be2caf28f91afb14749d\"},\"headline\":\"Emprestado pelo Manchester ao Flamengo, empres\u00e1rio de Andreas Pereira crava futuro do meia\",\"datePublished\":\"2022-05-31T00:19:49+00:00\",\"dateModified\":\"2022-05-31T00:19:51+00:00\",\"mainEntityOfPage\":{\"@id\":\"https:\/\/www.gaveanews.com\/index.php\/2022\/05\/30\/emprestado-pelo-manchester-ao-flamengo-empresario-de-andreas-pereira-crava-futuro-do-meia\/\"},\"wordCount\":524,\"commentCount\":0,\"image\":{\"@id\":\"https:\/\/www.gaveanews.com\/index.php\/2022\/05\/30\/emprestado-pelo-manchester-ao-flamengo-empresario-de-andreas-pereira-crava-futuro-do-meia\/#primaryimage\"},\"thumbnailUrl\":\"https:\/\/www.gaveanews.com\/wp-content\/uploads\/Andreas-em-jogo-do-Flamengo-contra-o-Fluminense-pelo-Campeonato-Brasileiro.webp\",\"articleSection\":[\"Negocia\u00e7\u00f5es\"],\"inLanguage\":\"pt-BR\",\"potentialAction\":[{\"@type\":\"CommentAction\",\"name\":\"Comment\",\"target\":[\"https:\/\/www.gaveanews.com\/index.php\/2022\/05\/30\/emprestado-pelo-manchester-ao-flamengo-empresario-de-andreas-pereira-crava-futuro-do-meia\/#respond\"]}],\"copyrightYear\":\"2022\",\"copyrightHolder\":{\"@id\":\"https:\/\/www.gaveanews.com\/#organization\"}},{\"@type\":\"WebPage\",\"@id\":\"https:\/\/www.gaveanews.com\/index.php\/2022\/05\/30\/emprestado-pelo-manchester-ao-flamengo-empresario-de-andreas-pereira-crava-futuro-do-meia\/\",\"url\":\"https:\/\/www.gaveanews.com\/index.php\/2022\/05\/30\/emprestado-pelo-manchester-ao-flamengo-empresario-de-andreas-pereira-crava-futuro-do-meia\/\",\"name\":\"Emprestado pelo Manchester ao Flamengo, empres\u00e1rio de Andreas Pereira crava futuro do meia\",\"isPartOf\":{\"@id\":\"https:\/\/www.gaveanews.com\/#website\"},\"primaryImageOfPage\":{\"@id\":\"https:\/\/www.gaveanews.com\/index.php\/2022\/05\/30\/emprestado-pelo-manchester-ao-flamengo-empresario-de-andreas-pereira-crava-futuro-do-meia\/#primaryimage\"},\"image\":{\"@id\":\"https:\/\/www.gaveanews.com\/index.php\/2022\/05\/30\/emprestado-pelo-manchester-ao-flamengo-empresario-de-andreas-pereira-crava-futuro-do-meia\/#primaryimage\"},\"thumbnailUrl\":\"https:\/\/www.gaveanews.com\/wp-content\/uploads\/Andreas-em-jogo-do-Flamengo-contra-o-Fluminense-pelo-Campeonato-Brasileiro.webp\",\"datePublished\":\"2022-05-31T00:19:49+00:00\",\"dateModified\":\"2022-05-31T00:19:51+00:00\",\"author\":{\"@id\":\"https:\/\/www.gaveanews.com\/#\/schema\/person\/2ec14f73fb96be2caf28f91afb14749d\"},\"breadcrumb\":{\"@id\":\"https:\/\/www.gaveanews.com\/index.php\/2022\/05\/30\/emprestado-pelo-manchester-ao-flamengo-empresario-de-andreas-pereira-crava-futuro-do-meia\/#breadcrumb\"},\"inLanguage\":\"pt-BR\",\"potentialAction\":[{\"@type\":\"ReadAction\",\"target\":[\"https:\/\/www.gaveanews.com\/index.php\/2022\/05\/30\/emprestado-pelo-manchester-ao-flamengo-empresario-de-andreas-pereira-crava-futuro-do-meia\/\"]}]},{\"@type\":\"ImageObject\",\"inLanguage\":\"pt-BR\",\"@id\":\"https:\/\/www.gaveanews.com\/index.php\/2022\/05\/30\/emprestado-pelo-manchester-ao-flamengo-empresario-de-andreas-pereira-crava-futuro-do-meia\/#primaryimage\",\"url\":\"https:\/\/www.gaveanews.com\/wp-content\/uploads\/Andreas-em-jogo-do-Flamengo-contra-o-Fluminense-pelo-Campeonato-Brasileiro.webp\",\"contentUrl\":\"https:\/\/www.gaveanews.com\/wp-content\/uploads\/Andreas-em-jogo-do-Flamengo-contra-o-Fluminense-pelo-Campeonato-Brasileiro.webp\",\"width\":799,\"height\":533,\"caption\":\"Andreas em jogo do Flamengo contra o Fluminense pelo Campeonato Brasileiro (Foto: Alexandre Vidal\/Flamengo)\"},{\"@type\":\"BreadcrumbList\",\"@id\":\"https:\/\/www.gaveanews.com\/index.php\/2022\/05\/30\/emprestado-pelo-manchester-ao-flamengo-empresario-de-andreas-pereira-crava-futuro-do-meia\/#breadcrumb\",\"itemListElement\":[{\"@type\":\"ListItem\",\"position\":1,\"name\":\"Home\",\"item\":\"https:\/\/www.gaveanews.com\/\"},{\"@type\":\"ListItem\",\"position\":2,\"name\":\"Emprestado pelo Manchester ao Flamengo, empres\u00e1rio de Andreas Pereira crava futuro do meia\"}]},{\"@type\":\"WebSite\",\"@id\":\"https:\/\/www.gaveanews.com\/#website\",\"url\":\"https:\/\/www.gaveanews.com\/\",\"name\":\"G\u00e1vea News\",\"description\":\"Veja todas as not\u00edcias sobre o Flamengo: Contrata\u00e7\u00f5es, categorias de base, resultados das partidas, tabela de classifica\u00e7\u00e3o, pr\u00f3ximos jogos!\",\"potentialAction\":[{\"@type\":\"SearchAction\",\"target\":{\"@type\":\"EntryPoint\",\"urlTemplate\":\"https:\/\/www.gaveanews.com\/?s={search_term_string}\"},\"query-input\":{\"@type\":\"PropertyValueSpecification\",\"valueRequired\":true,\"valueName\":\"search_term_string\"}}],\"inLanguage\":\"pt-BR\"},{\"@type\":\"Person\",\"@id\":\"https:\/\/www.gaveanews.com\/#\/schema\/person\/2ec14f73fb96be2caf28f91afb14749d\",\"name\":\"Equipe G\u00e1vea News\",\"image\":{\"@type\":\"ImageObject\",\"inLanguage\":\"pt-BR\",\"@id\":\"https:\/\/www.gaveanews.com\/#\/schema\/person\/image\/\",\"url\":\"https:\/\/secure.gravatar.com\/avatar\/1e1956f1facbffd3f8fa53a326721950116b3b9dc9bd44939c01180fd4a745a9?s=96&d=mm&r=g\",\"contentUrl\":\"https:\/\/secure.gravatar.com\/avatar\/1e1956f1facbffd3f8fa53a326721950116b3b9dc9bd44939c01180fd4a745a9?s=96&d=mm&r=g\",\"caption\":\"Equipe G\u00e1vea News\"}}]}<\/script>\n<!-- \/ Yoast SEO Premium plugin. -->","yoast_head_json":{"title":"Emprestado pelo Manchester ao Flamengo, empres\u00e1rio de Andreas Pereira crava futuro do meia","robots":{"index":"index","follow":"follow","max-snippet":"max-snippet:-1","max-image-preview":"max-image-preview:large","max-video-preview":"max-video-preview:-1"},"canonical":"https:\/\/www.gaveanews.com\/index.php\/2022\/05\/30\/emprestado-pelo-manchester-ao-flamengo-empresario-de-andreas-pereira-crava-futuro-do-meia\/","og_locale":"pt_BR","og_type":"article","og_title":"Emprestado pelo Manchester ao Flamengo, empres\u00e1rio de Andreas Pereira crava futuro do meia","og_description":"Perseguido pela falha na Libertadores, Andreas Pereira, que j\u00e1 falhou em 2022, foi escalado em um duelo extremamente importante para o Flamengo. Apesar disso, o camisa 18 ignorou a press\u00e3o e brilhou na vit\u00f3ria por 2 a 1 sobre o Fluminense, pelo Brasileir\u00e3o, deixando sua marca e fornecendo assist\u00eancia para Gabigol balan\u00e7ar as redes. Sendo [&hellip;]","og_url":"https:\/\/www.gaveanews.com\/index.php\/2022\/05\/30\/emprestado-pelo-manchester-ao-flamengo-empresario-de-andreas-pereira-crava-futuro-do-meia\/","og_site_name":"G\u00e1vea News","article_publisher":"https:\/\/facebook.com\/gaveaNews\/","article_published_time":"2022-05-31T00:19:49+00:00","article_modified_time":"2022-05-31T00:19:51+00:00","og_image":[{"width":799,"height":533,"url":"https:\/\/www.gaveanews.com\/wp-content\/uploads\/Andreas-em-jogo-do-Flamengo-contra-o-Fluminense-pelo-Campeonato-Brasileiro.webp","type":"image\/jpeg"}],"author":"Equipe G\u00e1vea News","twitter_card":"summary_large_image","twitter_misc":{"Escrito por":"Equipe G\u00e1vea News","Est. tempo de leitura":"3 minutos"},"schema":{"@context":"https:\/\/schema.org","@graph":[{"@type":"NewsArticle","@id":"https:\/\/www.gaveanews.com\/index.php\/2022\/05\/30\/emprestado-pelo-manchester-ao-flamengo-empresario-de-andreas-pereira-crava-futuro-do-meia\/#article","isPartOf":{"@id":"https:\/\/www.gaveanews.com\/index.php\/2022\/05\/30\/emprestado-pelo-manchester-ao-flamengo-empresario-de-andreas-pereira-crava-futuro-do-meia\/"},"author":{"name":"Equipe G\u00e1vea News","@id":"https:\/\/www.gaveanews.com\/#\/schema\/person\/2ec14f73fb96be2caf28f91afb14749d"},"headline":"Emprestado pelo Manchester ao Flamengo, empres\u00e1rio de Andreas Pereira crava futuro do meia","datePublished":"2022-05-31T00:19:49+00:00","dateModified":"2022-05-31T00:19:51+00:00","mainEntityOfPage":{"@id":"https:\/\/www.gaveanews.com\/index.php\/2022\/05\/30\/emprestado-pelo-manchester-ao-flamengo-empresario-de-andreas-pereira-crava-futuro-do-meia\/"},"wordCount":524,"commentCount":0,"image":{"@id":"https:\/\/www.gaveanews.com\/index.php\/2022\/05\/30\/emprestado-pelo-manchester-ao-flamengo-empresario-de-andreas-pereira-crava-futuro-do-meia\/#primaryimage"},"thumbnailUrl":"https:\/\/www.gaveanews.com\/wp-content\/uploads\/Andreas-em-jogo-do-Flamengo-contra-o-Fluminense-pelo-Campeonato-Brasileiro.webp","articleSection":["Negocia\u00e7\u00f5es"],"inLanguage":"pt-BR","potentialAction":[{"@type":"CommentAction","name":"Comment","target":["https:\/\/www.gaveanews.com\/index.php\/2022\/05\/30\/emprestado-pelo-manchester-ao-flamengo-empresario-de-andreas-pereira-crava-futuro-do-meia\/#respond"]}],"copyrightYear":"2022","copyrightHolder":{"@id":"https:\/\/www.gaveanews.com\/#organization"}},{"@type":"WebPage","@id":"https:\/\/www.gaveanews.com\/index.php\/2022\/05\/30\/emprestado-pelo-manchester-ao-flamengo-empresario-de-andreas-pereira-crava-futuro-do-meia\/","url":"https:\/\/www.gaveanews.com\/index.php\/2022\/05\/30\/emprestado-pelo-manchester-ao-flamengo-empresario-de-andreas-pereira-crava-futuro-do-meia\/","name":"Emprestado pelo Manchester ao Flamengo, empres\u00e1rio de Andreas Pereira crava futuro do meia","isPartOf":{"@id":"https:\/\/www.gaveanews.com\/#website"},"primaryImageOfPage":{"@id":"https:\/\/www.gaveanews.com\/index.php\/2022\/05\/30\/emprestado-pelo-manchester-ao-flamengo-empresario-de-andreas-pereira-crava-futuro-do-meia\/#primaryimage"},"image":{"@id":"https:\/\/www.gaveanews.com\/index.php\/2022\/05\/30\/emprestado-pelo-manchester-ao-flamengo-empresario-de-andreas-pereira-crava-futuro-do-meia\/#primaryimage"},"thumbnailUrl":"https:\/\/www.gaveanews.com\/wp-content\/uploads\/Andreas-em-jogo-do-Flamengo-contra-o-Fluminense-pelo-Campeonato-Brasileiro.webp","datePublished":"2022-05-31T00:19:49+00:00","dateModified":"2022-05-31T00:19:51+00:00","author":{"@id":"https:\/\/www.gaveanews.com\/#\/schema\/person\/2ec14f73fb96be2caf28f91afb14749d"},"breadcrumb":{"@id":"https:\/\/www.gaveanews.com\/index.php\/2022\/05\/30\/emprestado-pelo-manchester-ao-flamengo-empresario-de-andreas-pereira-crava-futuro-do-meia\/#breadcrumb"},"inLanguage":"pt-BR","potentialAction":[{"@type":"ReadAction","target":["https:\/\/www.gaveanews.com\/index.php\/2022\/05\/30\/emprestado-pelo-manchester-ao-flamengo-empresario-de-andreas-pereira-crava-futuro-do-meia\/"]}]},{"@type":"ImageObject","inLanguage":"pt-BR","@id":"https:\/\/www.gaveanews.com\/index.php\/2022\/05\/30\/emprestado-pelo-manchester-ao-flamengo-empresario-de-andreas-pereira-crava-futuro-do-meia\/#primaryimage","url":"https:\/\/www.gaveanews.com\/wp-content\/uploads\/Andreas-em-jogo-do-Flamengo-contra-o-Fluminense-pelo-Campeonato-Brasileiro.webp","contentUrl":"https:\/\/www.gaveanews.com\/wp-content\/uploads\/Andreas-em-jogo-do-Flamengo-contra-o-Fluminense-pelo-Campeonato-Brasileiro.webp","width":799,"height":533,"caption":"Andreas em jogo do Flamengo contra o Fluminense pelo Campeonato Brasileiro (Foto: Alexandre Vidal\/Flamengo)"},{"@type":"BreadcrumbList","@id":"https:\/\/www.gaveanews.com\/index.php\/2022\/05\/30\/emprestado-pelo-manchester-ao-flamengo-empresario-de-andreas-pereira-crava-futuro-do-meia\/#breadcrumb","itemListElement":[{"@type":"ListItem","position":1,"name":"Home","item":"https:\/\/www.gaveanews.com\/"},{"@type":"ListItem","position":2,"name":"Emprestado pelo Manchester ao Flamengo, empres\u00e1rio de Andreas Pereira crava futuro do meia"}]},{"@type":"WebSite","@id":"https:\/\/www.gaveanews.com\/#website","url":"https:\/\/www.gaveanews.com\/","name":"G\u00e1vea News","description":"Veja todas as not\u00edcias sobre o Flamengo: Contrata\u00e7\u00f5es, categorias de base, resultados das partidas, tabela de classifica\u00e7\u00e3o, pr\u00f3ximos jogos!","potentialAction":[{"@type":"SearchAction","target":{"@type":"EntryPoint","urlTemplate":"https:\/\/www.gaveanews.com\/?s={search_term_string}"},"query-input":{"@type":"PropertyValueSpecification","valueRequired":true,"valueName":"search_term_string"}}],"inLanguage":"pt-BR"},{"@type":"Person","@id":"https:\/\/www.gaveanews.com\/#\/schema\/person\/2ec14f73fb96be2caf28f91afb14749d","name":"Equipe G\u00e1vea News","image":{"@type":"ImageObject","inLanguage":"pt-BR","@id":"https:\/\/www.gaveanews.com\/#\/schema\/person\/image\/","url":"https:\/\/secure.gravatar.com\/avatar\/1e1956f1facbffd3f8fa53a326721950116b3b9dc9bd44939c01180fd4a745a9?s=96&d=mm&r=g","contentUrl":"https:\/\/secure.gravatar.com\/avatar\/1e1956f1facbffd3f8fa53a326721950116b3b9dc9bd44939c01180fd4a745a9?s=96&d=mm&r=g","caption":"Equipe G\u00e1vea News"}}]}},"_links":{"self":[{"href":"https:\/\/www.gaveanews.com\/index.php\/wp-json\/wp\/v2\/posts\/82347","targetHints":{"allow":["GET"]}}],"collection":[{"href":"https:\/\/www.gaveanews.com\/index.php\/wp-json\/wp\/v2\/posts"}],"about":[{"href":"https:\/\/www.gaveanews.com\/index.php\/wp-json\/wp\/v2\/types\/post"}],"author":[{"embeddable":true,"href":"https:\/\/www.gaveanews.com\/index.php\/wp-json\/wp\/v2\/users\/1"}],"replies":[{"embeddable":true,"href":"https:\/\/www.gaveanews.com\/index.php\/wp-json\/wp\/v2\/comments?post=82347"}],"version-history":[{"count":0,"href":"https:\/\/www.gaveanews.com\/index.php\/wp-json\/wp\/v2\/posts\/82347\/revisions"}],"wp:featuredmedia":[{"embeddable":true,"href":"https:\/\/www.gaveanews.com\/index.php\/wp-json\/wp\/v2\/media\/82324"}],"wp:attachment":[{"href":"https:\/\/www.gaveanews.com\/index.php\/wp-json\/wp\/v2\/media?parent=82347"}],"wp:term":[{"taxonomy":"category","embeddable":true,"href":"https:\/\/www.gaveanews.com\/index.php\/wp-json\/wp\/v2\/categories?post=82347"},{"taxonomy":"post_tag","embeddable":true,"href":"https:\/\/www.gaveanews.com\/index.php\/wp-json\/wp\/v2\/tags?post=82347"}],"curies":[{"name":"wp","href":"https:\/\/api.w.org\/{rel}","templated":true}]}}