{"id":82365,"date":"2022-05-31T06:22:10","date_gmt":"2022-05-31T09:22:10","guid":{"rendered":"https:\/\/www.gaveanews.com\/?p=82365"},"modified":"2022-05-31T06:22:12","modified_gmt":"2022-05-31T09:22:12","slug":"sem-arrascaeta-e-gabigol-paulo-sousa-busca-feito-inedito-no-flamengo","status":"publish","type":"post","link":"https:\/\/www.gaveanews.com\/index.php\/2022\/05\/31\/sem-arrascaeta-e-gabigol-paulo-sousa-busca-feito-inedito-no-flamengo\/","title":{"rendered":"Sem Arrascaeta e Gabigol, Paulo Sousa busca feito in\u00e9dito no Flamengo"},"content":{"rendered":"\n<p>Um feito in\u00e9dito na temporada como desafio para consolidar dias de paz no Ninho do Urubu.<\/p>\n\n\n\n<p>Embalado por quatro vit\u00f3rias consecutivas, o Flamengo pode at\u00e9 se ver diante de cr\u00edticas e questionamentos por performance, mas ao menos Paulo Sousa ganhou uma semana livre para trabalhar em busca de quinta vit\u00f3ria consecutiva pela primeira vez desde que chegou ao clube. Para isso, a miss\u00e3o est\u00e1 clara: encontrar solu\u00e7\u00f5es para suprir a aus\u00eancia da dupla Gabriel e Arrascaeta.<\/p>\n\n\n\n<p>O centroavante est\u00e1 fora por suspens\u00e3o pelo terceiro cart\u00e3o amarelo, enquanto o uruguaio defende a sele\u00e7\u00e3o de seu pa\u00eds e n\u00e3o estar\u00e1 \u00e0 disposi\u00e7\u00e3o tamb\u00e9m contra Bragantino e Internacional, ambos fora de casa. A tend\u00eancia \u00e9 que Pedro e Vitinho sejam os substitutos.<\/p>\n\n\n\n<p>Surpreendentemente, o Flamengo tem 100% sem a dupla na temporada. Foram cinco partidas sem Gabi e Arrasca, todas com vit\u00f3rias diante de Sporting Cristal, duas vezes, Altos, Madureira e Boavista. \u00c9 ineg\u00e1vel, por\u00e9m, que o bom Fortaleza de Vojvoda \u00e9 o maior desafio dentre os citados e Paulo Sousa conta com o incentivo da torcida para manter a s\u00e9rie de resultados positivos que teve in\u00edcio no retorno ao Maracan\u00e3:<\/p>\n\n\n\n<p><em>\u2014 Esta sinergia que houve praticamente durante todo jogo da nossa torcida com a equipe \u00e9 marcante. N\u00e3o s\u00f3 as viradas, mas acredito que elas ganham campeonatos. N\u00e3o s\u00f3 jogos, pela experi\u00eancia que eu tenho.<\/em><\/p>\n\n\n\n<p><em>\u2014 Quanto mais conscientes formos, no todo, al\u00e9m de sermos maiores, sermos melhores do que o todo, n\u00e3o tenho d\u00favida de que chegaremos a t\u00edtulos e seremos mais consistentes nas vit\u00f3rias <\/em>&#8211; disse o treinador ap\u00f3s o Fla-Flu.<\/p>\n\n\n\n<p>Esta \u00e9 a segunda sequ\u00eancia de quatro vit\u00f3rias do Flamengo na temporada, contra Universidad Cat\u00f3lica, Goi\u00e1s, Sporting Cristal e Fluminense. A primeira teve como v\u00edtimas o Vasco tr\u00eas vezes e o Bangu, mas caiu justamente no cl\u00e1ssico com o Tricolor pela primeira partida da decis\u00e3o do Carioca.<\/p>\n\n\n\n<h2 class=\"wp-block-heading\" id=\"h-flamengo-sem-arrasca-e-gabi-em-2022\">Flamengo sem Arrasca e Gabi em 2022<\/h2>\n\n\n\n<ul class=\"wp-block-list\"><li>5 jogos<\/li><li>5 vit\u00f3rias<\/li><li>11 gols marcados<\/li><li>3 gols sofridos<\/li><\/ul>\n\n\n\n<p>Ao todo, s\u00e3o seis partidas de invencibilidade da equipe de Paulo Sousa, que perdeu pela \u00faltima vez para o Botafogo, dia 8 de maio, em Bras\u00edlia. Desde ent\u00e3o, s\u00e3o cinco vit\u00f3rias e um empate, diante do Cear\u00e1, fora de casa. A maior s\u00e9rie sem derrotas na temporada \u00e9 de dez partidas.<\/p>\n\n\n\n<p>Com 12 pontos, o Flamengo \u00e9 o oitavo colocado na tabela do Brasileir\u00e3o, mas apenas a tr\u00eas pontos dos l\u00edderes Palmeiras, Atl\u00e9tico-MG e Corinthians, todos com 15. O elenco rubro-negro est\u00e1 de folga e se reapresenta quarta-feira, no Ninho do Urubu, para iniciar a prepara\u00e7\u00e3o visando o duelo com o Fortaleza, domingo, \u00e0s 16h (de Bras\u00edlia), no Maracan\u00e3, pela nona rodada.<\/p>\n\n\n\n<p>Retirado de: Globo Esporte<\/p>\n","protected":false},"excerpt":{"rendered":"<p>Um feito in\u00e9dito na temporada como desafio para consolidar dias de paz no Ninho do Urubu. Embalado por quatro vit\u00f3rias consecutivas, o Flamengo pode at\u00e9 se ver diante de cr\u00edticas e questionamentos por performance, mas ao menos Paulo Sousa ganhou uma semana livre para trabalhar em busca de quinta vit\u00f3ria consecutiva pela primeira vez desde [&hellip;]<\/p>\n","protected":false},"author":1,"featured_media":80665,"comment_status":"open","ping_status":"closed","sticky":false,"template":"","format":"standard","meta":{"footnotes":""},"categories":[47],"tags":[],"class_list":["post-82365","post","type-post","status-publish","format-standard","has-post-thumbnail","hentry","category-destaques"],"yoast_head":"<!-- This site is optimized with the Yoast SEO Premium plugin v24.2 (Yoast SEO v26.9) - https:\/\/yoast.com\/product\/yoast-seo-premium-wordpress\/ -->\n<title>Sem Arrascaeta e Gabigol, Paulo Sousa busca feito in\u00e9dito no Flamengo<\/title>\n<meta name=\"robots\" content=\"index, follow, max-snippet:-1, max-image-preview:large, max-video-preview:-1\" \/>\n<link rel=\"canonical\" href=\"https:\/\/www.gaveanews.com\/index.php\/2022\/05\/31\/sem-arrascaeta-e-gabigol-paulo-sousa-busca-feito-inedito-no-flamengo\/\" \/>\n<meta property=\"og:locale\" content=\"pt_BR\" \/>\n<meta property=\"og:type\" content=\"article\" \/>\n<meta property=\"og:title\" content=\"Sem Arrascaeta e Gabigol, Paulo Sousa busca feito in\u00e9dito no Flamengo\" \/>\n<meta property=\"og:description\" content=\"Um feito in\u00e9dito na temporada como desafio para consolidar dias de paz no Ninho do Urubu. Embalado por quatro vit\u00f3rias consecutivas, o Flamengo pode at\u00e9 se ver diante de cr\u00edticas e questionamentos por performance, mas ao menos Paulo Sousa ganhou uma semana livre para trabalhar em busca de quinta vit\u00f3ria consecutiva pela primeira vez desde [&hellip;]\" \/>\n<meta property=\"og:url\" content=\"https:\/\/www.gaveanews.com\/index.php\/2022\/05\/31\/sem-arrascaeta-e-gabigol-paulo-sousa-busca-feito-inedito-no-flamengo\/\" \/>\n<meta property=\"og:site_name\" content=\"G\u00e1vea News\" \/>\n<meta property=\"article:publisher\" content=\"https:\/\/facebook.com\/gaveaNews\/\" \/>\n<meta property=\"article:published_time\" content=\"2022-05-31T09:22:10+00:00\" \/>\n<meta property=\"article:modified_time\" content=\"2022-05-31T09:22:12+00:00\" \/>\n<meta property=\"og:image\" content=\"https:\/\/www.gaveanews.com\/wp-content\/uploads\/Paulo-Sousa-em-treino-do-Flamengo-no-Ninho-do-Urubu.webp\" \/>\n\t<meta property=\"og:image:width\" content=\"799\" \/>\n\t<meta property=\"og:image:height\" content=\"533\" \/>\n\t<meta property=\"og:image:type\" content=\"image\/jpeg\" \/>\n<meta name=\"author\" content=\"Equipe G\u00e1vea News\" \/>\n<meta name=\"twitter:card\" content=\"summary_large_image\" \/>\n<meta name=\"twitter:label1\" content=\"Escrito por\" \/>\n\t<meta name=\"twitter:data1\" content=\"Equipe G\u00e1vea News\" \/>\n\t<meta name=\"twitter:label2\" content=\"Est. tempo de leitura\" \/>\n\t<meta name=\"twitter:data2\" content=\"3 minutos\" \/>\n<script type=\"application\/ld+json\" class=\"yoast-schema-graph\">{\"@context\":\"https:\/\/schema.org\",\"@graph\":[{\"@type\":\"NewsArticle\",\"@id\":\"https:\/\/www.gaveanews.com\/index.php\/2022\/05\/31\/sem-arrascaeta-e-gabigol-paulo-sousa-busca-feito-inedito-no-flamengo\/#article\",\"isPartOf\":{\"@id\":\"https:\/\/www.gaveanews.com\/index.php\/2022\/05\/31\/sem-arrascaeta-e-gabigol-paulo-sousa-busca-feito-inedito-no-flamengo\/\"},\"author\":{\"name\":\"Equipe G\u00e1vea News\",\"@id\":\"https:\/\/www.gaveanews.com\/#\/schema\/person\/2ec14f73fb96be2caf28f91afb14749d\"},\"headline\":\"Sem Arrascaeta e Gabigol, Paulo Sousa busca feito in\u00e9dito no Flamengo\",\"datePublished\":\"2022-05-31T09:22:10+00:00\",\"dateModified\":\"2022-05-31T09:22:12+00:00\",\"mainEntityOfPage\":{\"@id\":\"https:\/\/www.gaveanews.com\/index.php\/2022\/05\/31\/sem-arrascaeta-e-gabigol-paulo-sousa-busca-feito-inedito-no-flamengo\/\"},\"wordCount\":484,\"commentCount\":0,\"image\":{\"@id\":\"https:\/\/www.gaveanews.com\/index.php\/2022\/05\/31\/sem-arrascaeta-e-gabigol-paulo-sousa-busca-feito-inedito-no-flamengo\/#primaryimage\"},\"thumbnailUrl\":\"https:\/\/www.gaveanews.com\/wp-content\/uploads\/Paulo-Sousa-em-treino-do-Flamengo-no-Ninho-do-Urubu.webp\",\"articleSection\":[\"Destaques\"],\"inLanguage\":\"pt-BR\",\"potentialAction\":[{\"@type\":\"CommentAction\",\"name\":\"Comment\",\"target\":[\"https:\/\/www.gaveanews.com\/index.php\/2022\/05\/31\/sem-arrascaeta-e-gabigol-paulo-sousa-busca-feito-inedito-no-flamengo\/#respond\"]}],\"copyrightYear\":\"2022\",\"copyrightHolder\":{\"@id\":\"https:\/\/www.gaveanews.com\/#organization\"}},{\"@type\":\"WebPage\",\"@id\":\"https:\/\/www.gaveanews.com\/index.php\/2022\/05\/31\/sem-arrascaeta-e-gabigol-paulo-sousa-busca-feito-inedito-no-flamengo\/\",\"url\":\"https:\/\/www.gaveanews.com\/index.php\/2022\/05\/31\/sem-arrascaeta-e-gabigol-paulo-sousa-busca-feito-inedito-no-flamengo\/\",\"name\":\"Sem Arrascaeta e Gabigol, Paulo Sousa busca feito in\u00e9dito no Flamengo\",\"isPartOf\":{\"@id\":\"https:\/\/www.gaveanews.com\/#website\"},\"primaryImageOfPage\":{\"@id\":\"https:\/\/www.gaveanews.com\/index.php\/2022\/05\/31\/sem-arrascaeta-e-gabigol-paulo-sousa-busca-feito-inedito-no-flamengo\/#primaryimage\"},\"image\":{\"@id\":\"https:\/\/www.gaveanews.com\/index.php\/2022\/05\/31\/sem-arrascaeta-e-gabigol-paulo-sousa-busca-feito-inedito-no-flamengo\/#primaryimage\"},\"thumbnailUrl\":\"https:\/\/www.gaveanews.com\/wp-content\/uploads\/Paulo-Sousa-em-treino-do-Flamengo-no-Ninho-do-Urubu.webp\",\"datePublished\":\"2022-05-31T09:22:10+00:00\",\"dateModified\":\"2022-05-31T09:22:12+00:00\",\"author\":{\"@id\":\"https:\/\/www.gaveanews.com\/#\/schema\/person\/2ec14f73fb96be2caf28f91afb14749d\"},\"breadcrumb\":{\"@id\":\"https:\/\/www.gaveanews.com\/index.php\/2022\/05\/31\/sem-arrascaeta-e-gabigol-paulo-sousa-busca-feito-inedito-no-flamengo\/#breadcrumb\"},\"inLanguage\":\"pt-BR\",\"potentialAction\":[{\"@type\":\"ReadAction\",\"target\":[\"https:\/\/www.gaveanews.com\/index.php\/2022\/05\/31\/sem-arrascaeta-e-gabigol-paulo-sousa-busca-feito-inedito-no-flamengo\/\"]}]},{\"@type\":\"ImageObject\",\"inLanguage\":\"pt-BR\",\"@id\":\"https:\/\/www.gaveanews.com\/index.php\/2022\/05\/31\/sem-arrascaeta-e-gabigol-paulo-sousa-busca-feito-inedito-no-flamengo\/#primaryimage\",\"url\":\"https:\/\/www.gaveanews.com\/wp-content\/uploads\/Paulo-Sousa-em-treino-do-Flamengo-no-Ninho-do-Urubu.webp\",\"contentUrl\":\"https:\/\/www.gaveanews.com\/wp-content\/uploads\/Paulo-Sousa-em-treino-do-Flamengo-no-Ninho-do-Urubu.webp\",\"width\":799,\"height\":533,\"caption\":\"Paulo Sousa em treino do Flamengo no Ninho do Urubu (Foto: Gilvan de Souza\/Flamengo)\"},{\"@type\":\"BreadcrumbList\",\"@id\":\"https:\/\/www.gaveanews.com\/index.php\/2022\/05\/31\/sem-arrascaeta-e-gabigol-paulo-sousa-busca-feito-inedito-no-flamengo\/#breadcrumb\",\"itemListElement\":[{\"@type\":\"ListItem\",\"position\":1,\"name\":\"Home\",\"item\":\"https:\/\/www.gaveanews.com\/\"},{\"@type\":\"ListItem\",\"position\":2,\"name\":\"Sem Arrascaeta e Gabigol, Paulo Sousa busca feito in\u00e9dito no Flamengo\"}]},{\"@type\":\"WebSite\",\"@id\":\"https:\/\/www.gaveanews.com\/#website\",\"url\":\"https:\/\/www.gaveanews.com\/\",\"name\":\"G\u00e1vea News\",\"description\":\"Veja todas as not\u00edcias sobre o Flamengo: Contrata\u00e7\u00f5es, categorias de base, resultados das partidas, tabela de classifica\u00e7\u00e3o, pr\u00f3ximos jogos!\",\"potentialAction\":[{\"@type\":\"SearchAction\",\"target\":{\"@type\":\"EntryPoint\",\"urlTemplate\":\"https:\/\/www.gaveanews.com\/?s={search_term_string}\"},\"query-input\":{\"@type\":\"PropertyValueSpecification\",\"valueRequired\":true,\"valueName\":\"search_term_string\"}}],\"inLanguage\":\"pt-BR\"},{\"@type\":\"Person\",\"@id\":\"https:\/\/www.gaveanews.com\/#\/schema\/person\/2ec14f73fb96be2caf28f91afb14749d\",\"name\":\"Equipe G\u00e1vea News\",\"image\":{\"@type\":\"ImageObject\",\"inLanguage\":\"pt-BR\",\"@id\":\"https:\/\/www.gaveanews.com\/#\/schema\/person\/image\/\",\"url\":\"https:\/\/secure.gravatar.com\/avatar\/1e1956f1facbffd3f8fa53a326721950116b3b9dc9bd44939c01180fd4a745a9?s=96&d=mm&r=g\",\"contentUrl\":\"https:\/\/secure.gravatar.com\/avatar\/1e1956f1facbffd3f8fa53a326721950116b3b9dc9bd44939c01180fd4a745a9?s=96&d=mm&r=g\",\"caption\":\"Equipe G\u00e1vea News\"}}]}<\/script>\n<!-- \/ Yoast SEO Premium plugin. -->","yoast_head_json":{"title":"Sem Arrascaeta e Gabigol, Paulo Sousa busca feito in\u00e9dito no Flamengo","robots":{"index":"index","follow":"follow","max-snippet":"max-snippet:-1","max-image-preview":"max-image-preview:large","max-video-preview":"max-video-preview:-1"},"canonical":"https:\/\/www.gaveanews.com\/index.php\/2022\/05\/31\/sem-arrascaeta-e-gabigol-paulo-sousa-busca-feito-inedito-no-flamengo\/","og_locale":"pt_BR","og_type":"article","og_title":"Sem Arrascaeta e Gabigol, Paulo Sousa busca feito in\u00e9dito no Flamengo","og_description":"Um feito in\u00e9dito na temporada como desafio para consolidar dias de paz no Ninho do Urubu. Embalado por quatro vit\u00f3rias consecutivas, o Flamengo pode at\u00e9 se ver diante de cr\u00edticas e questionamentos por performance, mas ao menos Paulo Sousa ganhou uma semana livre para trabalhar em busca de quinta vit\u00f3ria consecutiva pela primeira vez desde [&hellip;]","og_url":"https:\/\/www.gaveanews.com\/index.php\/2022\/05\/31\/sem-arrascaeta-e-gabigol-paulo-sousa-busca-feito-inedito-no-flamengo\/","og_site_name":"G\u00e1vea News","article_publisher":"https:\/\/facebook.com\/gaveaNews\/","article_published_time":"2022-05-31T09:22:10+00:00","article_modified_time":"2022-05-31T09:22:12+00:00","og_image":[{"width":799,"height":533,"url":"https:\/\/www.gaveanews.com\/wp-content\/uploads\/Paulo-Sousa-em-treino-do-Flamengo-no-Ninho-do-Urubu.webp","type":"image\/jpeg"}],"author":"Equipe G\u00e1vea News","twitter_card":"summary_large_image","twitter_misc":{"Escrito por":"Equipe G\u00e1vea News","Est. tempo de leitura":"3 minutos"},"schema":{"@context":"https:\/\/schema.org","@graph":[{"@type":"NewsArticle","@id":"https:\/\/www.gaveanews.com\/index.php\/2022\/05\/31\/sem-arrascaeta-e-gabigol-paulo-sousa-busca-feito-inedito-no-flamengo\/#article","isPartOf":{"@id":"https:\/\/www.gaveanews.com\/index.php\/2022\/05\/31\/sem-arrascaeta-e-gabigol-paulo-sousa-busca-feito-inedito-no-flamengo\/"},"author":{"name":"Equipe G\u00e1vea News","@id":"https:\/\/www.gaveanews.com\/#\/schema\/person\/2ec14f73fb96be2caf28f91afb14749d"},"headline":"Sem Arrascaeta e Gabigol, Paulo Sousa busca feito in\u00e9dito no Flamengo","datePublished":"2022-05-31T09:22:10+00:00","dateModified":"2022-05-31T09:22:12+00:00","mainEntityOfPage":{"@id":"https:\/\/www.gaveanews.com\/index.php\/2022\/05\/31\/sem-arrascaeta-e-gabigol-paulo-sousa-busca-feito-inedito-no-flamengo\/"},"wordCount":484,"commentCount":0,"image":{"@id":"https:\/\/www.gaveanews.com\/index.php\/2022\/05\/31\/sem-arrascaeta-e-gabigol-paulo-sousa-busca-feito-inedito-no-flamengo\/#primaryimage"},"thumbnailUrl":"https:\/\/www.gaveanews.com\/wp-content\/uploads\/Paulo-Sousa-em-treino-do-Flamengo-no-Ninho-do-Urubu.webp","articleSection":["Destaques"],"inLanguage":"pt-BR","potentialAction":[{"@type":"CommentAction","name":"Comment","target":["https:\/\/www.gaveanews.com\/index.php\/2022\/05\/31\/sem-arrascaeta-e-gabigol-paulo-sousa-busca-feito-inedito-no-flamengo\/#respond"]}],"copyrightYear":"2022","copyrightHolder":{"@id":"https:\/\/www.gaveanews.com\/#organization"}},{"@type":"WebPage","@id":"https:\/\/www.gaveanews.com\/index.php\/2022\/05\/31\/sem-arrascaeta-e-gabigol-paulo-sousa-busca-feito-inedito-no-flamengo\/","url":"https:\/\/www.gaveanews.com\/index.php\/2022\/05\/31\/sem-arrascaeta-e-gabigol-paulo-sousa-busca-feito-inedito-no-flamengo\/","name":"Sem Arrascaeta e Gabigol, Paulo Sousa busca feito in\u00e9dito no Flamengo","isPartOf":{"@id":"https:\/\/www.gaveanews.com\/#website"},"primaryImageOfPage":{"@id":"https:\/\/www.gaveanews.com\/index.php\/2022\/05\/31\/sem-arrascaeta-e-gabigol-paulo-sousa-busca-feito-inedito-no-flamengo\/#primaryimage"},"image":{"@id":"https:\/\/www.gaveanews.com\/index.php\/2022\/05\/31\/sem-arrascaeta-e-gabigol-paulo-sousa-busca-feito-inedito-no-flamengo\/#primaryimage"},"thumbnailUrl":"https:\/\/www.gaveanews.com\/wp-content\/uploads\/Paulo-Sousa-em-treino-do-Flamengo-no-Ninho-do-Urubu.webp","datePublished":"2022-05-31T09:22:10+00:00","dateModified":"2022-05-31T09:22:12+00:00","author":{"@id":"https:\/\/www.gaveanews.com\/#\/schema\/person\/2ec14f73fb96be2caf28f91afb14749d"},"breadcrumb":{"@id":"https:\/\/www.gaveanews.com\/index.php\/2022\/05\/31\/sem-arrascaeta-e-gabigol-paulo-sousa-busca-feito-inedito-no-flamengo\/#breadcrumb"},"inLanguage":"pt-BR","potentialAction":[{"@type":"ReadAction","target":["https:\/\/www.gaveanews.com\/index.php\/2022\/05\/31\/sem-arrascaeta-e-gabigol-paulo-sousa-busca-feito-inedito-no-flamengo\/"]}]},{"@type":"ImageObject","inLanguage":"pt-BR","@id":"https:\/\/www.gaveanews.com\/index.php\/2022\/05\/31\/sem-arrascaeta-e-gabigol-paulo-sousa-busca-feito-inedito-no-flamengo\/#primaryimage","url":"https:\/\/www.gaveanews.com\/wp-content\/uploads\/Paulo-Sousa-em-treino-do-Flamengo-no-Ninho-do-Urubu.webp","contentUrl":"https:\/\/www.gaveanews.com\/wp-content\/uploads\/Paulo-Sousa-em-treino-do-Flamengo-no-Ninho-do-Urubu.webp","width":799,"height":533,"caption":"Paulo Sousa em treino do Flamengo no Ninho do Urubu (Foto: Gilvan de Souza\/Flamengo)"},{"@type":"BreadcrumbList","@id":"https:\/\/www.gaveanews.com\/index.php\/2022\/05\/31\/sem-arrascaeta-e-gabigol-paulo-sousa-busca-feito-inedito-no-flamengo\/#breadcrumb","itemListElement":[{"@type":"ListItem","position":1,"name":"Home","item":"https:\/\/www.gaveanews.com\/"},{"@type":"ListItem","position":2,"name":"Sem Arrascaeta e Gabigol, Paulo Sousa busca feito in\u00e9dito no Flamengo"}]},{"@type":"WebSite","@id":"https:\/\/www.gaveanews.com\/#website","url":"https:\/\/www.gaveanews.com\/","name":"G\u00e1vea News","description":"Veja todas as not\u00edcias sobre o Flamengo: Contrata\u00e7\u00f5es, categorias de base, resultados das partidas, tabela de classifica\u00e7\u00e3o, pr\u00f3ximos jogos!","potentialAction":[{"@type":"SearchAction","target":{"@type":"EntryPoint","urlTemplate":"https:\/\/www.gaveanews.com\/?s={search_term_string}"},"query-input":{"@type":"PropertyValueSpecification","valueRequired":true,"valueName":"search_term_string"}}],"inLanguage":"pt-BR"},{"@type":"Person","@id":"https:\/\/www.gaveanews.com\/#\/schema\/person\/2ec14f73fb96be2caf28f91afb14749d","name":"Equipe G\u00e1vea News","image":{"@type":"ImageObject","inLanguage":"pt-BR","@id":"https:\/\/www.gaveanews.com\/#\/schema\/person\/image\/","url":"https:\/\/secure.gravatar.com\/avatar\/1e1956f1facbffd3f8fa53a326721950116b3b9dc9bd44939c01180fd4a745a9?s=96&d=mm&r=g","contentUrl":"https:\/\/secure.gravatar.com\/avatar\/1e1956f1facbffd3f8fa53a326721950116b3b9dc9bd44939c01180fd4a745a9?s=96&d=mm&r=g","caption":"Equipe G\u00e1vea News"}}]}},"_links":{"self":[{"href":"https:\/\/www.gaveanews.com\/index.php\/wp-json\/wp\/v2\/posts\/82365","targetHints":{"allow":["GET"]}}],"collection":[{"href":"https:\/\/www.gaveanews.com\/index.php\/wp-json\/wp\/v2\/posts"}],"about":[{"href":"https:\/\/www.gaveanews.com\/index.php\/wp-json\/wp\/v2\/types\/post"}],"author":[{"embeddable":true,"href":"https:\/\/www.gaveanews.com\/index.php\/wp-json\/wp\/v2\/users\/1"}],"replies":[{"embeddable":true,"href":"https:\/\/www.gaveanews.com\/index.php\/wp-json\/wp\/v2\/comments?post=82365"}],"version-history":[{"count":0,"href":"https:\/\/www.gaveanews.com\/index.php\/wp-json\/wp\/v2\/posts\/82365\/revisions"}],"wp:featuredmedia":[{"embeddable":true,"href":"https:\/\/www.gaveanews.com\/index.php\/wp-json\/wp\/v2\/media\/80665"}],"wp:attachment":[{"href":"https:\/\/www.gaveanews.com\/index.php\/wp-json\/wp\/v2\/media?parent=82365"}],"wp:term":[{"taxonomy":"category","embeddable":true,"href":"https:\/\/www.gaveanews.com\/index.php\/wp-json\/wp\/v2\/categories?post=82365"},{"taxonomy":"post_tag","embeddable":true,"href":"https:\/\/www.gaveanews.com\/index.php\/wp-json\/wp\/v2\/tags?post=82365"}],"curies":[{"name":"wp","href":"https:\/\/api.w.org\/{rel}","templated":true}]}}