{"id":82371,"date":"2022-05-31T07:05:29","date_gmt":"2022-05-31T10:05:29","guid":{"rendered":"https:\/\/www.gaveanews.com\/?p=82371"},"modified":"2022-05-31T07:05:32","modified_gmt":"2022-05-31T10:05:32","slug":"flamengo-tenta-a-contratacao-de-everton-cebolinha-veja-os-detalhes","status":"publish","type":"post","link":"https:\/\/www.gaveanews.com\/index.php\/2022\/05\/31\/flamengo-tenta-a-contratacao-de-everton-cebolinha-veja-os-detalhes\/","title":{"rendered":"Flamengo tenta a contrata\u00e7\u00e3o de Everton Cebolinha; veja os detalhes"},"content":{"rendered":"\n<p>De olho na contrata\u00e7\u00e3o de Arturo Vidal, da Inter de Mil\u00e3o, o Flamengo segue focado em refor\u00e7ar seu elenco na pr\u00f3xima janela de transfer\u00eancias. Al\u00e9m do chileno, o atacante Everton Cebolinha, do Benfica, voltou a ser debatido no clube.<\/p>\n\n\n\n<p>O site Torcedores apurou que o nome de Everton Cebolinha \u00e9 unanimidade entre a c\u00fapula do departamento de futebol, da comiss\u00e3o t\u00e9cnica e, principalmente, do t\u00e9cnico Paulo Sousa que \u00e9 grande entusiasta da chegada do ex-jogador do Gr\u00eamio.<\/p>\n\n\n\n<p>Com a chegada do t\u00e9cnico Roger Schmidt, Everton Cebolinha est\u00e1 fora dos planos do Benfica para a pr\u00f3xima temporada. No entendimento do treinador, ele \u00e9 considerado uma boa \u201cmoeda de troca\u201d a fim de abrir espa\u00e7o no elenco para a chegada de novos refor\u00e7os.<\/p>\n\n\n\n<p>Com a oportunidade de mercado aberta, o Flamengo entrou na disputa e se tornou o principal candidato no futebol brasileiro a ficar com o atacante, superando a concorr\u00eancia de outros times brasileiros como Atl\u00e9tico-MG, Corinthians e Palmeiras.<\/p>\n\n\n\n<p>Ainda segundo apurou a reportagem, o Flamengo vai retomar as conversas com o Benfica em busca de um denominador comum. A ideia \u00e9 um empr\u00e9stimo, nos mesmos moldes de Ayrton Lucas, com o clube carioca pagando apenas seus vencimentos.<\/p>\n\n\n\n<p>Al\u00e9m disso, a diretoria rubro-negra pretende estabelecer uma cl\u00e1usula de op\u00e7\u00e3o de compra dos direitos econ\u00f4micos com valor fixado ao fim do contrato. Contudo, os n\u00fameros ainda s\u00e3o debatidos internamente por quest\u00e3o de estrat\u00e9gia de mercado.<\/p>\n\n\n\n<p>Apesar de o Flamengo largar na frente dos concorrentes, as conversas ainda est\u00e3o em est\u00e1gio embrion\u00e1rio. O neg\u00f3cio, em outras palavras, sequer caminhou para a formaliza\u00e7\u00e3o de uma proposta ao estafe de Everton Cebolinha.<\/p>\n\n\n\n<h2 class=\"wp-block-heading\" id=\"h-contato-com-empresario\">Contato com empres\u00e1rio<\/h2>\n\n\n\n<p>A Bertolucci Sports, de Giuliano Bertolucci, maior parceiro do Flamengo na Europa, j\u00e1 foi acionada pelo vice-presidente de futebol Marcos Braz e o diretor executivo Bruno Spindel a fim de obter informa\u00e7\u00f5es de valores para tentar viabilizar a contrata\u00e7\u00e3o.<\/p>\n\n\n\n<p>De acordo com duas fontes ligadas a ag\u00eancia do \u00edtalo-brasileiro ouvidas pelo Torcedores.com, um clube da Ar\u00e1bia Saudita tentou contratar o jogador por empr\u00e9stimo, com op\u00e7\u00e3o de compra ao fim do contrato, mas o Benfica descartou a proposta.<\/p>\n\n\n\n<p>Quanto \u00e0s investidas de outros clubes brasileiros, as fontes afirmaram que houve uma conversa informal com representantes de Atl\u00e9tico-MG, Corinthians e Palmeiras. Entretanto, nenhum deles chegou a formalizar uma proposta.<\/p>\n\n\n\n<p>Everton Cebolinha tem contrato com o Benfica at\u00e9 junho de 2025. A multa rescis\u00f3ria est\u00e1 fixada em 150 milh\u00f5es de euros (R$ 768,4 milh\u00f5es, pela cota\u00e7\u00e3o atual). Vale lembrar que o valor \u00e9 completamente fora da realidade financeira do Flamengo.<\/p>\n\n\n\n<h2 class=\"wp-block-heading\">Trajet\u00f3ria de Cebolinha <\/h2>\n\n\n\n<p>Everton Cebolinha, de 26 anos, foi contratado pelo Benfica a pedido do ent\u00e3o t\u00e9cnico Jorge Jesus em 2020. No entanto, o atacante acumulou cr\u00edticas na sua primeira temporada no futebol portugu\u00eas devido \u00e0 falta de regularidade em campo.<\/p>\n\n\n\n<p>Desde ent\u00e3o, o jogador passou a ter seu futuro ligado a um poss\u00edvel acerto com o Flamengo. Na Europa, Everton Cebolinha foi sondado por Everton e Newcastle, ambos da Inglaterra. No entanto, os clubes ingleses nunca enviaram propostas para contrat\u00e1-lo.<\/p>\n\n\n\n<p>Pelo Benfica, Everton Cebolinha disputou 55 partidas, marcou 15 gols e fez 17 assist\u00eancias. Revelado pelo Fortaleza, ele ganhou proje\u00e7\u00e3o atuando pelo Gr\u00eamio de 2013 a 2020. Nesse \u00ednterim, levantou seis ta\u00e7as vestindo a camisa 7 tricolor.<\/p>\n\n\n\n<p>Por l\u00e1, conquistou a Recopa Sul-Americana (2018), a Copa Libertadores da Am\u00e9rica (2017), a Copa do Brasil (2016) e o Campeonato Ga\u00facho (2018. 2019 e 2020). Pela sele\u00e7\u00e3o brasileira, faturou a Copa Am\u00e9rica (2019).<\/p>\n\n\n\n<p>Retirado de: Torcedores<\/p>\n\n\n\n<p> <\/p>\n","protected":false},"excerpt":{"rendered":"<p>De olho na contrata\u00e7\u00e3o de Arturo Vidal, da Inter de Mil\u00e3o, o Flamengo segue focado em refor\u00e7ar seu elenco na pr\u00f3xima janela de transfer\u00eancias. Al\u00e9m do chileno, o atacante Everton Cebolinha, do Benfica, voltou a ser debatido no clube. O site Torcedores apurou que o nome de Everton Cebolinha \u00e9 unanimidade entre a c\u00fapula do [&hellip;]<\/p>\n","protected":false},"author":1,"featured_media":75097,"comment_status":"open","ping_status":"closed","sticky":false,"template":"","format":"standard","meta":{"footnotes":""},"categories":[48],"tags":[],"class_list":["post-82371","post","type-post","status-publish","format-standard","has-post-thumbnail","hentry","category-negociacoes"],"yoast_head":"<!-- This site is optimized with the Yoast SEO Premium plugin v24.2 (Yoast SEO v26.9) - https:\/\/yoast.com\/product\/yoast-seo-premium-wordpress\/ -->\n<title>Flamengo tenta a contrata\u00e7\u00e3o de Everton Cebolinha; veja os detalhes<\/title>\n<meta name=\"robots\" content=\"index, follow, max-snippet:-1, max-image-preview:large, max-video-preview:-1\" \/>\n<link rel=\"canonical\" href=\"https:\/\/www.gaveanews.com\/index.php\/2022\/05\/31\/flamengo-tenta-a-contratacao-de-everton-cebolinha-veja-os-detalhes\/\" \/>\n<meta property=\"og:locale\" content=\"pt_BR\" \/>\n<meta property=\"og:type\" content=\"article\" \/>\n<meta property=\"og:title\" content=\"Flamengo tenta a contrata\u00e7\u00e3o de Everton Cebolinha; veja os detalhes\" \/>\n<meta property=\"og:description\" content=\"De olho na contrata\u00e7\u00e3o de Arturo Vidal, da Inter de Mil\u00e3o, o Flamengo segue focado em refor\u00e7ar seu elenco na pr\u00f3xima janela de transfer\u00eancias. Al\u00e9m do chileno, o atacante Everton Cebolinha, do Benfica, voltou a ser debatido no clube. O site Torcedores apurou que o nome de Everton Cebolinha \u00e9 unanimidade entre a c\u00fapula do [&hellip;]\" \/>\n<meta property=\"og:url\" content=\"https:\/\/www.gaveanews.com\/index.php\/2022\/05\/31\/flamengo-tenta-a-contratacao-de-everton-cebolinha-veja-os-detalhes\/\" \/>\n<meta property=\"og:site_name\" content=\"G\u00e1vea News\" \/>\n<meta property=\"article:publisher\" content=\"https:\/\/facebook.com\/gaveaNews\/\" \/>\n<meta property=\"article:published_time\" content=\"2022-05-31T10:05:29+00:00\" \/>\n<meta property=\"article:modified_time\" content=\"2022-05-31T10:05:32+00:00\" \/>\n<meta property=\"og:image\" content=\"https:\/\/www.gaveanews.com\/wp-content\/uploads\/Everton-Cebolinha-em-acao-pelo-Benfica.webp\" \/>\n\t<meta property=\"og:image:width\" content=\"1280\" \/>\n\t<meta property=\"og:image:height\" content=\"720\" \/>\n\t<meta property=\"og:image:type\" content=\"image\/jpeg\" \/>\n<meta name=\"author\" content=\"Equipe G\u00e1vea News\" \/>\n<meta name=\"twitter:card\" content=\"summary_large_image\" \/>\n<meta name=\"twitter:label1\" content=\"Escrito por\" \/>\n\t<meta name=\"twitter:data1\" content=\"Equipe G\u00e1vea News\" \/>\n\t<meta name=\"twitter:label2\" content=\"Est. tempo de leitura\" \/>\n\t<meta name=\"twitter:data2\" content=\"4 minutos\" \/>\n<script type=\"application\/ld+json\" class=\"yoast-schema-graph\">{\"@context\":\"https:\/\/schema.org\",\"@graph\":[{\"@type\":\"NewsArticle\",\"@id\":\"https:\/\/www.gaveanews.com\/index.php\/2022\/05\/31\/flamengo-tenta-a-contratacao-de-everton-cebolinha-veja-os-detalhes\/#article\",\"isPartOf\":{\"@id\":\"https:\/\/www.gaveanews.com\/index.php\/2022\/05\/31\/flamengo-tenta-a-contratacao-de-everton-cebolinha-veja-os-detalhes\/\"},\"author\":{\"name\":\"Equipe G\u00e1vea News\",\"@id\":\"https:\/\/www.gaveanews.com\/#\/schema\/person\/2ec14f73fb96be2caf28f91afb14749d\"},\"headline\":\"Flamengo tenta a contrata\u00e7\u00e3o de Everton Cebolinha; veja os detalhes\",\"datePublished\":\"2022-05-31T10:05:29+00:00\",\"dateModified\":\"2022-05-31T10:05:32+00:00\",\"mainEntityOfPage\":{\"@id\":\"https:\/\/www.gaveanews.com\/index.php\/2022\/05\/31\/flamengo-tenta-a-contratacao-de-everton-cebolinha-veja-os-detalhes\/\"},\"wordCount\":619,\"commentCount\":0,\"image\":{\"@id\":\"https:\/\/www.gaveanews.com\/index.php\/2022\/05\/31\/flamengo-tenta-a-contratacao-de-everton-cebolinha-veja-os-detalhes\/#primaryimage\"},\"thumbnailUrl\":\"https:\/\/www.gaveanews.com\/wp-content\/uploads\/Everton-Cebolinha-em-acao-pelo-Benfica.webp\",\"articleSection\":[\"Negocia\u00e7\u00f5es\"],\"inLanguage\":\"pt-BR\",\"potentialAction\":[{\"@type\":\"CommentAction\",\"name\":\"Comment\",\"target\":[\"https:\/\/www.gaveanews.com\/index.php\/2022\/05\/31\/flamengo-tenta-a-contratacao-de-everton-cebolinha-veja-os-detalhes\/#respond\"]}],\"copyrightYear\":\"2022\",\"copyrightHolder\":{\"@id\":\"https:\/\/www.gaveanews.com\/#organization\"}},{\"@type\":\"WebPage\",\"@id\":\"https:\/\/www.gaveanews.com\/index.php\/2022\/05\/31\/flamengo-tenta-a-contratacao-de-everton-cebolinha-veja-os-detalhes\/\",\"url\":\"https:\/\/www.gaveanews.com\/index.php\/2022\/05\/31\/flamengo-tenta-a-contratacao-de-everton-cebolinha-veja-os-detalhes\/\",\"name\":\"Flamengo tenta a contrata\u00e7\u00e3o de Everton Cebolinha; veja os detalhes\",\"isPartOf\":{\"@id\":\"https:\/\/www.gaveanews.com\/#website\"},\"primaryImageOfPage\":{\"@id\":\"https:\/\/www.gaveanews.com\/index.php\/2022\/05\/31\/flamengo-tenta-a-contratacao-de-everton-cebolinha-veja-os-detalhes\/#primaryimage\"},\"image\":{\"@id\":\"https:\/\/www.gaveanews.com\/index.php\/2022\/05\/31\/flamengo-tenta-a-contratacao-de-everton-cebolinha-veja-os-detalhes\/#primaryimage\"},\"thumbnailUrl\":\"https:\/\/www.gaveanews.com\/wp-content\/uploads\/Everton-Cebolinha-em-acao-pelo-Benfica.webp\",\"datePublished\":\"2022-05-31T10:05:29+00:00\",\"dateModified\":\"2022-05-31T10:05:32+00:00\",\"author\":{\"@id\":\"https:\/\/www.gaveanews.com\/#\/schema\/person\/2ec14f73fb96be2caf28f91afb14749d\"},\"breadcrumb\":{\"@id\":\"https:\/\/www.gaveanews.com\/index.php\/2022\/05\/31\/flamengo-tenta-a-contratacao-de-everton-cebolinha-veja-os-detalhes\/#breadcrumb\"},\"inLanguage\":\"pt-BR\",\"potentialAction\":[{\"@type\":\"ReadAction\",\"target\":[\"https:\/\/www.gaveanews.com\/index.php\/2022\/05\/31\/flamengo-tenta-a-contratacao-de-everton-cebolinha-veja-os-detalhes\/\"]}]},{\"@type\":\"ImageObject\",\"inLanguage\":\"pt-BR\",\"@id\":\"https:\/\/www.gaveanews.com\/index.php\/2022\/05\/31\/flamengo-tenta-a-contratacao-de-everton-cebolinha-veja-os-detalhes\/#primaryimage\",\"url\":\"https:\/\/www.gaveanews.com\/wp-content\/uploads\/Everton-Cebolinha-em-acao-pelo-Benfica.webp\",\"contentUrl\":\"https:\/\/www.gaveanews.com\/wp-content\/uploads\/Everton-Cebolinha-em-acao-pelo-Benfica.webp\",\"width\":1280,\"height\":720,\"caption\":\"Everton Cebolinha em a\u00e7\u00e3o pelo Benfica (Foto: Divulga\u00e7\u00e3o\/Benfica)\"},{\"@type\":\"BreadcrumbList\",\"@id\":\"https:\/\/www.gaveanews.com\/index.php\/2022\/05\/31\/flamengo-tenta-a-contratacao-de-everton-cebolinha-veja-os-detalhes\/#breadcrumb\",\"itemListElement\":[{\"@type\":\"ListItem\",\"position\":1,\"name\":\"Home\",\"item\":\"https:\/\/www.gaveanews.com\/\"},{\"@type\":\"ListItem\",\"position\":2,\"name\":\"Flamengo tenta a contrata\u00e7\u00e3o de Everton Cebolinha; veja os detalhes\"}]},{\"@type\":\"WebSite\",\"@id\":\"https:\/\/www.gaveanews.com\/#website\",\"url\":\"https:\/\/www.gaveanews.com\/\",\"name\":\"G\u00e1vea News\",\"description\":\"Veja todas as not\u00edcias sobre o Flamengo: Contrata\u00e7\u00f5es, categorias de base, resultados das partidas, tabela de classifica\u00e7\u00e3o, pr\u00f3ximos jogos!\",\"potentialAction\":[{\"@type\":\"SearchAction\",\"target\":{\"@type\":\"EntryPoint\",\"urlTemplate\":\"https:\/\/www.gaveanews.com\/?s={search_term_string}\"},\"query-input\":{\"@type\":\"PropertyValueSpecification\",\"valueRequired\":true,\"valueName\":\"search_term_string\"}}],\"inLanguage\":\"pt-BR\"},{\"@type\":\"Person\",\"@id\":\"https:\/\/www.gaveanews.com\/#\/schema\/person\/2ec14f73fb96be2caf28f91afb14749d\",\"name\":\"Equipe G\u00e1vea News\",\"image\":{\"@type\":\"ImageObject\",\"inLanguage\":\"pt-BR\",\"@id\":\"https:\/\/www.gaveanews.com\/#\/schema\/person\/image\/\",\"url\":\"https:\/\/secure.gravatar.com\/avatar\/1e1956f1facbffd3f8fa53a326721950116b3b9dc9bd44939c01180fd4a745a9?s=96&d=mm&r=g\",\"contentUrl\":\"https:\/\/secure.gravatar.com\/avatar\/1e1956f1facbffd3f8fa53a326721950116b3b9dc9bd44939c01180fd4a745a9?s=96&d=mm&r=g\",\"caption\":\"Equipe G\u00e1vea News\"}}]}<\/script>\n<!-- \/ Yoast SEO Premium plugin. -->","yoast_head_json":{"title":"Flamengo tenta a contrata\u00e7\u00e3o de Everton Cebolinha; veja os detalhes","robots":{"index":"index","follow":"follow","max-snippet":"max-snippet:-1","max-image-preview":"max-image-preview:large","max-video-preview":"max-video-preview:-1"},"canonical":"https:\/\/www.gaveanews.com\/index.php\/2022\/05\/31\/flamengo-tenta-a-contratacao-de-everton-cebolinha-veja-os-detalhes\/","og_locale":"pt_BR","og_type":"article","og_title":"Flamengo tenta a contrata\u00e7\u00e3o de Everton Cebolinha; veja os detalhes","og_description":"De olho na contrata\u00e7\u00e3o de Arturo Vidal, da Inter de Mil\u00e3o, o Flamengo segue focado em refor\u00e7ar seu elenco na pr\u00f3xima janela de transfer\u00eancias. Al\u00e9m do chileno, o atacante Everton Cebolinha, do Benfica, voltou a ser debatido no clube. O site Torcedores apurou que o nome de Everton Cebolinha \u00e9 unanimidade entre a c\u00fapula do [&hellip;]","og_url":"https:\/\/www.gaveanews.com\/index.php\/2022\/05\/31\/flamengo-tenta-a-contratacao-de-everton-cebolinha-veja-os-detalhes\/","og_site_name":"G\u00e1vea News","article_publisher":"https:\/\/facebook.com\/gaveaNews\/","article_published_time":"2022-05-31T10:05:29+00:00","article_modified_time":"2022-05-31T10:05:32+00:00","og_image":[{"width":1280,"height":720,"url":"https:\/\/www.gaveanews.com\/wp-content\/uploads\/Everton-Cebolinha-em-acao-pelo-Benfica.webp","type":"image\/jpeg"}],"author":"Equipe G\u00e1vea News","twitter_card":"summary_large_image","twitter_misc":{"Escrito por":"Equipe G\u00e1vea News","Est. tempo de leitura":"4 minutos"},"schema":{"@context":"https:\/\/schema.org","@graph":[{"@type":"NewsArticle","@id":"https:\/\/www.gaveanews.com\/index.php\/2022\/05\/31\/flamengo-tenta-a-contratacao-de-everton-cebolinha-veja-os-detalhes\/#article","isPartOf":{"@id":"https:\/\/www.gaveanews.com\/index.php\/2022\/05\/31\/flamengo-tenta-a-contratacao-de-everton-cebolinha-veja-os-detalhes\/"},"author":{"name":"Equipe G\u00e1vea News","@id":"https:\/\/www.gaveanews.com\/#\/schema\/person\/2ec14f73fb96be2caf28f91afb14749d"},"headline":"Flamengo tenta a contrata\u00e7\u00e3o de Everton Cebolinha; veja os detalhes","datePublished":"2022-05-31T10:05:29+00:00","dateModified":"2022-05-31T10:05:32+00:00","mainEntityOfPage":{"@id":"https:\/\/www.gaveanews.com\/index.php\/2022\/05\/31\/flamengo-tenta-a-contratacao-de-everton-cebolinha-veja-os-detalhes\/"},"wordCount":619,"commentCount":0,"image":{"@id":"https:\/\/www.gaveanews.com\/index.php\/2022\/05\/31\/flamengo-tenta-a-contratacao-de-everton-cebolinha-veja-os-detalhes\/#primaryimage"},"thumbnailUrl":"https:\/\/www.gaveanews.com\/wp-content\/uploads\/Everton-Cebolinha-em-acao-pelo-Benfica.webp","articleSection":["Negocia\u00e7\u00f5es"],"inLanguage":"pt-BR","potentialAction":[{"@type":"CommentAction","name":"Comment","target":["https:\/\/www.gaveanews.com\/index.php\/2022\/05\/31\/flamengo-tenta-a-contratacao-de-everton-cebolinha-veja-os-detalhes\/#respond"]}],"copyrightYear":"2022","copyrightHolder":{"@id":"https:\/\/www.gaveanews.com\/#organization"}},{"@type":"WebPage","@id":"https:\/\/www.gaveanews.com\/index.php\/2022\/05\/31\/flamengo-tenta-a-contratacao-de-everton-cebolinha-veja-os-detalhes\/","url":"https:\/\/www.gaveanews.com\/index.php\/2022\/05\/31\/flamengo-tenta-a-contratacao-de-everton-cebolinha-veja-os-detalhes\/","name":"Flamengo tenta a contrata\u00e7\u00e3o de Everton Cebolinha; veja os detalhes","isPartOf":{"@id":"https:\/\/www.gaveanews.com\/#website"},"primaryImageOfPage":{"@id":"https:\/\/www.gaveanews.com\/index.php\/2022\/05\/31\/flamengo-tenta-a-contratacao-de-everton-cebolinha-veja-os-detalhes\/#primaryimage"},"image":{"@id":"https:\/\/www.gaveanews.com\/index.php\/2022\/05\/31\/flamengo-tenta-a-contratacao-de-everton-cebolinha-veja-os-detalhes\/#primaryimage"},"thumbnailUrl":"https:\/\/www.gaveanews.com\/wp-content\/uploads\/Everton-Cebolinha-em-acao-pelo-Benfica.webp","datePublished":"2022-05-31T10:05:29+00:00","dateModified":"2022-05-31T10:05:32+00:00","author":{"@id":"https:\/\/www.gaveanews.com\/#\/schema\/person\/2ec14f73fb96be2caf28f91afb14749d"},"breadcrumb":{"@id":"https:\/\/www.gaveanews.com\/index.php\/2022\/05\/31\/flamengo-tenta-a-contratacao-de-everton-cebolinha-veja-os-detalhes\/#breadcrumb"},"inLanguage":"pt-BR","potentialAction":[{"@type":"ReadAction","target":["https:\/\/www.gaveanews.com\/index.php\/2022\/05\/31\/flamengo-tenta-a-contratacao-de-everton-cebolinha-veja-os-detalhes\/"]}]},{"@type":"ImageObject","inLanguage":"pt-BR","@id":"https:\/\/www.gaveanews.com\/index.php\/2022\/05\/31\/flamengo-tenta-a-contratacao-de-everton-cebolinha-veja-os-detalhes\/#primaryimage","url":"https:\/\/www.gaveanews.com\/wp-content\/uploads\/Everton-Cebolinha-em-acao-pelo-Benfica.webp","contentUrl":"https:\/\/www.gaveanews.com\/wp-content\/uploads\/Everton-Cebolinha-em-acao-pelo-Benfica.webp","width":1280,"height":720,"caption":"Everton Cebolinha em a\u00e7\u00e3o pelo Benfica (Foto: Divulga\u00e7\u00e3o\/Benfica)"},{"@type":"BreadcrumbList","@id":"https:\/\/www.gaveanews.com\/index.php\/2022\/05\/31\/flamengo-tenta-a-contratacao-de-everton-cebolinha-veja-os-detalhes\/#breadcrumb","itemListElement":[{"@type":"ListItem","position":1,"name":"Home","item":"https:\/\/www.gaveanews.com\/"},{"@type":"ListItem","position":2,"name":"Flamengo tenta a contrata\u00e7\u00e3o de Everton Cebolinha; veja os detalhes"}]},{"@type":"WebSite","@id":"https:\/\/www.gaveanews.com\/#website","url":"https:\/\/www.gaveanews.com\/","name":"G\u00e1vea News","description":"Veja todas as not\u00edcias sobre o Flamengo: Contrata\u00e7\u00f5es, categorias de base, resultados das partidas, tabela de classifica\u00e7\u00e3o, pr\u00f3ximos jogos!","potentialAction":[{"@type":"SearchAction","target":{"@type":"EntryPoint","urlTemplate":"https:\/\/www.gaveanews.com\/?s={search_term_string}"},"query-input":{"@type":"PropertyValueSpecification","valueRequired":true,"valueName":"search_term_string"}}],"inLanguage":"pt-BR"},{"@type":"Person","@id":"https:\/\/www.gaveanews.com\/#\/schema\/person\/2ec14f73fb96be2caf28f91afb14749d","name":"Equipe G\u00e1vea News","image":{"@type":"ImageObject","inLanguage":"pt-BR","@id":"https:\/\/www.gaveanews.com\/#\/schema\/person\/image\/","url":"https:\/\/secure.gravatar.com\/avatar\/1e1956f1facbffd3f8fa53a326721950116b3b9dc9bd44939c01180fd4a745a9?s=96&d=mm&r=g","contentUrl":"https:\/\/secure.gravatar.com\/avatar\/1e1956f1facbffd3f8fa53a326721950116b3b9dc9bd44939c01180fd4a745a9?s=96&d=mm&r=g","caption":"Equipe G\u00e1vea News"}}]}},"_links":{"self":[{"href":"https:\/\/www.gaveanews.com\/index.php\/wp-json\/wp\/v2\/posts\/82371","targetHints":{"allow":["GET"]}}],"collection":[{"href":"https:\/\/www.gaveanews.com\/index.php\/wp-json\/wp\/v2\/posts"}],"about":[{"href":"https:\/\/www.gaveanews.com\/index.php\/wp-json\/wp\/v2\/types\/post"}],"author":[{"embeddable":true,"href":"https:\/\/www.gaveanews.com\/index.php\/wp-json\/wp\/v2\/users\/1"}],"replies":[{"embeddable":true,"href":"https:\/\/www.gaveanews.com\/index.php\/wp-json\/wp\/v2\/comments?post=82371"}],"version-history":[{"count":0,"href":"https:\/\/www.gaveanews.com\/index.php\/wp-json\/wp\/v2\/posts\/82371\/revisions"}],"wp:featuredmedia":[{"embeddable":true,"href":"https:\/\/www.gaveanews.com\/index.php\/wp-json\/wp\/v2\/media\/75097"}],"wp:attachment":[{"href":"https:\/\/www.gaveanews.com\/index.php\/wp-json\/wp\/v2\/media?parent=82371"}],"wp:term":[{"taxonomy":"category","embeddable":true,"href":"https:\/\/www.gaveanews.com\/index.php\/wp-json\/wp\/v2\/categories?post=82371"},{"taxonomy":"post_tag","embeddable":true,"href":"https:\/\/www.gaveanews.com\/index.php\/wp-json\/wp\/v2\/tags?post=82371"}],"curies":[{"name":"wp","href":"https:\/\/api.w.org\/{rel}","templated":true}]}}