{"id":82373,"date":"2022-05-31T07:07:27","date_gmt":"2022-05-31T10:07:27","guid":{"rendered":"https:\/\/www.gaveanews.com\/?p=82373"},"modified":"2022-06-09T10:45:20","modified_gmt":"2022-06-09T13:45:20","slug":"presidente-do-flamengo-revela-reuniao-com-patrocinadores-na-europa","status":"publish","type":"post","link":"https:\/\/www.gaveanews.com\/index.php\/2022\/05\/31\/presidente-do-flamengo-revela-reuniao-com-patrocinadores-na-europa\/","title":{"rendered":"Presidente do Flamengo revela reuni\u00e3o com patrocinadores na Europa"},"content":{"rendered":"\n<p>O presidente do Flamengo, Rodolfo Landim, e o vice, Rodrigo Dunshee de Abranches, estiveram presentes em Paris para acompanharem de perto a final da Liga dos Campe\u00f5es entre Real Madrid e Liverpool. L\u00e1, acompanharam o t\u00edtulo do clube espanhol, com gol de Vin\u00edcius J\u00fanior, revelado pelo Rubro-Negro. No entanto, a ida dos dirigentes para o continente europeu, em meio a um cen\u00e1rio conturbado no Flamengo, n\u00e3o pegou muito bem entre os torcedores.<\/p>\n\n\n\n<p>Por sua vez, Landim afirmou que a viagem para Paris n\u00e3o foi exclusivamente para assistir \u00e0 decis\u00e3o. O mandat\u00e1rio afirmou que se reuniu com patrocinadores do Flamengo, como a Adidas, para discutir quest\u00f5es contratuais.<\/p>\n\n\n\n<p><em>\u2014 Foi muito bacana. \u00c9 um grande evento e \u00e9 sempre importante estar presente. N\u00e3o \u00e9 s\u00f3 um jogo em si, \u00e9 o um evento onde as pessoas se encontram e tudo isso, foi muito importante, pois tinha uma s\u00e9rie de reuni\u00f5es marcadas com nossos patrocinadores, no caso da Adidas, que nos convidou para assistir l\u00e1 em Paris<\/em> disse Rodolfo Landim, em entrevista \u00e0 \u201cFlaTV\u201d ap\u00f3s o cl\u00e1ssico com o Fluminense.<\/p>\n\n\n\n<p><em>\u2014 E tivemos reuni\u00f5es com o presidente, diretores da Adidas, j\u00e1 discutindo continuidade de contrato e tudo mais. Contrato muito importante que a gente renovou e de uma forma muito positiva e temos alguns detalhes para acertar. Conversamos l\u00e1 com o s\u00f3cios.com, que \u00e9 nosso parceiro tamb\u00e9m. O presidente \u00e9 franc\u00eas e tivemos uma reuni\u00e3o longa com ele tamb\u00e9m para acertar detalhes<\/em>, acrescentou o presidente.<\/p>\n\n\n\n<p>Outras reuni\u00f5es foram realizadas com os dirigentes do Flamengo na Fran\u00e7a. Antes da viagem, foi cogitada a possibilidade de Landim ter um encontro com Leonardo, ex-jogador do clube, que deixou a diretoria do Paris Saint-Germain. A ideia era fazer uma proposta para ele dirigir a pasta de futebol do clube.<\/p>\n\n\n\n<p>No entanto, o presidente do Flamengo nem sequer citou o nome do ex-jogador na entrevista. Landim disse que se reuniu com o mandat\u00e1rio da Pix Bet, patrocinadora do Flamengo, e que tamb\u00e9m participou de outras reuni\u00f5es, que n\u00e3o poderiam ser citadas.<\/p>\n\n\n\n<p><em>\u2014 Depois, tivemos reuni\u00e3o com a Pix Bet, presidente estava por l\u00e1. Acho que s\u00e3o essas conversas que eu posso falar, as demais eu n\u00e3o posso falar n\u00e3o. Essas s\u00e3o as que j\u00e1 tem rela\u00e7\u00e3o comercial conosco. Mas \u00e9 um momento em que a gente encontra o mundo do futebol presente l\u00e1. \u00c9 um grande evento. E \u00e9 muito importante a nossa presen\u00e7a por l\u00e1<\/em>, concluiu Landim.<\/p>\n\n\n\n<p>Retirado de: Jogada 10<\/p>\n","protected":false},"excerpt":{"rendered":"<p>O presidente do Flamengo, Rodolfo Landim, e o vice, Rodrigo Dunshee de Abranches, estiveram presentes em Paris para acompanharem de perto a final da Liga dos Campe\u00f5es entre Real Madrid e Liverpool. L\u00e1, acompanharam o t\u00edtulo do clube espanhol, com gol de Vin\u00edcius J\u00fanior, revelado pelo Rubro-Negro. No entanto, a ida dos dirigentes para o [&hellip;]<\/p>\n","protected":false},"author":1,"featured_media":15077,"comment_status":"open","ping_status":"closed","sticky":false,"template":"","format":"standard","meta":{"footnotes":""},"categories":[47],"tags":[],"class_list":["post-82373","post","type-post","status-publish","format-standard","has-post-thumbnail","hentry","category-destaques"],"yoast_head":"<!-- This site is optimized with the Yoast SEO Premium plugin v24.2 (Yoast SEO v26.9) - https:\/\/yoast.com\/product\/yoast-seo-premium-wordpress\/ -->\n<title>Presidente do Flamengo revela reuni\u00e3o com patrocinadores na Europa<\/title>\n<meta name=\"robots\" content=\"index, follow, max-snippet:-1, max-image-preview:large, max-video-preview:-1\" \/>\n<link rel=\"canonical\" href=\"https:\/\/www.gaveanews.com\/index.php\/2022\/05\/31\/presidente-do-flamengo-revela-reuniao-com-patrocinadores-na-europa\/\" \/>\n<meta property=\"og:locale\" content=\"pt_BR\" \/>\n<meta property=\"og:type\" content=\"article\" \/>\n<meta property=\"og:title\" content=\"Presidente do Flamengo revela reuni\u00e3o com patrocinadores na Europa\" \/>\n<meta property=\"og:description\" content=\"O presidente do Flamengo, Rodolfo Landim, e o vice, Rodrigo Dunshee de Abranches, estiveram presentes em Paris para acompanharem de perto a final da Liga dos Campe\u00f5es entre Real Madrid e Liverpool. L\u00e1, acompanharam o t\u00edtulo do clube espanhol, com gol de Vin\u00edcius J\u00fanior, revelado pelo Rubro-Negro. No entanto, a ida dos dirigentes para o [&hellip;]\" \/>\n<meta property=\"og:url\" content=\"https:\/\/www.gaveanews.com\/index.php\/2022\/05\/31\/presidente-do-flamengo-revela-reuniao-com-patrocinadores-na-europa\/\" \/>\n<meta property=\"og:site_name\" content=\"G\u00e1vea News\" \/>\n<meta property=\"article:publisher\" content=\"https:\/\/facebook.com\/gaveaNews\/\" \/>\n<meta property=\"article:published_time\" content=\"2022-05-31T10:07:27+00:00\" \/>\n<meta property=\"article:modified_time\" content=\"2022-06-09T13:45:20+00:00\" \/>\n<meta property=\"og:image\" content=\"https:\/\/www.gaveanews.com\/wp-content\/uploads\/2019\/03\/Rodolfo-Landim-durante-entrevista-coletiva-na-Gavea.webp\" \/>\n\t<meta property=\"og:image:width\" content=\"1\" \/>\n\t<meta property=\"og:image:height\" content=\"1\" \/>\n\t<meta property=\"og:image:type\" content=\"image\/jpeg\" \/>\n<meta name=\"author\" content=\"Equipe G\u00e1vea News\" \/>\n<meta name=\"twitter:card\" content=\"summary_large_image\" \/>\n<meta name=\"twitter:label1\" content=\"Escrito por\" \/>\n\t<meta name=\"twitter:data1\" content=\"Equipe G\u00e1vea News\" \/>\n\t<meta name=\"twitter:label2\" content=\"Est. tempo de leitura\" \/>\n\t<meta name=\"twitter:data2\" content=\"3 minutos\" \/>\n<script type=\"application\/ld+json\" class=\"yoast-schema-graph\">{\"@context\":\"https:\/\/schema.org\",\"@graph\":[{\"@type\":\"NewsArticle\",\"@id\":\"https:\/\/www.gaveanews.com\/index.php\/2022\/05\/31\/presidente-do-flamengo-revela-reuniao-com-patrocinadores-na-europa\/#article\",\"isPartOf\":{\"@id\":\"https:\/\/www.gaveanews.com\/index.php\/2022\/05\/31\/presidente-do-flamengo-revela-reuniao-com-patrocinadores-na-europa\/\"},\"author\":{\"name\":\"Equipe G\u00e1vea News\",\"@id\":\"https:\/\/www.gaveanews.com\/#\/schema\/person\/2ec14f73fb96be2caf28f91afb14749d\"},\"headline\":\"Presidente do Flamengo revela reuni\u00e3o com patrocinadores na Europa\",\"datePublished\":\"2022-05-31T10:07:27+00:00\",\"dateModified\":\"2022-06-09T13:45:20+00:00\",\"mainEntityOfPage\":{\"@id\":\"https:\/\/www.gaveanews.com\/index.php\/2022\/05\/31\/presidente-do-flamengo-revela-reuniao-com-patrocinadores-na-europa\/\"},\"wordCount\":434,\"commentCount\":0,\"image\":{\"@id\":\"https:\/\/www.gaveanews.com\/index.php\/2022\/05\/31\/presidente-do-flamengo-revela-reuniao-com-patrocinadores-na-europa\/#primaryimage\"},\"thumbnailUrl\":\"https:\/\/www.gaveanews.com\/wp-content\/uploads\/2019\/03\/Rodolfo-Landim-durante-entrevista-coletiva-na-Gavea.webp\",\"articleSection\":[\"Destaques\"],\"inLanguage\":\"pt-BR\",\"potentialAction\":[{\"@type\":\"CommentAction\",\"name\":\"Comment\",\"target\":[\"https:\/\/www.gaveanews.com\/index.php\/2022\/05\/31\/presidente-do-flamengo-revela-reuniao-com-patrocinadores-na-europa\/#respond\"]}],\"copyrightYear\":\"2022\",\"copyrightHolder\":{\"@id\":\"https:\/\/www.gaveanews.com\/#organization\"}},{\"@type\":\"WebPage\",\"@id\":\"https:\/\/www.gaveanews.com\/index.php\/2022\/05\/31\/presidente-do-flamengo-revela-reuniao-com-patrocinadores-na-europa\/\",\"url\":\"https:\/\/www.gaveanews.com\/index.php\/2022\/05\/31\/presidente-do-flamengo-revela-reuniao-com-patrocinadores-na-europa\/\",\"name\":\"Presidente do Flamengo revela reuni\u00e3o com patrocinadores na Europa\",\"isPartOf\":{\"@id\":\"https:\/\/www.gaveanews.com\/#website\"},\"primaryImageOfPage\":{\"@id\":\"https:\/\/www.gaveanews.com\/index.php\/2022\/05\/31\/presidente-do-flamengo-revela-reuniao-com-patrocinadores-na-europa\/#primaryimage\"},\"image\":{\"@id\":\"https:\/\/www.gaveanews.com\/index.php\/2022\/05\/31\/presidente-do-flamengo-revela-reuniao-com-patrocinadores-na-europa\/#primaryimage\"},\"thumbnailUrl\":\"https:\/\/www.gaveanews.com\/wp-content\/uploads\/2019\/03\/Rodolfo-Landim-durante-entrevista-coletiva-na-Gavea.webp\",\"datePublished\":\"2022-05-31T10:07:27+00:00\",\"dateModified\":\"2022-06-09T13:45:20+00:00\",\"author\":{\"@id\":\"https:\/\/www.gaveanews.com\/#\/schema\/person\/2ec14f73fb96be2caf28f91afb14749d\"},\"breadcrumb\":{\"@id\":\"https:\/\/www.gaveanews.com\/index.php\/2022\/05\/31\/presidente-do-flamengo-revela-reuniao-com-patrocinadores-na-europa\/#breadcrumb\"},\"inLanguage\":\"pt-BR\",\"potentialAction\":[{\"@type\":\"ReadAction\",\"target\":[\"https:\/\/www.gaveanews.com\/index.php\/2022\/05\/31\/presidente-do-flamengo-revela-reuniao-com-patrocinadores-na-europa\/\"]}]},{\"@type\":\"ImageObject\",\"inLanguage\":\"pt-BR\",\"@id\":\"https:\/\/www.gaveanews.com\/index.php\/2022\/05\/31\/presidente-do-flamengo-revela-reuniao-com-patrocinadores-na-europa\/#primaryimage\",\"url\":\"https:\/\/www.gaveanews.com\/wp-content\/uploads\/2019\/03\/Rodolfo-Landim-durante-entrevista-coletiva-na-Gavea.webp\",\"contentUrl\":\"https:\/\/www.gaveanews.com\/wp-content\/uploads\/2019\/03\/Rodolfo-Landim-durante-entrevista-coletiva-na-Gavea.webp\",\"width\":900,\"height\":599,\"caption\":\"Rodolfo Landim durante entrevista coletiva na G\u00e1vea (Foto: Ag\u00eancia Foto BR)\"},{\"@type\":\"BreadcrumbList\",\"@id\":\"https:\/\/www.gaveanews.com\/index.php\/2022\/05\/31\/presidente-do-flamengo-revela-reuniao-com-patrocinadores-na-europa\/#breadcrumb\",\"itemListElement\":[{\"@type\":\"ListItem\",\"position\":1,\"name\":\"Home\",\"item\":\"https:\/\/www.gaveanews.com\/\"},{\"@type\":\"ListItem\",\"position\":2,\"name\":\"Presidente do Flamengo revela reuni\u00e3o com patrocinadores na Europa\"}]},{\"@type\":\"WebSite\",\"@id\":\"https:\/\/www.gaveanews.com\/#website\",\"url\":\"https:\/\/www.gaveanews.com\/\",\"name\":\"G\u00e1vea News\",\"description\":\"Veja todas as not\u00edcias sobre o Flamengo: Contrata\u00e7\u00f5es, categorias de base, resultados das partidas, tabela de classifica\u00e7\u00e3o, pr\u00f3ximos jogos!\",\"potentialAction\":[{\"@type\":\"SearchAction\",\"target\":{\"@type\":\"EntryPoint\",\"urlTemplate\":\"https:\/\/www.gaveanews.com\/?s={search_term_string}\"},\"query-input\":{\"@type\":\"PropertyValueSpecification\",\"valueRequired\":true,\"valueName\":\"search_term_string\"}}],\"inLanguage\":\"pt-BR\"},{\"@type\":\"Person\",\"@id\":\"https:\/\/www.gaveanews.com\/#\/schema\/person\/2ec14f73fb96be2caf28f91afb14749d\",\"name\":\"Equipe G\u00e1vea News\",\"image\":{\"@type\":\"ImageObject\",\"inLanguage\":\"pt-BR\",\"@id\":\"https:\/\/www.gaveanews.com\/#\/schema\/person\/image\/\",\"url\":\"https:\/\/secure.gravatar.com\/avatar\/1e1956f1facbffd3f8fa53a326721950116b3b9dc9bd44939c01180fd4a745a9?s=96&d=mm&r=g\",\"contentUrl\":\"https:\/\/secure.gravatar.com\/avatar\/1e1956f1facbffd3f8fa53a326721950116b3b9dc9bd44939c01180fd4a745a9?s=96&d=mm&r=g\",\"caption\":\"Equipe G\u00e1vea News\"}}]}<\/script>\n<!-- \/ Yoast SEO Premium plugin. -->","yoast_head_json":{"title":"Presidente do Flamengo revela reuni\u00e3o com patrocinadores na Europa","robots":{"index":"index","follow":"follow","max-snippet":"max-snippet:-1","max-image-preview":"max-image-preview:large","max-video-preview":"max-video-preview:-1"},"canonical":"https:\/\/www.gaveanews.com\/index.php\/2022\/05\/31\/presidente-do-flamengo-revela-reuniao-com-patrocinadores-na-europa\/","og_locale":"pt_BR","og_type":"article","og_title":"Presidente do Flamengo revela reuni\u00e3o com patrocinadores na Europa","og_description":"O presidente do Flamengo, Rodolfo Landim, e o vice, Rodrigo Dunshee de Abranches, estiveram presentes em Paris para acompanharem de perto a final da Liga dos Campe\u00f5es entre Real Madrid e Liverpool. L\u00e1, acompanharam o t\u00edtulo do clube espanhol, com gol de Vin\u00edcius J\u00fanior, revelado pelo Rubro-Negro. No entanto, a ida dos dirigentes para o [&hellip;]","og_url":"https:\/\/www.gaveanews.com\/index.php\/2022\/05\/31\/presidente-do-flamengo-revela-reuniao-com-patrocinadores-na-europa\/","og_site_name":"G\u00e1vea News","article_publisher":"https:\/\/facebook.com\/gaveaNews\/","article_published_time":"2022-05-31T10:07:27+00:00","article_modified_time":"2022-06-09T13:45:20+00:00","og_image":[{"url":"https:\/\/www.gaveanews.com\/wp-content\/uploads\/2019\/03\/Rodolfo-Landim-durante-entrevista-coletiva-na-Gavea.webp","width":1,"height":1,"type":"image\/jpeg"}],"author":"Equipe G\u00e1vea News","twitter_card":"summary_large_image","twitter_misc":{"Escrito por":"Equipe G\u00e1vea News","Est. tempo de leitura":"3 minutos"},"schema":{"@context":"https:\/\/schema.org","@graph":[{"@type":"NewsArticle","@id":"https:\/\/www.gaveanews.com\/index.php\/2022\/05\/31\/presidente-do-flamengo-revela-reuniao-com-patrocinadores-na-europa\/#article","isPartOf":{"@id":"https:\/\/www.gaveanews.com\/index.php\/2022\/05\/31\/presidente-do-flamengo-revela-reuniao-com-patrocinadores-na-europa\/"},"author":{"name":"Equipe G\u00e1vea News","@id":"https:\/\/www.gaveanews.com\/#\/schema\/person\/2ec14f73fb96be2caf28f91afb14749d"},"headline":"Presidente do Flamengo revela reuni\u00e3o com patrocinadores na Europa","datePublished":"2022-05-31T10:07:27+00:00","dateModified":"2022-06-09T13:45:20+00:00","mainEntityOfPage":{"@id":"https:\/\/www.gaveanews.com\/index.php\/2022\/05\/31\/presidente-do-flamengo-revela-reuniao-com-patrocinadores-na-europa\/"},"wordCount":434,"commentCount":0,"image":{"@id":"https:\/\/www.gaveanews.com\/index.php\/2022\/05\/31\/presidente-do-flamengo-revela-reuniao-com-patrocinadores-na-europa\/#primaryimage"},"thumbnailUrl":"https:\/\/www.gaveanews.com\/wp-content\/uploads\/2019\/03\/Rodolfo-Landim-durante-entrevista-coletiva-na-Gavea.webp","articleSection":["Destaques"],"inLanguage":"pt-BR","potentialAction":[{"@type":"CommentAction","name":"Comment","target":["https:\/\/www.gaveanews.com\/index.php\/2022\/05\/31\/presidente-do-flamengo-revela-reuniao-com-patrocinadores-na-europa\/#respond"]}],"copyrightYear":"2022","copyrightHolder":{"@id":"https:\/\/www.gaveanews.com\/#organization"}},{"@type":"WebPage","@id":"https:\/\/www.gaveanews.com\/index.php\/2022\/05\/31\/presidente-do-flamengo-revela-reuniao-com-patrocinadores-na-europa\/","url":"https:\/\/www.gaveanews.com\/index.php\/2022\/05\/31\/presidente-do-flamengo-revela-reuniao-com-patrocinadores-na-europa\/","name":"Presidente do Flamengo revela reuni\u00e3o com patrocinadores na Europa","isPartOf":{"@id":"https:\/\/www.gaveanews.com\/#website"},"primaryImageOfPage":{"@id":"https:\/\/www.gaveanews.com\/index.php\/2022\/05\/31\/presidente-do-flamengo-revela-reuniao-com-patrocinadores-na-europa\/#primaryimage"},"image":{"@id":"https:\/\/www.gaveanews.com\/index.php\/2022\/05\/31\/presidente-do-flamengo-revela-reuniao-com-patrocinadores-na-europa\/#primaryimage"},"thumbnailUrl":"https:\/\/www.gaveanews.com\/wp-content\/uploads\/2019\/03\/Rodolfo-Landim-durante-entrevista-coletiva-na-Gavea.webp","datePublished":"2022-05-31T10:07:27+00:00","dateModified":"2022-06-09T13:45:20+00:00","author":{"@id":"https:\/\/www.gaveanews.com\/#\/schema\/person\/2ec14f73fb96be2caf28f91afb14749d"},"breadcrumb":{"@id":"https:\/\/www.gaveanews.com\/index.php\/2022\/05\/31\/presidente-do-flamengo-revela-reuniao-com-patrocinadores-na-europa\/#breadcrumb"},"inLanguage":"pt-BR","potentialAction":[{"@type":"ReadAction","target":["https:\/\/www.gaveanews.com\/index.php\/2022\/05\/31\/presidente-do-flamengo-revela-reuniao-com-patrocinadores-na-europa\/"]}]},{"@type":"ImageObject","inLanguage":"pt-BR","@id":"https:\/\/www.gaveanews.com\/index.php\/2022\/05\/31\/presidente-do-flamengo-revela-reuniao-com-patrocinadores-na-europa\/#primaryimage","url":"https:\/\/www.gaveanews.com\/wp-content\/uploads\/2019\/03\/Rodolfo-Landim-durante-entrevista-coletiva-na-Gavea.webp","contentUrl":"https:\/\/www.gaveanews.com\/wp-content\/uploads\/2019\/03\/Rodolfo-Landim-durante-entrevista-coletiva-na-Gavea.webp","width":900,"height":599,"caption":"Rodolfo Landim durante entrevista coletiva na G\u00e1vea (Foto: Ag\u00eancia Foto BR)"},{"@type":"BreadcrumbList","@id":"https:\/\/www.gaveanews.com\/index.php\/2022\/05\/31\/presidente-do-flamengo-revela-reuniao-com-patrocinadores-na-europa\/#breadcrumb","itemListElement":[{"@type":"ListItem","position":1,"name":"Home","item":"https:\/\/www.gaveanews.com\/"},{"@type":"ListItem","position":2,"name":"Presidente do Flamengo revela reuni\u00e3o com patrocinadores na Europa"}]},{"@type":"WebSite","@id":"https:\/\/www.gaveanews.com\/#website","url":"https:\/\/www.gaveanews.com\/","name":"G\u00e1vea News","description":"Veja todas as not\u00edcias sobre o Flamengo: Contrata\u00e7\u00f5es, categorias de base, resultados das partidas, tabela de classifica\u00e7\u00e3o, pr\u00f3ximos jogos!","potentialAction":[{"@type":"SearchAction","target":{"@type":"EntryPoint","urlTemplate":"https:\/\/www.gaveanews.com\/?s={search_term_string}"},"query-input":{"@type":"PropertyValueSpecification","valueRequired":true,"valueName":"search_term_string"}}],"inLanguage":"pt-BR"},{"@type":"Person","@id":"https:\/\/www.gaveanews.com\/#\/schema\/person\/2ec14f73fb96be2caf28f91afb14749d","name":"Equipe G\u00e1vea News","image":{"@type":"ImageObject","inLanguage":"pt-BR","@id":"https:\/\/www.gaveanews.com\/#\/schema\/person\/image\/","url":"https:\/\/secure.gravatar.com\/avatar\/1e1956f1facbffd3f8fa53a326721950116b3b9dc9bd44939c01180fd4a745a9?s=96&d=mm&r=g","contentUrl":"https:\/\/secure.gravatar.com\/avatar\/1e1956f1facbffd3f8fa53a326721950116b3b9dc9bd44939c01180fd4a745a9?s=96&d=mm&r=g","caption":"Equipe G\u00e1vea News"}}]}},"_links":{"self":[{"href":"https:\/\/www.gaveanews.com\/index.php\/wp-json\/wp\/v2\/posts\/82373","targetHints":{"allow":["GET"]}}],"collection":[{"href":"https:\/\/www.gaveanews.com\/index.php\/wp-json\/wp\/v2\/posts"}],"about":[{"href":"https:\/\/www.gaveanews.com\/index.php\/wp-json\/wp\/v2\/types\/post"}],"author":[{"embeddable":true,"href":"https:\/\/www.gaveanews.com\/index.php\/wp-json\/wp\/v2\/users\/1"}],"replies":[{"embeddable":true,"href":"https:\/\/www.gaveanews.com\/index.php\/wp-json\/wp\/v2\/comments?post=82373"}],"version-history":[{"count":0,"href":"https:\/\/www.gaveanews.com\/index.php\/wp-json\/wp\/v2\/posts\/82373\/revisions"}],"wp:featuredmedia":[{"embeddable":true,"href":"https:\/\/www.gaveanews.com\/index.php\/wp-json\/wp\/v2\/media\/15077"}],"wp:attachment":[{"href":"https:\/\/www.gaveanews.com\/index.php\/wp-json\/wp\/v2\/media?parent=82373"}],"wp:term":[{"taxonomy":"category","embeddable":true,"href":"https:\/\/www.gaveanews.com\/index.php\/wp-json\/wp\/v2\/categories?post=82373"},{"taxonomy":"post_tag","embeddable":true,"href":"https:\/\/www.gaveanews.com\/index.php\/wp-json\/wp\/v2\/tags?post=82373"}],"curies":[{"name":"wp","href":"https:\/\/api.w.org\/{rel}","templated":true}]}}