{"id":82394,"date":"2022-05-31T15:13:59","date_gmt":"2022-05-31T18:13:59","guid":{"rendered":"https:\/\/www.gaveanews.com\/?p=82394"},"modified":"2022-05-31T15:14:01","modified_gmt":"2022-05-31T18:14:01","slug":"flamengo-faz-esclarecimento-sobre-construcao-de-estadio-proprio","status":"publish","type":"post","link":"https:\/\/www.gaveanews.com\/index.php\/2022\/05\/31\/flamengo-faz-esclarecimento-sobre-construcao-de-estadio-proprio\/","title":{"rendered":"Flamengo faz esclarecimento sobre constru\u00e7\u00e3o de est\u00e1dio pr\u00f3prio"},"content":{"rendered":"\n<p>Recentemente veio a p\u00fablico a not\u00edcia de que o Flamengo estaria buscando formas de tornar poss\u00edvel a constru\u00e7\u00e3o de um est\u00e1dio pr\u00f3prio. Este seria, inclusive, um dos motivos de Rodolfo Landim e Rodrigo Dunshee terem ido \u00e0 Europa na \u00faltima semana.<\/p>\n\n\n\n<p>Um suposto local para a constru\u00e7\u00e3o tamb\u00e9m havia sido informado: o Parque Ol\u00edmpico. Frente \u00e0s afirma\u00e7\u00f5es sobre o tema, o Flamengo se pronunciou nesta ter\u00e7a-feira (31). Al\u00e9m de negar a inten\u00e7\u00e3o de construir no Parque Ol\u00edmpico, o Rubro-Negro ainda deixou claro seu desejo em permanecer na gest\u00e3o do Maracan\u00e3.<\/p>\n\n\n\n<p><em>&#8220;Em rela\u00e7\u00e3o \u00e0 not\u00edcia divulgada sobre poss\u00edvel interesse do Flamengo em construir um est\u00e1dio de futebol na \u00e1rea do Parque Ol\u00edmpico, o Clube de Regatas do Flamengo deixa claro que esta \u00e9 mais uma de tantas mentiras que circulam sobre o clube, sempre alegando que a poss\u00edvel informa\u00e7\u00e3o veio de um diretor ou pessoa pr\u00f3xima \u00e0 diretoria. Nada mais falso.<br>O Flamengo reafirma sim seu total desejo em continuar sendo o concession\u00e1rio do Maracan\u00e3, verdadeira casa da Na\u00e7\u00e3o Rubro-Negra.&#8221;<\/em><\/p>\n\n\n\n<p>A declara\u00e7\u00e3o oficial do clube foi compartilhada por Rodrigo Dunshee, que ainda chamou a suposta informa\u00e7\u00e3o de &#8220;sem p\u00e9 nem cabe\u00e7a&#8221;.<\/p>\n\n\n\n<figure class=\"wp-block-embed is-type-rich is-provider-twitter wp-block-embed-twitter\"><div class=\"wp-block-embed__wrapper\">\n<blockquote class=\"twitter-tweet\" data-width=\"550\" data-dnt=\"true\"><p lang=\"pt\" dir=\"ltr\">Coisas sem p\u00e9 nem cabe\u00e7a q surgem do nada e s\u00e3o aceitas como verdade. Nosso interesse \u00e9 o Maracan\u00e3. <a href=\"https:\/\/t.co\/YKlHrSgNUq\">https:\/\/t.co\/YKlHrSgNUq<\/a> <a href=\"https:\/\/twitter.com\/hashtag\/flamengo?src=hash&amp;ref_src=twsrc%5Etfw\">#flamengo<\/a><\/p>&mdash; Rodrigo Dunshee (@roddunshee) <a href=\"https:\/\/twitter.com\/roddunshee\/status\/1531697854166847490?ref_src=twsrc%5Etfw\">May 31, 2022<\/a><\/blockquote><script async src=\"https:\/\/platform.twitter.com\/widgets.js\" charset=\"utf-8\"><\/script>\n<\/div><\/figure>\n","protected":false},"excerpt":{"rendered":"<p>Recentemente veio a p\u00fablico a not\u00edcia de que o Flamengo estaria buscando formas de tornar poss\u00edvel a constru\u00e7\u00e3o de um est\u00e1dio pr\u00f3prio. Este seria, inclusive, um dos motivos de Rodolfo Landim e Rodrigo Dunshee terem ido \u00e0 Europa na \u00faltima semana. Um suposto local para a constru\u00e7\u00e3o tamb\u00e9m havia sido informado: o Parque Ol\u00edmpico. Frente [&hellip;]<\/p>\n","protected":false},"author":4,"featured_media":77941,"comment_status":"open","ping_status":"closed","sticky":false,"template":"","format":"standard","meta":{"footnotes":""},"categories":[47],"tags":[],"class_list":["post-82394","post","type-post","status-publish","format-standard","has-post-thumbnail","hentry","category-destaques"],"yoast_head":"<!-- This site is optimized with the Yoast SEO Premium plugin v24.2 (Yoast SEO v26.9) - https:\/\/yoast.com\/product\/yoast-seo-premium-wordpress\/ -->\n<title>Flamengo faz esclarecimento sobre constru\u00e7\u00e3o de est\u00e1dio pr\u00f3prio<\/title>\n<meta name=\"robots\" content=\"index, follow, max-snippet:-1, max-image-preview:large, max-video-preview:-1\" \/>\n<link rel=\"canonical\" href=\"https:\/\/www.gaveanews.com\/index.php\/2022\/05\/31\/flamengo-faz-esclarecimento-sobre-construcao-de-estadio-proprio\/\" \/>\n<meta property=\"og:locale\" content=\"pt_BR\" \/>\n<meta property=\"og:type\" content=\"article\" \/>\n<meta property=\"og:title\" content=\"Flamengo faz esclarecimento sobre constru\u00e7\u00e3o de est\u00e1dio pr\u00f3prio\" \/>\n<meta property=\"og:description\" content=\"Recentemente veio a p\u00fablico a not\u00edcia de que o Flamengo estaria buscando formas de tornar poss\u00edvel a constru\u00e7\u00e3o de um est\u00e1dio pr\u00f3prio. Este seria, inclusive, um dos motivos de Rodolfo Landim e Rodrigo Dunshee terem ido \u00e0 Europa na \u00faltima semana. Um suposto local para a constru\u00e7\u00e3o tamb\u00e9m havia sido informado: o Parque Ol\u00edmpico. Frente [&hellip;]\" \/>\n<meta property=\"og:url\" content=\"https:\/\/www.gaveanews.com\/index.php\/2022\/05\/31\/flamengo-faz-esclarecimento-sobre-construcao-de-estadio-proprio\/\" \/>\n<meta property=\"og:site_name\" content=\"G\u00e1vea News\" \/>\n<meta property=\"article:publisher\" content=\"https:\/\/facebook.com\/gaveaNews\/\" \/>\n<meta property=\"article:published_time\" content=\"2022-05-31T18:13:59+00:00\" \/>\n<meta property=\"article:modified_time\" content=\"2022-05-31T18:14:01+00:00\" \/>\n<meta property=\"og:image\" content=\"https:\/\/www.gaveanews.com\/wp-content\/uploads\/Interior-do-Maracana-apos-a-reforma-do-gramado.webp\" \/>\n\t<meta property=\"og:image:width\" content=\"1024\" \/>\n\t<meta property=\"og:image:height\" content=\"641\" \/>\n\t<meta property=\"og:image:type\" content=\"image\/jpeg\" \/>\n<meta name=\"author\" content=\"Let\u00edcia Gerheim\" \/>\n<meta name=\"twitter:card\" content=\"summary_large_image\" \/>\n<meta name=\"twitter:label1\" content=\"Escrito por\" \/>\n\t<meta name=\"twitter:data1\" content=\"Let\u00edcia Gerheim\" \/>\n\t<meta name=\"twitter:label2\" content=\"Est. tempo de leitura\" \/>\n\t<meta name=\"twitter:data2\" content=\"2 minutos\" \/>\n<script type=\"application\/ld+json\" class=\"yoast-schema-graph\">{\"@context\":\"https:\/\/schema.org\",\"@graph\":[{\"@type\":\"NewsArticle\",\"@id\":\"https:\/\/www.gaveanews.com\/index.php\/2022\/05\/31\/flamengo-faz-esclarecimento-sobre-construcao-de-estadio-proprio\/#article\",\"isPartOf\":{\"@id\":\"https:\/\/www.gaveanews.com\/index.php\/2022\/05\/31\/flamengo-faz-esclarecimento-sobre-construcao-de-estadio-proprio\/\"},\"author\":{\"name\":\"Let\u00edcia Gerheim\",\"@id\":\"https:\/\/www.gaveanews.com\/#\/schema\/person\/714c67050b836198af2450ba1c142a67\"},\"headline\":\"Flamengo faz esclarecimento sobre constru\u00e7\u00e3o de est\u00e1dio pr\u00f3prio\",\"datePublished\":\"2022-05-31T18:13:59+00:00\",\"dateModified\":\"2022-05-31T18:14:01+00:00\",\"mainEntityOfPage\":{\"@id\":\"https:\/\/www.gaveanews.com\/index.php\/2022\/05\/31\/flamengo-faz-esclarecimento-sobre-construcao-de-estadio-proprio\/\"},\"wordCount\":229,\"commentCount\":0,\"image\":{\"@id\":\"https:\/\/www.gaveanews.com\/index.php\/2022\/05\/31\/flamengo-faz-esclarecimento-sobre-construcao-de-estadio-proprio\/#primaryimage\"},\"thumbnailUrl\":\"https:\/\/www.gaveanews.com\/wp-content\/uploads\/Interior-do-Maracana-apos-a-reforma-do-gramado.webp\",\"articleSection\":[\"Destaques\"],\"inLanguage\":\"pt-BR\",\"potentialAction\":[{\"@type\":\"CommentAction\",\"name\":\"Comment\",\"target\":[\"https:\/\/www.gaveanews.com\/index.php\/2022\/05\/31\/flamengo-faz-esclarecimento-sobre-construcao-de-estadio-proprio\/#respond\"]}],\"copyrightYear\":\"2022\",\"copyrightHolder\":{\"@id\":\"https:\/\/www.gaveanews.com\/#organization\"}},{\"@type\":\"WebPage\",\"@id\":\"https:\/\/www.gaveanews.com\/index.php\/2022\/05\/31\/flamengo-faz-esclarecimento-sobre-construcao-de-estadio-proprio\/\",\"url\":\"https:\/\/www.gaveanews.com\/index.php\/2022\/05\/31\/flamengo-faz-esclarecimento-sobre-construcao-de-estadio-proprio\/\",\"name\":\"Flamengo faz esclarecimento sobre constru\u00e7\u00e3o de est\u00e1dio pr\u00f3prio\",\"isPartOf\":{\"@id\":\"https:\/\/www.gaveanews.com\/#website\"},\"primaryImageOfPage\":{\"@id\":\"https:\/\/www.gaveanews.com\/index.php\/2022\/05\/31\/flamengo-faz-esclarecimento-sobre-construcao-de-estadio-proprio\/#primaryimage\"},\"image\":{\"@id\":\"https:\/\/www.gaveanews.com\/index.php\/2022\/05\/31\/flamengo-faz-esclarecimento-sobre-construcao-de-estadio-proprio\/#primaryimage\"},\"thumbnailUrl\":\"https:\/\/www.gaveanews.com\/wp-content\/uploads\/Interior-do-Maracana-apos-a-reforma-do-gramado.webp\",\"datePublished\":\"2022-05-31T18:13:59+00:00\",\"dateModified\":\"2022-05-31T18:14:01+00:00\",\"author\":{\"@id\":\"https:\/\/www.gaveanews.com\/#\/schema\/person\/714c67050b836198af2450ba1c142a67\"},\"breadcrumb\":{\"@id\":\"https:\/\/www.gaveanews.com\/index.php\/2022\/05\/31\/flamengo-faz-esclarecimento-sobre-construcao-de-estadio-proprio\/#breadcrumb\"},\"inLanguage\":\"pt-BR\",\"potentialAction\":[{\"@type\":\"ReadAction\",\"target\":[\"https:\/\/www.gaveanews.com\/index.php\/2022\/05\/31\/flamengo-faz-esclarecimento-sobre-construcao-de-estadio-proprio\/\"]}]},{\"@type\":\"ImageObject\",\"inLanguage\":\"pt-BR\",\"@id\":\"https:\/\/www.gaveanews.com\/index.php\/2022\/05\/31\/flamengo-faz-esclarecimento-sobre-construcao-de-estadio-proprio\/#primaryimage\",\"url\":\"https:\/\/www.gaveanews.com\/wp-content\/uploads\/Interior-do-Maracana-apos-a-reforma-do-gramado.webp\",\"contentUrl\":\"https:\/\/www.gaveanews.com\/wp-content\/uploads\/Interior-do-Maracana-apos-a-reforma-do-gramado.webp\",\"width\":1024,\"height\":641,\"caption\":\"Interior do Maracan\u00e3 ap\u00f3s a reforma do gramado (Foto: Reprodu\u00e7\u00e3o\/Maracan\u00e3)\"},{\"@type\":\"BreadcrumbList\",\"@id\":\"https:\/\/www.gaveanews.com\/index.php\/2022\/05\/31\/flamengo-faz-esclarecimento-sobre-construcao-de-estadio-proprio\/#breadcrumb\",\"itemListElement\":[{\"@type\":\"ListItem\",\"position\":1,\"name\":\"Home\",\"item\":\"https:\/\/www.gaveanews.com\/\"},{\"@type\":\"ListItem\",\"position\":2,\"name\":\"Flamengo faz esclarecimento sobre constru\u00e7\u00e3o de est\u00e1dio pr\u00f3prio\"}]},{\"@type\":\"WebSite\",\"@id\":\"https:\/\/www.gaveanews.com\/#website\",\"url\":\"https:\/\/www.gaveanews.com\/\",\"name\":\"G\u00e1vea News\",\"description\":\"Veja todas as not\u00edcias sobre o Flamengo: Contrata\u00e7\u00f5es, categorias de base, resultados das partidas, tabela de classifica\u00e7\u00e3o, pr\u00f3ximos jogos!\",\"potentialAction\":[{\"@type\":\"SearchAction\",\"target\":{\"@type\":\"EntryPoint\",\"urlTemplate\":\"https:\/\/www.gaveanews.com\/?s={search_term_string}\"},\"query-input\":{\"@type\":\"PropertyValueSpecification\",\"valueRequired\":true,\"valueName\":\"search_term_string\"}}],\"inLanguage\":\"pt-BR\"},{\"@type\":\"Person\",\"@id\":\"https:\/\/www.gaveanews.com\/#\/schema\/person\/714c67050b836198af2450ba1c142a67\",\"name\":\"Let\u00edcia Gerheim\",\"image\":{\"@type\":\"ImageObject\",\"inLanguage\":\"pt-BR\",\"@id\":\"https:\/\/www.gaveanews.com\/#\/schema\/person\/image\/\",\"url\":\"https:\/\/secure.gravatar.com\/avatar\/60734739c50fcebfbac509e2a826ccd0ff405c019bc73aab9354f19ecad1dcb4?s=96&d=mm&r=g\",\"contentUrl\":\"https:\/\/secure.gravatar.com\/avatar\/60734739c50fcebfbac509e2a826ccd0ff405c019bc73aab9354f19ecad1dcb4?s=96&d=mm&r=g\",\"caption\":\"Let\u00edcia Gerheim\"}}]}<\/script>\n<!-- \/ Yoast SEO Premium plugin. -->","yoast_head_json":{"title":"Flamengo faz esclarecimento sobre constru\u00e7\u00e3o de est\u00e1dio pr\u00f3prio","robots":{"index":"index","follow":"follow","max-snippet":"max-snippet:-1","max-image-preview":"max-image-preview:large","max-video-preview":"max-video-preview:-1"},"canonical":"https:\/\/www.gaveanews.com\/index.php\/2022\/05\/31\/flamengo-faz-esclarecimento-sobre-construcao-de-estadio-proprio\/","og_locale":"pt_BR","og_type":"article","og_title":"Flamengo faz esclarecimento sobre constru\u00e7\u00e3o de est\u00e1dio pr\u00f3prio","og_description":"Recentemente veio a p\u00fablico a not\u00edcia de que o Flamengo estaria buscando formas de tornar poss\u00edvel a constru\u00e7\u00e3o de um est\u00e1dio pr\u00f3prio. Este seria, inclusive, um dos motivos de Rodolfo Landim e Rodrigo Dunshee terem ido \u00e0 Europa na \u00faltima semana. Um suposto local para a constru\u00e7\u00e3o tamb\u00e9m havia sido informado: o Parque Ol\u00edmpico. Frente [&hellip;]","og_url":"https:\/\/www.gaveanews.com\/index.php\/2022\/05\/31\/flamengo-faz-esclarecimento-sobre-construcao-de-estadio-proprio\/","og_site_name":"G\u00e1vea News","article_publisher":"https:\/\/facebook.com\/gaveaNews\/","article_published_time":"2022-05-31T18:13:59+00:00","article_modified_time":"2022-05-31T18:14:01+00:00","og_image":[{"width":1024,"height":641,"url":"https:\/\/www.gaveanews.com\/wp-content\/uploads\/Interior-do-Maracana-apos-a-reforma-do-gramado.webp","type":"image\/jpeg"}],"author":"Let\u00edcia Gerheim","twitter_card":"summary_large_image","twitter_misc":{"Escrito por":"Let\u00edcia Gerheim","Est. tempo de leitura":"2 minutos"},"schema":{"@context":"https:\/\/schema.org","@graph":[{"@type":"NewsArticle","@id":"https:\/\/www.gaveanews.com\/index.php\/2022\/05\/31\/flamengo-faz-esclarecimento-sobre-construcao-de-estadio-proprio\/#article","isPartOf":{"@id":"https:\/\/www.gaveanews.com\/index.php\/2022\/05\/31\/flamengo-faz-esclarecimento-sobre-construcao-de-estadio-proprio\/"},"author":{"name":"Let\u00edcia Gerheim","@id":"https:\/\/www.gaveanews.com\/#\/schema\/person\/714c67050b836198af2450ba1c142a67"},"headline":"Flamengo faz esclarecimento sobre constru\u00e7\u00e3o de est\u00e1dio pr\u00f3prio","datePublished":"2022-05-31T18:13:59+00:00","dateModified":"2022-05-31T18:14:01+00:00","mainEntityOfPage":{"@id":"https:\/\/www.gaveanews.com\/index.php\/2022\/05\/31\/flamengo-faz-esclarecimento-sobre-construcao-de-estadio-proprio\/"},"wordCount":229,"commentCount":0,"image":{"@id":"https:\/\/www.gaveanews.com\/index.php\/2022\/05\/31\/flamengo-faz-esclarecimento-sobre-construcao-de-estadio-proprio\/#primaryimage"},"thumbnailUrl":"https:\/\/www.gaveanews.com\/wp-content\/uploads\/Interior-do-Maracana-apos-a-reforma-do-gramado.webp","articleSection":["Destaques"],"inLanguage":"pt-BR","potentialAction":[{"@type":"CommentAction","name":"Comment","target":["https:\/\/www.gaveanews.com\/index.php\/2022\/05\/31\/flamengo-faz-esclarecimento-sobre-construcao-de-estadio-proprio\/#respond"]}],"copyrightYear":"2022","copyrightHolder":{"@id":"https:\/\/www.gaveanews.com\/#organization"}},{"@type":"WebPage","@id":"https:\/\/www.gaveanews.com\/index.php\/2022\/05\/31\/flamengo-faz-esclarecimento-sobre-construcao-de-estadio-proprio\/","url":"https:\/\/www.gaveanews.com\/index.php\/2022\/05\/31\/flamengo-faz-esclarecimento-sobre-construcao-de-estadio-proprio\/","name":"Flamengo faz esclarecimento sobre constru\u00e7\u00e3o de est\u00e1dio pr\u00f3prio","isPartOf":{"@id":"https:\/\/www.gaveanews.com\/#website"},"primaryImageOfPage":{"@id":"https:\/\/www.gaveanews.com\/index.php\/2022\/05\/31\/flamengo-faz-esclarecimento-sobre-construcao-de-estadio-proprio\/#primaryimage"},"image":{"@id":"https:\/\/www.gaveanews.com\/index.php\/2022\/05\/31\/flamengo-faz-esclarecimento-sobre-construcao-de-estadio-proprio\/#primaryimage"},"thumbnailUrl":"https:\/\/www.gaveanews.com\/wp-content\/uploads\/Interior-do-Maracana-apos-a-reforma-do-gramado.webp","datePublished":"2022-05-31T18:13:59+00:00","dateModified":"2022-05-31T18:14:01+00:00","author":{"@id":"https:\/\/www.gaveanews.com\/#\/schema\/person\/714c67050b836198af2450ba1c142a67"},"breadcrumb":{"@id":"https:\/\/www.gaveanews.com\/index.php\/2022\/05\/31\/flamengo-faz-esclarecimento-sobre-construcao-de-estadio-proprio\/#breadcrumb"},"inLanguage":"pt-BR","potentialAction":[{"@type":"ReadAction","target":["https:\/\/www.gaveanews.com\/index.php\/2022\/05\/31\/flamengo-faz-esclarecimento-sobre-construcao-de-estadio-proprio\/"]}]},{"@type":"ImageObject","inLanguage":"pt-BR","@id":"https:\/\/www.gaveanews.com\/index.php\/2022\/05\/31\/flamengo-faz-esclarecimento-sobre-construcao-de-estadio-proprio\/#primaryimage","url":"https:\/\/www.gaveanews.com\/wp-content\/uploads\/Interior-do-Maracana-apos-a-reforma-do-gramado.webp","contentUrl":"https:\/\/www.gaveanews.com\/wp-content\/uploads\/Interior-do-Maracana-apos-a-reforma-do-gramado.webp","width":1024,"height":641,"caption":"Interior do Maracan\u00e3 ap\u00f3s a reforma do gramado (Foto: Reprodu\u00e7\u00e3o\/Maracan\u00e3)"},{"@type":"BreadcrumbList","@id":"https:\/\/www.gaveanews.com\/index.php\/2022\/05\/31\/flamengo-faz-esclarecimento-sobre-construcao-de-estadio-proprio\/#breadcrumb","itemListElement":[{"@type":"ListItem","position":1,"name":"Home","item":"https:\/\/www.gaveanews.com\/"},{"@type":"ListItem","position":2,"name":"Flamengo faz esclarecimento sobre constru\u00e7\u00e3o de est\u00e1dio pr\u00f3prio"}]},{"@type":"WebSite","@id":"https:\/\/www.gaveanews.com\/#website","url":"https:\/\/www.gaveanews.com\/","name":"G\u00e1vea News","description":"Veja todas as not\u00edcias sobre o Flamengo: Contrata\u00e7\u00f5es, categorias de base, resultados das partidas, tabela de classifica\u00e7\u00e3o, pr\u00f3ximos jogos!","potentialAction":[{"@type":"SearchAction","target":{"@type":"EntryPoint","urlTemplate":"https:\/\/www.gaveanews.com\/?s={search_term_string}"},"query-input":{"@type":"PropertyValueSpecification","valueRequired":true,"valueName":"search_term_string"}}],"inLanguage":"pt-BR"},{"@type":"Person","@id":"https:\/\/www.gaveanews.com\/#\/schema\/person\/714c67050b836198af2450ba1c142a67","name":"Let\u00edcia Gerheim","image":{"@type":"ImageObject","inLanguage":"pt-BR","@id":"https:\/\/www.gaveanews.com\/#\/schema\/person\/image\/","url":"https:\/\/secure.gravatar.com\/avatar\/60734739c50fcebfbac509e2a826ccd0ff405c019bc73aab9354f19ecad1dcb4?s=96&d=mm&r=g","contentUrl":"https:\/\/secure.gravatar.com\/avatar\/60734739c50fcebfbac509e2a826ccd0ff405c019bc73aab9354f19ecad1dcb4?s=96&d=mm&r=g","caption":"Let\u00edcia Gerheim"}}]}},"_links":{"self":[{"href":"https:\/\/www.gaveanews.com\/index.php\/wp-json\/wp\/v2\/posts\/82394","targetHints":{"allow":["GET"]}}],"collection":[{"href":"https:\/\/www.gaveanews.com\/index.php\/wp-json\/wp\/v2\/posts"}],"about":[{"href":"https:\/\/www.gaveanews.com\/index.php\/wp-json\/wp\/v2\/types\/post"}],"author":[{"embeddable":true,"href":"https:\/\/www.gaveanews.com\/index.php\/wp-json\/wp\/v2\/users\/4"}],"replies":[{"embeddable":true,"href":"https:\/\/www.gaveanews.com\/index.php\/wp-json\/wp\/v2\/comments?post=82394"}],"version-history":[{"count":0,"href":"https:\/\/www.gaveanews.com\/index.php\/wp-json\/wp\/v2\/posts\/82394\/revisions"}],"wp:featuredmedia":[{"embeddable":true,"href":"https:\/\/www.gaveanews.com\/index.php\/wp-json\/wp\/v2\/media\/77941"}],"wp:attachment":[{"href":"https:\/\/www.gaveanews.com\/index.php\/wp-json\/wp\/v2\/media?parent=82394"}],"wp:term":[{"taxonomy":"category","embeddable":true,"href":"https:\/\/www.gaveanews.com\/index.php\/wp-json\/wp\/v2\/categories?post=82394"},{"taxonomy":"post_tag","embeddable":true,"href":"https:\/\/www.gaveanews.com\/index.php\/wp-json\/wp\/v2\/tags?post=82394"}],"curies":[{"name":"wp","href":"https:\/\/api.w.org\/{rel}","templated":true}]}}