{"id":82403,"date":"2022-05-31T18:37:37","date_gmt":"2022-05-31T21:37:37","guid":{"rendered":"https:\/\/www.gaveanews.com\/?p=82403"},"modified":"2022-05-31T18:37:40","modified_gmt":"2022-05-31T21:37:40","slug":"flamengo-comeca-a-fazer-limpa-no-elenco","status":"publish","type":"post","link":"https:\/\/www.gaveanews.com\/index.php\/2022\/05\/31\/flamengo-comeca-a-fazer-limpa-no-elenco\/","title":{"rendered":"Flamengo come\u00e7a a fazer &#8216;limpa&#8217; no elenco"},"content":{"rendered":"\n<p>O Flamengo n\u00e3o para de estudar o mercado em busca de refor\u00e7os. Nesse sentindo, o clube pretende trazer um lateral direito na pr\u00f3xima janela de transfer\u00eancia. Segundo a apura\u00e7\u00e3o da jornalista Raisa Simplicio, do site \u201cGoal\u201d, o Mais Querido n\u00e3o ir\u00e1 renovar com o lateral Mauricio Isla, e por isto, ir\u00e1 atrav\u00e9s de uma pe\u00e7a de recomposi\u00e7\u00e3o para o setor.<\/p>\n\n\n\n<p>Ainda segundo Raisa, caso alguma boa proposta seja apresentada aos empres\u00e1rios de Isla na janela  de transfer\u00eancias do meio desta temporada, a diretoria flamenguista n\u00e3o pretende dificultar sua sa\u00edda. <\/p>\n\n\n\n<figure class=\"wp-block-embed is-type-rich is-provider-twitter wp-block-embed-twitter\"><div class=\"wp-block-embed__wrapper\">\n<blockquote class=\"twitter-tweet\" data-width=\"550\" data-dnt=\"true\"><p lang=\"pt\" dir=\"ltr\">O Flamengo n\u00e3o planeja renovar com Isla e se chegar algo bom para ele no meio do ano, diretoria n\u00e3o descarta liberar. Renova\u00e7\u00e3o do Rodinei segue travada e mesmo que saia, tend\u00eancia \u00e9 que a longo prazo n\u00e3o fique no clube<\/p>&mdash; Raisa Simplicio (@simpraisa) <a href=\"https:\/\/twitter.com\/simpraisa\/status\/1531434296430538752?ref_src=twsrc%5Etfw\">May 31, 2022<\/a><\/blockquote><script async src=\"https:\/\/platform.twitter.com\/widgets.js\" charset=\"utf-8\"><\/script>\n<\/div><\/figure>\n\n\n\n<p>Ainda sobre os refor\u00e7os, o Rubro-Negro sonha em concluir a transa\u00e7\u00e3o por Thiago Mendes, atualmente no Lyon, da Fran\u00e7a. O volante est\u00e1 em fim de contrato com o clube franc\u00eas, que provavelmente ir\u00e1 buscar a negocia\u00e7\u00e3o do atleta na pr\u00f3xima janela. Sendo assim, o Flamengo deve conseguir concluir a transa\u00e7\u00e3o de antigo alvo.<\/p>\n\n\n\n<p>Adaptado de: Di\u00e1rio do Fla<\/p>\n","protected":false},"excerpt":{"rendered":"<p>O Flamengo n\u00e3o para de estudar o mercado em busca de refor\u00e7os. Nesse sentindo, o clube pretende trazer um lateral direito na pr\u00f3xima janela de transfer\u00eancia. Segundo a apura\u00e7\u00e3o da jornalista Raisa Simplicio, do site \u201cGoal\u201d, o Mais Querido n\u00e3o ir\u00e1 renovar com o lateral Mauricio Isla, e por isto, ir\u00e1 atrav\u00e9s de uma pe\u00e7a [&hellip;]<\/p>\n","protected":false},"author":1,"featured_media":80237,"comment_status":"open","ping_status":"closed","sticky":false,"template":"","format":"standard","meta":{"footnotes":""},"categories":[48],"tags":[],"class_list":["post-82403","post","type-post","status-publish","format-standard","has-post-thumbnail","hentry","category-negociacoes"],"yoast_head":"<!-- This site is optimized with the Yoast SEO Premium plugin v24.2 (Yoast SEO v26.9) - https:\/\/yoast.com\/product\/yoast-seo-premium-wordpress\/ -->\n<title>Flamengo come\u00e7a a fazer &#039;limpa&#039; no elenco<\/title>\n<meta name=\"robots\" content=\"index, follow, max-snippet:-1, max-image-preview:large, max-video-preview:-1\" \/>\n<link rel=\"canonical\" href=\"https:\/\/www.gaveanews.com\/index.php\/2022\/05\/31\/flamengo-comeca-a-fazer-limpa-no-elenco\/\" \/>\n<meta property=\"og:locale\" content=\"pt_BR\" \/>\n<meta property=\"og:type\" content=\"article\" \/>\n<meta property=\"og:title\" content=\"Flamengo come\u00e7a a fazer &#039;limpa&#039; no elenco\" \/>\n<meta property=\"og:description\" content=\"O Flamengo n\u00e3o para de estudar o mercado em busca de refor\u00e7os. Nesse sentindo, o clube pretende trazer um lateral direito na pr\u00f3xima janela de transfer\u00eancia. Segundo a apura\u00e7\u00e3o da jornalista Raisa Simplicio, do site \u201cGoal\u201d, o Mais Querido n\u00e3o ir\u00e1 renovar com o lateral Mauricio Isla, e por isto, ir\u00e1 atrav\u00e9s de uma pe\u00e7a [&hellip;]\" \/>\n<meta property=\"og:url\" content=\"https:\/\/www.gaveanews.com\/index.php\/2022\/05\/31\/flamengo-comeca-a-fazer-limpa-no-elenco\/\" \/>\n<meta property=\"og:site_name\" content=\"G\u00e1vea News\" \/>\n<meta property=\"article:publisher\" content=\"https:\/\/facebook.com\/gaveaNews\/\" \/>\n<meta property=\"article:published_time\" content=\"2022-05-31T21:37:37+00:00\" \/>\n<meta property=\"article:modified_time\" content=\"2022-05-31T21:37:40+00:00\" \/>\n<meta property=\"og:image\" content=\"https:\/\/www.gaveanews.com\/wp-content\/uploads\/Jogadores-do-Flamengo-comemoram-gol-de-Isla-contra-o-Sao-Paulo.webp\" \/>\n\t<meta property=\"og:image:width\" content=\"800\" \/>\n\t<meta property=\"og:image:height\" content=\"532\" \/>\n\t<meta property=\"og:image:type\" content=\"image\/jpeg\" \/>\n<meta name=\"author\" content=\"Equipe G\u00e1vea News\" \/>\n<meta name=\"twitter:card\" content=\"summary_large_image\" \/>\n<meta name=\"twitter:label1\" content=\"Escrito por\" \/>\n\t<meta name=\"twitter:data1\" content=\"Equipe G\u00e1vea News\" \/>\n\t<meta name=\"twitter:label2\" content=\"Est. tempo de leitura\" \/>\n\t<meta name=\"twitter:data2\" content=\"1 minuto\" \/>\n<script type=\"application\/ld+json\" class=\"yoast-schema-graph\">{\"@context\":\"https:\/\/schema.org\",\"@graph\":[{\"@type\":\"NewsArticle\",\"@id\":\"https:\/\/www.gaveanews.com\/index.php\/2022\/05\/31\/flamengo-comeca-a-fazer-limpa-no-elenco\/#article\",\"isPartOf\":{\"@id\":\"https:\/\/www.gaveanews.com\/index.php\/2022\/05\/31\/flamengo-comeca-a-fazer-limpa-no-elenco\/\"},\"author\":{\"name\":\"Equipe G\u00e1vea News\",\"@id\":\"https:\/\/www.gaveanews.com\/#\/schema\/person\/2ec14f73fb96be2caf28f91afb14749d\"},\"headline\":\"Flamengo come\u00e7a a fazer &#8216;limpa&#8217; no elenco\",\"datePublished\":\"2022-05-31T21:37:37+00:00\",\"dateModified\":\"2022-05-31T21:37:40+00:00\",\"mainEntityOfPage\":{\"@id\":\"https:\/\/www.gaveanews.com\/index.php\/2022\/05\/31\/flamengo-comeca-a-fazer-limpa-no-elenco\/\"},\"wordCount\":181,\"commentCount\":0,\"image\":{\"@id\":\"https:\/\/www.gaveanews.com\/index.php\/2022\/05\/31\/flamengo-comeca-a-fazer-limpa-no-elenco\/#primaryimage\"},\"thumbnailUrl\":\"https:\/\/www.gaveanews.com\/wp-content\/uploads\/Jogadores-do-Flamengo-comemoram-gol-de-Isla-contra-o-Sao-Paulo.webp\",\"articleSection\":[\"Negocia\u00e7\u00f5es\"],\"inLanguage\":\"pt-BR\",\"potentialAction\":[{\"@type\":\"CommentAction\",\"name\":\"Comment\",\"target\":[\"https:\/\/www.gaveanews.com\/index.php\/2022\/05\/31\/flamengo-comeca-a-fazer-limpa-no-elenco\/#respond\"]}],\"copyrightYear\":\"2022\",\"copyrightHolder\":{\"@id\":\"https:\/\/www.gaveanews.com\/#organization\"}},{\"@type\":\"WebPage\",\"@id\":\"https:\/\/www.gaveanews.com\/index.php\/2022\/05\/31\/flamengo-comeca-a-fazer-limpa-no-elenco\/\",\"url\":\"https:\/\/www.gaveanews.com\/index.php\/2022\/05\/31\/flamengo-comeca-a-fazer-limpa-no-elenco\/\",\"name\":\"Flamengo come\u00e7a a fazer 'limpa' no elenco\",\"isPartOf\":{\"@id\":\"https:\/\/www.gaveanews.com\/#website\"},\"primaryImageOfPage\":{\"@id\":\"https:\/\/www.gaveanews.com\/index.php\/2022\/05\/31\/flamengo-comeca-a-fazer-limpa-no-elenco\/#primaryimage\"},\"image\":{\"@id\":\"https:\/\/www.gaveanews.com\/index.php\/2022\/05\/31\/flamengo-comeca-a-fazer-limpa-no-elenco\/#primaryimage\"},\"thumbnailUrl\":\"https:\/\/www.gaveanews.com\/wp-content\/uploads\/Jogadores-do-Flamengo-comemoram-gol-de-Isla-contra-o-Sao-Paulo.webp\",\"datePublished\":\"2022-05-31T21:37:37+00:00\",\"dateModified\":\"2022-05-31T21:37:40+00:00\",\"author\":{\"@id\":\"https:\/\/www.gaveanews.com\/#\/schema\/person\/2ec14f73fb96be2caf28f91afb14749d\"},\"breadcrumb\":{\"@id\":\"https:\/\/www.gaveanews.com\/index.php\/2022\/05\/31\/flamengo-comeca-a-fazer-limpa-no-elenco\/#breadcrumb\"},\"inLanguage\":\"pt-BR\",\"potentialAction\":[{\"@type\":\"ReadAction\",\"target\":[\"https:\/\/www.gaveanews.com\/index.php\/2022\/05\/31\/flamengo-comeca-a-fazer-limpa-no-elenco\/\"]}]},{\"@type\":\"ImageObject\",\"inLanguage\":\"pt-BR\",\"@id\":\"https:\/\/www.gaveanews.com\/index.php\/2022\/05\/31\/flamengo-comeca-a-fazer-limpa-no-elenco\/#primaryimage\",\"url\":\"https:\/\/www.gaveanews.com\/wp-content\/uploads\/Jogadores-do-Flamengo-comemoram-gol-de-Isla-contra-o-Sao-Paulo.webp\",\"contentUrl\":\"https:\/\/www.gaveanews.com\/wp-content\/uploads\/Jogadores-do-Flamengo-comemoram-gol-de-Isla-contra-o-Sao-Paulo.webp\",\"width\":800,\"height\":532,\"caption\":\"Jogadores do Flamengo comemoram gol de Isla contra o S\u00e3o Paulo (Foto: Marcelo Cortes\/Flamengo)\"},{\"@type\":\"BreadcrumbList\",\"@id\":\"https:\/\/www.gaveanews.com\/index.php\/2022\/05\/31\/flamengo-comeca-a-fazer-limpa-no-elenco\/#breadcrumb\",\"itemListElement\":[{\"@type\":\"ListItem\",\"position\":1,\"name\":\"Home\",\"item\":\"https:\/\/www.gaveanews.com\/\"},{\"@type\":\"ListItem\",\"position\":2,\"name\":\"Flamengo come\u00e7a a fazer &#8216;limpa&#8217; no elenco\"}]},{\"@type\":\"WebSite\",\"@id\":\"https:\/\/www.gaveanews.com\/#website\",\"url\":\"https:\/\/www.gaveanews.com\/\",\"name\":\"G\u00e1vea News\",\"description\":\"Veja todas as not\u00edcias sobre o Flamengo: Contrata\u00e7\u00f5es, categorias de base, resultados das partidas, tabela de classifica\u00e7\u00e3o, pr\u00f3ximos jogos!\",\"potentialAction\":[{\"@type\":\"SearchAction\",\"target\":{\"@type\":\"EntryPoint\",\"urlTemplate\":\"https:\/\/www.gaveanews.com\/?s={search_term_string}\"},\"query-input\":{\"@type\":\"PropertyValueSpecification\",\"valueRequired\":true,\"valueName\":\"search_term_string\"}}],\"inLanguage\":\"pt-BR\"},{\"@type\":\"Person\",\"@id\":\"https:\/\/www.gaveanews.com\/#\/schema\/person\/2ec14f73fb96be2caf28f91afb14749d\",\"name\":\"Equipe G\u00e1vea News\",\"image\":{\"@type\":\"ImageObject\",\"inLanguage\":\"pt-BR\",\"@id\":\"https:\/\/www.gaveanews.com\/#\/schema\/person\/image\/\",\"url\":\"https:\/\/secure.gravatar.com\/avatar\/1e1956f1facbffd3f8fa53a326721950116b3b9dc9bd44939c01180fd4a745a9?s=96&d=mm&r=g\",\"contentUrl\":\"https:\/\/secure.gravatar.com\/avatar\/1e1956f1facbffd3f8fa53a326721950116b3b9dc9bd44939c01180fd4a745a9?s=96&d=mm&r=g\",\"caption\":\"Equipe G\u00e1vea News\"}}]}<\/script>\n<!-- \/ Yoast SEO Premium plugin. -->","yoast_head_json":{"title":"Flamengo come\u00e7a a fazer 'limpa' no elenco","robots":{"index":"index","follow":"follow","max-snippet":"max-snippet:-1","max-image-preview":"max-image-preview:large","max-video-preview":"max-video-preview:-1"},"canonical":"https:\/\/www.gaveanews.com\/index.php\/2022\/05\/31\/flamengo-comeca-a-fazer-limpa-no-elenco\/","og_locale":"pt_BR","og_type":"article","og_title":"Flamengo come\u00e7a a fazer 'limpa' no elenco","og_description":"O Flamengo n\u00e3o para de estudar o mercado em busca de refor\u00e7os. Nesse sentindo, o clube pretende trazer um lateral direito na pr\u00f3xima janela de transfer\u00eancia. Segundo a apura\u00e7\u00e3o da jornalista Raisa Simplicio, do site \u201cGoal\u201d, o Mais Querido n\u00e3o ir\u00e1 renovar com o lateral Mauricio Isla, e por isto, ir\u00e1 atrav\u00e9s de uma pe\u00e7a [&hellip;]","og_url":"https:\/\/www.gaveanews.com\/index.php\/2022\/05\/31\/flamengo-comeca-a-fazer-limpa-no-elenco\/","og_site_name":"G\u00e1vea News","article_publisher":"https:\/\/facebook.com\/gaveaNews\/","article_published_time":"2022-05-31T21:37:37+00:00","article_modified_time":"2022-05-31T21:37:40+00:00","og_image":[{"width":800,"height":532,"url":"https:\/\/www.gaveanews.com\/wp-content\/uploads\/Jogadores-do-Flamengo-comemoram-gol-de-Isla-contra-o-Sao-Paulo.webp","type":"image\/jpeg"}],"author":"Equipe G\u00e1vea News","twitter_card":"summary_large_image","twitter_misc":{"Escrito por":"Equipe G\u00e1vea News","Est. tempo de leitura":"1 minuto"},"schema":{"@context":"https:\/\/schema.org","@graph":[{"@type":"NewsArticle","@id":"https:\/\/www.gaveanews.com\/index.php\/2022\/05\/31\/flamengo-comeca-a-fazer-limpa-no-elenco\/#article","isPartOf":{"@id":"https:\/\/www.gaveanews.com\/index.php\/2022\/05\/31\/flamengo-comeca-a-fazer-limpa-no-elenco\/"},"author":{"name":"Equipe G\u00e1vea News","@id":"https:\/\/www.gaveanews.com\/#\/schema\/person\/2ec14f73fb96be2caf28f91afb14749d"},"headline":"Flamengo come\u00e7a a fazer &#8216;limpa&#8217; no elenco","datePublished":"2022-05-31T21:37:37+00:00","dateModified":"2022-05-31T21:37:40+00:00","mainEntityOfPage":{"@id":"https:\/\/www.gaveanews.com\/index.php\/2022\/05\/31\/flamengo-comeca-a-fazer-limpa-no-elenco\/"},"wordCount":181,"commentCount":0,"image":{"@id":"https:\/\/www.gaveanews.com\/index.php\/2022\/05\/31\/flamengo-comeca-a-fazer-limpa-no-elenco\/#primaryimage"},"thumbnailUrl":"https:\/\/www.gaveanews.com\/wp-content\/uploads\/Jogadores-do-Flamengo-comemoram-gol-de-Isla-contra-o-Sao-Paulo.webp","articleSection":["Negocia\u00e7\u00f5es"],"inLanguage":"pt-BR","potentialAction":[{"@type":"CommentAction","name":"Comment","target":["https:\/\/www.gaveanews.com\/index.php\/2022\/05\/31\/flamengo-comeca-a-fazer-limpa-no-elenco\/#respond"]}],"copyrightYear":"2022","copyrightHolder":{"@id":"https:\/\/www.gaveanews.com\/#organization"}},{"@type":"WebPage","@id":"https:\/\/www.gaveanews.com\/index.php\/2022\/05\/31\/flamengo-comeca-a-fazer-limpa-no-elenco\/","url":"https:\/\/www.gaveanews.com\/index.php\/2022\/05\/31\/flamengo-comeca-a-fazer-limpa-no-elenco\/","name":"Flamengo come\u00e7a a fazer 'limpa' no elenco","isPartOf":{"@id":"https:\/\/www.gaveanews.com\/#website"},"primaryImageOfPage":{"@id":"https:\/\/www.gaveanews.com\/index.php\/2022\/05\/31\/flamengo-comeca-a-fazer-limpa-no-elenco\/#primaryimage"},"image":{"@id":"https:\/\/www.gaveanews.com\/index.php\/2022\/05\/31\/flamengo-comeca-a-fazer-limpa-no-elenco\/#primaryimage"},"thumbnailUrl":"https:\/\/www.gaveanews.com\/wp-content\/uploads\/Jogadores-do-Flamengo-comemoram-gol-de-Isla-contra-o-Sao-Paulo.webp","datePublished":"2022-05-31T21:37:37+00:00","dateModified":"2022-05-31T21:37:40+00:00","author":{"@id":"https:\/\/www.gaveanews.com\/#\/schema\/person\/2ec14f73fb96be2caf28f91afb14749d"},"breadcrumb":{"@id":"https:\/\/www.gaveanews.com\/index.php\/2022\/05\/31\/flamengo-comeca-a-fazer-limpa-no-elenco\/#breadcrumb"},"inLanguage":"pt-BR","potentialAction":[{"@type":"ReadAction","target":["https:\/\/www.gaveanews.com\/index.php\/2022\/05\/31\/flamengo-comeca-a-fazer-limpa-no-elenco\/"]}]},{"@type":"ImageObject","inLanguage":"pt-BR","@id":"https:\/\/www.gaveanews.com\/index.php\/2022\/05\/31\/flamengo-comeca-a-fazer-limpa-no-elenco\/#primaryimage","url":"https:\/\/www.gaveanews.com\/wp-content\/uploads\/Jogadores-do-Flamengo-comemoram-gol-de-Isla-contra-o-Sao-Paulo.webp","contentUrl":"https:\/\/www.gaveanews.com\/wp-content\/uploads\/Jogadores-do-Flamengo-comemoram-gol-de-Isla-contra-o-Sao-Paulo.webp","width":800,"height":532,"caption":"Jogadores do Flamengo comemoram gol de Isla contra o S\u00e3o Paulo (Foto: Marcelo Cortes\/Flamengo)"},{"@type":"BreadcrumbList","@id":"https:\/\/www.gaveanews.com\/index.php\/2022\/05\/31\/flamengo-comeca-a-fazer-limpa-no-elenco\/#breadcrumb","itemListElement":[{"@type":"ListItem","position":1,"name":"Home","item":"https:\/\/www.gaveanews.com\/"},{"@type":"ListItem","position":2,"name":"Flamengo come\u00e7a a fazer &#8216;limpa&#8217; no elenco"}]},{"@type":"WebSite","@id":"https:\/\/www.gaveanews.com\/#website","url":"https:\/\/www.gaveanews.com\/","name":"G\u00e1vea News","description":"Veja todas as not\u00edcias sobre o Flamengo: Contrata\u00e7\u00f5es, categorias de base, resultados das partidas, tabela de classifica\u00e7\u00e3o, pr\u00f3ximos jogos!","potentialAction":[{"@type":"SearchAction","target":{"@type":"EntryPoint","urlTemplate":"https:\/\/www.gaveanews.com\/?s={search_term_string}"},"query-input":{"@type":"PropertyValueSpecification","valueRequired":true,"valueName":"search_term_string"}}],"inLanguage":"pt-BR"},{"@type":"Person","@id":"https:\/\/www.gaveanews.com\/#\/schema\/person\/2ec14f73fb96be2caf28f91afb14749d","name":"Equipe G\u00e1vea News","image":{"@type":"ImageObject","inLanguage":"pt-BR","@id":"https:\/\/www.gaveanews.com\/#\/schema\/person\/image\/","url":"https:\/\/secure.gravatar.com\/avatar\/1e1956f1facbffd3f8fa53a326721950116b3b9dc9bd44939c01180fd4a745a9?s=96&d=mm&r=g","contentUrl":"https:\/\/secure.gravatar.com\/avatar\/1e1956f1facbffd3f8fa53a326721950116b3b9dc9bd44939c01180fd4a745a9?s=96&d=mm&r=g","caption":"Equipe G\u00e1vea News"}}]}},"_links":{"self":[{"href":"https:\/\/www.gaveanews.com\/index.php\/wp-json\/wp\/v2\/posts\/82403","targetHints":{"allow":["GET"]}}],"collection":[{"href":"https:\/\/www.gaveanews.com\/index.php\/wp-json\/wp\/v2\/posts"}],"about":[{"href":"https:\/\/www.gaveanews.com\/index.php\/wp-json\/wp\/v2\/types\/post"}],"author":[{"embeddable":true,"href":"https:\/\/www.gaveanews.com\/index.php\/wp-json\/wp\/v2\/users\/1"}],"replies":[{"embeddable":true,"href":"https:\/\/www.gaveanews.com\/index.php\/wp-json\/wp\/v2\/comments?post=82403"}],"version-history":[{"count":0,"href":"https:\/\/www.gaveanews.com\/index.php\/wp-json\/wp\/v2\/posts\/82403\/revisions"}],"wp:featuredmedia":[{"embeddable":true,"href":"https:\/\/www.gaveanews.com\/index.php\/wp-json\/wp\/v2\/media\/80237"}],"wp:attachment":[{"href":"https:\/\/www.gaveanews.com\/index.php\/wp-json\/wp\/v2\/media?parent=82403"}],"wp:term":[{"taxonomy":"category","embeddable":true,"href":"https:\/\/www.gaveanews.com\/index.php\/wp-json\/wp\/v2\/categories?post=82403"},{"taxonomy":"post_tag","embeddable":true,"href":"https:\/\/www.gaveanews.com\/index.php\/wp-json\/wp\/v2\/tags?post=82403"}],"curies":[{"name":"wp","href":"https:\/\/api.w.org\/{rel}","templated":true}]}}