{"id":82409,"date":"2022-05-31T23:06:34","date_gmt":"2022-06-01T02:06:34","guid":{"rendered":"https:\/\/www.gaveanews.com\/?p=82409"},"modified":"2022-05-31T23:06:35","modified_gmt":"2022-06-01T02:06:35","slug":"agente-de-joao-gomes-do-flamengo-aguarda-por-propostas-no-meio-do-ano","status":"publish","type":"post","link":"https:\/\/www.gaveanews.com\/index.php\/2022\/05\/31\/agente-de-joao-gomes-do-flamengo-aguarda-por-propostas-no-meio-do-ano\/","title":{"rendered":"Agente de Jo\u00e3o Gomes, do Flamengo, aguarda por propostas no meio do ano"},"content":{"rendered":"\n<p>Com a proximidade da janela de transfer\u00eancias, que se abre em 18 de julho, o mercado da bola no Flamengo come\u00e7a a se movimentar, e Jo\u00e3o Gomes \u00e9 hoje o candidato a queridinho. Titular absoluto com Paulo Sousa e presente em 29 das 32 partidas do clube em 2022, o volante discute a renova\u00e7\u00e3o de seu contrato, hoje at\u00e9 2025, e uma valoriza\u00e7\u00e3o salarial, enquanto analisa op\u00e7\u00f5es na Europa.<\/p>\n\n\n\n<p>O estafe do jovem de 21 anos tem conversado com alguns clubes interessados no jogador para entender os projetos no aguardo da abertura da janela, quando apresentar\u00e3o ao Flamengo as propostas oficiais que chegarem. At\u00e9 agora, nenhum papel timbrado na mesa. Houve especula\u00e7\u00f5es de Atl\u00e9tico de Madrid e Manchester United, mas os empres\u00e1rios n\u00e3o confirmam contato.<\/p>\n\n\n\n<p>Do lado do Flamengo, que renovou o primeiro v\u00ednculo de Gomes ainda em 2021, as informa\u00e7\u00f5es tamb\u00e9m s\u00e3o pedidas pelos interessados que tem acompanhado o atleta de perto. No entanto, o plano \u00e9 manter o jogador satisfeito para esta temporada, j\u00e1 que tem confian\u00e7a do t\u00e9cnico Paulo Sousa. E aguardar que as sondagens se concretizem para avaliar as ofertas por uma eventual venda.<\/p>\n\n\n\n<p>Vale lembrar que o Flamengo tamb\u00e9m vai ao mercado para tentar a contrata\u00e7\u00e3o de volantes. Por isso, a sa\u00edda de Gomes depende da chegada de novos jogadores. Entre os desejos da lista, est\u00e3o Vidal, que ficar\u00e1 livre de contrato com a Inter de Mil\u00e3o em junho, e Thiago Mendes, com v\u00ednculo at\u00e9 2023 com o Lyon, e que precisaria de um alto investimento. Portanto, a sa\u00edda de Gomes pode trazer recursos para a reposi\u00e7\u00e3o acontecer de forma natural e sem desfalcar os cofres rubro-negros no m\u00e9dio prazo.<\/p>\n\n\n\n<p>Retirado de: Extra<\/p>\n","protected":false},"excerpt":{"rendered":"<p>Com a proximidade da janela de transfer\u00eancias, que se abre em 18 de julho, o mercado da bola no Flamengo come\u00e7a a se movimentar, e Jo\u00e3o Gomes \u00e9 hoje o candidato a queridinho. Titular absoluto com Paulo Sousa e presente em 29 das 32 partidas do clube em 2022, o volante discute a renova\u00e7\u00e3o de [&hellip;]<\/p>\n","protected":false},"author":1,"featured_media":68209,"comment_status":"open","ping_status":"closed","sticky":false,"template":"","format":"standard","meta":{"footnotes":""},"categories":[48],"tags":[],"class_list":["post-82409","post","type-post","status-publish","format-standard","has-post-thumbnail","hentry","category-negociacoes"],"yoast_head":"<!-- This site is optimized with the Yoast SEO Premium plugin v24.2 (Yoast SEO v26.9) - https:\/\/yoast.com\/product\/yoast-seo-premium-wordpress\/ -->\n<title>Agente de Jo\u00e3o Gomes, do Flamengo, aguarda por propostas no meio do ano<\/title>\n<meta name=\"robots\" content=\"index, follow, max-snippet:-1, max-image-preview:large, max-video-preview:-1\" \/>\n<link rel=\"canonical\" href=\"https:\/\/www.gaveanews.com\/index.php\/2022\/05\/31\/agente-de-joao-gomes-do-flamengo-aguarda-por-propostas-no-meio-do-ano\/\" \/>\n<meta property=\"og:locale\" content=\"pt_BR\" \/>\n<meta property=\"og:type\" content=\"article\" \/>\n<meta property=\"og:title\" content=\"Agente de Jo\u00e3o Gomes, do Flamengo, aguarda por propostas no meio do ano\" \/>\n<meta property=\"og:description\" content=\"Com a proximidade da janela de transfer\u00eancias, que se abre em 18 de julho, o mercado da bola no Flamengo come\u00e7a a se movimentar, e Jo\u00e3o Gomes \u00e9 hoje o candidato a queridinho. Titular absoluto com Paulo Sousa e presente em 29 das 32 partidas do clube em 2022, o volante discute a renova\u00e7\u00e3o de [&hellip;]\" \/>\n<meta property=\"og:url\" content=\"https:\/\/www.gaveanews.com\/index.php\/2022\/05\/31\/agente-de-joao-gomes-do-flamengo-aguarda-por-propostas-no-meio-do-ano\/\" \/>\n<meta property=\"og:site_name\" content=\"G\u00e1vea News\" \/>\n<meta property=\"article:publisher\" content=\"https:\/\/facebook.com\/gaveaNews\/\" \/>\n<meta property=\"article:published_time\" content=\"2022-06-01T02:06:34+00:00\" \/>\n<meta property=\"article:modified_time\" content=\"2022-06-01T02:06:35+00:00\" \/>\n<meta property=\"og:image\" content=\"https:\/\/www.gaveanews.com\/wp-content\/uploads\/Joao-Gomes-em-acao-pelo-Flamengo-contra-o-Gremio-pela-Copa-do-Brasil.webp\" \/>\n\t<meta property=\"og:image:width\" content=\"800\" \/>\n\t<meta property=\"og:image:height\" content=\"533\" \/>\n\t<meta property=\"og:image:type\" content=\"image\/jpeg\" \/>\n<meta name=\"author\" content=\"Equipe G\u00e1vea News\" \/>\n<meta name=\"twitter:card\" content=\"summary_large_image\" \/>\n<meta name=\"twitter:label1\" content=\"Escrito por\" \/>\n\t<meta name=\"twitter:data1\" content=\"Equipe G\u00e1vea News\" \/>\n\t<meta name=\"twitter:label2\" content=\"Est. tempo de leitura\" \/>\n\t<meta name=\"twitter:data2\" content=\"2 minutos\" \/>\n<script type=\"application\/ld+json\" class=\"yoast-schema-graph\">{\"@context\":\"https:\/\/schema.org\",\"@graph\":[{\"@type\":\"NewsArticle\",\"@id\":\"https:\/\/www.gaveanews.com\/index.php\/2022\/05\/31\/agente-de-joao-gomes-do-flamengo-aguarda-por-propostas-no-meio-do-ano\/#article\",\"isPartOf\":{\"@id\":\"https:\/\/www.gaveanews.com\/index.php\/2022\/05\/31\/agente-de-joao-gomes-do-flamengo-aguarda-por-propostas-no-meio-do-ano\/\"},\"author\":{\"name\":\"Equipe G\u00e1vea News\",\"@id\":\"https:\/\/www.gaveanews.com\/#\/schema\/person\/2ec14f73fb96be2caf28f91afb14749d\"},\"headline\":\"Agente de Jo\u00e3o Gomes, do Flamengo, aguarda por propostas no meio do ano\",\"datePublished\":\"2022-06-01T02:06:34+00:00\",\"dateModified\":\"2022-06-01T02:06:35+00:00\",\"mainEntityOfPage\":{\"@id\":\"https:\/\/www.gaveanews.com\/index.php\/2022\/05\/31\/agente-de-joao-gomes-do-flamengo-aguarda-por-propostas-no-meio-do-ano\/\"},\"wordCount\":308,\"commentCount\":0,\"image\":{\"@id\":\"https:\/\/www.gaveanews.com\/index.php\/2022\/05\/31\/agente-de-joao-gomes-do-flamengo-aguarda-por-propostas-no-meio-do-ano\/#primaryimage\"},\"thumbnailUrl\":\"https:\/\/www.gaveanews.com\/wp-content\/uploads\/Joao-Gomes-em-acao-pelo-Flamengo-contra-o-Gremio-pela-Copa-do-Brasil.webp\",\"articleSection\":[\"Negocia\u00e7\u00f5es\"],\"inLanguage\":\"pt-BR\",\"potentialAction\":[{\"@type\":\"CommentAction\",\"name\":\"Comment\",\"target\":[\"https:\/\/www.gaveanews.com\/index.php\/2022\/05\/31\/agente-de-joao-gomes-do-flamengo-aguarda-por-propostas-no-meio-do-ano\/#respond\"]}],\"copyrightYear\":\"2022\",\"copyrightHolder\":{\"@id\":\"https:\/\/www.gaveanews.com\/#organization\"}},{\"@type\":\"WebPage\",\"@id\":\"https:\/\/www.gaveanews.com\/index.php\/2022\/05\/31\/agente-de-joao-gomes-do-flamengo-aguarda-por-propostas-no-meio-do-ano\/\",\"url\":\"https:\/\/www.gaveanews.com\/index.php\/2022\/05\/31\/agente-de-joao-gomes-do-flamengo-aguarda-por-propostas-no-meio-do-ano\/\",\"name\":\"Agente de Jo\u00e3o Gomes, do Flamengo, aguarda por propostas no meio do ano\",\"isPartOf\":{\"@id\":\"https:\/\/www.gaveanews.com\/#website\"},\"primaryImageOfPage\":{\"@id\":\"https:\/\/www.gaveanews.com\/index.php\/2022\/05\/31\/agente-de-joao-gomes-do-flamengo-aguarda-por-propostas-no-meio-do-ano\/#primaryimage\"},\"image\":{\"@id\":\"https:\/\/www.gaveanews.com\/index.php\/2022\/05\/31\/agente-de-joao-gomes-do-flamengo-aguarda-por-propostas-no-meio-do-ano\/#primaryimage\"},\"thumbnailUrl\":\"https:\/\/www.gaveanews.com\/wp-content\/uploads\/Joao-Gomes-em-acao-pelo-Flamengo-contra-o-Gremio-pela-Copa-do-Brasil.webp\",\"datePublished\":\"2022-06-01T02:06:34+00:00\",\"dateModified\":\"2022-06-01T02:06:35+00:00\",\"author\":{\"@id\":\"https:\/\/www.gaveanews.com\/#\/schema\/person\/2ec14f73fb96be2caf28f91afb14749d\"},\"breadcrumb\":{\"@id\":\"https:\/\/www.gaveanews.com\/index.php\/2022\/05\/31\/agente-de-joao-gomes-do-flamengo-aguarda-por-propostas-no-meio-do-ano\/#breadcrumb\"},\"inLanguage\":\"pt-BR\",\"potentialAction\":[{\"@type\":\"ReadAction\",\"target\":[\"https:\/\/www.gaveanews.com\/index.php\/2022\/05\/31\/agente-de-joao-gomes-do-flamengo-aguarda-por-propostas-no-meio-do-ano\/\"]}]},{\"@type\":\"ImageObject\",\"inLanguage\":\"pt-BR\",\"@id\":\"https:\/\/www.gaveanews.com\/index.php\/2022\/05\/31\/agente-de-joao-gomes-do-flamengo-aguarda-por-propostas-no-meio-do-ano\/#primaryimage\",\"url\":\"https:\/\/www.gaveanews.com\/wp-content\/uploads\/Joao-Gomes-em-acao-pelo-Flamengo-contra-o-Gremio-pela-Copa-do-Brasil.webp\",\"contentUrl\":\"https:\/\/www.gaveanews.com\/wp-content\/uploads\/Joao-Gomes-em-acao-pelo-Flamengo-contra-o-Gremio-pela-Copa-do-Brasil.webp\",\"width\":800,\"height\":533,\"caption\":\"Jo\u00e3o Gomes em a\u00e7\u00e3o pelo Flamengo contra o Gr\u00eamio pela Copa do Brasil 2021 (Foto: Paula Reis\/Flamengo)\"},{\"@type\":\"BreadcrumbList\",\"@id\":\"https:\/\/www.gaveanews.com\/index.php\/2022\/05\/31\/agente-de-joao-gomes-do-flamengo-aguarda-por-propostas-no-meio-do-ano\/#breadcrumb\",\"itemListElement\":[{\"@type\":\"ListItem\",\"position\":1,\"name\":\"Home\",\"item\":\"https:\/\/www.gaveanews.com\/\"},{\"@type\":\"ListItem\",\"position\":2,\"name\":\"Agente de Jo\u00e3o Gomes, do Flamengo, aguarda por propostas no meio do ano\"}]},{\"@type\":\"WebSite\",\"@id\":\"https:\/\/www.gaveanews.com\/#website\",\"url\":\"https:\/\/www.gaveanews.com\/\",\"name\":\"G\u00e1vea News\",\"description\":\"Veja todas as not\u00edcias sobre o Flamengo: Contrata\u00e7\u00f5es, categorias de base, resultados das partidas, tabela de classifica\u00e7\u00e3o, pr\u00f3ximos jogos!\",\"potentialAction\":[{\"@type\":\"SearchAction\",\"target\":{\"@type\":\"EntryPoint\",\"urlTemplate\":\"https:\/\/www.gaveanews.com\/?s={search_term_string}\"},\"query-input\":{\"@type\":\"PropertyValueSpecification\",\"valueRequired\":true,\"valueName\":\"search_term_string\"}}],\"inLanguage\":\"pt-BR\"},{\"@type\":\"Person\",\"@id\":\"https:\/\/www.gaveanews.com\/#\/schema\/person\/2ec14f73fb96be2caf28f91afb14749d\",\"name\":\"Equipe G\u00e1vea News\",\"image\":{\"@type\":\"ImageObject\",\"inLanguage\":\"pt-BR\",\"@id\":\"https:\/\/www.gaveanews.com\/#\/schema\/person\/image\/\",\"url\":\"https:\/\/secure.gravatar.com\/avatar\/1e1956f1facbffd3f8fa53a326721950116b3b9dc9bd44939c01180fd4a745a9?s=96&d=mm&r=g\",\"contentUrl\":\"https:\/\/secure.gravatar.com\/avatar\/1e1956f1facbffd3f8fa53a326721950116b3b9dc9bd44939c01180fd4a745a9?s=96&d=mm&r=g\",\"caption\":\"Equipe G\u00e1vea News\"}}]}<\/script>\n<!-- \/ Yoast SEO Premium plugin. -->","yoast_head_json":{"title":"Agente de Jo\u00e3o Gomes, do Flamengo, aguarda por propostas no meio do ano","robots":{"index":"index","follow":"follow","max-snippet":"max-snippet:-1","max-image-preview":"max-image-preview:large","max-video-preview":"max-video-preview:-1"},"canonical":"https:\/\/www.gaveanews.com\/index.php\/2022\/05\/31\/agente-de-joao-gomes-do-flamengo-aguarda-por-propostas-no-meio-do-ano\/","og_locale":"pt_BR","og_type":"article","og_title":"Agente de Jo\u00e3o Gomes, do Flamengo, aguarda por propostas no meio do ano","og_description":"Com a proximidade da janela de transfer\u00eancias, que se abre em 18 de julho, o mercado da bola no Flamengo come\u00e7a a se movimentar, e Jo\u00e3o Gomes \u00e9 hoje o candidato a queridinho. Titular absoluto com Paulo Sousa e presente em 29 das 32 partidas do clube em 2022, o volante discute a renova\u00e7\u00e3o de [&hellip;]","og_url":"https:\/\/www.gaveanews.com\/index.php\/2022\/05\/31\/agente-de-joao-gomes-do-flamengo-aguarda-por-propostas-no-meio-do-ano\/","og_site_name":"G\u00e1vea News","article_publisher":"https:\/\/facebook.com\/gaveaNews\/","article_published_time":"2022-06-01T02:06:34+00:00","article_modified_time":"2022-06-01T02:06:35+00:00","og_image":[{"width":800,"height":533,"url":"https:\/\/www.gaveanews.com\/wp-content\/uploads\/Joao-Gomes-em-acao-pelo-Flamengo-contra-o-Gremio-pela-Copa-do-Brasil.webp","type":"image\/jpeg"}],"author":"Equipe G\u00e1vea News","twitter_card":"summary_large_image","twitter_misc":{"Escrito por":"Equipe G\u00e1vea News","Est. tempo de leitura":"2 minutos"},"schema":{"@context":"https:\/\/schema.org","@graph":[{"@type":"NewsArticle","@id":"https:\/\/www.gaveanews.com\/index.php\/2022\/05\/31\/agente-de-joao-gomes-do-flamengo-aguarda-por-propostas-no-meio-do-ano\/#article","isPartOf":{"@id":"https:\/\/www.gaveanews.com\/index.php\/2022\/05\/31\/agente-de-joao-gomes-do-flamengo-aguarda-por-propostas-no-meio-do-ano\/"},"author":{"name":"Equipe G\u00e1vea News","@id":"https:\/\/www.gaveanews.com\/#\/schema\/person\/2ec14f73fb96be2caf28f91afb14749d"},"headline":"Agente de Jo\u00e3o Gomes, do Flamengo, aguarda por propostas no meio do ano","datePublished":"2022-06-01T02:06:34+00:00","dateModified":"2022-06-01T02:06:35+00:00","mainEntityOfPage":{"@id":"https:\/\/www.gaveanews.com\/index.php\/2022\/05\/31\/agente-de-joao-gomes-do-flamengo-aguarda-por-propostas-no-meio-do-ano\/"},"wordCount":308,"commentCount":0,"image":{"@id":"https:\/\/www.gaveanews.com\/index.php\/2022\/05\/31\/agente-de-joao-gomes-do-flamengo-aguarda-por-propostas-no-meio-do-ano\/#primaryimage"},"thumbnailUrl":"https:\/\/www.gaveanews.com\/wp-content\/uploads\/Joao-Gomes-em-acao-pelo-Flamengo-contra-o-Gremio-pela-Copa-do-Brasil.webp","articleSection":["Negocia\u00e7\u00f5es"],"inLanguage":"pt-BR","potentialAction":[{"@type":"CommentAction","name":"Comment","target":["https:\/\/www.gaveanews.com\/index.php\/2022\/05\/31\/agente-de-joao-gomes-do-flamengo-aguarda-por-propostas-no-meio-do-ano\/#respond"]}],"copyrightYear":"2022","copyrightHolder":{"@id":"https:\/\/www.gaveanews.com\/#organization"}},{"@type":"WebPage","@id":"https:\/\/www.gaveanews.com\/index.php\/2022\/05\/31\/agente-de-joao-gomes-do-flamengo-aguarda-por-propostas-no-meio-do-ano\/","url":"https:\/\/www.gaveanews.com\/index.php\/2022\/05\/31\/agente-de-joao-gomes-do-flamengo-aguarda-por-propostas-no-meio-do-ano\/","name":"Agente de Jo\u00e3o Gomes, do Flamengo, aguarda por propostas no meio do ano","isPartOf":{"@id":"https:\/\/www.gaveanews.com\/#website"},"primaryImageOfPage":{"@id":"https:\/\/www.gaveanews.com\/index.php\/2022\/05\/31\/agente-de-joao-gomes-do-flamengo-aguarda-por-propostas-no-meio-do-ano\/#primaryimage"},"image":{"@id":"https:\/\/www.gaveanews.com\/index.php\/2022\/05\/31\/agente-de-joao-gomes-do-flamengo-aguarda-por-propostas-no-meio-do-ano\/#primaryimage"},"thumbnailUrl":"https:\/\/www.gaveanews.com\/wp-content\/uploads\/Joao-Gomes-em-acao-pelo-Flamengo-contra-o-Gremio-pela-Copa-do-Brasil.webp","datePublished":"2022-06-01T02:06:34+00:00","dateModified":"2022-06-01T02:06:35+00:00","author":{"@id":"https:\/\/www.gaveanews.com\/#\/schema\/person\/2ec14f73fb96be2caf28f91afb14749d"},"breadcrumb":{"@id":"https:\/\/www.gaveanews.com\/index.php\/2022\/05\/31\/agente-de-joao-gomes-do-flamengo-aguarda-por-propostas-no-meio-do-ano\/#breadcrumb"},"inLanguage":"pt-BR","potentialAction":[{"@type":"ReadAction","target":["https:\/\/www.gaveanews.com\/index.php\/2022\/05\/31\/agente-de-joao-gomes-do-flamengo-aguarda-por-propostas-no-meio-do-ano\/"]}]},{"@type":"ImageObject","inLanguage":"pt-BR","@id":"https:\/\/www.gaveanews.com\/index.php\/2022\/05\/31\/agente-de-joao-gomes-do-flamengo-aguarda-por-propostas-no-meio-do-ano\/#primaryimage","url":"https:\/\/www.gaveanews.com\/wp-content\/uploads\/Joao-Gomes-em-acao-pelo-Flamengo-contra-o-Gremio-pela-Copa-do-Brasil.webp","contentUrl":"https:\/\/www.gaveanews.com\/wp-content\/uploads\/Joao-Gomes-em-acao-pelo-Flamengo-contra-o-Gremio-pela-Copa-do-Brasil.webp","width":800,"height":533,"caption":"Jo\u00e3o Gomes em a\u00e7\u00e3o pelo Flamengo contra o Gr\u00eamio pela Copa do Brasil 2021 (Foto: Paula Reis\/Flamengo)"},{"@type":"BreadcrumbList","@id":"https:\/\/www.gaveanews.com\/index.php\/2022\/05\/31\/agente-de-joao-gomes-do-flamengo-aguarda-por-propostas-no-meio-do-ano\/#breadcrumb","itemListElement":[{"@type":"ListItem","position":1,"name":"Home","item":"https:\/\/www.gaveanews.com\/"},{"@type":"ListItem","position":2,"name":"Agente de Jo\u00e3o Gomes, do Flamengo, aguarda por propostas no meio do ano"}]},{"@type":"WebSite","@id":"https:\/\/www.gaveanews.com\/#website","url":"https:\/\/www.gaveanews.com\/","name":"G\u00e1vea News","description":"Veja todas as not\u00edcias sobre o Flamengo: Contrata\u00e7\u00f5es, categorias de base, resultados das partidas, tabela de classifica\u00e7\u00e3o, pr\u00f3ximos jogos!","potentialAction":[{"@type":"SearchAction","target":{"@type":"EntryPoint","urlTemplate":"https:\/\/www.gaveanews.com\/?s={search_term_string}"},"query-input":{"@type":"PropertyValueSpecification","valueRequired":true,"valueName":"search_term_string"}}],"inLanguage":"pt-BR"},{"@type":"Person","@id":"https:\/\/www.gaveanews.com\/#\/schema\/person\/2ec14f73fb96be2caf28f91afb14749d","name":"Equipe G\u00e1vea News","image":{"@type":"ImageObject","inLanguage":"pt-BR","@id":"https:\/\/www.gaveanews.com\/#\/schema\/person\/image\/","url":"https:\/\/secure.gravatar.com\/avatar\/1e1956f1facbffd3f8fa53a326721950116b3b9dc9bd44939c01180fd4a745a9?s=96&d=mm&r=g","contentUrl":"https:\/\/secure.gravatar.com\/avatar\/1e1956f1facbffd3f8fa53a326721950116b3b9dc9bd44939c01180fd4a745a9?s=96&d=mm&r=g","caption":"Equipe G\u00e1vea News"}}]}},"_links":{"self":[{"href":"https:\/\/www.gaveanews.com\/index.php\/wp-json\/wp\/v2\/posts\/82409","targetHints":{"allow":["GET"]}}],"collection":[{"href":"https:\/\/www.gaveanews.com\/index.php\/wp-json\/wp\/v2\/posts"}],"about":[{"href":"https:\/\/www.gaveanews.com\/index.php\/wp-json\/wp\/v2\/types\/post"}],"author":[{"embeddable":true,"href":"https:\/\/www.gaveanews.com\/index.php\/wp-json\/wp\/v2\/users\/1"}],"replies":[{"embeddable":true,"href":"https:\/\/www.gaveanews.com\/index.php\/wp-json\/wp\/v2\/comments?post=82409"}],"version-history":[{"count":0,"href":"https:\/\/www.gaveanews.com\/index.php\/wp-json\/wp\/v2\/posts\/82409\/revisions"}],"wp:featuredmedia":[{"embeddable":true,"href":"https:\/\/www.gaveanews.com\/index.php\/wp-json\/wp\/v2\/media\/68209"}],"wp:attachment":[{"href":"https:\/\/www.gaveanews.com\/index.php\/wp-json\/wp\/v2\/media?parent=82409"}],"wp:term":[{"taxonomy":"category","embeddable":true,"href":"https:\/\/www.gaveanews.com\/index.php\/wp-json\/wp\/v2\/categories?post=82409"},{"taxonomy":"post_tag","embeddable":true,"href":"https:\/\/www.gaveanews.com\/index.php\/wp-json\/wp\/v2\/tags?post=82409"}],"curies":[{"name":"wp","href":"https:\/\/api.w.org\/{rel}","templated":true}]}}