{"id":82411,"date":"2022-05-31T23:42:45","date_gmt":"2022-06-01T02:42:45","guid":{"rendered":"https:\/\/www.gaveanews.com\/?p=82411"},"modified":"2022-05-31T23:42:47","modified_gmt":"2022-06-01T02:42:47","slug":"desejado-pelo-flamengo-benfica-estipula-valor-para-vender-everton-cebolinha","status":"publish","type":"post","link":"https:\/\/www.gaveanews.com\/index.php\/2022\/05\/31\/desejado-pelo-flamengo-benfica-estipula-valor-para-vender-everton-cebolinha\/","title":{"rendered":"Desejado pelo Flamengo, Benfica estipula valor para vender Everton Cebolinha"},"content":{"rendered":"\n<p>O Benfica n\u00e3o desistiu da ideia de vender Everton Cebolinha e v\u00ea esta janela de transfer\u00eancias como a grande oportunidade. Segundo soube a &#8216;Goal&#8217;, os portugueses j\u00e1 buscam outros jogadores para a posi\u00e7\u00e3o e n\u00e3o t\u00eam planos para o brasileiro.<\/p>\n\n\n\n<p>Ainda segundo soube a reportagem, o Benfica quer cerca de 20 milh\u00f5es de euros (R$ 101 milh\u00f5es na cota\u00e7\u00e3o atual) para negociar Everton Cebolinha, mas caso chegue algo concreto, entorno dos 15 milh\u00f5es de euros, o clube lusitano pode topar vender.<\/p>\n\n\n\n<p>Os portugueses acreditam que Everton tem bom mercado em ligas perif\u00e9ricas como o Brasil e o mundo \u00e1rabe. Flamengo, Atl\u00e9tico-MG, Botafogo e Al Hilal tentaram a contrata\u00e7\u00e3o do atacante na \u00faltima janela de transfer\u00eancias, mas sem sucesso. O Alvinegro e o Rubro-Negro, no entanto, seguem monitorando a situa\u00e7\u00e3o.<\/p>\n\n\n\n<p>A &#8216;Goal&#8217; sabe que Flamengo e Botafogo mant\u00e9m o interesse em Everton Cebolinha e v\u00e3o analisar o cen\u00e1rio antes de preparar uma nova oferta. Paulo Sousa pediu a diretoria rubro-negra um atacante que atue pelos lados do campo, especialmente pela esquerda. J\u00e1 o Alvinegro o v\u00ea como refor\u00e7o impactante para virar refer\u00eancia neste in\u00edcio de projeto de John Textor no clube. Vale ressaltar que, inicialmente, o Benfica n\u00e3o pretende emprestar o brasileiro e quer logo garantir um caixa.<\/p>\n\n\n\n<p>Retirado de: Goal <\/p>\n","protected":false},"excerpt":{"rendered":"<p>O Benfica n\u00e3o desistiu da ideia de vender Everton Cebolinha e v\u00ea esta janela de transfer\u00eancias como a grande oportunidade. Segundo soube a &#8216;Goal&#8217;, os portugueses j\u00e1 buscam outros jogadores para a posi\u00e7\u00e3o e n\u00e3o t\u00eam planos para o brasileiro. Ainda segundo soube a reportagem, o Benfica quer cerca de 20 milh\u00f5es de euros (R$ [&hellip;]<\/p>\n","protected":false},"author":1,"featured_media":75363,"comment_status":"open","ping_status":"closed","sticky":false,"template":"","format":"standard","meta":{"footnotes":""},"categories":[48],"tags":[],"class_list":["post-82411","post","type-post","status-publish","format-standard","has-post-thumbnail","hentry","category-negociacoes"],"yoast_head":"<!-- This site is optimized with the Yoast SEO Premium plugin v24.2 (Yoast SEO v26.9) - https:\/\/yoast.com\/product\/yoast-seo-premium-wordpress\/ -->\n<title>Desejado pelo Flamengo, Benfica estipula valor para vender Everton Cebolinha<\/title>\n<meta name=\"robots\" content=\"index, follow, max-snippet:-1, max-image-preview:large, max-video-preview:-1\" \/>\n<link rel=\"canonical\" href=\"https:\/\/www.gaveanews.com\/index.php\/2022\/05\/31\/desejado-pelo-flamengo-benfica-estipula-valor-para-vender-everton-cebolinha\/\" \/>\n<meta property=\"og:locale\" content=\"pt_BR\" \/>\n<meta property=\"og:type\" content=\"article\" \/>\n<meta property=\"og:title\" content=\"Desejado pelo Flamengo, Benfica estipula valor para vender Everton Cebolinha\" \/>\n<meta property=\"og:description\" content=\"O Benfica n\u00e3o desistiu da ideia de vender Everton Cebolinha e v\u00ea esta janela de transfer\u00eancias como a grande oportunidade. Segundo soube a &#8216;Goal&#8217;, os portugueses j\u00e1 buscam outros jogadores para a posi\u00e7\u00e3o e n\u00e3o t\u00eam planos para o brasileiro. Ainda segundo soube a reportagem, o Benfica quer cerca de 20 milh\u00f5es de euros (R$ [&hellip;]\" \/>\n<meta property=\"og:url\" content=\"https:\/\/www.gaveanews.com\/index.php\/2022\/05\/31\/desejado-pelo-flamengo-benfica-estipula-valor-para-vender-everton-cebolinha\/\" \/>\n<meta property=\"og:site_name\" content=\"G\u00e1vea News\" \/>\n<meta property=\"article:publisher\" content=\"https:\/\/facebook.com\/gaveaNews\/\" \/>\n<meta property=\"article:published_time\" content=\"2022-06-01T02:42:45+00:00\" \/>\n<meta property=\"article:modified_time\" content=\"2022-06-01T02:42:47+00:00\" \/>\n<meta property=\"og:image\" content=\"https:\/\/www.gaveanews.com\/wp-content\/uploads\/Everton-Cebolinha-em-acao-pela-Selecao-Brasileira.webp\" \/>\n\t<meta property=\"og:image:width\" content=\"634\" \/>\n\t<meta property=\"og:image:height\" content=\"422\" \/>\n\t<meta property=\"og:image:type\" content=\"image\/png\" \/>\n<meta name=\"author\" content=\"Equipe G\u00e1vea News\" \/>\n<meta name=\"twitter:card\" content=\"summary_large_image\" \/>\n<meta name=\"twitter:label1\" content=\"Escrito por\" \/>\n\t<meta name=\"twitter:data1\" content=\"Equipe G\u00e1vea News\" \/>\n\t<meta name=\"twitter:label2\" content=\"Est. tempo de leitura\" \/>\n\t<meta name=\"twitter:data2\" content=\"2 minutos\" \/>\n<script type=\"application\/ld+json\" class=\"yoast-schema-graph\">{\"@context\":\"https:\/\/schema.org\",\"@graph\":[{\"@type\":\"NewsArticle\",\"@id\":\"https:\/\/www.gaveanews.com\/index.php\/2022\/05\/31\/desejado-pelo-flamengo-benfica-estipula-valor-para-vender-everton-cebolinha\/#article\",\"isPartOf\":{\"@id\":\"https:\/\/www.gaveanews.com\/index.php\/2022\/05\/31\/desejado-pelo-flamengo-benfica-estipula-valor-para-vender-everton-cebolinha\/\"},\"author\":{\"name\":\"Equipe G\u00e1vea News\",\"@id\":\"https:\/\/www.gaveanews.com\/#\/schema\/person\/2ec14f73fb96be2caf28f91afb14749d\"},\"headline\":\"Desejado pelo Flamengo, Benfica estipula valor para vender Everton Cebolinha\",\"datePublished\":\"2022-06-01T02:42:45+00:00\",\"dateModified\":\"2022-06-01T02:42:47+00:00\",\"mainEntityOfPage\":{\"@id\":\"https:\/\/www.gaveanews.com\/index.php\/2022\/05\/31\/desejado-pelo-flamengo-benfica-estipula-valor-para-vender-everton-cebolinha\/\"},\"wordCount\":238,\"commentCount\":0,\"image\":{\"@id\":\"https:\/\/www.gaveanews.com\/index.php\/2022\/05\/31\/desejado-pelo-flamengo-benfica-estipula-valor-para-vender-everton-cebolinha\/#primaryimage\"},\"thumbnailUrl\":\"https:\/\/www.gaveanews.com\/wp-content\/uploads\/Everton-Cebolinha-em-acao-pela-Selecao-Brasileira.webp\",\"articleSection\":[\"Negocia\u00e7\u00f5es\"],\"inLanguage\":\"pt-BR\",\"potentialAction\":[{\"@type\":\"CommentAction\",\"name\":\"Comment\",\"target\":[\"https:\/\/www.gaveanews.com\/index.php\/2022\/05\/31\/desejado-pelo-flamengo-benfica-estipula-valor-para-vender-everton-cebolinha\/#respond\"]}],\"copyrightYear\":\"2022\",\"copyrightHolder\":{\"@id\":\"https:\/\/www.gaveanews.com\/#organization\"}},{\"@type\":\"WebPage\",\"@id\":\"https:\/\/www.gaveanews.com\/index.php\/2022\/05\/31\/desejado-pelo-flamengo-benfica-estipula-valor-para-vender-everton-cebolinha\/\",\"url\":\"https:\/\/www.gaveanews.com\/index.php\/2022\/05\/31\/desejado-pelo-flamengo-benfica-estipula-valor-para-vender-everton-cebolinha\/\",\"name\":\"Desejado pelo Flamengo, Benfica estipula valor para vender Everton Cebolinha\",\"isPartOf\":{\"@id\":\"https:\/\/www.gaveanews.com\/#website\"},\"primaryImageOfPage\":{\"@id\":\"https:\/\/www.gaveanews.com\/index.php\/2022\/05\/31\/desejado-pelo-flamengo-benfica-estipula-valor-para-vender-everton-cebolinha\/#primaryimage\"},\"image\":{\"@id\":\"https:\/\/www.gaveanews.com\/index.php\/2022\/05\/31\/desejado-pelo-flamengo-benfica-estipula-valor-para-vender-everton-cebolinha\/#primaryimage\"},\"thumbnailUrl\":\"https:\/\/www.gaveanews.com\/wp-content\/uploads\/Everton-Cebolinha-em-acao-pela-Selecao-Brasileira.webp\",\"datePublished\":\"2022-06-01T02:42:45+00:00\",\"dateModified\":\"2022-06-01T02:42:47+00:00\",\"author\":{\"@id\":\"https:\/\/www.gaveanews.com\/#\/schema\/person\/2ec14f73fb96be2caf28f91afb14749d\"},\"breadcrumb\":{\"@id\":\"https:\/\/www.gaveanews.com\/index.php\/2022\/05\/31\/desejado-pelo-flamengo-benfica-estipula-valor-para-vender-everton-cebolinha\/#breadcrumb\"},\"inLanguage\":\"pt-BR\",\"potentialAction\":[{\"@type\":\"ReadAction\",\"target\":[\"https:\/\/www.gaveanews.com\/index.php\/2022\/05\/31\/desejado-pelo-flamengo-benfica-estipula-valor-para-vender-everton-cebolinha\/\"]}]},{\"@type\":\"ImageObject\",\"inLanguage\":\"pt-BR\",\"@id\":\"https:\/\/www.gaveanews.com\/index.php\/2022\/05\/31\/desejado-pelo-flamengo-benfica-estipula-valor-para-vender-everton-cebolinha\/#primaryimage\",\"url\":\"https:\/\/www.gaveanews.com\/wp-content\/uploads\/Everton-Cebolinha-em-acao-pela-Selecao-Brasileira.webp\",\"contentUrl\":\"https:\/\/www.gaveanews.com\/wp-content\/uploads\/Everton-Cebolinha-em-acao-pela-Selecao-Brasileira.webp\",\"width\":634,\"height\":422,\"caption\":\"Everton Cebolinha em a\u00e7\u00e3o pela Sele\u00e7\u00e3o Brasileira (Foto: Lucas Figueiredo\/CBF)\"},{\"@type\":\"BreadcrumbList\",\"@id\":\"https:\/\/www.gaveanews.com\/index.php\/2022\/05\/31\/desejado-pelo-flamengo-benfica-estipula-valor-para-vender-everton-cebolinha\/#breadcrumb\",\"itemListElement\":[{\"@type\":\"ListItem\",\"position\":1,\"name\":\"Home\",\"item\":\"https:\/\/www.gaveanews.com\/\"},{\"@type\":\"ListItem\",\"position\":2,\"name\":\"Desejado pelo Flamengo, Benfica estipula valor para vender Everton Cebolinha\"}]},{\"@type\":\"WebSite\",\"@id\":\"https:\/\/www.gaveanews.com\/#website\",\"url\":\"https:\/\/www.gaveanews.com\/\",\"name\":\"G\u00e1vea News\",\"description\":\"Veja todas as not\u00edcias sobre o Flamengo: Contrata\u00e7\u00f5es, categorias de base, resultados das partidas, tabela de classifica\u00e7\u00e3o, pr\u00f3ximos jogos!\",\"potentialAction\":[{\"@type\":\"SearchAction\",\"target\":{\"@type\":\"EntryPoint\",\"urlTemplate\":\"https:\/\/www.gaveanews.com\/?s={search_term_string}\"},\"query-input\":{\"@type\":\"PropertyValueSpecification\",\"valueRequired\":true,\"valueName\":\"search_term_string\"}}],\"inLanguage\":\"pt-BR\"},{\"@type\":\"Person\",\"@id\":\"https:\/\/www.gaveanews.com\/#\/schema\/person\/2ec14f73fb96be2caf28f91afb14749d\",\"name\":\"Equipe G\u00e1vea News\",\"image\":{\"@type\":\"ImageObject\",\"inLanguage\":\"pt-BR\",\"@id\":\"https:\/\/www.gaveanews.com\/#\/schema\/person\/image\/\",\"url\":\"https:\/\/secure.gravatar.com\/avatar\/1e1956f1facbffd3f8fa53a326721950116b3b9dc9bd44939c01180fd4a745a9?s=96&d=mm&r=g\",\"contentUrl\":\"https:\/\/secure.gravatar.com\/avatar\/1e1956f1facbffd3f8fa53a326721950116b3b9dc9bd44939c01180fd4a745a9?s=96&d=mm&r=g\",\"caption\":\"Equipe G\u00e1vea News\"}}]}<\/script>\n<!-- \/ Yoast SEO Premium plugin. -->","yoast_head_json":{"title":"Desejado pelo Flamengo, Benfica estipula valor para vender Everton Cebolinha","robots":{"index":"index","follow":"follow","max-snippet":"max-snippet:-1","max-image-preview":"max-image-preview:large","max-video-preview":"max-video-preview:-1"},"canonical":"https:\/\/www.gaveanews.com\/index.php\/2022\/05\/31\/desejado-pelo-flamengo-benfica-estipula-valor-para-vender-everton-cebolinha\/","og_locale":"pt_BR","og_type":"article","og_title":"Desejado pelo Flamengo, Benfica estipula valor para vender Everton Cebolinha","og_description":"O Benfica n\u00e3o desistiu da ideia de vender Everton Cebolinha e v\u00ea esta janela de transfer\u00eancias como a grande oportunidade. Segundo soube a &#8216;Goal&#8217;, os portugueses j\u00e1 buscam outros jogadores para a posi\u00e7\u00e3o e n\u00e3o t\u00eam planos para o brasileiro. Ainda segundo soube a reportagem, o Benfica quer cerca de 20 milh\u00f5es de euros (R$ [&hellip;]","og_url":"https:\/\/www.gaveanews.com\/index.php\/2022\/05\/31\/desejado-pelo-flamengo-benfica-estipula-valor-para-vender-everton-cebolinha\/","og_site_name":"G\u00e1vea News","article_publisher":"https:\/\/facebook.com\/gaveaNews\/","article_published_time":"2022-06-01T02:42:45+00:00","article_modified_time":"2022-06-01T02:42:47+00:00","og_image":[{"width":634,"height":422,"url":"https:\/\/www.gaveanews.com\/wp-content\/uploads\/Everton-Cebolinha-em-acao-pela-Selecao-Brasileira.webp","type":"image\/png"}],"author":"Equipe G\u00e1vea News","twitter_card":"summary_large_image","twitter_misc":{"Escrito por":"Equipe G\u00e1vea News","Est. tempo de leitura":"2 minutos"},"schema":{"@context":"https:\/\/schema.org","@graph":[{"@type":"NewsArticle","@id":"https:\/\/www.gaveanews.com\/index.php\/2022\/05\/31\/desejado-pelo-flamengo-benfica-estipula-valor-para-vender-everton-cebolinha\/#article","isPartOf":{"@id":"https:\/\/www.gaveanews.com\/index.php\/2022\/05\/31\/desejado-pelo-flamengo-benfica-estipula-valor-para-vender-everton-cebolinha\/"},"author":{"name":"Equipe G\u00e1vea News","@id":"https:\/\/www.gaveanews.com\/#\/schema\/person\/2ec14f73fb96be2caf28f91afb14749d"},"headline":"Desejado pelo Flamengo, Benfica estipula valor para vender Everton Cebolinha","datePublished":"2022-06-01T02:42:45+00:00","dateModified":"2022-06-01T02:42:47+00:00","mainEntityOfPage":{"@id":"https:\/\/www.gaveanews.com\/index.php\/2022\/05\/31\/desejado-pelo-flamengo-benfica-estipula-valor-para-vender-everton-cebolinha\/"},"wordCount":238,"commentCount":0,"image":{"@id":"https:\/\/www.gaveanews.com\/index.php\/2022\/05\/31\/desejado-pelo-flamengo-benfica-estipula-valor-para-vender-everton-cebolinha\/#primaryimage"},"thumbnailUrl":"https:\/\/www.gaveanews.com\/wp-content\/uploads\/Everton-Cebolinha-em-acao-pela-Selecao-Brasileira.webp","articleSection":["Negocia\u00e7\u00f5es"],"inLanguage":"pt-BR","potentialAction":[{"@type":"CommentAction","name":"Comment","target":["https:\/\/www.gaveanews.com\/index.php\/2022\/05\/31\/desejado-pelo-flamengo-benfica-estipula-valor-para-vender-everton-cebolinha\/#respond"]}],"copyrightYear":"2022","copyrightHolder":{"@id":"https:\/\/www.gaveanews.com\/#organization"}},{"@type":"WebPage","@id":"https:\/\/www.gaveanews.com\/index.php\/2022\/05\/31\/desejado-pelo-flamengo-benfica-estipula-valor-para-vender-everton-cebolinha\/","url":"https:\/\/www.gaveanews.com\/index.php\/2022\/05\/31\/desejado-pelo-flamengo-benfica-estipula-valor-para-vender-everton-cebolinha\/","name":"Desejado pelo Flamengo, Benfica estipula valor para vender Everton Cebolinha","isPartOf":{"@id":"https:\/\/www.gaveanews.com\/#website"},"primaryImageOfPage":{"@id":"https:\/\/www.gaveanews.com\/index.php\/2022\/05\/31\/desejado-pelo-flamengo-benfica-estipula-valor-para-vender-everton-cebolinha\/#primaryimage"},"image":{"@id":"https:\/\/www.gaveanews.com\/index.php\/2022\/05\/31\/desejado-pelo-flamengo-benfica-estipula-valor-para-vender-everton-cebolinha\/#primaryimage"},"thumbnailUrl":"https:\/\/www.gaveanews.com\/wp-content\/uploads\/Everton-Cebolinha-em-acao-pela-Selecao-Brasileira.webp","datePublished":"2022-06-01T02:42:45+00:00","dateModified":"2022-06-01T02:42:47+00:00","author":{"@id":"https:\/\/www.gaveanews.com\/#\/schema\/person\/2ec14f73fb96be2caf28f91afb14749d"},"breadcrumb":{"@id":"https:\/\/www.gaveanews.com\/index.php\/2022\/05\/31\/desejado-pelo-flamengo-benfica-estipula-valor-para-vender-everton-cebolinha\/#breadcrumb"},"inLanguage":"pt-BR","potentialAction":[{"@type":"ReadAction","target":["https:\/\/www.gaveanews.com\/index.php\/2022\/05\/31\/desejado-pelo-flamengo-benfica-estipula-valor-para-vender-everton-cebolinha\/"]}]},{"@type":"ImageObject","inLanguage":"pt-BR","@id":"https:\/\/www.gaveanews.com\/index.php\/2022\/05\/31\/desejado-pelo-flamengo-benfica-estipula-valor-para-vender-everton-cebolinha\/#primaryimage","url":"https:\/\/www.gaveanews.com\/wp-content\/uploads\/Everton-Cebolinha-em-acao-pela-Selecao-Brasileira.webp","contentUrl":"https:\/\/www.gaveanews.com\/wp-content\/uploads\/Everton-Cebolinha-em-acao-pela-Selecao-Brasileira.webp","width":634,"height":422,"caption":"Everton Cebolinha em a\u00e7\u00e3o pela Sele\u00e7\u00e3o Brasileira (Foto: Lucas Figueiredo\/CBF)"},{"@type":"BreadcrumbList","@id":"https:\/\/www.gaveanews.com\/index.php\/2022\/05\/31\/desejado-pelo-flamengo-benfica-estipula-valor-para-vender-everton-cebolinha\/#breadcrumb","itemListElement":[{"@type":"ListItem","position":1,"name":"Home","item":"https:\/\/www.gaveanews.com\/"},{"@type":"ListItem","position":2,"name":"Desejado pelo Flamengo, Benfica estipula valor para vender Everton Cebolinha"}]},{"@type":"WebSite","@id":"https:\/\/www.gaveanews.com\/#website","url":"https:\/\/www.gaveanews.com\/","name":"G\u00e1vea News","description":"Veja todas as not\u00edcias sobre o Flamengo: Contrata\u00e7\u00f5es, categorias de base, resultados das partidas, tabela de classifica\u00e7\u00e3o, pr\u00f3ximos jogos!","potentialAction":[{"@type":"SearchAction","target":{"@type":"EntryPoint","urlTemplate":"https:\/\/www.gaveanews.com\/?s={search_term_string}"},"query-input":{"@type":"PropertyValueSpecification","valueRequired":true,"valueName":"search_term_string"}}],"inLanguage":"pt-BR"},{"@type":"Person","@id":"https:\/\/www.gaveanews.com\/#\/schema\/person\/2ec14f73fb96be2caf28f91afb14749d","name":"Equipe G\u00e1vea News","image":{"@type":"ImageObject","inLanguage":"pt-BR","@id":"https:\/\/www.gaveanews.com\/#\/schema\/person\/image\/","url":"https:\/\/secure.gravatar.com\/avatar\/1e1956f1facbffd3f8fa53a326721950116b3b9dc9bd44939c01180fd4a745a9?s=96&d=mm&r=g","contentUrl":"https:\/\/secure.gravatar.com\/avatar\/1e1956f1facbffd3f8fa53a326721950116b3b9dc9bd44939c01180fd4a745a9?s=96&d=mm&r=g","caption":"Equipe G\u00e1vea News"}}]}},"_links":{"self":[{"href":"https:\/\/www.gaveanews.com\/index.php\/wp-json\/wp\/v2\/posts\/82411","targetHints":{"allow":["GET"]}}],"collection":[{"href":"https:\/\/www.gaveanews.com\/index.php\/wp-json\/wp\/v2\/posts"}],"about":[{"href":"https:\/\/www.gaveanews.com\/index.php\/wp-json\/wp\/v2\/types\/post"}],"author":[{"embeddable":true,"href":"https:\/\/www.gaveanews.com\/index.php\/wp-json\/wp\/v2\/users\/1"}],"replies":[{"embeddable":true,"href":"https:\/\/www.gaveanews.com\/index.php\/wp-json\/wp\/v2\/comments?post=82411"}],"version-history":[{"count":0,"href":"https:\/\/www.gaveanews.com\/index.php\/wp-json\/wp\/v2\/posts\/82411\/revisions"}],"wp:featuredmedia":[{"embeddable":true,"href":"https:\/\/www.gaveanews.com\/index.php\/wp-json\/wp\/v2\/media\/75363"}],"wp:attachment":[{"href":"https:\/\/www.gaveanews.com\/index.php\/wp-json\/wp\/v2\/media?parent=82411"}],"wp:term":[{"taxonomy":"category","embeddable":true,"href":"https:\/\/www.gaveanews.com\/index.php\/wp-json\/wp\/v2\/categories?post=82411"},{"taxonomy":"post_tag","embeddable":true,"href":"https:\/\/www.gaveanews.com\/index.php\/wp-json\/wp\/v2\/tags?post=82411"}],"curies":[{"name":"wp","href":"https:\/\/api.w.org\/{rel}","templated":true}]}}