{"id":82423,"date":"2022-06-01T09:24:09","date_gmt":"2022-06-01T12:24:09","guid":{"rendered":"https:\/\/www.gaveanews.com\/?p=82423"},"modified":"2022-06-01T09:24:12","modified_gmt":"2022-06-01T12:24:12","slug":"ex-atacante-do-palmeiras-defende-vinicius-junior-e-ataca-imprensa","status":"publish","type":"post","link":"https:\/\/www.gaveanews.com\/index.php\/2022\/06\/01\/ex-atacante-do-palmeiras-defende-vinicius-junior-e-ataca-imprensa\/","title":{"rendered":"Ex-atacante do Palmeiras defende Vin\u00edcius J\u00fanior e ataca imprensa"},"content":{"rendered":"\n<p>Durante live na Twitch, na \u00faltima segunda-feira (30), o ex-atacante do Palmeiras, Kleber Gladiador fez duros ataques a imprensa ao falar do heroi do Real Madrid, Vin\u00edcius J\u00fanior, que marcou o gol do t\u00edtulo da Champions League, sobre o Liverpool, no s\u00e1bado.<\/p>\n\n\n\n<p>Kleber afirma que Vin\u00edcius J\u00fanior sofreu com cr\u00edticas no in\u00edcio da carreira, quando ainda era uma promessa no Flamengo. Al\u00e9m de jornalistas, o ex-jogador se mostra decepcionado com o comportamento tamb\u00e9m de ex-companheiros de profiss\u00e3o que hoje est\u00e3o na imprensa.<\/p>\n\n\n\n<p><em>\u2014 Hoje, eu vejo um monte de ex-jogador, tudo bunda-mole, tudo bunda-mole. E fala, grita, xinga, fala um monte. Quando est\u00e1 na sua frente, \u00e9 tudo bunda-mole. N\u00e3o fala nada, te abra\u00e7a. Os caras s\u00e3o muito bunda-mole. N\u00e3o consigo respeitar esses caras. E a maioria eram ex-jogadores. Muitos conheci, tive a oportunidade de sentar, conversar na mesma mesa, e a maioria \u00e9 tudo bunda-mole. N\u00e3o tem coragem de falar o que faz no programa<\/em>, disse Kleber.<\/p>\n\n\n\n<p><em>\u2014 Estou cada vez mais enojado desses jogadores que falam na imprensa. S\u00f3 falam merda. Impressionante. Impressionante como falam besteira. N\u00e3o t\u00eam respeito. Os caras esquecem que eles jogaram futebol, que eles trabalharam como atleta, do que eles passaram como atleta. Tratar o Vin\u00edcius J\u00fanior da forma como trataram no passado, chamando ele de Neguebinha, como se fosse tamb\u00e9m desprezo chamar ele de Neguebinha<\/em>, completou o ex-jogador.<\/p>\n\n\n\n<h2 class=\"wp-block-heading\" id=\"h-jornalista-tambem-viram-alvos-de-kleber\">Jornalista tamb\u00e9m viram alvos de Kleber<\/h2>\n\n\n\n<p>Na vis\u00e3o do ex-jogador, a maioria dos jornalistas que atuam na imprensa esportiva s\u00e3o frustrados por n\u00e3o terem seguido a carreira como atleta profissional.<\/p>\n\n\n\n<p><em>\u2014 A maioria desses caras que t\u00e3o falando \u2013 \u00f3bvio, falando de quem n\u00e3o jogou -, o sonho deles era jogar futebol e eles n\u00e3o conseguiram. Muitos deles at\u00e9 tentaram. Mas era muito ruim. Ou era ruim ou n\u00e3o tinha disposi\u00e7\u00e3o para aguentar. N\u00e3o \u00e9 f\u00e1cil sair \u00e0s 5 da manh\u00e3, pegar dois bus\u00e3o lotado (sic)<\/em>, afirma Kleber.<\/p>\n\n\n\n<p><em>\u2014 A grande maioria desses caras, se voc\u00ea para pra pensar, tem toda uma ideologia. Impressionante. A maioria desses caras \u00e9 das antigas, que fala mal de todo mundo h\u00e1 muito tempo, que n\u00e3o jogou bola, que n\u00e3o sabe de nada, mas fala de todo mundo. A maioria tem uma ideologia, tem um partido assumido politicamente, a gente sabe, e \u00e9 triste ver isso<\/em>, completou o ex-jogador.<\/p>\n\n\n\n<figure class=\"wp-block-embed is-type-rich is-provider-twitter wp-block-embed-twitter\"><div class=\"wp-block-embed__wrapper\">\n<blockquote class=\"twitter-tweet\" data-width=\"550\" data-dnt=\"true\"><p lang=\"pt\" dir=\"ltr\">\ud83d\udd0e Vin\u00edcius J\u00fanior (21 anos) foi o brasileiro com mais assist\u00eancias e participa\u00e7\u00f5es em gols em 21\/22.<br><br>\u2694\ufe0f 52 jogos<br>\u26bd\ufe0f 22 gols<br>\ud83c\udd70\ufe0f 16 assist\u00eancias<br>\u23f0 112 mins p\/ participar<br>\ud83d\udc5f 85 chutes (55 no gol!)<br>\ud83d\udd04 140 dribles certos (!)<br>\ud83d\udcaf Nota SofaScore 7.31<br><br>Temporada inesquec\u00edvel! \ud83c\udde7\ud83c\uddf7\ud83d\udc8e <a href=\"https:\/\/t.co\/BWoGsh8IGU\">pic.twitter.com\/BWoGsh8IGU<\/a><\/p>&mdash; Sofascore Brazil (@SofascoreBR) <a href=\"https:\/\/twitter.com\/SofascoreBR\/status\/1530671066636357632?ref_src=twsrc%5Etfw\">May 28, 2022<\/a><\/blockquote><script async src=\"https:\/\/platform.twitter.com\/widgets.js\" charset=\"utf-8\"><\/script>\n<\/div><\/figure>\n\n\n\n<p>Desde 2017 no Real Madrid, Vin\u00edcius J\u00fanior custou cerca de 45 milh\u00f5es de euros. Na ocasi\u00e3o, muito se questionou as altas cifras bancadas pelo clube espanhol, alegando que o ex-Flamengo apresentava defici\u00eancias t\u00e9cnicas e de finaliza\u00e7\u00e3o.<\/p>\n\n\n\n<p>Contratado pelo Real Madrid ainda com 16 anos por 45 milh\u00f5es de euros, em 2017, Vin\u00edcius J\u00fanior chegou a ter sua qualidade questionada. Para muitos, o atacante, revelado no Flamengo n\u00e3o valia a quantia paga pelo time merengue e tinha defici\u00eancias t\u00e9cnicas, principalmente na finaliza\u00e7\u00e3o.<\/p>\n\n\n\n<p>Ao lado de Benzema, o brasileiro foi o atleta mais importante do Real Madrid na temporada. Com gols e assist\u00eancias, foi decisivo na conquista da Liga dos Campe\u00f5es da Europa. No \u00faltimo s\u00e1bado, marcou o gol do t\u00edtulo sobre o Liverpool.<\/p>\n\n\n\n<figure class=\"wp-block-embed is-type-rich is-provider-twitter wp-block-embed-twitter\"><div class=\"wp-block-embed__wrapper\">\n<blockquote class=\"twitter-tweet\" data-width=\"550\" data-dnt=\"true\"><p lang=\"es\" dir=\"ltr\">LOS REYES DE EUROPA \ud83c\udfc6\ud83e\udd0d\ud83d\udcad <a href=\"https:\/\/t.co\/lPXKbysln4\">pic.twitter.com\/lPXKbysln4<\/a><\/p>&mdash; Vini Jr. (@vinijr) <a href=\"https:\/\/twitter.com\/vinijr\/status\/1531044726819930114?ref_src=twsrc%5Etfw\">May 29, 2022<\/a><\/blockquote><script async src=\"https:\/\/platform.twitter.com\/widgets.js\" charset=\"utf-8\"><\/script>\n<\/div><\/figure>\n\n\n\n<h2 class=\"wp-block-heading\" id=\"h-vini-jr-comemora-feito-enorme-com-real-madrid\">Vini Jr. comemora feito enorme com Real Madrid<\/h2>\n\n\n\n<p>Ap\u00f3s a final, o atacante de 21 anos celebrou o momento e exaltou a estrat\u00e9gia da equipe, que criou menos que o advers\u00e1rio, mas foi fatal.<\/p>\n\n\n\n<p><em>\u2014 (Me sinto) A pessoa mais feliz desse mundo, depois de uma temporada t\u00e3o larga, jogos especiais, emocionantes, chegou o mais bonito. Chegamos aqui, tivemos uma ocasi\u00e3o e marcamos o gol. N\u00e3o tenho a no\u00e7\u00e3o ainda do que estou vivendo, do gol que fiz hoje pelo maior clube do mundo, na maior competi\u00e7\u00e3o do mundo e sendo t\u00e3o jovem. N\u00e3o quero parar por aqui, quero seguir trabalhando muito como trabalhei at\u00e9 aqui, para ganhar tantas Champions Leagues como esses (jogadores veteranos do Real Madrid) que conquistaram a quinta. Eles nasceram para vencer<\/em>, disse Vin\u00edcius Jr. \u00e0 TNT Sports.<\/p>\n\n\n\n<p><em>\u2014 (Reflexo) De uma temporada muito bonita e especial. N\u00e3o s\u00f3 minha, mas de todos os jogadores. Aprendemos muito que sofrer \u00e9 bom, \u00e9 especial, que o bonito pode demorar, mas pode chegar. Jogar com essa camisa n\u00e3o tem pre\u00e7o, todo jogador do mundo sonha em estar aqui. Eu sonhei e estou realizando meu sonho e o da minha fam\u00edlia. Todo jogador que sonha muito alto sonha em jogar com essa camisa<\/em>, concluiu Vin\u00edcius.<\/p>\n\n\n\n<p>Retirado de: Torcedores<\/p>\n","protected":false},"excerpt":{"rendered":"<p>Durante live na Twitch, na \u00faltima segunda-feira (30), o ex-atacante do Palmeiras, Kleber Gladiador fez duros ataques a imprensa ao falar do heroi do Real Madrid, Vin\u00edcius J\u00fanior, que marcou o gol do t\u00edtulo da Champions League, sobre o Liverpool, no s\u00e1bado. Kleber afirma que Vin\u00edcius J\u00fanior sofreu com cr\u00edticas no in\u00edcio da carreira, quando [&hellip;]<\/p>\n","protected":false},"author":1,"featured_media":82385,"comment_status":"open","ping_status":"closed","sticky":false,"template":"","format":"standard","meta":{"footnotes":""},"categories":[1],"tags":[],"class_list":["post-82423","post","type-post","status-publish","format-standard","has-post-thumbnail","hentry","category-flamengo"],"yoast_head":"<!-- This site is optimized with the Yoast SEO Premium plugin v24.2 (Yoast SEO v26.9) - https:\/\/yoast.com\/product\/yoast-seo-premium-wordpress\/ -->\n<title>Ex-atacante do Palmeiras defende Vin\u00edcius J\u00fanior e ataca imprensa<\/title>\n<meta name=\"robots\" content=\"index, follow, max-snippet:-1, max-image-preview:large, max-video-preview:-1\" \/>\n<link rel=\"canonical\" href=\"https:\/\/www.gaveanews.com\/index.php\/2022\/06\/01\/ex-atacante-do-palmeiras-defende-vinicius-junior-e-ataca-imprensa\/\" \/>\n<meta property=\"og:locale\" content=\"pt_BR\" \/>\n<meta property=\"og:type\" content=\"article\" \/>\n<meta property=\"og:title\" content=\"Ex-atacante do Palmeiras defende Vin\u00edcius J\u00fanior e ataca imprensa\" \/>\n<meta property=\"og:description\" content=\"Durante live na Twitch, na \u00faltima segunda-feira (30), o ex-atacante do Palmeiras, Kleber Gladiador fez duros ataques a imprensa ao falar do heroi do Real Madrid, Vin\u00edcius J\u00fanior, que marcou o gol do t\u00edtulo da Champions League, sobre o Liverpool, no s\u00e1bado. Kleber afirma que Vin\u00edcius J\u00fanior sofreu com cr\u00edticas no in\u00edcio da carreira, quando [&hellip;]\" \/>\n<meta property=\"og:url\" content=\"https:\/\/www.gaveanews.com\/index.php\/2022\/06\/01\/ex-atacante-do-palmeiras-defende-vinicius-junior-e-ataca-imprensa\/\" \/>\n<meta property=\"og:site_name\" content=\"G\u00e1vea News\" \/>\n<meta property=\"article:publisher\" content=\"https:\/\/facebook.com\/gaveaNews\/\" \/>\n<meta property=\"article:published_time\" content=\"2022-06-01T12:24:09+00:00\" \/>\n<meta property=\"article:modified_time\" content=\"2022-06-01T12:24:12+00:00\" \/>\n<meta property=\"og:image\" content=\"https:\/\/www.gaveanews.com\/wp-content\/uploads\/Vinicius-Junior-marca-do-gol-do-titulo-do-Real-Madrid-na-Champions-League.webp\" \/>\n\t<meta property=\"og:image:width\" content=\"846\" \/>\n\t<meta property=\"og:image:height\" content=\"564\" \/>\n\t<meta property=\"og:image:type\" content=\"image\/webp\" \/>\n<meta name=\"author\" content=\"Equipe G\u00e1vea News\" \/>\n<meta name=\"twitter:card\" content=\"summary_large_image\" \/>\n<meta name=\"twitter:label1\" content=\"Escrito por\" \/>\n\t<meta name=\"twitter:data1\" content=\"Equipe G\u00e1vea News\" \/>\n\t<meta name=\"twitter:label2\" content=\"Est. tempo de leitura\" \/>\n\t<meta name=\"twitter:data2\" content=\"4 minutos\" \/>\n<script type=\"application\/ld+json\" class=\"yoast-schema-graph\">{\"@context\":\"https:\/\/schema.org\",\"@graph\":[{\"@type\":\"NewsArticle\",\"@id\":\"https:\/\/www.gaveanews.com\/index.php\/2022\/06\/01\/ex-atacante-do-palmeiras-defende-vinicius-junior-e-ataca-imprensa\/#article\",\"isPartOf\":{\"@id\":\"https:\/\/www.gaveanews.com\/index.php\/2022\/06\/01\/ex-atacante-do-palmeiras-defende-vinicius-junior-e-ataca-imprensa\/\"},\"author\":{\"name\":\"Equipe G\u00e1vea News\",\"@id\":\"https:\/\/www.gaveanews.com\/#\/schema\/person\/2ec14f73fb96be2caf28f91afb14749d\"},\"headline\":\"Ex-atacante do Palmeiras defende Vin\u00edcius J\u00fanior e ataca imprensa\",\"datePublished\":\"2022-06-01T12:24:09+00:00\",\"dateModified\":\"2022-06-01T12:24:12+00:00\",\"mainEntityOfPage\":{\"@id\":\"https:\/\/www.gaveanews.com\/index.php\/2022\/06\/01\/ex-atacante-do-palmeiras-defende-vinicius-junior-e-ataca-imprensa\/\"},\"wordCount\":779,\"commentCount\":0,\"image\":{\"@id\":\"https:\/\/www.gaveanews.com\/index.php\/2022\/06\/01\/ex-atacante-do-palmeiras-defende-vinicius-junior-e-ataca-imprensa\/#primaryimage\"},\"thumbnailUrl\":\"https:\/\/www.gaveanews.com\/wp-content\/uploads\/Vinicius-Junior-marca-do-gol-do-titulo-do-Real-Madrid-na-Champions-League.webp\",\"articleSection\":[\"Flamengo\"],\"inLanguage\":\"pt-BR\",\"potentialAction\":[{\"@type\":\"CommentAction\",\"name\":\"Comment\",\"target\":[\"https:\/\/www.gaveanews.com\/index.php\/2022\/06\/01\/ex-atacante-do-palmeiras-defende-vinicius-junior-e-ataca-imprensa\/#respond\"]}],\"copyrightYear\":\"2022\",\"copyrightHolder\":{\"@id\":\"https:\/\/www.gaveanews.com\/#organization\"}},{\"@type\":\"WebPage\",\"@id\":\"https:\/\/www.gaveanews.com\/index.php\/2022\/06\/01\/ex-atacante-do-palmeiras-defende-vinicius-junior-e-ataca-imprensa\/\",\"url\":\"https:\/\/www.gaveanews.com\/index.php\/2022\/06\/01\/ex-atacante-do-palmeiras-defende-vinicius-junior-e-ataca-imprensa\/\",\"name\":\"Ex-atacante do Palmeiras defende Vin\u00edcius J\u00fanior e ataca imprensa\",\"isPartOf\":{\"@id\":\"https:\/\/www.gaveanews.com\/#website\"},\"primaryImageOfPage\":{\"@id\":\"https:\/\/www.gaveanews.com\/index.php\/2022\/06\/01\/ex-atacante-do-palmeiras-defende-vinicius-junior-e-ataca-imprensa\/#primaryimage\"},\"image\":{\"@id\":\"https:\/\/www.gaveanews.com\/index.php\/2022\/06\/01\/ex-atacante-do-palmeiras-defende-vinicius-junior-e-ataca-imprensa\/#primaryimage\"},\"thumbnailUrl\":\"https:\/\/www.gaveanews.com\/wp-content\/uploads\/Vinicius-Junior-marca-do-gol-do-titulo-do-Real-Madrid-na-Champions-League.webp\",\"datePublished\":\"2022-06-01T12:24:09+00:00\",\"dateModified\":\"2022-06-01T12:24:12+00:00\",\"author\":{\"@id\":\"https:\/\/www.gaveanews.com\/#\/schema\/person\/2ec14f73fb96be2caf28f91afb14749d\"},\"breadcrumb\":{\"@id\":\"https:\/\/www.gaveanews.com\/index.php\/2022\/06\/01\/ex-atacante-do-palmeiras-defende-vinicius-junior-e-ataca-imprensa\/#breadcrumb\"},\"inLanguage\":\"pt-BR\",\"potentialAction\":[{\"@type\":\"ReadAction\",\"target\":[\"https:\/\/www.gaveanews.com\/index.php\/2022\/06\/01\/ex-atacante-do-palmeiras-defende-vinicius-junior-e-ataca-imprensa\/\"]}]},{\"@type\":\"ImageObject\",\"inLanguage\":\"pt-BR\",\"@id\":\"https:\/\/www.gaveanews.com\/index.php\/2022\/06\/01\/ex-atacante-do-palmeiras-defende-vinicius-junior-e-ataca-imprensa\/#primaryimage\",\"url\":\"https:\/\/www.gaveanews.com\/wp-content\/uploads\/Vinicius-Junior-marca-do-gol-do-titulo-do-Real-Madrid-na-Champions-League.webp\",\"contentUrl\":\"https:\/\/www.gaveanews.com\/wp-content\/uploads\/Vinicius-Junior-marca-do-gol-do-titulo-do-Real-Madrid-na-Champions-League.webp\",\"width\":846,\"height\":564,\"caption\":\"Vinicius Junior marca do gol do t\u00edtulo do Real Madrid na Champions League (Foto: Franck Fife\/AFP)\"},{\"@type\":\"BreadcrumbList\",\"@id\":\"https:\/\/www.gaveanews.com\/index.php\/2022\/06\/01\/ex-atacante-do-palmeiras-defende-vinicius-junior-e-ataca-imprensa\/#breadcrumb\",\"itemListElement\":[{\"@type\":\"ListItem\",\"position\":1,\"name\":\"Home\",\"item\":\"https:\/\/www.gaveanews.com\/\"},{\"@type\":\"ListItem\",\"position\":2,\"name\":\"Ex-atacante do Palmeiras defende Vin\u00edcius J\u00fanior e ataca imprensa\"}]},{\"@type\":\"WebSite\",\"@id\":\"https:\/\/www.gaveanews.com\/#website\",\"url\":\"https:\/\/www.gaveanews.com\/\",\"name\":\"G\u00e1vea News\",\"description\":\"Veja todas as not\u00edcias sobre o Flamengo: Contrata\u00e7\u00f5es, categorias de base, resultados das partidas, tabela de classifica\u00e7\u00e3o, pr\u00f3ximos jogos!\",\"potentialAction\":[{\"@type\":\"SearchAction\",\"target\":{\"@type\":\"EntryPoint\",\"urlTemplate\":\"https:\/\/www.gaveanews.com\/?s={search_term_string}\"},\"query-input\":{\"@type\":\"PropertyValueSpecification\",\"valueRequired\":true,\"valueName\":\"search_term_string\"}}],\"inLanguage\":\"pt-BR\"},{\"@type\":\"Person\",\"@id\":\"https:\/\/www.gaveanews.com\/#\/schema\/person\/2ec14f73fb96be2caf28f91afb14749d\",\"name\":\"Equipe G\u00e1vea News\",\"image\":{\"@type\":\"ImageObject\",\"inLanguage\":\"pt-BR\",\"@id\":\"https:\/\/www.gaveanews.com\/#\/schema\/person\/image\/\",\"url\":\"https:\/\/secure.gravatar.com\/avatar\/1e1956f1facbffd3f8fa53a326721950116b3b9dc9bd44939c01180fd4a745a9?s=96&d=mm&r=g\",\"contentUrl\":\"https:\/\/secure.gravatar.com\/avatar\/1e1956f1facbffd3f8fa53a326721950116b3b9dc9bd44939c01180fd4a745a9?s=96&d=mm&r=g\",\"caption\":\"Equipe G\u00e1vea News\"}}]}<\/script>\n<!-- \/ Yoast SEO Premium plugin. -->","yoast_head_json":{"title":"Ex-atacante do Palmeiras defende Vin\u00edcius J\u00fanior e ataca imprensa","robots":{"index":"index","follow":"follow","max-snippet":"max-snippet:-1","max-image-preview":"max-image-preview:large","max-video-preview":"max-video-preview:-1"},"canonical":"https:\/\/www.gaveanews.com\/index.php\/2022\/06\/01\/ex-atacante-do-palmeiras-defende-vinicius-junior-e-ataca-imprensa\/","og_locale":"pt_BR","og_type":"article","og_title":"Ex-atacante do Palmeiras defende Vin\u00edcius J\u00fanior e ataca imprensa","og_description":"Durante live na Twitch, na \u00faltima segunda-feira (30), o ex-atacante do Palmeiras, Kleber Gladiador fez duros ataques a imprensa ao falar do heroi do Real Madrid, Vin\u00edcius J\u00fanior, que marcou o gol do t\u00edtulo da Champions League, sobre o Liverpool, no s\u00e1bado. Kleber afirma que Vin\u00edcius J\u00fanior sofreu com cr\u00edticas no in\u00edcio da carreira, quando [&hellip;]","og_url":"https:\/\/www.gaveanews.com\/index.php\/2022\/06\/01\/ex-atacante-do-palmeiras-defende-vinicius-junior-e-ataca-imprensa\/","og_site_name":"G\u00e1vea News","article_publisher":"https:\/\/facebook.com\/gaveaNews\/","article_published_time":"2022-06-01T12:24:09+00:00","article_modified_time":"2022-06-01T12:24:12+00:00","og_image":[{"width":846,"height":564,"url":"https:\/\/www.gaveanews.com\/wp-content\/uploads\/Vinicius-Junior-marca-do-gol-do-titulo-do-Real-Madrid-na-Champions-League.webp","type":"image\/webp"}],"author":"Equipe G\u00e1vea News","twitter_card":"summary_large_image","twitter_misc":{"Escrito por":"Equipe G\u00e1vea News","Est. tempo de leitura":"4 minutos"},"schema":{"@context":"https:\/\/schema.org","@graph":[{"@type":"NewsArticle","@id":"https:\/\/www.gaveanews.com\/index.php\/2022\/06\/01\/ex-atacante-do-palmeiras-defende-vinicius-junior-e-ataca-imprensa\/#article","isPartOf":{"@id":"https:\/\/www.gaveanews.com\/index.php\/2022\/06\/01\/ex-atacante-do-palmeiras-defende-vinicius-junior-e-ataca-imprensa\/"},"author":{"name":"Equipe G\u00e1vea News","@id":"https:\/\/www.gaveanews.com\/#\/schema\/person\/2ec14f73fb96be2caf28f91afb14749d"},"headline":"Ex-atacante do Palmeiras defende Vin\u00edcius J\u00fanior e ataca imprensa","datePublished":"2022-06-01T12:24:09+00:00","dateModified":"2022-06-01T12:24:12+00:00","mainEntityOfPage":{"@id":"https:\/\/www.gaveanews.com\/index.php\/2022\/06\/01\/ex-atacante-do-palmeiras-defende-vinicius-junior-e-ataca-imprensa\/"},"wordCount":779,"commentCount":0,"image":{"@id":"https:\/\/www.gaveanews.com\/index.php\/2022\/06\/01\/ex-atacante-do-palmeiras-defende-vinicius-junior-e-ataca-imprensa\/#primaryimage"},"thumbnailUrl":"https:\/\/www.gaveanews.com\/wp-content\/uploads\/Vinicius-Junior-marca-do-gol-do-titulo-do-Real-Madrid-na-Champions-League.webp","articleSection":["Flamengo"],"inLanguage":"pt-BR","potentialAction":[{"@type":"CommentAction","name":"Comment","target":["https:\/\/www.gaveanews.com\/index.php\/2022\/06\/01\/ex-atacante-do-palmeiras-defende-vinicius-junior-e-ataca-imprensa\/#respond"]}],"copyrightYear":"2022","copyrightHolder":{"@id":"https:\/\/www.gaveanews.com\/#organization"}},{"@type":"WebPage","@id":"https:\/\/www.gaveanews.com\/index.php\/2022\/06\/01\/ex-atacante-do-palmeiras-defende-vinicius-junior-e-ataca-imprensa\/","url":"https:\/\/www.gaveanews.com\/index.php\/2022\/06\/01\/ex-atacante-do-palmeiras-defende-vinicius-junior-e-ataca-imprensa\/","name":"Ex-atacante do Palmeiras defende Vin\u00edcius J\u00fanior e ataca imprensa","isPartOf":{"@id":"https:\/\/www.gaveanews.com\/#website"},"primaryImageOfPage":{"@id":"https:\/\/www.gaveanews.com\/index.php\/2022\/06\/01\/ex-atacante-do-palmeiras-defende-vinicius-junior-e-ataca-imprensa\/#primaryimage"},"image":{"@id":"https:\/\/www.gaveanews.com\/index.php\/2022\/06\/01\/ex-atacante-do-palmeiras-defende-vinicius-junior-e-ataca-imprensa\/#primaryimage"},"thumbnailUrl":"https:\/\/www.gaveanews.com\/wp-content\/uploads\/Vinicius-Junior-marca-do-gol-do-titulo-do-Real-Madrid-na-Champions-League.webp","datePublished":"2022-06-01T12:24:09+00:00","dateModified":"2022-06-01T12:24:12+00:00","author":{"@id":"https:\/\/www.gaveanews.com\/#\/schema\/person\/2ec14f73fb96be2caf28f91afb14749d"},"breadcrumb":{"@id":"https:\/\/www.gaveanews.com\/index.php\/2022\/06\/01\/ex-atacante-do-palmeiras-defende-vinicius-junior-e-ataca-imprensa\/#breadcrumb"},"inLanguage":"pt-BR","potentialAction":[{"@type":"ReadAction","target":["https:\/\/www.gaveanews.com\/index.php\/2022\/06\/01\/ex-atacante-do-palmeiras-defende-vinicius-junior-e-ataca-imprensa\/"]}]},{"@type":"ImageObject","inLanguage":"pt-BR","@id":"https:\/\/www.gaveanews.com\/index.php\/2022\/06\/01\/ex-atacante-do-palmeiras-defende-vinicius-junior-e-ataca-imprensa\/#primaryimage","url":"https:\/\/www.gaveanews.com\/wp-content\/uploads\/Vinicius-Junior-marca-do-gol-do-titulo-do-Real-Madrid-na-Champions-League.webp","contentUrl":"https:\/\/www.gaveanews.com\/wp-content\/uploads\/Vinicius-Junior-marca-do-gol-do-titulo-do-Real-Madrid-na-Champions-League.webp","width":846,"height":564,"caption":"Vinicius Junior marca do gol do t\u00edtulo do Real Madrid na Champions League (Foto: Franck Fife\/AFP)"},{"@type":"BreadcrumbList","@id":"https:\/\/www.gaveanews.com\/index.php\/2022\/06\/01\/ex-atacante-do-palmeiras-defende-vinicius-junior-e-ataca-imprensa\/#breadcrumb","itemListElement":[{"@type":"ListItem","position":1,"name":"Home","item":"https:\/\/www.gaveanews.com\/"},{"@type":"ListItem","position":2,"name":"Ex-atacante do Palmeiras defende Vin\u00edcius J\u00fanior e ataca imprensa"}]},{"@type":"WebSite","@id":"https:\/\/www.gaveanews.com\/#website","url":"https:\/\/www.gaveanews.com\/","name":"G\u00e1vea News","description":"Veja todas as not\u00edcias sobre o Flamengo: Contrata\u00e7\u00f5es, categorias de base, resultados das partidas, tabela de classifica\u00e7\u00e3o, pr\u00f3ximos jogos!","potentialAction":[{"@type":"SearchAction","target":{"@type":"EntryPoint","urlTemplate":"https:\/\/www.gaveanews.com\/?s={search_term_string}"},"query-input":{"@type":"PropertyValueSpecification","valueRequired":true,"valueName":"search_term_string"}}],"inLanguage":"pt-BR"},{"@type":"Person","@id":"https:\/\/www.gaveanews.com\/#\/schema\/person\/2ec14f73fb96be2caf28f91afb14749d","name":"Equipe G\u00e1vea News","image":{"@type":"ImageObject","inLanguage":"pt-BR","@id":"https:\/\/www.gaveanews.com\/#\/schema\/person\/image\/","url":"https:\/\/secure.gravatar.com\/avatar\/1e1956f1facbffd3f8fa53a326721950116b3b9dc9bd44939c01180fd4a745a9?s=96&d=mm&r=g","contentUrl":"https:\/\/secure.gravatar.com\/avatar\/1e1956f1facbffd3f8fa53a326721950116b3b9dc9bd44939c01180fd4a745a9?s=96&d=mm&r=g","caption":"Equipe G\u00e1vea News"}}]}},"_links":{"self":[{"href":"https:\/\/www.gaveanews.com\/index.php\/wp-json\/wp\/v2\/posts\/82423","targetHints":{"allow":["GET"]}}],"collection":[{"href":"https:\/\/www.gaveanews.com\/index.php\/wp-json\/wp\/v2\/posts"}],"about":[{"href":"https:\/\/www.gaveanews.com\/index.php\/wp-json\/wp\/v2\/types\/post"}],"author":[{"embeddable":true,"href":"https:\/\/www.gaveanews.com\/index.php\/wp-json\/wp\/v2\/users\/1"}],"replies":[{"embeddable":true,"href":"https:\/\/www.gaveanews.com\/index.php\/wp-json\/wp\/v2\/comments?post=82423"}],"version-history":[{"count":0,"href":"https:\/\/www.gaveanews.com\/index.php\/wp-json\/wp\/v2\/posts\/82423\/revisions"}],"wp:featuredmedia":[{"embeddable":true,"href":"https:\/\/www.gaveanews.com\/index.php\/wp-json\/wp\/v2\/media\/82385"}],"wp:attachment":[{"href":"https:\/\/www.gaveanews.com\/index.php\/wp-json\/wp\/v2\/media?parent=82423"}],"wp:term":[{"taxonomy":"category","embeddable":true,"href":"https:\/\/www.gaveanews.com\/index.php\/wp-json\/wp\/v2\/categories?post=82423"},{"taxonomy":"post_tag","embeddable":true,"href":"https:\/\/www.gaveanews.com\/index.php\/wp-json\/wp\/v2\/tags?post=82423"}],"curies":[{"name":"wp","href":"https:\/\/api.w.org\/{rel}","templated":true}]}}