{"id":82516,"date":"2022-06-02T19:11:07","date_gmt":"2022-06-02T22:11:07","guid":{"rendered":"https:\/\/www.gaveanews.com\/?p=82516"},"modified":"2022-06-02T19:13:43","modified_gmt":"2022-06-02T22:13:43","slug":"nova-camisa-do-flamengo-vaza-nas-redes-sociais-veja-foto","status":"publish","type":"post","link":"https:\/\/www.gaveanews.com\/index.php\/2022\/06\/02\/nova-camisa-do-flamengo-vaza-nas-redes-sociais-veja-foto\/","title":{"rendered":"Nova camisa do Flamengo vaza nas redes sociais; veja foto"},"content":{"rendered":"\n<p>Na noite desta quinta-feira (02 de junho), o novo uniforme do Flamengo vazou nas redes sociais. O uniforme, por sua vez, ser\u00e1 predominantemente preto com v\u00e1rios detalhes em vermelho. J\u00e1 em rela\u00e7\u00e3o ao escudo do Flamengo e a logomarca da Adidas, ambos ser\u00e3o brancos. <\/p>\n\n\n\n<p>Desta vez, a empresa alem\u00e3 optou por n\u00e3o utilizar as tr\u00eas listras que normalmente s\u00e3o utilizadas na regi\u00e3o do ombro. Sobre o lan\u00e7amento oficial, ele ocorrer\u00e1 nos pr\u00f3ximos dias. A respeito dos valores, nenhuma informa\u00e7\u00e3o foi divulgada. <\/p>\n\n\n\n<p>Tal modelo ser\u00e1 utilizado no momento em que o elenco est\u00e1 aquecendo. Portanto, ele n\u00e3o ser\u00e1 utilizado no decorrer dos jogos. Ainda sobre os detalhes da camisa, ele n\u00e3o foram escolhidos de forma aleat\u00f3ria. Os detalhes s\u00e3o tatuagens de torcedores rubro-negros selecionadas pela Adidas.<\/p>\n\n\n\n<p><strong>Veja abaixo a foto que vazou nas redes sociais. Voc\u00ea gostou do uniforme? Deixe seu coment\u00e1rio e interaja conosco!<\/strong><\/p>\n\n\n\n<figure class=\"wp-block-image size-large\"><img decoding=\"async\" src=\"https:\/\/pbs.twimg.com\/media\/FUR1_0aWYAEgozY?format=jpg\" alt=\"\"\/><\/figure>\n","protected":false},"excerpt":{"rendered":"<p>Na noite desta quinta-feira (02 de junho), o novo uniforme do Flamengo vazou nas redes sociais. O uniforme, por sua vez, ser\u00e1 predominantemente preto com v\u00e1rios detalhes em vermelho. J\u00e1 em rela\u00e7\u00e3o ao escudo do Flamengo e a logomarca da Adidas, ambos ser\u00e3o brancos. Desta vez, a empresa alem\u00e3 optou por n\u00e3o utilizar as tr\u00eas [&hellip;]<\/p>\n","protected":false},"author":2,"featured_media":16214,"comment_status":"open","ping_status":"closed","sticky":false,"template":"","format":"standard","meta":{"footnotes":""},"categories":[47],"tags":[],"class_list":["post-82516","post","type-post","status-publish","format-standard","has-post-thumbnail","hentry","category-destaques"],"yoast_head":"<!-- This site is optimized with the Yoast SEO Premium plugin v24.2 (Yoast SEO v26.9) - https:\/\/yoast.com\/product\/yoast-seo-premium-wordpress\/ -->\n<title>Nova camisa do Flamengo vaza nas redes sociais; veja foto<\/title>\n<meta name=\"robots\" content=\"index, follow, max-snippet:-1, max-image-preview:large, max-video-preview:-1\" \/>\n<link rel=\"canonical\" href=\"https:\/\/www.gaveanews.com\/index.php\/2022\/06\/02\/nova-camisa-do-flamengo-vaza-nas-redes-sociais-veja-foto\/\" \/>\n<meta property=\"og:locale\" content=\"pt_BR\" \/>\n<meta property=\"og:type\" content=\"article\" \/>\n<meta property=\"og:title\" content=\"Nova camisa do Flamengo vaza nas redes sociais; veja foto\" \/>\n<meta property=\"og:description\" content=\"Na noite desta quinta-feira (02 de junho), o novo uniforme do Flamengo vazou nas redes sociais. O uniforme, por sua vez, ser\u00e1 predominantemente preto com v\u00e1rios detalhes em vermelho. J\u00e1 em rela\u00e7\u00e3o ao escudo do Flamengo e a logomarca da Adidas, ambos ser\u00e3o brancos. Desta vez, a empresa alem\u00e3 optou por n\u00e3o utilizar as tr\u00eas [&hellip;]\" \/>\n<meta property=\"og:url\" content=\"https:\/\/www.gaveanews.com\/index.php\/2022\/06\/02\/nova-camisa-do-flamengo-vaza-nas-redes-sociais-veja-foto\/\" \/>\n<meta property=\"og:site_name\" content=\"G\u00e1vea News\" \/>\n<meta property=\"article:publisher\" content=\"https:\/\/facebook.com\/gaveaNews\/\" \/>\n<meta property=\"article:published_time\" content=\"2022-06-02T22:11:07+00:00\" \/>\n<meta property=\"article:modified_time\" content=\"2022-06-02T22:13:43+00:00\" \/>\n<meta property=\"og:image\" content=\"https:\/\/www.gaveanews.com\/wp-content\/uploads\/2019\/03\/Logomarca-da-Adidas.webp\" \/>\n\t<meta property=\"og:image:width\" content=\"1200\" \/>\n\t<meta property=\"og:image:height\" content=\"600\" \/>\n\t<meta property=\"og:image:type\" content=\"image\/png\" \/>\n<meta name=\"author\" content=\"Hugo Nogueira\" \/>\n<meta name=\"twitter:card\" content=\"summary_large_image\" \/>\n<meta name=\"twitter:label1\" content=\"Escrito por\" \/>\n\t<meta name=\"twitter:data1\" content=\"Hugo Nogueira\" \/>\n\t<meta name=\"twitter:label2\" content=\"Est. tempo de leitura\" \/>\n\t<meta name=\"twitter:data2\" content=\"1 minuto\" \/>\n<script type=\"application\/ld+json\" class=\"yoast-schema-graph\">{\"@context\":\"https:\/\/schema.org\",\"@graph\":[{\"@type\":\"NewsArticle\",\"@id\":\"https:\/\/www.gaveanews.com\/index.php\/2022\/06\/02\/nova-camisa-do-flamengo-vaza-nas-redes-sociais-veja-foto\/#article\",\"isPartOf\":{\"@id\":\"https:\/\/www.gaveanews.com\/index.php\/2022\/06\/02\/nova-camisa-do-flamengo-vaza-nas-redes-sociais-veja-foto\/\"},\"author\":{\"name\":\"Hugo Nogueira\",\"@id\":\"https:\/\/www.gaveanews.com\/#\/schema\/person\/3a0372021fabaeec4e7e4242cfa27841\"},\"headline\":\"Nova camisa do Flamengo vaza nas redes sociais; veja foto\",\"datePublished\":\"2022-06-02T22:11:07+00:00\",\"dateModified\":\"2022-06-02T22:13:43+00:00\",\"mainEntityOfPage\":{\"@id\":\"https:\/\/www.gaveanews.com\/index.php\/2022\/06\/02\/nova-camisa-do-flamengo-vaza-nas-redes-sociais-veja-foto\/\"},\"wordCount\":168,\"commentCount\":0,\"image\":{\"@id\":\"https:\/\/www.gaveanews.com\/index.php\/2022\/06\/02\/nova-camisa-do-flamengo-vaza-nas-redes-sociais-veja-foto\/#primaryimage\"},\"thumbnailUrl\":\"https:\/\/www.gaveanews.com\/wp-content\/uploads\/2019\/03\/Logomarca-da-Adidas.webp\",\"articleSection\":[\"Destaques\"],\"inLanguage\":\"pt-BR\",\"potentialAction\":[{\"@type\":\"CommentAction\",\"name\":\"Comment\",\"target\":[\"https:\/\/www.gaveanews.com\/index.php\/2022\/06\/02\/nova-camisa-do-flamengo-vaza-nas-redes-sociais-veja-foto\/#respond\"]}],\"copyrightYear\":\"2022\",\"copyrightHolder\":{\"@id\":\"https:\/\/www.gaveanews.com\/#organization\"}},{\"@type\":\"WebPage\",\"@id\":\"https:\/\/www.gaveanews.com\/index.php\/2022\/06\/02\/nova-camisa-do-flamengo-vaza-nas-redes-sociais-veja-foto\/\",\"url\":\"https:\/\/www.gaveanews.com\/index.php\/2022\/06\/02\/nova-camisa-do-flamengo-vaza-nas-redes-sociais-veja-foto\/\",\"name\":\"Nova camisa do Flamengo vaza nas redes sociais; veja foto\",\"isPartOf\":{\"@id\":\"https:\/\/www.gaveanews.com\/#website\"},\"primaryImageOfPage\":{\"@id\":\"https:\/\/www.gaveanews.com\/index.php\/2022\/06\/02\/nova-camisa-do-flamengo-vaza-nas-redes-sociais-veja-foto\/#primaryimage\"},\"image\":{\"@id\":\"https:\/\/www.gaveanews.com\/index.php\/2022\/06\/02\/nova-camisa-do-flamengo-vaza-nas-redes-sociais-veja-foto\/#primaryimage\"},\"thumbnailUrl\":\"https:\/\/www.gaveanews.com\/wp-content\/uploads\/2019\/03\/Logomarca-da-Adidas.webp\",\"datePublished\":\"2022-06-02T22:11:07+00:00\",\"dateModified\":\"2022-06-02T22:13:43+00:00\",\"author\":{\"@id\":\"https:\/\/www.gaveanews.com\/#\/schema\/person\/3a0372021fabaeec4e7e4242cfa27841\"},\"breadcrumb\":{\"@id\":\"https:\/\/www.gaveanews.com\/index.php\/2022\/06\/02\/nova-camisa-do-flamengo-vaza-nas-redes-sociais-veja-foto\/#breadcrumb\"},\"inLanguage\":\"pt-BR\",\"potentialAction\":[{\"@type\":\"ReadAction\",\"target\":[\"https:\/\/www.gaveanews.com\/index.php\/2022\/06\/02\/nova-camisa-do-flamengo-vaza-nas-redes-sociais-veja-foto\/\"]}]},{\"@type\":\"ImageObject\",\"inLanguage\":\"pt-BR\",\"@id\":\"https:\/\/www.gaveanews.com\/index.php\/2022\/06\/02\/nova-camisa-do-flamengo-vaza-nas-redes-sociais-veja-foto\/#primaryimage\",\"url\":\"https:\/\/www.gaveanews.com\/wp-content\/uploads\/2019\/03\/Logomarca-da-Adidas.webp\",\"contentUrl\":\"https:\/\/www.gaveanews.com\/wp-content\/uploads\/2019\/03\/Logomarca-da-Adidas.webp\",\"width\":1200,\"height\":600,\"caption\":\"Logomarca da Adidas (Foto: Reprodu\u00e7\u00e3o)\"},{\"@type\":\"BreadcrumbList\",\"@id\":\"https:\/\/www.gaveanews.com\/index.php\/2022\/06\/02\/nova-camisa-do-flamengo-vaza-nas-redes-sociais-veja-foto\/#breadcrumb\",\"itemListElement\":[{\"@type\":\"ListItem\",\"position\":1,\"name\":\"Home\",\"item\":\"https:\/\/www.gaveanews.com\/\"},{\"@type\":\"ListItem\",\"position\":2,\"name\":\"Nova camisa do Flamengo vaza nas redes sociais; veja foto\"}]},{\"@type\":\"WebSite\",\"@id\":\"https:\/\/www.gaveanews.com\/#website\",\"url\":\"https:\/\/www.gaveanews.com\/\",\"name\":\"G\u00e1vea News\",\"description\":\"Veja todas as not\u00edcias sobre o Flamengo: Contrata\u00e7\u00f5es, categorias de base, resultados das partidas, tabela de classifica\u00e7\u00e3o, pr\u00f3ximos jogos!\",\"potentialAction\":[{\"@type\":\"SearchAction\",\"target\":{\"@type\":\"EntryPoint\",\"urlTemplate\":\"https:\/\/www.gaveanews.com\/?s={search_term_string}\"},\"query-input\":{\"@type\":\"PropertyValueSpecification\",\"valueRequired\":true,\"valueName\":\"search_term_string\"}}],\"inLanguage\":\"pt-BR\"},{\"@type\":\"Person\",\"@id\":\"https:\/\/www.gaveanews.com\/#\/schema\/person\/3a0372021fabaeec4e7e4242cfa27841\",\"name\":\"Hugo Nogueira\",\"image\":{\"@type\":\"ImageObject\",\"inLanguage\":\"pt-BR\",\"@id\":\"https:\/\/www.gaveanews.com\/#\/schema\/person\/image\/\",\"url\":\"https:\/\/secure.gravatar.com\/avatar\/0cdd89f3b47bb55926c08eee2db992845cfdd53f84c9fdd47a49d89b3cd40c0a?s=96&d=mm&r=g\",\"contentUrl\":\"https:\/\/secure.gravatar.com\/avatar\/0cdd89f3b47bb55926c08eee2db992845cfdd53f84c9fdd47a49d89b3cd40c0a?s=96&d=mm&r=g\",\"caption\":\"Hugo Nogueira\"}}]}<\/script>\n<!-- \/ Yoast SEO Premium plugin. -->","yoast_head_json":{"title":"Nova camisa do Flamengo vaza nas redes sociais; veja foto","robots":{"index":"index","follow":"follow","max-snippet":"max-snippet:-1","max-image-preview":"max-image-preview:large","max-video-preview":"max-video-preview:-1"},"canonical":"https:\/\/www.gaveanews.com\/index.php\/2022\/06\/02\/nova-camisa-do-flamengo-vaza-nas-redes-sociais-veja-foto\/","og_locale":"pt_BR","og_type":"article","og_title":"Nova camisa do Flamengo vaza nas redes sociais; veja foto","og_description":"Na noite desta quinta-feira (02 de junho), o novo uniforme do Flamengo vazou nas redes sociais. O uniforme, por sua vez, ser\u00e1 predominantemente preto com v\u00e1rios detalhes em vermelho. J\u00e1 em rela\u00e7\u00e3o ao escudo do Flamengo e a logomarca da Adidas, ambos ser\u00e3o brancos. Desta vez, a empresa alem\u00e3 optou por n\u00e3o utilizar as tr\u00eas [&hellip;]","og_url":"https:\/\/www.gaveanews.com\/index.php\/2022\/06\/02\/nova-camisa-do-flamengo-vaza-nas-redes-sociais-veja-foto\/","og_site_name":"G\u00e1vea News","article_publisher":"https:\/\/facebook.com\/gaveaNews\/","article_published_time":"2022-06-02T22:11:07+00:00","article_modified_time":"2022-06-02T22:13:43+00:00","og_image":[{"width":1200,"height":600,"url":"https:\/\/www.gaveanews.com\/wp-content\/uploads\/2019\/03\/Logomarca-da-Adidas.webp","type":"image\/png"}],"author":"Hugo Nogueira","twitter_card":"summary_large_image","twitter_misc":{"Escrito por":"Hugo Nogueira","Est. tempo de leitura":"1 minuto"},"schema":{"@context":"https:\/\/schema.org","@graph":[{"@type":"NewsArticle","@id":"https:\/\/www.gaveanews.com\/index.php\/2022\/06\/02\/nova-camisa-do-flamengo-vaza-nas-redes-sociais-veja-foto\/#article","isPartOf":{"@id":"https:\/\/www.gaveanews.com\/index.php\/2022\/06\/02\/nova-camisa-do-flamengo-vaza-nas-redes-sociais-veja-foto\/"},"author":{"name":"Hugo Nogueira","@id":"https:\/\/www.gaveanews.com\/#\/schema\/person\/3a0372021fabaeec4e7e4242cfa27841"},"headline":"Nova camisa do Flamengo vaza nas redes sociais; veja foto","datePublished":"2022-06-02T22:11:07+00:00","dateModified":"2022-06-02T22:13:43+00:00","mainEntityOfPage":{"@id":"https:\/\/www.gaveanews.com\/index.php\/2022\/06\/02\/nova-camisa-do-flamengo-vaza-nas-redes-sociais-veja-foto\/"},"wordCount":168,"commentCount":0,"image":{"@id":"https:\/\/www.gaveanews.com\/index.php\/2022\/06\/02\/nova-camisa-do-flamengo-vaza-nas-redes-sociais-veja-foto\/#primaryimage"},"thumbnailUrl":"https:\/\/www.gaveanews.com\/wp-content\/uploads\/2019\/03\/Logomarca-da-Adidas.webp","articleSection":["Destaques"],"inLanguage":"pt-BR","potentialAction":[{"@type":"CommentAction","name":"Comment","target":["https:\/\/www.gaveanews.com\/index.php\/2022\/06\/02\/nova-camisa-do-flamengo-vaza-nas-redes-sociais-veja-foto\/#respond"]}],"copyrightYear":"2022","copyrightHolder":{"@id":"https:\/\/www.gaveanews.com\/#organization"}},{"@type":"WebPage","@id":"https:\/\/www.gaveanews.com\/index.php\/2022\/06\/02\/nova-camisa-do-flamengo-vaza-nas-redes-sociais-veja-foto\/","url":"https:\/\/www.gaveanews.com\/index.php\/2022\/06\/02\/nova-camisa-do-flamengo-vaza-nas-redes-sociais-veja-foto\/","name":"Nova camisa do Flamengo vaza nas redes sociais; veja foto","isPartOf":{"@id":"https:\/\/www.gaveanews.com\/#website"},"primaryImageOfPage":{"@id":"https:\/\/www.gaveanews.com\/index.php\/2022\/06\/02\/nova-camisa-do-flamengo-vaza-nas-redes-sociais-veja-foto\/#primaryimage"},"image":{"@id":"https:\/\/www.gaveanews.com\/index.php\/2022\/06\/02\/nova-camisa-do-flamengo-vaza-nas-redes-sociais-veja-foto\/#primaryimage"},"thumbnailUrl":"https:\/\/www.gaveanews.com\/wp-content\/uploads\/2019\/03\/Logomarca-da-Adidas.webp","datePublished":"2022-06-02T22:11:07+00:00","dateModified":"2022-06-02T22:13:43+00:00","author":{"@id":"https:\/\/www.gaveanews.com\/#\/schema\/person\/3a0372021fabaeec4e7e4242cfa27841"},"breadcrumb":{"@id":"https:\/\/www.gaveanews.com\/index.php\/2022\/06\/02\/nova-camisa-do-flamengo-vaza-nas-redes-sociais-veja-foto\/#breadcrumb"},"inLanguage":"pt-BR","potentialAction":[{"@type":"ReadAction","target":["https:\/\/www.gaveanews.com\/index.php\/2022\/06\/02\/nova-camisa-do-flamengo-vaza-nas-redes-sociais-veja-foto\/"]}]},{"@type":"ImageObject","inLanguage":"pt-BR","@id":"https:\/\/www.gaveanews.com\/index.php\/2022\/06\/02\/nova-camisa-do-flamengo-vaza-nas-redes-sociais-veja-foto\/#primaryimage","url":"https:\/\/www.gaveanews.com\/wp-content\/uploads\/2019\/03\/Logomarca-da-Adidas.webp","contentUrl":"https:\/\/www.gaveanews.com\/wp-content\/uploads\/2019\/03\/Logomarca-da-Adidas.webp","width":1200,"height":600,"caption":"Logomarca da Adidas (Foto: Reprodu\u00e7\u00e3o)"},{"@type":"BreadcrumbList","@id":"https:\/\/www.gaveanews.com\/index.php\/2022\/06\/02\/nova-camisa-do-flamengo-vaza-nas-redes-sociais-veja-foto\/#breadcrumb","itemListElement":[{"@type":"ListItem","position":1,"name":"Home","item":"https:\/\/www.gaveanews.com\/"},{"@type":"ListItem","position":2,"name":"Nova camisa do Flamengo vaza nas redes sociais; veja foto"}]},{"@type":"WebSite","@id":"https:\/\/www.gaveanews.com\/#website","url":"https:\/\/www.gaveanews.com\/","name":"G\u00e1vea News","description":"Veja todas as not\u00edcias sobre o Flamengo: Contrata\u00e7\u00f5es, categorias de base, resultados das partidas, tabela de classifica\u00e7\u00e3o, pr\u00f3ximos jogos!","potentialAction":[{"@type":"SearchAction","target":{"@type":"EntryPoint","urlTemplate":"https:\/\/www.gaveanews.com\/?s={search_term_string}"},"query-input":{"@type":"PropertyValueSpecification","valueRequired":true,"valueName":"search_term_string"}}],"inLanguage":"pt-BR"},{"@type":"Person","@id":"https:\/\/www.gaveanews.com\/#\/schema\/person\/3a0372021fabaeec4e7e4242cfa27841","name":"Hugo Nogueira","image":{"@type":"ImageObject","inLanguage":"pt-BR","@id":"https:\/\/www.gaveanews.com\/#\/schema\/person\/image\/","url":"https:\/\/secure.gravatar.com\/avatar\/0cdd89f3b47bb55926c08eee2db992845cfdd53f84c9fdd47a49d89b3cd40c0a?s=96&d=mm&r=g","contentUrl":"https:\/\/secure.gravatar.com\/avatar\/0cdd89f3b47bb55926c08eee2db992845cfdd53f84c9fdd47a49d89b3cd40c0a?s=96&d=mm&r=g","caption":"Hugo Nogueira"}}]}},"_links":{"self":[{"href":"https:\/\/www.gaveanews.com\/index.php\/wp-json\/wp\/v2\/posts\/82516","targetHints":{"allow":["GET"]}}],"collection":[{"href":"https:\/\/www.gaveanews.com\/index.php\/wp-json\/wp\/v2\/posts"}],"about":[{"href":"https:\/\/www.gaveanews.com\/index.php\/wp-json\/wp\/v2\/types\/post"}],"author":[{"embeddable":true,"href":"https:\/\/www.gaveanews.com\/index.php\/wp-json\/wp\/v2\/users\/2"}],"replies":[{"embeddable":true,"href":"https:\/\/www.gaveanews.com\/index.php\/wp-json\/wp\/v2\/comments?post=82516"}],"version-history":[{"count":0,"href":"https:\/\/www.gaveanews.com\/index.php\/wp-json\/wp\/v2\/posts\/82516\/revisions"}],"wp:featuredmedia":[{"embeddable":true,"href":"https:\/\/www.gaveanews.com\/index.php\/wp-json\/wp\/v2\/media\/16214"}],"wp:attachment":[{"href":"https:\/\/www.gaveanews.com\/index.php\/wp-json\/wp\/v2\/media?parent=82516"}],"wp:term":[{"taxonomy":"category","embeddable":true,"href":"https:\/\/www.gaveanews.com\/index.php\/wp-json\/wp\/v2\/categories?post=82516"},{"taxonomy":"post_tag","embeddable":true,"href":"https:\/\/www.gaveanews.com\/index.php\/wp-json\/wp\/v2\/tags?post=82516"}],"curies":[{"name":"wp","href":"https:\/\/api.w.org\/{rel}","templated":true}]}}