{"id":82520,"date":"2022-06-02T19:35:52","date_gmt":"2022-06-02T22:35:52","guid":{"rendered":"https:\/\/www.gaveanews.com\/?p=82520"},"modified":"2022-06-02T19:35:53","modified_gmt":"2022-06-02T22:35:53","slug":"paulo-sousa-do-flamengo-recebe-propostas-da-europa","status":"publish","type":"post","link":"https:\/\/www.gaveanews.com\/index.php\/2022\/06\/02\/paulo-sousa-do-flamengo-recebe-propostas-da-europa\/","title":{"rendered":"Paulo Sousa, do Flamengo, recebe propostas da Europa"},"content":{"rendered":"\n<p>Em um momento de afirma\u00e7\u00e3o e ainda sob desconfian\u00e7a no Flamengo, o t\u00e9cnico Paulo Sousa tem sido procurado para retornar \u00e0 Europa. Nos \u00faltimos meses, o treinador portugu\u00eas recebeu ofertas de clubes da It\u00e1lia e do Catar, e recusou as duas, pois est\u00e1 focado no clube carioca.<\/p>\n\n\n\n<p>Em abril, veio a proposta de uma equipe da It\u00e1lia, e no m\u00eas seguinte do pa\u00eds sede da Copa do Mundo. A reportagem confirmou a procura, mas n\u00e3o o nome das equipes, apenas a nacionalidade.<\/p>\n\n\n\n<p>Paulo Sousa tem contrato com o Flamengo at\u00e9 o fim de 2023, mas a partir de dezembro de 2022 pode sair livre, sem multa. No momento, para rescindir o v\u00ednculo, o clube teria que pagar quase R$ 20 milh\u00f5es \u00e0 comiss\u00e3o t\u00e9cnica, que conta com o treinador e mais alguns integrantes.<\/p>\n\n\n\n<p>O comandante tem respaldo do presidente Rodolfo Landim e do departamento de futebol, mas sofre questionamentos externos, no clube e entre a torcida, pelo desempenho da equipe.<\/p>\n\n\n\n<p>Retirado de: O Globo<\/p>\n","protected":false},"excerpt":{"rendered":"<p>Em um momento de afirma\u00e7\u00e3o e ainda sob desconfian\u00e7a no Flamengo, o t\u00e9cnico Paulo Sousa tem sido procurado para retornar \u00e0 Europa. Nos \u00faltimos meses, o treinador portugu\u00eas recebeu ofertas de clubes da It\u00e1lia e do Catar, e recusou as duas, pois est\u00e1 focado no clube carioca. Em abril, veio a proposta de uma equipe [&hellip;]<\/p>\n","protected":false},"author":1,"featured_media":74483,"comment_status":"open","ping_status":"closed","sticky":false,"template":"","format":"standard","meta":{"footnotes":""},"categories":[48],"tags":[],"class_list":["post-82520","post","type-post","status-publish","format-standard","has-post-thumbnail","hentry","category-negociacoes"],"yoast_head":"<!-- This site is optimized with the Yoast SEO Premium plugin v24.2 (Yoast SEO v26.9) - https:\/\/yoast.com\/product\/yoast-seo-premium-wordpress\/ -->\n<title>Paulo Sousa, do Flamengo, recebe propostas da Europa<\/title>\n<meta name=\"robots\" content=\"index, follow, max-snippet:-1, max-image-preview:large, max-video-preview:-1\" \/>\n<link rel=\"canonical\" href=\"https:\/\/www.gaveanews.com\/index.php\/2022\/06\/02\/paulo-sousa-do-flamengo-recebe-propostas-da-europa\/\" \/>\n<meta property=\"og:locale\" content=\"pt_BR\" \/>\n<meta property=\"og:type\" content=\"article\" \/>\n<meta property=\"og:title\" content=\"Paulo Sousa, do Flamengo, recebe propostas da Europa\" \/>\n<meta property=\"og:description\" content=\"Em um momento de afirma\u00e7\u00e3o e ainda sob desconfian\u00e7a no Flamengo, o t\u00e9cnico Paulo Sousa tem sido procurado para retornar \u00e0 Europa. Nos \u00faltimos meses, o treinador portugu\u00eas recebeu ofertas de clubes da It\u00e1lia e do Catar, e recusou as duas, pois est\u00e1 focado no clube carioca. Em abril, veio a proposta de uma equipe [&hellip;]\" \/>\n<meta property=\"og:url\" content=\"https:\/\/www.gaveanews.com\/index.php\/2022\/06\/02\/paulo-sousa-do-flamengo-recebe-propostas-da-europa\/\" \/>\n<meta property=\"og:site_name\" content=\"G\u00e1vea News\" \/>\n<meta property=\"article:publisher\" content=\"https:\/\/facebook.com\/gaveaNews\/\" \/>\n<meta property=\"article:published_time\" content=\"2022-06-02T22:35:52+00:00\" \/>\n<meta property=\"article:modified_time\" content=\"2022-06-02T22:35:53+00:00\" \/>\n<meta property=\"og:image\" content=\"https:\/\/www.gaveanews.com\/wp-content\/uploads\/Tecnico-Paulo-Sousa-chega-ao-Rio-de-Janeiro-para-assumir-o-Flamengo.webp\" \/>\n\t<meta property=\"og:image:width\" content=\"799\" \/>\n\t<meta property=\"og:image:height\" content=\"532\" \/>\n\t<meta property=\"og:image:type\" content=\"image\/jpeg\" \/>\n<meta name=\"author\" content=\"Equipe G\u00e1vea News\" \/>\n<meta name=\"twitter:card\" content=\"summary_large_image\" \/>\n<meta name=\"twitter:label1\" content=\"Escrito por\" \/>\n\t<meta name=\"twitter:data1\" content=\"Equipe G\u00e1vea News\" \/>\n\t<meta name=\"twitter:label2\" content=\"Est. tempo de leitura\" \/>\n\t<meta name=\"twitter:data2\" content=\"1 minuto\" \/>\n<script type=\"application\/ld+json\" class=\"yoast-schema-graph\">{\"@context\":\"https:\/\/schema.org\",\"@graph\":[{\"@type\":\"NewsArticle\",\"@id\":\"https:\/\/www.gaveanews.com\/index.php\/2022\/06\/02\/paulo-sousa-do-flamengo-recebe-propostas-da-europa\/#article\",\"isPartOf\":{\"@id\":\"https:\/\/www.gaveanews.com\/index.php\/2022\/06\/02\/paulo-sousa-do-flamengo-recebe-propostas-da-europa\/\"},\"author\":{\"name\":\"Equipe G\u00e1vea News\",\"@id\":\"https:\/\/www.gaveanews.com\/#\/schema\/person\/2ec14f73fb96be2caf28f91afb14749d\"},\"headline\":\"Paulo Sousa, do Flamengo, recebe propostas da Europa\",\"datePublished\":\"2022-06-02T22:35:52+00:00\",\"dateModified\":\"2022-06-02T22:35:53+00:00\",\"mainEntityOfPage\":{\"@id\":\"https:\/\/www.gaveanews.com\/index.php\/2022\/06\/02\/paulo-sousa-do-flamengo-recebe-propostas-da-europa\/\"},\"wordCount\":180,\"commentCount\":0,\"image\":{\"@id\":\"https:\/\/www.gaveanews.com\/index.php\/2022\/06\/02\/paulo-sousa-do-flamengo-recebe-propostas-da-europa\/#primaryimage\"},\"thumbnailUrl\":\"https:\/\/www.gaveanews.com\/wp-content\/uploads\/Tecnico-Paulo-Sousa-chega-ao-Rio-de-Janeiro-para-assumir-o-Flamengo.webp\",\"articleSection\":[\"Negocia\u00e7\u00f5es\"],\"inLanguage\":\"pt-BR\",\"potentialAction\":[{\"@type\":\"CommentAction\",\"name\":\"Comment\",\"target\":[\"https:\/\/www.gaveanews.com\/index.php\/2022\/06\/02\/paulo-sousa-do-flamengo-recebe-propostas-da-europa\/#respond\"]}],\"copyrightYear\":\"2022\",\"copyrightHolder\":{\"@id\":\"https:\/\/www.gaveanews.com\/#organization\"}},{\"@type\":\"WebPage\",\"@id\":\"https:\/\/www.gaveanews.com\/index.php\/2022\/06\/02\/paulo-sousa-do-flamengo-recebe-propostas-da-europa\/\",\"url\":\"https:\/\/www.gaveanews.com\/index.php\/2022\/06\/02\/paulo-sousa-do-flamengo-recebe-propostas-da-europa\/\",\"name\":\"Paulo Sousa, do Flamengo, recebe propostas da Europa\",\"isPartOf\":{\"@id\":\"https:\/\/www.gaveanews.com\/#website\"},\"primaryImageOfPage\":{\"@id\":\"https:\/\/www.gaveanews.com\/index.php\/2022\/06\/02\/paulo-sousa-do-flamengo-recebe-propostas-da-europa\/#primaryimage\"},\"image\":{\"@id\":\"https:\/\/www.gaveanews.com\/index.php\/2022\/06\/02\/paulo-sousa-do-flamengo-recebe-propostas-da-europa\/#primaryimage\"},\"thumbnailUrl\":\"https:\/\/www.gaveanews.com\/wp-content\/uploads\/Tecnico-Paulo-Sousa-chega-ao-Rio-de-Janeiro-para-assumir-o-Flamengo.webp\",\"datePublished\":\"2022-06-02T22:35:52+00:00\",\"dateModified\":\"2022-06-02T22:35:53+00:00\",\"author\":{\"@id\":\"https:\/\/www.gaveanews.com\/#\/schema\/person\/2ec14f73fb96be2caf28f91afb14749d\"},\"breadcrumb\":{\"@id\":\"https:\/\/www.gaveanews.com\/index.php\/2022\/06\/02\/paulo-sousa-do-flamengo-recebe-propostas-da-europa\/#breadcrumb\"},\"inLanguage\":\"pt-BR\",\"potentialAction\":[{\"@type\":\"ReadAction\",\"target\":[\"https:\/\/www.gaveanews.com\/index.php\/2022\/06\/02\/paulo-sousa-do-flamengo-recebe-propostas-da-europa\/\"]}]},{\"@type\":\"ImageObject\",\"inLanguage\":\"pt-BR\",\"@id\":\"https:\/\/www.gaveanews.com\/index.php\/2022\/06\/02\/paulo-sousa-do-flamengo-recebe-propostas-da-europa\/#primaryimage\",\"url\":\"https:\/\/www.gaveanews.com\/wp-content\/uploads\/Tecnico-Paulo-Sousa-chega-ao-Rio-de-Janeiro-para-assumir-o-Flamengo.webp\",\"contentUrl\":\"https:\/\/www.gaveanews.com\/wp-content\/uploads\/Tecnico-Paulo-Sousa-chega-ao-Rio-de-Janeiro-para-assumir-o-Flamengo.webp\",\"width\":799,\"height\":532,\"caption\":\"T\u00e9cnico Paulo Sousa chega ao Rio de Janeiro para assumir o Flamengo (Foto: Alexandre Vidal\/Flamengo)\"},{\"@type\":\"BreadcrumbList\",\"@id\":\"https:\/\/www.gaveanews.com\/index.php\/2022\/06\/02\/paulo-sousa-do-flamengo-recebe-propostas-da-europa\/#breadcrumb\",\"itemListElement\":[{\"@type\":\"ListItem\",\"position\":1,\"name\":\"Home\",\"item\":\"https:\/\/www.gaveanews.com\/\"},{\"@type\":\"ListItem\",\"position\":2,\"name\":\"Paulo Sousa, do Flamengo, recebe propostas da Europa\"}]},{\"@type\":\"WebSite\",\"@id\":\"https:\/\/www.gaveanews.com\/#website\",\"url\":\"https:\/\/www.gaveanews.com\/\",\"name\":\"G\u00e1vea News\",\"description\":\"Veja todas as not\u00edcias sobre o Flamengo: Contrata\u00e7\u00f5es, categorias de base, resultados das partidas, tabela de classifica\u00e7\u00e3o, pr\u00f3ximos jogos!\",\"potentialAction\":[{\"@type\":\"SearchAction\",\"target\":{\"@type\":\"EntryPoint\",\"urlTemplate\":\"https:\/\/www.gaveanews.com\/?s={search_term_string}\"},\"query-input\":{\"@type\":\"PropertyValueSpecification\",\"valueRequired\":true,\"valueName\":\"search_term_string\"}}],\"inLanguage\":\"pt-BR\"},{\"@type\":\"Person\",\"@id\":\"https:\/\/www.gaveanews.com\/#\/schema\/person\/2ec14f73fb96be2caf28f91afb14749d\",\"name\":\"Equipe G\u00e1vea News\",\"image\":{\"@type\":\"ImageObject\",\"inLanguage\":\"pt-BR\",\"@id\":\"https:\/\/www.gaveanews.com\/#\/schema\/person\/image\/\",\"url\":\"https:\/\/secure.gravatar.com\/avatar\/1e1956f1facbffd3f8fa53a326721950116b3b9dc9bd44939c01180fd4a745a9?s=96&d=mm&r=g\",\"contentUrl\":\"https:\/\/secure.gravatar.com\/avatar\/1e1956f1facbffd3f8fa53a326721950116b3b9dc9bd44939c01180fd4a745a9?s=96&d=mm&r=g\",\"caption\":\"Equipe G\u00e1vea News\"}}]}<\/script>\n<!-- \/ Yoast SEO Premium plugin. -->","yoast_head_json":{"title":"Paulo Sousa, do Flamengo, recebe propostas da Europa","robots":{"index":"index","follow":"follow","max-snippet":"max-snippet:-1","max-image-preview":"max-image-preview:large","max-video-preview":"max-video-preview:-1"},"canonical":"https:\/\/www.gaveanews.com\/index.php\/2022\/06\/02\/paulo-sousa-do-flamengo-recebe-propostas-da-europa\/","og_locale":"pt_BR","og_type":"article","og_title":"Paulo Sousa, do Flamengo, recebe propostas da Europa","og_description":"Em um momento de afirma\u00e7\u00e3o e ainda sob desconfian\u00e7a no Flamengo, o t\u00e9cnico Paulo Sousa tem sido procurado para retornar \u00e0 Europa. Nos \u00faltimos meses, o treinador portugu\u00eas recebeu ofertas de clubes da It\u00e1lia e do Catar, e recusou as duas, pois est\u00e1 focado no clube carioca. Em abril, veio a proposta de uma equipe [&hellip;]","og_url":"https:\/\/www.gaveanews.com\/index.php\/2022\/06\/02\/paulo-sousa-do-flamengo-recebe-propostas-da-europa\/","og_site_name":"G\u00e1vea News","article_publisher":"https:\/\/facebook.com\/gaveaNews\/","article_published_time":"2022-06-02T22:35:52+00:00","article_modified_time":"2022-06-02T22:35:53+00:00","og_image":[{"width":799,"height":532,"url":"https:\/\/www.gaveanews.com\/wp-content\/uploads\/Tecnico-Paulo-Sousa-chega-ao-Rio-de-Janeiro-para-assumir-o-Flamengo.webp","type":"image\/jpeg"}],"author":"Equipe G\u00e1vea News","twitter_card":"summary_large_image","twitter_misc":{"Escrito por":"Equipe G\u00e1vea News","Est. tempo de leitura":"1 minuto"},"schema":{"@context":"https:\/\/schema.org","@graph":[{"@type":"NewsArticle","@id":"https:\/\/www.gaveanews.com\/index.php\/2022\/06\/02\/paulo-sousa-do-flamengo-recebe-propostas-da-europa\/#article","isPartOf":{"@id":"https:\/\/www.gaveanews.com\/index.php\/2022\/06\/02\/paulo-sousa-do-flamengo-recebe-propostas-da-europa\/"},"author":{"name":"Equipe G\u00e1vea News","@id":"https:\/\/www.gaveanews.com\/#\/schema\/person\/2ec14f73fb96be2caf28f91afb14749d"},"headline":"Paulo Sousa, do Flamengo, recebe propostas da Europa","datePublished":"2022-06-02T22:35:52+00:00","dateModified":"2022-06-02T22:35:53+00:00","mainEntityOfPage":{"@id":"https:\/\/www.gaveanews.com\/index.php\/2022\/06\/02\/paulo-sousa-do-flamengo-recebe-propostas-da-europa\/"},"wordCount":180,"commentCount":0,"image":{"@id":"https:\/\/www.gaveanews.com\/index.php\/2022\/06\/02\/paulo-sousa-do-flamengo-recebe-propostas-da-europa\/#primaryimage"},"thumbnailUrl":"https:\/\/www.gaveanews.com\/wp-content\/uploads\/Tecnico-Paulo-Sousa-chega-ao-Rio-de-Janeiro-para-assumir-o-Flamengo.webp","articleSection":["Negocia\u00e7\u00f5es"],"inLanguage":"pt-BR","potentialAction":[{"@type":"CommentAction","name":"Comment","target":["https:\/\/www.gaveanews.com\/index.php\/2022\/06\/02\/paulo-sousa-do-flamengo-recebe-propostas-da-europa\/#respond"]}],"copyrightYear":"2022","copyrightHolder":{"@id":"https:\/\/www.gaveanews.com\/#organization"}},{"@type":"WebPage","@id":"https:\/\/www.gaveanews.com\/index.php\/2022\/06\/02\/paulo-sousa-do-flamengo-recebe-propostas-da-europa\/","url":"https:\/\/www.gaveanews.com\/index.php\/2022\/06\/02\/paulo-sousa-do-flamengo-recebe-propostas-da-europa\/","name":"Paulo Sousa, do Flamengo, recebe propostas da Europa","isPartOf":{"@id":"https:\/\/www.gaveanews.com\/#website"},"primaryImageOfPage":{"@id":"https:\/\/www.gaveanews.com\/index.php\/2022\/06\/02\/paulo-sousa-do-flamengo-recebe-propostas-da-europa\/#primaryimage"},"image":{"@id":"https:\/\/www.gaveanews.com\/index.php\/2022\/06\/02\/paulo-sousa-do-flamengo-recebe-propostas-da-europa\/#primaryimage"},"thumbnailUrl":"https:\/\/www.gaveanews.com\/wp-content\/uploads\/Tecnico-Paulo-Sousa-chega-ao-Rio-de-Janeiro-para-assumir-o-Flamengo.webp","datePublished":"2022-06-02T22:35:52+00:00","dateModified":"2022-06-02T22:35:53+00:00","author":{"@id":"https:\/\/www.gaveanews.com\/#\/schema\/person\/2ec14f73fb96be2caf28f91afb14749d"},"breadcrumb":{"@id":"https:\/\/www.gaveanews.com\/index.php\/2022\/06\/02\/paulo-sousa-do-flamengo-recebe-propostas-da-europa\/#breadcrumb"},"inLanguage":"pt-BR","potentialAction":[{"@type":"ReadAction","target":["https:\/\/www.gaveanews.com\/index.php\/2022\/06\/02\/paulo-sousa-do-flamengo-recebe-propostas-da-europa\/"]}]},{"@type":"ImageObject","inLanguage":"pt-BR","@id":"https:\/\/www.gaveanews.com\/index.php\/2022\/06\/02\/paulo-sousa-do-flamengo-recebe-propostas-da-europa\/#primaryimage","url":"https:\/\/www.gaveanews.com\/wp-content\/uploads\/Tecnico-Paulo-Sousa-chega-ao-Rio-de-Janeiro-para-assumir-o-Flamengo.webp","contentUrl":"https:\/\/www.gaveanews.com\/wp-content\/uploads\/Tecnico-Paulo-Sousa-chega-ao-Rio-de-Janeiro-para-assumir-o-Flamengo.webp","width":799,"height":532,"caption":"T\u00e9cnico Paulo Sousa chega ao Rio de Janeiro para assumir o Flamengo (Foto: Alexandre Vidal\/Flamengo)"},{"@type":"BreadcrumbList","@id":"https:\/\/www.gaveanews.com\/index.php\/2022\/06\/02\/paulo-sousa-do-flamengo-recebe-propostas-da-europa\/#breadcrumb","itemListElement":[{"@type":"ListItem","position":1,"name":"Home","item":"https:\/\/www.gaveanews.com\/"},{"@type":"ListItem","position":2,"name":"Paulo Sousa, do Flamengo, recebe propostas da Europa"}]},{"@type":"WebSite","@id":"https:\/\/www.gaveanews.com\/#website","url":"https:\/\/www.gaveanews.com\/","name":"G\u00e1vea News","description":"Veja todas as not\u00edcias sobre o Flamengo: Contrata\u00e7\u00f5es, categorias de base, resultados das partidas, tabela de classifica\u00e7\u00e3o, pr\u00f3ximos jogos!","potentialAction":[{"@type":"SearchAction","target":{"@type":"EntryPoint","urlTemplate":"https:\/\/www.gaveanews.com\/?s={search_term_string}"},"query-input":{"@type":"PropertyValueSpecification","valueRequired":true,"valueName":"search_term_string"}}],"inLanguage":"pt-BR"},{"@type":"Person","@id":"https:\/\/www.gaveanews.com\/#\/schema\/person\/2ec14f73fb96be2caf28f91afb14749d","name":"Equipe G\u00e1vea News","image":{"@type":"ImageObject","inLanguage":"pt-BR","@id":"https:\/\/www.gaveanews.com\/#\/schema\/person\/image\/","url":"https:\/\/secure.gravatar.com\/avatar\/1e1956f1facbffd3f8fa53a326721950116b3b9dc9bd44939c01180fd4a745a9?s=96&d=mm&r=g","contentUrl":"https:\/\/secure.gravatar.com\/avatar\/1e1956f1facbffd3f8fa53a326721950116b3b9dc9bd44939c01180fd4a745a9?s=96&d=mm&r=g","caption":"Equipe G\u00e1vea News"}}]}},"_links":{"self":[{"href":"https:\/\/www.gaveanews.com\/index.php\/wp-json\/wp\/v2\/posts\/82520","targetHints":{"allow":["GET"]}}],"collection":[{"href":"https:\/\/www.gaveanews.com\/index.php\/wp-json\/wp\/v2\/posts"}],"about":[{"href":"https:\/\/www.gaveanews.com\/index.php\/wp-json\/wp\/v2\/types\/post"}],"author":[{"embeddable":true,"href":"https:\/\/www.gaveanews.com\/index.php\/wp-json\/wp\/v2\/users\/1"}],"replies":[{"embeddable":true,"href":"https:\/\/www.gaveanews.com\/index.php\/wp-json\/wp\/v2\/comments?post=82520"}],"version-history":[{"count":0,"href":"https:\/\/www.gaveanews.com\/index.php\/wp-json\/wp\/v2\/posts\/82520\/revisions"}],"wp:featuredmedia":[{"embeddable":true,"href":"https:\/\/www.gaveanews.com\/index.php\/wp-json\/wp\/v2\/media\/74483"}],"wp:attachment":[{"href":"https:\/\/www.gaveanews.com\/index.php\/wp-json\/wp\/v2\/media?parent=82520"}],"wp:term":[{"taxonomy":"category","embeddable":true,"href":"https:\/\/www.gaveanews.com\/index.php\/wp-json\/wp\/v2\/categories?post=82520"},{"taxonomy":"post_tag","embeddable":true,"href":"https:\/\/www.gaveanews.com\/index.php\/wp-json\/wp\/v2\/tags?post=82520"}],"curies":[{"name":"wp","href":"https:\/\/api.w.org\/{rel}","templated":true}]}}