{"id":82743,"date":"2022-06-07T16:37:27","date_gmt":"2022-06-07T19:37:27","guid":{"rendered":"https:\/\/www.gaveanews.com\/?p=82743"},"modified":"2022-06-07T16:37:29","modified_gmt":"2022-06-07T19:37:29","slug":"cbf-define-mando-de-campo-para-flamengo-e-atletico-mg-nas-oitavas-de-final-da-copa-do-brasil","status":"publish","type":"post","link":"https:\/\/www.gaveanews.com\/index.php\/2022\/06\/07\/cbf-define-mando-de-campo-para-flamengo-e-atletico-mg-nas-oitavas-de-final-da-copa-do-brasil\/","title":{"rendered":"CBF define mando de campo para Flamengo e Atl\u00e9tico-MG nas oitavas de final da Copa do Brasil"},"content":{"rendered":"\n<p>A CBF realizou o sorteio das oitavas de final da Copa do Brasil nesta ter\u00e7a-feira (07). Pen\u00faltimo nome tirado do pote \u00fanico, o Flamengo enfrenta o Atl\u00e9tico-MG nesta pr\u00f3xima etapa da competi\u00e7\u00e3o.<\/p>\n\n\n\n<p>Ap\u00f3s definidos os oito confrontos, a entidade organizou tamb\u00e9m os mandos de campo dos duelos. Sendo assim, o Flamengo decide em casa, jogando a volta no Maracan\u00e3. A ida acontece no Mineir\u00e3o.<\/p>\n\n\n\n<p>O primeiro encontro das equipes ainda n\u00e3o tem data e hor\u00e1rio definidos, mas deve acontecer entre os dias 22 ou 23 de junho (ida) e 12 ou 13 de julho (volta).<\/p>\n\n\n\n<p>Nesta edi\u00e7\u00e3o, a Copa do Brasil levar\u00e1 menos representantes de cada estado do que qualquer um dos clubes poderiam esperar. Isso porque metade dos duelos s\u00e3o cl\u00e1ssicos. Sendo assim, haver\u00e3o apenas dois paulistas, um cearense e um time goiano nas quartas de final da competi\u00e7\u00e3o.<\/p>\n\n\n\n<p>Curiosamente, os tr\u00eas cariocas enfrentar\u00e3o os tr\u00eas mineiros classificados. Desta forma, o \u00fanico duelo que n\u00e3o \u00e9 cl\u00e1ssico ou um confronto entre Minas Gerais e o Rio de Janeiro \u00e9 Athletico-PR x Bahia, ambos sendo os \u00fanicos representantes de seus respectivos estados.<\/p>\n\n\n\n<h2 class=\"wp-block-heading\" id=\"h-confira-os-mandos-de-campo-de-todos-os-duelos\">Confira os mandos de campo de todos os duelos:<\/h2>\n\n\n\n<ul class=\"wp-block-list\"><li>Fluminense x Cruzeiro<\/li><li><strong>Atl\u00e9tico-MG x Flamengo<\/strong><\/li><li>Corinthians x Santos<\/li><li>S\u00e3o Paulo x Palmeiras<\/li><li>Bahia x Athletico-PR<\/li><li>Atl\u00e9tico-GO x Goi\u00e1s<\/li><li>Fortaleza x Cear\u00e1<\/li><li>Am\u00e9rica-MG x Botafogo<\/li><\/ul>\n","protected":false},"excerpt":{"rendered":"<p>A CBF realizou o sorteio das oitavas de final da Copa do Brasil nesta ter\u00e7a-feira (07). Pen\u00faltimo nome tirado do pote \u00fanico, o Flamengo enfrenta o Atl\u00e9tico-MG nesta pr\u00f3xima etapa da competi\u00e7\u00e3o. Ap\u00f3s definidos os oito confrontos, a entidade organizou tamb\u00e9m os mandos de campo dos duelos. Sendo assim, o Flamengo decide em casa, jogando [&hellip;]<\/p>\n","protected":false},"author":4,"featured_media":70208,"comment_status":"open","ping_status":"closed","sticky":false,"template":"","format":"standard","meta":{"footnotes":""},"categories":[1],"tags":[],"class_list":["post-82743","post","type-post","status-publish","format-standard","has-post-thumbnail","hentry","category-flamengo"],"yoast_head":"<!-- This site is optimized with the Yoast SEO Premium plugin v24.2 (Yoast SEO v26.9) - https:\/\/yoast.com\/product\/yoast-seo-premium-wordpress\/ -->\n<title>CBF define mando de campo para Flamengo e Atl\u00e9tico-MG nas oitavas de final da Copa do Brasil<\/title>\n<meta name=\"robots\" content=\"index, follow, max-snippet:-1, max-image-preview:large, max-video-preview:-1\" \/>\n<link rel=\"canonical\" href=\"https:\/\/www.gaveanews.com\/index.php\/2022\/06\/07\/cbf-define-mando-de-campo-para-flamengo-e-atletico-mg-nas-oitavas-de-final-da-copa-do-brasil\/\" \/>\n<meta property=\"og:locale\" content=\"pt_BR\" \/>\n<meta property=\"og:type\" content=\"article\" \/>\n<meta property=\"og:title\" content=\"CBF define mando de campo para Flamengo e Atl\u00e9tico-MG nas oitavas de final da Copa do Brasil\" \/>\n<meta property=\"og:description\" content=\"A CBF realizou o sorteio das oitavas de final da Copa do Brasil nesta ter\u00e7a-feira (07). Pen\u00faltimo nome tirado do pote \u00fanico, o Flamengo enfrenta o Atl\u00e9tico-MG nesta pr\u00f3xima etapa da competi\u00e7\u00e3o. Ap\u00f3s definidos os oito confrontos, a entidade organizou tamb\u00e9m os mandos de campo dos duelos. Sendo assim, o Flamengo decide em casa, jogando [&hellip;]\" \/>\n<meta property=\"og:url\" content=\"https:\/\/www.gaveanews.com\/index.php\/2022\/06\/07\/cbf-define-mando-de-campo-para-flamengo-e-atletico-mg-nas-oitavas-de-final-da-copa-do-brasil\/\" \/>\n<meta property=\"og:site_name\" content=\"G\u00e1vea News\" \/>\n<meta property=\"article:publisher\" content=\"https:\/\/facebook.com\/gaveaNews\/\" \/>\n<meta property=\"article:published_time\" content=\"2022-06-07T19:37:27+00:00\" \/>\n<meta property=\"article:modified_time\" content=\"2022-06-07T19:37:29+00:00\" \/>\n<meta property=\"og:image\" content=\"https:\/\/www.gaveanews.com\/wp-content\/uploads\/Taca-da-Copa-do-Brasil.webp\" \/>\n\t<meta property=\"og:image:width\" content=\"846\" \/>\n\t<meta property=\"og:image:height\" content=\"564\" \/>\n\t<meta property=\"og:image:type\" content=\"image\/jpeg\" \/>\n<meta name=\"author\" content=\"Let\u00edcia Gerheim\" \/>\n<meta name=\"twitter:card\" content=\"summary_large_image\" \/>\n<meta name=\"twitter:label1\" content=\"Escrito por\" \/>\n\t<meta name=\"twitter:data1\" content=\"Let\u00edcia Gerheim\" \/>\n\t<meta name=\"twitter:label2\" content=\"Est. tempo de leitura\" \/>\n\t<meta name=\"twitter:data2\" content=\"2 minutos\" \/>\n<script type=\"application\/ld+json\" class=\"yoast-schema-graph\">{\"@context\":\"https:\/\/schema.org\",\"@graph\":[{\"@type\":\"NewsArticle\",\"@id\":\"https:\/\/www.gaveanews.com\/index.php\/2022\/06\/07\/cbf-define-mando-de-campo-para-flamengo-e-atletico-mg-nas-oitavas-de-final-da-copa-do-brasil\/#article\",\"isPartOf\":{\"@id\":\"https:\/\/www.gaveanews.com\/index.php\/2022\/06\/07\/cbf-define-mando-de-campo-para-flamengo-e-atletico-mg-nas-oitavas-de-final-da-copa-do-brasil\/\"},\"author\":{\"name\":\"Let\u00edcia Gerheim\",\"@id\":\"https:\/\/www.gaveanews.com\/#\/schema\/person\/714c67050b836198af2450ba1c142a67\"},\"headline\":\"CBF define mando de campo para Flamengo e Atl\u00e9tico-MG nas oitavas de final da Copa do Brasil\",\"datePublished\":\"2022-06-07T19:37:27+00:00\",\"dateModified\":\"2022-06-07T19:37:29+00:00\",\"mainEntityOfPage\":{\"@id\":\"https:\/\/www.gaveanews.com\/index.php\/2022\/06\/07\/cbf-define-mando-de-campo-para-flamengo-e-atletico-mg-nas-oitavas-de-final-da-copa-do-brasil\/\"},\"wordCount\":252,\"commentCount\":0,\"image\":{\"@id\":\"https:\/\/www.gaveanews.com\/index.php\/2022\/06\/07\/cbf-define-mando-de-campo-para-flamengo-e-atletico-mg-nas-oitavas-de-final-da-copa-do-brasil\/#primaryimage\"},\"thumbnailUrl\":\"https:\/\/www.gaveanews.com\/wp-content\/uploads\/Taca-da-Copa-do-Brasil.webp\",\"articleSection\":[\"Flamengo\"],\"inLanguage\":\"pt-BR\",\"potentialAction\":[{\"@type\":\"CommentAction\",\"name\":\"Comment\",\"target\":[\"https:\/\/www.gaveanews.com\/index.php\/2022\/06\/07\/cbf-define-mando-de-campo-para-flamengo-e-atletico-mg-nas-oitavas-de-final-da-copa-do-brasil\/#respond\"]}],\"copyrightYear\":\"2022\",\"copyrightHolder\":{\"@id\":\"https:\/\/www.gaveanews.com\/#organization\"}},{\"@type\":\"WebPage\",\"@id\":\"https:\/\/www.gaveanews.com\/index.php\/2022\/06\/07\/cbf-define-mando-de-campo-para-flamengo-e-atletico-mg-nas-oitavas-de-final-da-copa-do-brasil\/\",\"url\":\"https:\/\/www.gaveanews.com\/index.php\/2022\/06\/07\/cbf-define-mando-de-campo-para-flamengo-e-atletico-mg-nas-oitavas-de-final-da-copa-do-brasil\/\",\"name\":\"CBF define mando de campo para Flamengo e Atl\u00e9tico-MG nas oitavas de final da Copa do Brasil\",\"isPartOf\":{\"@id\":\"https:\/\/www.gaveanews.com\/#website\"},\"primaryImageOfPage\":{\"@id\":\"https:\/\/www.gaveanews.com\/index.php\/2022\/06\/07\/cbf-define-mando-de-campo-para-flamengo-e-atletico-mg-nas-oitavas-de-final-da-copa-do-brasil\/#primaryimage\"},\"image\":{\"@id\":\"https:\/\/www.gaveanews.com\/index.php\/2022\/06\/07\/cbf-define-mando-de-campo-para-flamengo-e-atletico-mg-nas-oitavas-de-final-da-copa-do-brasil\/#primaryimage\"},\"thumbnailUrl\":\"https:\/\/www.gaveanews.com\/wp-content\/uploads\/Taca-da-Copa-do-Brasil.webp\",\"datePublished\":\"2022-06-07T19:37:27+00:00\",\"dateModified\":\"2022-06-07T19:37:29+00:00\",\"author\":{\"@id\":\"https:\/\/www.gaveanews.com\/#\/schema\/person\/714c67050b836198af2450ba1c142a67\"},\"breadcrumb\":{\"@id\":\"https:\/\/www.gaveanews.com\/index.php\/2022\/06\/07\/cbf-define-mando-de-campo-para-flamengo-e-atletico-mg-nas-oitavas-de-final-da-copa-do-brasil\/#breadcrumb\"},\"inLanguage\":\"pt-BR\",\"potentialAction\":[{\"@type\":\"ReadAction\",\"target\":[\"https:\/\/www.gaveanews.com\/index.php\/2022\/06\/07\/cbf-define-mando-de-campo-para-flamengo-e-atletico-mg-nas-oitavas-de-final-da-copa-do-brasil\/\"]}]},{\"@type\":\"ImageObject\",\"inLanguage\":\"pt-BR\",\"@id\":\"https:\/\/www.gaveanews.com\/index.php\/2022\/06\/07\/cbf-define-mando-de-campo-para-flamengo-e-atletico-mg-nas-oitavas-de-final-da-copa-do-brasil\/#primaryimage\",\"url\":\"https:\/\/www.gaveanews.com\/wp-content\/uploads\/Taca-da-Copa-do-Brasil.webp\",\"contentUrl\":\"https:\/\/www.gaveanews.com\/wp-content\/uploads\/Taca-da-Copa-do-Brasil.webp\",\"width\":846,\"height\":564,\"caption\":\"Ta\u00e7a da Copa do Brasil (Foto: Lucas Figueiredo\/CBF)\"},{\"@type\":\"BreadcrumbList\",\"@id\":\"https:\/\/www.gaveanews.com\/index.php\/2022\/06\/07\/cbf-define-mando-de-campo-para-flamengo-e-atletico-mg-nas-oitavas-de-final-da-copa-do-brasil\/#breadcrumb\",\"itemListElement\":[{\"@type\":\"ListItem\",\"position\":1,\"name\":\"Home\",\"item\":\"https:\/\/www.gaveanews.com\/\"},{\"@type\":\"ListItem\",\"position\":2,\"name\":\"CBF define mando de campo para Flamengo e Atl\u00e9tico-MG nas oitavas de final da Copa do Brasil\"}]},{\"@type\":\"WebSite\",\"@id\":\"https:\/\/www.gaveanews.com\/#website\",\"url\":\"https:\/\/www.gaveanews.com\/\",\"name\":\"G\u00e1vea News\",\"description\":\"Veja todas as not\u00edcias sobre o Flamengo: Contrata\u00e7\u00f5es, categorias de base, resultados das partidas, tabela de classifica\u00e7\u00e3o, pr\u00f3ximos jogos!\",\"potentialAction\":[{\"@type\":\"SearchAction\",\"target\":{\"@type\":\"EntryPoint\",\"urlTemplate\":\"https:\/\/www.gaveanews.com\/?s={search_term_string}\"},\"query-input\":{\"@type\":\"PropertyValueSpecification\",\"valueRequired\":true,\"valueName\":\"search_term_string\"}}],\"inLanguage\":\"pt-BR\"},{\"@type\":\"Person\",\"@id\":\"https:\/\/www.gaveanews.com\/#\/schema\/person\/714c67050b836198af2450ba1c142a67\",\"name\":\"Let\u00edcia Gerheim\",\"image\":{\"@type\":\"ImageObject\",\"inLanguage\":\"pt-BR\",\"@id\":\"https:\/\/www.gaveanews.com\/#\/schema\/person\/image\/\",\"url\":\"https:\/\/secure.gravatar.com\/avatar\/60734739c50fcebfbac509e2a826ccd0ff405c019bc73aab9354f19ecad1dcb4?s=96&d=mm&r=g\",\"contentUrl\":\"https:\/\/secure.gravatar.com\/avatar\/60734739c50fcebfbac509e2a826ccd0ff405c019bc73aab9354f19ecad1dcb4?s=96&d=mm&r=g\",\"caption\":\"Let\u00edcia Gerheim\"}}]}<\/script>\n<!-- \/ Yoast SEO Premium plugin. -->","yoast_head_json":{"title":"CBF define mando de campo para Flamengo e Atl\u00e9tico-MG nas oitavas de final da Copa do Brasil","robots":{"index":"index","follow":"follow","max-snippet":"max-snippet:-1","max-image-preview":"max-image-preview:large","max-video-preview":"max-video-preview:-1"},"canonical":"https:\/\/www.gaveanews.com\/index.php\/2022\/06\/07\/cbf-define-mando-de-campo-para-flamengo-e-atletico-mg-nas-oitavas-de-final-da-copa-do-brasil\/","og_locale":"pt_BR","og_type":"article","og_title":"CBF define mando de campo para Flamengo e Atl\u00e9tico-MG nas oitavas de final da Copa do Brasil","og_description":"A CBF realizou o sorteio das oitavas de final da Copa do Brasil nesta ter\u00e7a-feira (07). Pen\u00faltimo nome tirado do pote \u00fanico, o Flamengo enfrenta o Atl\u00e9tico-MG nesta pr\u00f3xima etapa da competi\u00e7\u00e3o. Ap\u00f3s definidos os oito confrontos, a entidade organizou tamb\u00e9m os mandos de campo dos duelos. Sendo assim, o Flamengo decide em casa, jogando [&hellip;]","og_url":"https:\/\/www.gaveanews.com\/index.php\/2022\/06\/07\/cbf-define-mando-de-campo-para-flamengo-e-atletico-mg-nas-oitavas-de-final-da-copa-do-brasil\/","og_site_name":"G\u00e1vea News","article_publisher":"https:\/\/facebook.com\/gaveaNews\/","article_published_time":"2022-06-07T19:37:27+00:00","article_modified_time":"2022-06-07T19:37:29+00:00","og_image":[{"width":846,"height":564,"url":"https:\/\/www.gaveanews.com\/wp-content\/uploads\/Taca-da-Copa-do-Brasil.webp","type":"image\/jpeg"}],"author":"Let\u00edcia Gerheim","twitter_card":"summary_large_image","twitter_misc":{"Escrito por":"Let\u00edcia Gerheim","Est. tempo de leitura":"2 minutos"},"schema":{"@context":"https:\/\/schema.org","@graph":[{"@type":"NewsArticle","@id":"https:\/\/www.gaveanews.com\/index.php\/2022\/06\/07\/cbf-define-mando-de-campo-para-flamengo-e-atletico-mg-nas-oitavas-de-final-da-copa-do-brasil\/#article","isPartOf":{"@id":"https:\/\/www.gaveanews.com\/index.php\/2022\/06\/07\/cbf-define-mando-de-campo-para-flamengo-e-atletico-mg-nas-oitavas-de-final-da-copa-do-brasil\/"},"author":{"name":"Let\u00edcia Gerheim","@id":"https:\/\/www.gaveanews.com\/#\/schema\/person\/714c67050b836198af2450ba1c142a67"},"headline":"CBF define mando de campo para Flamengo e Atl\u00e9tico-MG nas oitavas de final da Copa do Brasil","datePublished":"2022-06-07T19:37:27+00:00","dateModified":"2022-06-07T19:37:29+00:00","mainEntityOfPage":{"@id":"https:\/\/www.gaveanews.com\/index.php\/2022\/06\/07\/cbf-define-mando-de-campo-para-flamengo-e-atletico-mg-nas-oitavas-de-final-da-copa-do-brasil\/"},"wordCount":252,"commentCount":0,"image":{"@id":"https:\/\/www.gaveanews.com\/index.php\/2022\/06\/07\/cbf-define-mando-de-campo-para-flamengo-e-atletico-mg-nas-oitavas-de-final-da-copa-do-brasil\/#primaryimage"},"thumbnailUrl":"https:\/\/www.gaveanews.com\/wp-content\/uploads\/Taca-da-Copa-do-Brasil.webp","articleSection":["Flamengo"],"inLanguage":"pt-BR","potentialAction":[{"@type":"CommentAction","name":"Comment","target":["https:\/\/www.gaveanews.com\/index.php\/2022\/06\/07\/cbf-define-mando-de-campo-para-flamengo-e-atletico-mg-nas-oitavas-de-final-da-copa-do-brasil\/#respond"]}],"copyrightYear":"2022","copyrightHolder":{"@id":"https:\/\/www.gaveanews.com\/#organization"}},{"@type":"WebPage","@id":"https:\/\/www.gaveanews.com\/index.php\/2022\/06\/07\/cbf-define-mando-de-campo-para-flamengo-e-atletico-mg-nas-oitavas-de-final-da-copa-do-brasil\/","url":"https:\/\/www.gaveanews.com\/index.php\/2022\/06\/07\/cbf-define-mando-de-campo-para-flamengo-e-atletico-mg-nas-oitavas-de-final-da-copa-do-brasil\/","name":"CBF define mando de campo para Flamengo e Atl\u00e9tico-MG nas oitavas de final da Copa do Brasil","isPartOf":{"@id":"https:\/\/www.gaveanews.com\/#website"},"primaryImageOfPage":{"@id":"https:\/\/www.gaveanews.com\/index.php\/2022\/06\/07\/cbf-define-mando-de-campo-para-flamengo-e-atletico-mg-nas-oitavas-de-final-da-copa-do-brasil\/#primaryimage"},"image":{"@id":"https:\/\/www.gaveanews.com\/index.php\/2022\/06\/07\/cbf-define-mando-de-campo-para-flamengo-e-atletico-mg-nas-oitavas-de-final-da-copa-do-brasil\/#primaryimage"},"thumbnailUrl":"https:\/\/www.gaveanews.com\/wp-content\/uploads\/Taca-da-Copa-do-Brasil.webp","datePublished":"2022-06-07T19:37:27+00:00","dateModified":"2022-06-07T19:37:29+00:00","author":{"@id":"https:\/\/www.gaveanews.com\/#\/schema\/person\/714c67050b836198af2450ba1c142a67"},"breadcrumb":{"@id":"https:\/\/www.gaveanews.com\/index.php\/2022\/06\/07\/cbf-define-mando-de-campo-para-flamengo-e-atletico-mg-nas-oitavas-de-final-da-copa-do-brasil\/#breadcrumb"},"inLanguage":"pt-BR","potentialAction":[{"@type":"ReadAction","target":["https:\/\/www.gaveanews.com\/index.php\/2022\/06\/07\/cbf-define-mando-de-campo-para-flamengo-e-atletico-mg-nas-oitavas-de-final-da-copa-do-brasil\/"]}]},{"@type":"ImageObject","inLanguage":"pt-BR","@id":"https:\/\/www.gaveanews.com\/index.php\/2022\/06\/07\/cbf-define-mando-de-campo-para-flamengo-e-atletico-mg-nas-oitavas-de-final-da-copa-do-brasil\/#primaryimage","url":"https:\/\/www.gaveanews.com\/wp-content\/uploads\/Taca-da-Copa-do-Brasil.webp","contentUrl":"https:\/\/www.gaveanews.com\/wp-content\/uploads\/Taca-da-Copa-do-Brasil.webp","width":846,"height":564,"caption":"Ta\u00e7a da Copa do Brasil (Foto: Lucas Figueiredo\/CBF)"},{"@type":"BreadcrumbList","@id":"https:\/\/www.gaveanews.com\/index.php\/2022\/06\/07\/cbf-define-mando-de-campo-para-flamengo-e-atletico-mg-nas-oitavas-de-final-da-copa-do-brasil\/#breadcrumb","itemListElement":[{"@type":"ListItem","position":1,"name":"Home","item":"https:\/\/www.gaveanews.com\/"},{"@type":"ListItem","position":2,"name":"CBF define mando de campo para Flamengo e Atl\u00e9tico-MG nas oitavas de final da Copa do Brasil"}]},{"@type":"WebSite","@id":"https:\/\/www.gaveanews.com\/#website","url":"https:\/\/www.gaveanews.com\/","name":"G\u00e1vea News","description":"Veja todas as not\u00edcias sobre o Flamengo: Contrata\u00e7\u00f5es, categorias de base, resultados das partidas, tabela de classifica\u00e7\u00e3o, pr\u00f3ximos jogos!","potentialAction":[{"@type":"SearchAction","target":{"@type":"EntryPoint","urlTemplate":"https:\/\/www.gaveanews.com\/?s={search_term_string}"},"query-input":{"@type":"PropertyValueSpecification","valueRequired":true,"valueName":"search_term_string"}}],"inLanguage":"pt-BR"},{"@type":"Person","@id":"https:\/\/www.gaveanews.com\/#\/schema\/person\/714c67050b836198af2450ba1c142a67","name":"Let\u00edcia Gerheim","image":{"@type":"ImageObject","inLanguage":"pt-BR","@id":"https:\/\/www.gaveanews.com\/#\/schema\/person\/image\/","url":"https:\/\/secure.gravatar.com\/avatar\/60734739c50fcebfbac509e2a826ccd0ff405c019bc73aab9354f19ecad1dcb4?s=96&d=mm&r=g","contentUrl":"https:\/\/secure.gravatar.com\/avatar\/60734739c50fcebfbac509e2a826ccd0ff405c019bc73aab9354f19ecad1dcb4?s=96&d=mm&r=g","caption":"Let\u00edcia Gerheim"}}]}},"_links":{"self":[{"href":"https:\/\/www.gaveanews.com\/index.php\/wp-json\/wp\/v2\/posts\/82743","targetHints":{"allow":["GET"]}}],"collection":[{"href":"https:\/\/www.gaveanews.com\/index.php\/wp-json\/wp\/v2\/posts"}],"about":[{"href":"https:\/\/www.gaveanews.com\/index.php\/wp-json\/wp\/v2\/types\/post"}],"author":[{"embeddable":true,"href":"https:\/\/www.gaveanews.com\/index.php\/wp-json\/wp\/v2\/users\/4"}],"replies":[{"embeddable":true,"href":"https:\/\/www.gaveanews.com\/index.php\/wp-json\/wp\/v2\/comments?post=82743"}],"version-history":[{"count":0,"href":"https:\/\/www.gaveanews.com\/index.php\/wp-json\/wp\/v2\/posts\/82743\/revisions"}],"wp:featuredmedia":[{"embeddable":true,"href":"https:\/\/www.gaveanews.com\/index.php\/wp-json\/wp\/v2\/media\/70208"}],"wp:attachment":[{"href":"https:\/\/www.gaveanews.com\/index.php\/wp-json\/wp\/v2\/media?parent=82743"}],"wp:term":[{"taxonomy":"category","embeddable":true,"href":"https:\/\/www.gaveanews.com\/index.php\/wp-json\/wp\/v2\/categories?post=82743"},{"taxonomy":"post_tag","embeddable":true,"href":"https:\/\/www.gaveanews.com\/index.php\/wp-json\/wp\/v2\/tags?post=82743"}],"curies":[{"name":"wp","href":"https:\/\/api.w.org\/{rel}","templated":true}]}}