{"id":82778,"date":"2022-06-08T01:03:53","date_gmt":"2022-06-08T04:03:53","guid":{"rendered":"https:\/\/www.gaveanews.com\/?p=82778"},"modified":"2022-06-08T01:18:22","modified_gmt":"2022-06-08T04:18:22","slug":"veja-quais-foram-os-times-mais-beneficiados-pelo-var-no-campeonato-brasileiro-ate-o-momento","status":"publish","type":"post","link":"https:\/\/www.gaveanews.com\/index.php\/2022\/06\/08\/veja-quais-foram-os-times-mais-beneficiados-pelo-var-no-campeonato-brasileiro-ate-o-momento\/","title":{"rendered":"Veja quais foram os times mais &#8216;beneficiados&#8217; pelo VAR no Campeonato Brasileiro at\u00e9 o momento"},"content":{"rendered":"\r\n<p>Desde a ado\u00e7\u00e3o do VAR na temporada de 2018, ele se tornou assunto de debate dentre os torcedores de praticamente todos os times. O \u00e1rbitro de v\u00eddeo foi acionado pela primeira vez no Brasil em um lance envolvendo o atacante Gabigol. Na ocasi\u00e3o, ele estava no Santos. E o advers\u00e1rio do time paulista foi o Cruzeiro, em partida v\u00e1lida pelas quartas de final da Copa do Brasil daquela temporada.<\/p>\r\n<p>E dado a import\u00e2ncia do VAR, a equipe do portal <a href=\"http:\/\/gaveanews.com\">GaveaNews.com<\/a>, ir\u00e1 fazer uma s\u00e9rie de mat\u00e9rias para acompanhar todas as suas interven\u00e7\u00f5es. Lembrando que, at\u00e9 o exato momento, ele s\u00f3 foi utilizado no Campeonato Brasileiro. Afinal, o regulamento da Copa Libertadores s\u00f3 prev\u00ea sua utiliza\u00e7\u00e3o a partir das oitavas de final da competi\u00e7\u00e3o. O mesmo cen\u00e1rio \u00e9 v\u00e1lido para a Copa do Brasil.<\/p>\r\n<p>Ainda sobre o Brasileir\u00e3o, o Ava\u00ed foi o time que mais teve interven\u00e7\u00f5es a seu favor. O time de Florian\u00f3polis acumula 6 interven\u00e7\u00f5es. Na sequencia, o S\u00e3o Paulo \u00e9 o segundo colocado com 5 interfer\u00eancias benefici\u00e1rias. Para fechar o top-3, o Cear\u00e1 conta com 4 altera\u00e7\u00f5es que lhe foram favor\u00e1veis.<\/p>\r\n<p>O Flamengo, por sua vez, conta com dois lances que o VAR lhe apoiou. Logo na primeira rodada, contra o Atl\u00e9tico-GO, um impedimento foi assinalado e time goiano teve o seu gol anulado. J\u00e1 a segunda interven\u00e7\u00e3o ocorreu na \u00faltima rodada. Aos tr\u00eas minutos do segundo tempo, um p\u00eanalti foi marcado para o time rubro-negro, por\u00e9m, o atacante Pedro n\u00e3o converteu a penalidade.<\/p>\r\n\r\n\r\n\r\n<h2 class=\"wp-block-heading\" id=\"h-times-mais-beneficiados-pelo-var-no-campeonato-brasileiro\">Times mais &#8216;beneficiados&#8217; pelo VAR no Campeonato Brasileiro:<\/h2>\r\n\r\n\r\n\r\n<figure class=\"wp-block-table is-style-stripes\">\r\n<table>\r\n<tbody>\r\n<tr>\r\n<td class=\"has-text-align-center\" data-align=\"center\">Ava\u00ed<\/td>\r\n<td class=\"has-text-align-center\" data-align=\"center\">6<\/td>\r\n<\/tr>\r\n<tr>\r\n<td class=\"has-text-align-center\" data-align=\"center\">S\u00e3o Paulo<\/td>\r\n<td class=\"has-text-align-center\" data-align=\"center\">5<\/td>\r\n<\/tr>\r\n<tr>\r\n<td class=\"has-text-align-center\" data-align=\"center\">Cear\u00e1<\/td>\r\n<td class=\"has-text-align-center\" data-align=\"center\">4<\/td>\r\n<\/tr>\r\n<tr>\r\n<td class=\"has-text-align-center\" data-align=\"center\">Am\u00e9rica-MG<\/td>\r\n<td class=\"has-text-align-center\" data-align=\"center\">3<\/td>\r\n<\/tr>\r\n<tr>\r\n<td class=\"has-text-align-center\" data-align=\"center\">Bragantino<\/td>\r\n<td class=\"has-text-align-center\" data-align=\"center\">3<\/td>\r\n<\/tr>\r\n<tr>\r\n<td class=\"has-text-align-center\" data-align=\"center\">Fortaleza<\/td>\r\n<td class=\"has-text-align-center\" data-align=\"center\">3<\/td>\r\n<\/tr>\r\n<tr>\r\n<td class=\"has-text-align-center\" data-align=\"center\">Goi\u00e1s<\/td>\r\n<td class=\"has-text-align-center\" data-align=\"center\">3<\/td>\r\n<\/tr>\r\n<tr>\r\n<td class=\"has-text-align-center\" data-align=\"center\">Palmeiras<\/td>\r\n<td class=\"has-text-align-center\" data-align=\"center\">3<\/td>\r\n<\/tr>\r\n<tr>\r\n<td class=\"has-text-align-center\" data-align=\"center\">Santos<\/td>\r\n<td class=\"has-text-align-center\" data-align=\"center\">3<\/td>\r\n<\/tr>\r\n<tr>\r\n<td class=\"has-text-align-center\" data-align=\"center\">Athletico-PR<\/td>\r\n<td class=\"has-text-align-center\" data-align=\"center\">2<\/td>\r\n<\/tr>\r\n<tr>\r\n<td class=\"has-text-align-center\" data-align=\"center\">Atl\u00e9tico-GO<\/td>\r\n<td class=\"has-text-align-center\" data-align=\"center\">2<\/td>\r\n<\/tr>\r\n<tr>\r\n<td class=\"has-text-align-center\" data-align=\"center\">Corinthians<\/td>\r\n<td class=\"has-text-align-center\" data-align=\"center\">2<\/td>\r\n<\/tr>\r\n<tr>\r\n<td class=\"has-text-align-center\" data-align=\"center\">Flamengo<\/td>\r\n<td class=\"has-text-align-center\" data-align=\"center\">2<\/td>\r\n<\/tr>\r\n<tr>\r\n<td class=\"has-text-align-center\" data-align=\"center\">Fluminense<\/td>\r\n<td class=\"has-text-align-center\" data-align=\"center\">2<\/td>\r\n<\/tr>\r\n<tr>\r\n<td class=\"has-text-align-center\" data-align=\"center\">Atl\u00e9tico-MG<\/td>\r\n<td class=\"has-text-align-center\" data-align=\"center\">1<\/td>\r\n<\/tr>\r\n<tr>\r\n<td class=\"has-text-align-center\" data-align=\"center\">Botafogo<\/td>\r\n<td class=\"has-text-align-center\" data-align=\"center\">1<\/td>\r\n<\/tr>\r\n<tr>\r\n<td class=\"has-text-align-center\" data-align=\"center\">Coritiba<\/td>\r\n<td class=\"has-text-align-center\" data-align=\"center\">1<\/td>\r\n<\/tr>\r\n<tr>\r\n<td class=\"has-text-align-center\" data-align=\"center\">Cuiab\u00e1<\/td>\r\n<td class=\"has-text-align-center\" data-align=\"center\">1<\/td>\r\n<\/tr>\r\n<tr>\r\n<td class=\"has-text-align-center\" data-align=\"center\">Internacional<\/td>\r\n<td class=\"has-text-align-center\" data-align=\"center\">1<\/td>\r\n<\/tr>\r\n<tr>\r\n<td class=\"has-text-align-center\" data-align=\"center\">Juventude<\/td>\r\n<td class=\"has-text-align-center\" data-align=\"center\">1<\/td>\r\n<\/tr>\r\n<\/tbody>\r\n<\/table>\r\n<\/figure>\r\n\r\n\r\n\r\n<p>Somando todas as interven\u00e7\u00f5es, o VAR j\u00e1 atuou em 49 ocasi\u00f5es. E como a s\u00e9rie A est\u00e1 em sua 9\u00aa rodada, podemos tirar a conclus\u00e3o de que a cada rodada, o VAR trabalha um pouco mais do que 5 vezes. Em rela\u00e7\u00e3o as interven\u00e7\u00f5es a favor do mandante (28 interven\u00e7\u00f5es), ou visitante (21 interven\u00e7\u00f5es), os mandantes levam uma pequena vantagem.<\/p>\r\n\r\n\r\n\r\n<p>Por fim, mas n\u00e3o menos importante, o <a href=\"http:\/\/gaveanews.com\">GaveaNews.com<\/a> tamb\u00e9m fez um levantamento sobre quais situa\u00e7\u00f5es o VAR mais trabalha. <strong>Veja abaixo os detalhes:<\/strong> \u00a0<\/p>\r\n\r\n\r\n\r\n<figure class=\"wp-block-table is-style-stripes\">\r\n<table>\r\n<tbody>\r\n<tr>\r\n<td class=\"has-text-align-center\" data-align=\"center\">P\u00eanalti dado<\/td>\r\n<td>15<\/td>\r\n<\/tr>\r\n<tr>\r\n<td class=\"has-text-align-center\" data-align=\"center\">Gol anulado<\/td>\r\n<td>11<\/td>\r\n<\/tr>\r\n<tr>\r\n<td class=\"has-text-align-center\" data-align=\"center\">Cart\u00e3o vermelho dado<\/td>\r\n<td>11<\/td>\r\n<\/tr>\r\n<tr>\r\n<td class=\"has-text-align-center\" data-align=\"center\">Gol confirmado<\/td>\r\n<td>7<\/td>\r\n<\/tr>\r\n<tr>\r\n<td class=\"has-text-align-center\" data-align=\"center\">P\u00eanalti anulado<\/td>\r\n<td>4<\/td>\r\n<\/tr>\r\n<tr>\r\n<td class=\"has-text-align-center\" data-align=\"center\">Cart\u00e3o amarelo alterado<\/td>\r\n<td>1<\/td>\r\n<\/tr>\r\n<tr>\r\n<td class=\"has-text-align-center\" data-align=\"center\">Cart\u00e3o vermelho anulado<\/td>\r\n<td>0<\/td>\r\n<\/tr>\r\n<\/tbody>\r\n<\/table>\r\n<\/figure>\r\n\r\n\r\n\r\n<h2 class=\"wp-block-heading\" id=\"h-var-na-serie-b\">VAR na s\u00e9rie B<\/h2>\r\n\r\n\r\n\r\n<p>Assim como na S\u00e9rie A, a s\u00e9rie B tamb\u00e9m conta com o VAR. Desta forma, o <a href=\"http:\/\/gaveanews.com\">GaveaNews.com<\/a> tamb\u00e9m far\u00e1 a cobertura do \u00e1rbitro de v\u00eddeo na segunda divis\u00e3o. Os crit\u00e9rios levantados, s\u00e3o os mesmos da s\u00e9rie A. <strong>Veja abaixo detalhes do levantamento:<\/strong><\/p>\r\n\r\n\r\n\r\n<h2 class=\"wp-block-heading\">Times mais &#8216;beneficiados&#8217; pelo VAR no Campeonato Brasileiro:<\/h2>\r\n\r\n\r\n\r\n<figure class=\"wp-block-table is-style-stripes\">\r\n<table>\r\n<tbody>\r\n<tr>\r\n<td class=\"has-text-align-center\" data-align=\"center\">Tombense<\/td>\r\n<td class=\"has-text-align-left\" data-align=\"left\">5<\/td>\r\n<\/tr>\r\n<tr>\r\n<td class=\"has-text-align-center\" data-align=\"center\">Cruzeiro<\/td>\r\n<td class=\"has-text-align-left\" data-align=\"left\">4<\/td>\r\n<\/tr>\r\n<tr>\r\n<td class=\"has-text-align-center\" data-align=\"center\">Oper\u00e1rio<\/td>\r\n<td class=\"has-text-align-left\" data-align=\"left\">4<\/td>\r\n<\/tr>\r\n<tr>\r\n<td class=\"has-text-align-center\" data-align=\"center\">Vila Nova<\/td>\r\n<td class=\"has-text-align-left\" data-align=\"left\">4<\/td>\r\n<\/tr>\r\n<tr>\r\n<td class=\"has-text-align-center\" data-align=\"center\">CRB<\/td>\r\n<td class=\"has-text-align-left\" data-align=\"left\">3<\/td>\r\n<\/tr>\r\n<tr>\r\n<td class=\"has-text-align-center\" data-align=\"center\">Guarani<\/td>\r\n<td class=\"has-text-align-left\" data-align=\"left\">3<\/td>\r\n<\/tr>\r\n<tr>\r\n<td class=\"has-text-align-center\" data-align=\"center\">Vasco<\/td>\r\n<td class=\"has-text-align-left\" data-align=\"left\">3<\/td>\r\n<\/tr>\r\n<tr>\r\n<td class=\"has-text-align-center\" data-align=\"center\">Bahia<\/td>\r\n<td class=\"has-text-align-left\" data-align=\"left\">2<\/td>\r\n<\/tr>\r\n<tr>\r\n<td class=\"has-text-align-center\" data-align=\"center\">Gr\u00eamio<\/td>\r\n<td class=\"has-text-align-left\" data-align=\"left\">2<\/td>\r\n<\/tr>\r\n<tr>\r\n<td class=\"has-text-align-center\" data-align=\"center\">Ituano<\/td>\r\n<td class=\"has-text-align-left\" data-align=\"left\">2<\/td>\r\n<\/tr>\r\n<tr>\r\n<td class=\"has-text-align-center\" data-align=\"center\">N\u00e1utico<\/td>\r\n<td class=\"has-text-align-left\" data-align=\"left\">2<\/td>\r\n<\/tr>\r\n<tr>\r\n<td class=\"has-text-align-center\" data-align=\"center\">Brusque<\/td>\r\n<td class=\"has-text-align-left\" data-align=\"left\">1<\/td>\r\n<\/tr>\r\n<tr>\r\n<td class=\"has-text-align-center\" data-align=\"center\">Chapecoense<\/td>\r\n<td class=\"has-text-align-left\" data-align=\"left\">1<\/td>\r\n<\/tr>\r\n<tr>\r\n<td class=\"has-text-align-center\" data-align=\"center\">Londrina<\/td>\r\n<td class=\"has-text-align-left\" data-align=\"left\">1<\/td>\r\n<\/tr>\r\n<tr>\r\n<td class=\"has-text-align-center\" data-align=\"center\">Novorizontino<\/td>\r\n<td class=\"has-text-align-left\" data-align=\"left\">1<\/td>\r\n<\/tr>\r\n<tr>\r\n<td class=\"has-text-align-center\" data-align=\"center\">Sport<\/td>\r\n<td class=\"has-text-align-left\" data-align=\"left\">1<\/td>\r\n<\/tr>\r\n<tr>\r\n<td class=\"has-text-align-center\" data-align=\"center\">Crici\u00fama<\/td>\r\n<td class=\"has-text-align-left\" data-align=\"left\">0<\/td>\r\n<\/tr>\r\n<tr>\r\n<td class=\"has-text-align-center\" data-align=\"center\">CSA<\/td>\r\n<td class=\"has-text-align-left\" data-align=\"left\">0<\/td>\r\n<\/tr>\r\n<tr>\r\n<td class=\"has-text-align-center\" data-align=\"center\">Ponte Preta<\/td>\r\n<td class=\"has-text-align-left\" data-align=\"left\">0<\/td>\r\n<\/tr>\r\n<tr>\r\n<td class=\"has-text-align-center\" data-align=\"center\">Sampaio Corr\u00eaa<\/td>\r\n<td class=\"has-text-align-left\" data-align=\"left\">0<\/td>\r\n<\/tr>\r\n<\/tbody>\r\n<\/table>\r\n<\/figure>\r\n\r\n\r\n\r\n<p>Na s\u00e9rie B, o VAR foi um pouco menos utilizado. At\u00e9 a d\u00e9cima rodada, o VAR trabalhou 39 vezes. Ou seja, a cada rodada, em m\u00e9dia, a equipe do VAR trabalha um pouco menos do que 4 vezes. Diferentemente da s\u00e9ria A, na s\u00e9rie B, o mandante (25x) costuma ser beneficiado mais vezes se comparado ao visitante (14x).<\/p>\r\n\r\n\r\n\r\n<p>E para finalizar esta mat\u00e9ria, veja em quais ocasi\u00f5es o VAR mais trabalha na s\u00e9rie B: \u00a0<\/p>\r\n\r\n\r\n\r\n<figure class=\"wp-block-table is-style-stripes\">\r\n<table>\r\n<tbody>\r\n<tr>\r\n<td>Gol anulado<\/td>\r\n<td>13<\/td>\r\n<\/tr>\r\n<tr>\r\n<td>P\u00eanalti dado<\/td>\r\n<td>10<\/td>\r\n<\/tr>\r\n<tr>\r\n<td>Gol confirmado<\/td>\r\n<td>7<\/td>\r\n<\/tr>\r\n<tr>\r\n<td>P\u00eanalti anulado<\/td>\r\n<td>4<\/td>\r\n<\/tr>\r\n<tr>\r\n<td>Cart\u00e3o vermelho dado<\/td>\r\n<td>3<\/td>\r\n<\/tr>\r\n<tr>\r\n<td>Cart\u00e3o vermelho anulado<\/td>\r\n<td>2<\/td>\r\n<\/tr>\r\n<tr>\r\n<td>Cart\u00e3o amarelo alterado<\/td>\r\n<td>0<\/td>\r\n<\/tr>\r\n<\/tbody>\r\n<\/table>\r\n<\/figure>\r\n","protected":false},"excerpt":{"rendered":"<p>Dado a import\u00e2ncia do VAR, a equipe do portal GaveaNews.com, ir\u00e1 fazer uma s\u00e9rie de mat\u00e9rias para acompanhar todas as suas interven\u00e7\u00f5es. <\/p>\n","protected":false},"author":2,"featured_media":75528,"comment_status":"open","ping_status":"closed","sticky":false,"template":"","format":"standard","meta":{"footnotes":""},"categories":[47],"tags":[],"class_list":["post-82778","post","type-post","status-publish","format-standard","has-post-thumbnail","hentry","category-destaques"],"yoast_head":"<!-- This site is optimized with the Yoast SEO Premium plugin v24.2 (Yoast SEO v26.9) - https:\/\/yoast.com\/product\/yoast-seo-premium-wordpress\/ -->\n<title>Veja quais foram os times mais &#039;beneficiados&#039; pelo VAR no Campeonato Brasileiro at\u00e9 o momento<\/title>\n<meta name=\"robots\" content=\"index, follow, max-snippet:-1, max-image-preview:large, max-video-preview:-1\" \/>\n<link rel=\"canonical\" href=\"https:\/\/www.gaveanews.com\/index.php\/2022\/06\/08\/veja-quais-foram-os-times-mais-beneficiados-pelo-var-no-campeonato-brasileiro-ate-o-momento\/\" \/>\n<meta property=\"og:locale\" content=\"pt_BR\" \/>\n<meta property=\"og:type\" content=\"article\" \/>\n<meta property=\"og:title\" content=\"Veja quais foram os times mais &#039;beneficiados&#039; pelo VAR no Campeonato Brasileiro at\u00e9 o momento\" \/>\n<meta property=\"og:description\" content=\"Dado a import\u00e2ncia do VAR, a equipe do portal GaveaNews.com, ir\u00e1 fazer uma s\u00e9rie de mat\u00e9rias para acompanhar todas as suas interven\u00e7\u00f5es.\" \/>\n<meta property=\"og:url\" content=\"https:\/\/www.gaveanews.com\/index.php\/2022\/06\/08\/veja-quais-foram-os-times-mais-beneficiados-pelo-var-no-campeonato-brasileiro-ate-o-momento\/\" \/>\n<meta property=\"og:site_name\" content=\"G\u00e1vea News\" \/>\n<meta property=\"article:publisher\" content=\"https:\/\/facebook.com\/gaveaNews\/\" \/>\n<meta property=\"article:published_time\" content=\"2022-06-08T04:03:53+00:00\" \/>\n<meta property=\"article:modified_time\" content=\"2022-06-08T04:18:22+00:00\" \/>\n<meta property=\"og:image\" content=\"https:\/\/www.gaveanews.com\/wp-content\/uploads\/Cabine-do-VAR-no-Maracana.webp\" \/>\n\t<meta property=\"og:image:width\" content=\"548\" \/>\n\t<meta property=\"og:image:height\" content=\"365\" \/>\n\t<meta property=\"og:image:type\" content=\"image\/jpeg\" \/>\n<meta name=\"author\" content=\"Hugo Nogueira\" \/>\n<meta name=\"twitter:card\" content=\"summary_large_image\" \/>\n<meta name=\"twitter:label1\" content=\"Escrito por\" \/>\n\t<meta name=\"twitter:data1\" content=\"Hugo Nogueira\" \/>\n\t<meta name=\"twitter:label2\" content=\"Est. tempo de leitura\" \/>\n\t<meta name=\"twitter:data2\" content=\"4 minutos\" \/>\n<script type=\"application\/ld+json\" class=\"yoast-schema-graph\">{\"@context\":\"https:\/\/schema.org\",\"@graph\":[{\"@type\":\"NewsArticle\",\"@id\":\"https:\/\/www.gaveanews.com\/index.php\/2022\/06\/08\/veja-quais-foram-os-times-mais-beneficiados-pelo-var-no-campeonato-brasileiro-ate-o-momento\/#article\",\"isPartOf\":{\"@id\":\"https:\/\/www.gaveanews.com\/index.php\/2022\/06\/08\/veja-quais-foram-os-times-mais-beneficiados-pelo-var-no-campeonato-brasileiro-ate-o-momento\/\"},\"author\":{\"name\":\"Hugo Nogueira\",\"@id\":\"https:\/\/www.gaveanews.com\/#\/schema\/person\/3a0372021fabaeec4e7e4242cfa27841\"},\"headline\":\"Veja quais foram os times mais &#8216;beneficiados&#8217; pelo VAR no Campeonato Brasileiro at\u00e9 o momento\",\"datePublished\":\"2022-06-08T04:03:53+00:00\",\"dateModified\":\"2022-06-08T04:18:22+00:00\",\"mainEntityOfPage\":{\"@id\":\"https:\/\/www.gaveanews.com\/index.php\/2022\/06\/08\/veja-quais-foram-os-times-mais-beneficiados-pelo-var-no-campeonato-brasileiro-ate-o-momento\/\"},\"wordCount\":625,\"commentCount\":0,\"image\":{\"@id\":\"https:\/\/www.gaveanews.com\/index.php\/2022\/06\/08\/veja-quais-foram-os-times-mais-beneficiados-pelo-var-no-campeonato-brasileiro-ate-o-momento\/#primaryimage\"},\"thumbnailUrl\":\"https:\/\/www.gaveanews.com\/wp-content\/uploads\/Cabine-do-VAR-no-Maracana.webp\",\"articleSection\":[\"Destaques\"],\"inLanguage\":\"pt-BR\",\"potentialAction\":[{\"@type\":\"CommentAction\",\"name\":\"Comment\",\"target\":[\"https:\/\/www.gaveanews.com\/index.php\/2022\/06\/08\/veja-quais-foram-os-times-mais-beneficiados-pelo-var-no-campeonato-brasileiro-ate-o-momento\/#respond\"]}],\"copyrightYear\":\"2022\",\"copyrightHolder\":{\"@id\":\"https:\/\/www.gaveanews.com\/#organization\"}},{\"@type\":\"WebPage\",\"@id\":\"https:\/\/www.gaveanews.com\/index.php\/2022\/06\/08\/veja-quais-foram-os-times-mais-beneficiados-pelo-var-no-campeonato-brasileiro-ate-o-momento\/\",\"url\":\"https:\/\/www.gaveanews.com\/index.php\/2022\/06\/08\/veja-quais-foram-os-times-mais-beneficiados-pelo-var-no-campeonato-brasileiro-ate-o-momento\/\",\"name\":\"Veja quais foram os times mais 'beneficiados' pelo VAR no Campeonato Brasileiro at\u00e9 o momento\",\"isPartOf\":{\"@id\":\"https:\/\/www.gaveanews.com\/#website\"},\"primaryImageOfPage\":{\"@id\":\"https:\/\/www.gaveanews.com\/index.php\/2022\/06\/08\/veja-quais-foram-os-times-mais-beneficiados-pelo-var-no-campeonato-brasileiro-ate-o-momento\/#primaryimage\"},\"image\":{\"@id\":\"https:\/\/www.gaveanews.com\/index.php\/2022\/06\/08\/veja-quais-foram-os-times-mais-beneficiados-pelo-var-no-campeonato-brasileiro-ate-o-momento\/#primaryimage\"},\"thumbnailUrl\":\"https:\/\/www.gaveanews.com\/wp-content\/uploads\/Cabine-do-VAR-no-Maracana.webp\",\"datePublished\":\"2022-06-08T04:03:53+00:00\",\"dateModified\":\"2022-06-08T04:18:22+00:00\",\"author\":{\"@id\":\"https:\/\/www.gaveanews.com\/#\/schema\/person\/3a0372021fabaeec4e7e4242cfa27841\"},\"breadcrumb\":{\"@id\":\"https:\/\/www.gaveanews.com\/index.php\/2022\/06\/08\/veja-quais-foram-os-times-mais-beneficiados-pelo-var-no-campeonato-brasileiro-ate-o-momento\/#breadcrumb\"},\"inLanguage\":\"pt-BR\",\"potentialAction\":[{\"@type\":\"ReadAction\",\"target\":[\"https:\/\/www.gaveanews.com\/index.php\/2022\/06\/08\/veja-quais-foram-os-times-mais-beneficiados-pelo-var-no-campeonato-brasileiro-ate-o-momento\/\"]}]},{\"@type\":\"ImageObject\",\"inLanguage\":\"pt-BR\",\"@id\":\"https:\/\/www.gaveanews.com\/index.php\/2022\/06\/08\/veja-quais-foram-os-times-mais-beneficiados-pelo-var-no-campeonato-brasileiro-ate-o-momento\/#primaryimage\",\"url\":\"https:\/\/www.gaveanews.com\/wp-content\/uploads\/Cabine-do-VAR-no-Maracana.webp\",\"contentUrl\":\"https:\/\/www.gaveanews.com\/wp-content\/uploads\/Cabine-do-VAR-no-Maracana.webp\",\"width\":548,\"height\":365,\"caption\":\"Cabine do VAR no Maracan\u00e3 (Foto: Dhavid Normando\/Futura Press)\"},{\"@type\":\"BreadcrumbList\",\"@id\":\"https:\/\/www.gaveanews.com\/index.php\/2022\/06\/08\/veja-quais-foram-os-times-mais-beneficiados-pelo-var-no-campeonato-brasileiro-ate-o-momento\/#breadcrumb\",\"itemListElement\":[{\"@type\":\"ListItem\",\"position\":1,\"name\":\"Home\",\"item\":\"https:\/\/www.gaveanews.com\/\"},{\"@type\":\"ListItem\",\"position\":2,\"name\":\"Veja quais foram os times mais &#8216;beneficiados&#8217; pelo VAR no Campeonato Brasileiro at\u00e9 o momento\"}]},{\"@type\":\"WebSite\",\"@id\":\"https:\/\/www.gaveanews.com\/#website\",\"url\":\"https:\/\/www.gaveanews.com\/\",\"name\":\"G\u00e1vea News\",\"description\":\"Veja todas as not\u00edcias sobre o Flamengo: Contrata\u00e7\u00f5es, categorias de base, resultados das partidas, tabela de classifica\u00e7\u00e3o, pr\u00f3ximos jogos!\",\"potentialAction\":[{\"@type\":\"SearchAction\",\"target\":{\"@type\":\"EntryPoint\",\"urlTemplate\":\"https:\/\/www.gaveanews.com\/?s={search_term_string}\"},\"query-input\":{\"@type\":\"PropertyValueSpecification\",\"valueRequired\":true,\"valueName\":\"search_term_string\"}}],\"inLanguage\":\"pt-BR\"},{\"@type\":\"Person\",\"@id\":\"https:\/\/www.gaveanews.com\/#\/schema\/person\/3a0372021fabaeec4e7e4242cfa27841\",\"name\":\"Hugo Nogueira\",\"image\":{\"@type\":\"ImageObject\",\"inLanguage\":\"pt-BR\",\"@id\":\"https:\/\/www.gaveanews.com\/#\/schema\/person\/image\/\",\"url\":\"https:\/\/secure.gravatar.com\/avatar\/0cdd89f3b47bb55926c08eee2db992845cfdd53f84c9fdd47a49d89b3cd40c0a?s=96&d=mm&r=g\",\"contentUrl\":\"https:\/\/secure.gravatar.com\/avatar\/0cdd89f3b47bb55926c08eee2db992845cfdd53f84c9fdd47a49d89b3cd40c0a?s=96&d=mm&r=g\",\"caption\":\"Hugo Nogueira\"}}]}<\/script>\n<!-- \/ Yoast SEO Premium plugin. -->","yoast_head_json":{"title":"Veja quais foram os times mais 'beneficiados' pelo VAR no Campeonato Brasileiro at\u00e9 o momento","robots":{"index":"index","follow":"follow","max-snippet":"max-snippet:-1","max-image-preview":"max-image-preview:large","max-video-preview":"max-video-preview:-1"},"canonical":"https:\/\/www.gaveanews.com\/index.php\/2022\/06\/08\/veja-quais-foram-os-times-mais-beneficiados-pelo-var-no-campeonato-brasileiro-ate-o-momento\/","og_locale":"pt_BR","og_type":"article","og_title":"Veja quais foram os times mais 'beneficiados' pelo VAR no Campeonato Brasileiro at\u00e9 o momento","og_description":"Dado a import\u00e2ncia do VAR, a equipe do portal GaveaNews.com, ir\u00e1 fazer uma s\u00e9rie de mat\u00e9rias para acompanhar todas as suas interven\u00e7\u00f5es.","og_url":"https:\/\/www.gaveanews.com\/index.php\/2022\/06\/08\/veja-quais-foram-os-times-mais-beneficiados-pelo-var-no-campeonato-brasileiro-ate-o-momento\/","og_site_name":"G\u00e1vea News","article_publisher":"https:\/\/facebook.com\/gaveaNews\/","article_published_time":"2022-06-08T04:03:53+00:00","article_modified_time":"2022-06-08T04:18:22+00:00","og_image":[{"width":548,"height":365,"url":"https:\/\/www.gaveanews.com\/wp-content\/uploads\/Cabine-do-VAR-no-Maracana.webp","type":"image\/jpeg"}],"author":"Hugo Nogueira","twitter_card":"summary_large_image","twitter_misc":{"Escrito por":"Hugo Nogueira","Est. tempo de leitura":"4 minutos"},"schema":{"@context":"https:\/\/schema.org","@graph":[{"@type":"NewsArticle","@id":"https:\/\/www.gaveanews.com\/index.php\/2022\/06\/08\/veja-quais-foram-os-times-mais-beneficiados-pelo-var-no-campeonato-brasileiro-ate-o-momento\/#article","isPartOf":{"@id":"https:\/\/www.gaveanews.com\/index.php\/2022\/06\/08\/veja-quais-foram-os-times-mais-beneficiados-pelo-var-no-campeonato-brasileiro-ate-o-momento\/"},"author":{"name":"Hugo Nogueira","@id":"https:\/\/www.gaveanews.com\/#\/schema\/person\/3a0372021fabaeec4e7e4242cfa27841"},"headline":"Veja quais foram os times mais &#8216;beneficiados&#8217; pelo VAR no Campeonato Brasileiro at\u00e9 o momento","datePublished":"2022-06-08T04:03:53+00:00","dateModified":"2022-06-08T04:18:22+00:00","mainEntityOfPage":{"@id":"https:\/\/www.gaveanews.com\/index.php\/2022\/06\/08\/veja-quais-foram-os-times-mais-beneficiados-pelo-var-no-campeonato-brasileiro-ate-o-momento\/"},"wordCount":625,"commentCount":0,"image":{"@id":"https:\/\/www.gaveanews.com\/index.php\/2022\/06\/08\/veja-quais-foram-os-times-mais-beneficiados-pelo-var-no-campeonato-brasileiro-ate-o-momento\/#primaryimage"},"thumbnailUrl":"https:\/\/www.gaveanews.com\/wp-content\/uploads\/Cabine-do-VAR-no-Maracana.webp","articleSection":["Destaques"],"inLanguage":"pt-BR","potentialAction":[{"@type":"CommentAction","name":"Comment","target":["https:\/\/www.gaveanews.com\/index.php\/2022\/06\/08\/veja-quais-foram-os-times-mais-beneficiados-pelo-var-no-campeonato-brasileiro-ate-o-momento\/#respond"]}],"copyrightYear":"2022","copyrightHolder":{"@id":"https:\/\/www.gaveanews.com\/#organization"}},{"@type":"WebPage","@id":"https:\/\/www.gaveanews.com\/index.php\/2022\/06\/08\/veja-quais-foram-os-times-mais-beneficiados-pelo-var-no-campeonato-brasileiro-ate-o-momento\/","url":"https:\/\/www.gaveanews.com\/index.php\/2022\/06\/08\/veja-quais-foram-os-times-mais-beneficiados-pelo-var-no-campeonato-brasileiro-ate-o-momento\/","name":"Veja quais foram os times mais 'beneficiados' pelo VAR no Campeonato Brasileiro at\u00e9 o momento","isPartOf":{"@id":"https:\/\/www.gaveanews.com\/#website"},"primaryImageOfPage":{"@id":"https:\/\/www.gaveanews.com\/index.php\/2022\/06\/08\/veja-quais-foram-os-times-mais-beneficiados-pelo-var-no-campeonato-brasileiro-ate-o-momento\/#primaryimage"},"image":{"@id":"https:\/\/www.gaveanews.com\/index.php\/2022\/06\/08\/veja-quais-foram-os-times-mais-beneficiados-pelo-var-no-campeonato-brasileiro-ate-o-momento\/#primaryimage"},"thumbnailUrl":"https:\/\/www.gaveanews.com\/wp-content\/uploads\/Cabine-do-VAR-no-Maracana.webp","datePublished":"2022-06-08T04:03:53+00:00","dateModified":"2022-06-08T04:18:22+00:00","author":{"@id":"https:\/\/www.gaveanews.com\/#\/schema\/person\/3a0372021fabaeec4e7e4242cfa27841"},"breadcrumb":{"@id":"https:\/\/www.gaveanews.com\/index.php\/2022\/06\/08\/veja-quais-foram-os-times-mais-beneficiados-pelo-var-no-campeonato-brasileiro-ate-o-momento\/#breadcrumb"},"inLanguage":"pt-BR","potentialAction":[{"@type":"ReadAction","target":["https:\/\/www.gaveanews.com\/index.php\/2022\/06\/08\/veja-quais-foram-os-times-mais-beneficiados-pelo-var-no-campeonato-brasileiro-ate-o-momento\/"]}]},{"@type":"ImageObject","inLanguage":"pt-BR","@id":"https:\/\/www.gaveanews.com\/index.php\/2022\/06\/08\/veja-quais-foram-os-times-mais-beneficiados-pelo-var-no-campeonato-brasileiro-ate-o-momento\/#primaryimage","url":"https:\/\/www.gaveanews.com\/wp-content\/uploads\/Cabine-do-VAR-no-Maracana.webp","contentUrl":"https:\/\/www.gaveanews.com\/wp-content\/uploads\/Cabine-do-VAR-no-Maracana.webp","width":548,"height":365,"caption":"Cabine do VAR no Maracan\u00e3 (Foto: Dhavid Normando\/Futura Press)"},{"@type":"BreadcrumbList","@id":"https:\/\/www.gaveanews.com\/index.php\/2022\/06\/08\/veja-quais-foram-os-times-mais-beneficiados-pelo-var-no-campeonato-brasileiro-ate-o-momento\/#breadcrumb","itemListElement":[{"@type":"ListItem","position":1,"name":"Home","item":"https:\/\/www.gaveanews.com\/"},{"@type":"ListItem","position":2,"name":"Veja quais foram os times mais &#8216;beneficiados&#8217; pelo VAR no Campeonato Brasileiro at\u00e9 o momento"}]},{"@type":"WebSite","@id":"https:\/\/www.gaveanews.com\/#website","url":"https:\/\/www.gaveanews.com\/","name":"G\u00e1vea News","description":"Veja todas as not\u00edcias sobre o Flamengo: Contrata\u00e7\u00f5es, categorias de base, resultados das partidas, tabela de classifica\u00e7\u00e3o, pr\u00f3ximos jogos!","potentialAction":[{"@type":"SearchAction","target":{"@type":"EntryPoint","urlTemplate":"https:\/\/www.gaveanews.com\/?s={search_term_string}"},"query-input":{"@type":"PropertyValueSpecification","valueRequired":true,"valueName":"search_term_string"}}],"inLanguage":"pt-BR"},{"@type":"Person","@id":"https:\/\/www.gaveanews.com\/#\/schema\/person\/3a0372021fabaeec4e7e4242cfa27841","name":"Hugo Nogueira","image":{"@type":"ImageObject","inLanguage":"pt-BR","@id":"https:\/\/www.gaveanews.com\/#\/schema\/person\/image\/","url":"https:\/\/secure.gravatar.com\/avatar\/0cdd89f3b47bb55926c08eee2db992845cfdd53f84c9fdd47a49d89b3cd40c0a?s=96&d=mm&r=g","contentUrl":"https:\/\/secure.gravatar.com\/avatar\/0cdd89f3b47bb55926c08eee2db992845cfdd53f84c9fdd47a49d89b3cd40c0a?s=96&d=mm&r=g","caption":"Hugo Nogueira"}}]}},"_links":{"self":[{"href":"https:\/\/www.gaveanews.com\/index.php\/wp-json\/wp\/v2\/posts\/82778","targetHints":{"allow":["GET"]}}],"collection":[{"href":"https:\/\/www.gaveanews.com\/index.php\/wp-json\/wp\/v2\/posts"}],"about":[{"href":"https:\/\/www.gaveanews.com\/index.php\/wp-json\/wp\/v2\/types\/post"}],"author":[{"embeddable":true,"href":"https:\/\/www.gaveanews.com\/index.php\/wp-json\/wp\/v2\/users\/2"}],"replies":[{"embeddable":true,"href":"https:\/\/www.gaveanews.com\/index.php\/wp-json\/wp\/v2\/comments?post=82778"}],"version-history":[{"count":0,"href":"https:\/\/www.gaveanews.com\/index.php\/wp-json\/wp\/v2\/posts\/82778\/revisions"}],"wp:featuredmedia":[{"embeddable":true,"href":"https:\/\/www.gaveanews.com\/index.php\/wp-json\/wp\/v2\/media\/75528"}],"wp:attachment":[{"href":"https:\/\/www.gaveanews.com\/index.php\/wp-json\/wp\/v2\/media?parent=82778"}],"wp:term":[{"taxonomy":"category","embeddable":true,"href":"https:\/\/www.gaveanews.com\/index.php\/wp-json\/wp\/v2\/categories?post=82778"},{"taxonomy":"post_tag","embeddable":true,"href":"https:\/\/www.gaveanews.com\/index.php\/wp-json\/wp\/v2\/tags?post=82778"}],"curies":[{"name":"wp","href":"https:\/\/api.w.org\/{rel}","templated":true}]}}